{"id":57884,"date":"2022-04-21T04:53:07","date_gmt":"2022-04-21T10:53:07","guid":{"rendered":"https:\/\/canal7slp.tv\/2022\/?p=57884"},"modified":"2022-04-21T04:53:07","modified_gmt":"2022-04-21T10:53:07","slug":"crisis-sistemica-atraviesa-el-pais-advierte-eugenio-govea","status":"publish","type":"post","link":"https:\/\/canal7slp.tv\/2022\/crisis-sistemica-atraviesa-el-pais-advierte-eugenio-govea\/","title":{"rendered":"Crisis sist\u00e9mica atraviesa el pa\u00eds, advierte Eugenio Govea."},"content":{"rendered":"<p style=\"text-align: justify;\">SLP.- Una crisis sist\u00e9mica es la que se enfrenta en la Rep\u00fablica Mexicana.<\/p>\n<p style=\"text-align: justify;\">El coordinador estatal Eugenio Govea Arcos afirm\u00f3 lo anterior.<\/p>\n<p style=\"text-align: justify;\">Sostuvo que hay una ruta para construir mejores condiciones de vida.<\/p>\n<p style=\"text-align: justify;\">Recapitul\u00f3 para ejemplificar lo que se atraviesa en materia econ\u00f3mica.<\/p>\n<p style=\"text-align: justify;\">Destac\u00f3 que se har\u00e1 frente a otras dos crisis, como la relativa al sistema de pensiones.<\/p>\n<p style=\"text-align: justify;\">Y est\u00e1 por sentirse la crisis alimentaria. Sentenci\u00f3 que M\u00e9xico carece de soberan\u00eda alimentaria.<\/p>\n<p style=\"text-align: justify;\">Por: Paulina Rodr\u00edguez<\/p>\n","protected":false},"excerpt":{"rendered":"<p>SLP.- Una crisis sist\u00e9mica es la que se enfrenta en la Rep\u00fablica Mexicana. El coordinador estatal Eugenio Govea Arcos afirm\u00f3 lo anterior. Sostuvo que hay una ruta para construir mejores condiciones de vida. Recapitul\u00f3 para ejemplificar lo que se atraviesa en materia econ\u00f3mica. Destac\u00f3 que se har\u00e1 frente a otras dos crisis, como la relativa al sistema de pensiones. Y est\u00e1 por sentirse la crisis alimentaria. Sentenci\u00f3 que M\u00e9xico carece de soberan\u00eda alimentaria. Por: Paulina Rodr\u00edguez<\/p>\n","protected":false},"author":2,"featured_media":57889,"comment_status":"closed","ping_status":"closed","sticky":false,"template":"","format":"video","meta":{"footnotes":""},"categories":[5,45],"tags":[],"class_list":["post-57884","post","type-post","status-publish","format-video","has-post-thumbnail","hentry","category-destacadas","category-localesyregionales","post_format-post-format-video","post--single"],"yoast_head":"<!-- This site is optimized with the Yoast SEO plugin v27.4 - https:\/\/yoast.com\/product\/yoast-seo-wordpress\/ -->\n<title>Crisis sist\u00e9mica atraviesa el pa\u00eds, advierte Eugenio Govea. - Canal 7 SLP - 2022<\/title>\n<meta name=\"robots\" content=\"index, follow, max-snippet:-1, max-image-preview:large, max-video-preview:-1\" \/>\n<link rel=\"canonical\" href=\"https:\/\/canal7slp.tv\/2022\/crisis-sistemica-atraviesa-el-pais-advierte-eugenio-govea\/\" \/>\n<meta property=\"og:locale\" content=\"es_ES\" \/>\n<meta property=\"og:type\" content=\"article\" \/>\n<meta property=\"og:title\" content=\"Crisis sist\u00e9mica atraviesa el pa\u00eds, advierte Eugenio Govea. - Canal 7 SLP - 2022\" \/>\n<meta property=\"og:description\" content=\"SLP.- Una crisis sist\u00e9mica es la que se enfrenta en la Rep\u00fablica Mexicana. El coordinador estatal Eugenio Govea Arcos afirm\u00f3 lo anterior. Sostuvo que hay una ruta para construir mejores condiciones de vida. Recapitul\u00f3 para ejemplificar lo que se atraviesa en materia econ\u00f3mica. Destac\u00f3 que se har\u00e1 frente a otras dos crisis, como la relativa al sistema de pensiones. Y est\u00e1 por sentirse la crisis alimentaria. Sentenci\u00f3 que M\u00e9xico carece de soberan\u00eda alimentaria. Por: Paulina Rodr\u00edguez\" \/>\n<meta property=\"og:url\" content=\"https:\/\/canal7slp.tv\/2022\/crisis-sistemica-atraviesa-el-pais-advierte-eugenio-govea\/\" \/>\n<meta property=\"og:site_name\" content=\"Canal 7 SLP - 2022\" \/>\n<meta property=\"article:publisher\" content=\"https:\/\/www.facebook.com\/noticieroscanalsiete\" \/>\n<meta property=\"article:published_time\" content=\"2022-04-21T10:53:07+00:00\" \/>\n<meta property=\"og:image\" content=\"https:\/\/canal7slp.tv\/2022\/wp-content\/uploads\/2022\/04\/Pau02Govea.jpg\" \/>\n\t<meta property=\"og:image:width\" content=\"888\" \/>\n\t<meta property=\"og:image:height\" content=\"500\" \/>\n\t<meta property=\"og:image:type\" content=\"image\/jpeg\" \/>\n<meta name=\"author\" content=\"Edici\u00f3n Web\" \/>\n<meta name=\"twitter:card\" content=\"summary_large_image\" \/>\n<meta name=\"twitter:creator\" content=\"@NOTICIEROS7\" \/>\n<meta name=\"twitter:site\" content=\"@NOTICIEROS7\" \/>\n<meta name=\"twitter:label1\" content=\"Escrito por\" \/>\n\t<meta name=\"twitter:data1\" content=\"Edici\u00f3n Web\" \/>\n\t<meta name=\"twitter:label2\" content=\"Tiempo de lectura\" \/>\n\t<meta name=\"twitter:data2\" content=\"1 minuto\" \/>\n<script type=\"application\/ld+json\" class=\"yoast-schema-graph\">{\"@context\":\"https:\\\/\\\/schema.org\",\"@graph\":[{\"@type\":\"Article\",\"@id\":\"https:\\\/\\\/canal7slp.tv\\\/2022\\\/crisis-sistemica-atraviesa-el-pais-advierte-eugenio-govea\\\/#article\",\"isPartOf\":{\"@id\":\"https:\\\/\\\/canal7slp.tv\\\/2022\\\/crisis-sistemica-atraviesa-el-pais-advierte-eugenio-govea\\\/\"},\"author\":{\"name\":\"Edici\u00f3n Web\",\"@id\":\"https:\\\/\\\/canal7slp.tv\\\/2022\\\/#\\\/schema\\\/person\\\/429704152a21f5f856ce29aa69a238da\"},\"headline\":\"Crisis sist\u00e9mica atraviesa el pa\u00eds, advierte Eugenio Govea.\",\"datePublished\":\"2022-04-21T10:53:07+00:00\",\"mainEntityOfPage\":{\"@id\":\"https:\\\/\\\/canal7slp.tv\\\/2022\\\/crisis-sistemica-atraviesa-el-pais-advierte-eugenio-govea\\\/\"},\"wordCount\":93,\"publisher\":{\"@id\":\"https:\\\/\\\/canal7slp.tv\\\/2022\\\/#organization\"},\"image\":{\"@id\":\"https:\\\/\\\/canal7slp.tv\\\/2022\\\/crisis-sistemica-atraviesa-el-pais-advierte-eugenio-govea\\\/#primaryimage\"},\"thumbnailUrl\":\"https:\\\/\\\/canal7slp.tv\\\/2022\\\/wp-content\\\/uploads\\\/2022\\\/04\\\/Pau02Govea.jpg\",\"articleSection\":[\"DESTACADAS\",\"LOCALES Y REGIONALES\"],\"inLanguage\":\"es\"},{\"@type\":\"WebPage\",\"@id\":\"https:\\\/\\\/canal7slp.tv\\\/2022\\\/crisis-sistemica-atraviesa-el-pais-advierte-eugenio-govea\\\/\",\"url\":\"https:\\\/\\\/canal7slp.tv\\\/2022\\\/crisis-sistemica-atraviesa-el-pais-advierte-eugenio-govea\\\/\",\"name\":\"Crisis sist\u00e9mica atraviesa el pa\u00eds, advierte Eugenio Govea. - Canal 7 SLP - 2022\",\"isPartOf\":{\"@id\":\"https:\\\/\\\/canal7slp.tv\\\/2022\\\/#website\"},\"primaryImageOfPage\":{\"@id\":\"https:\\\/\\\/canal7slp.tv\\\/2022\\\/crisis-sistemica-atraviesa-el-pais-advierte-eugenio-govea\\\/#primaryimage\"},\"image\":{\"@id\":\"https:\\\/\\\/canal7slp.tv\\\/2022\\\/crisis-sistemica-atraviesa-el-pais-advierte-eugenio-govea\\\/#primaryimage\"},\"thumbnailUrl\":\"https:\\\/\\\/canal7slp.tv\\\/2022\\\/wp-content\\\/uploads\\\/2022\\\/04\\\/Pau02Govea.jpg\",\"datePublished\":\"2022-04-21T10:53:07+00:00\",\"breadcrumb\":{\"@id\":\"https:\\\/\\\/canal7slp.tv\\\/2022\\\/crisis-sistemica-atraviesa-el-pais-advierte-eugenio-govea\\\/#breadcrumb\"},\"inLanguage\":\"es\",\"potentialAction\":[{\"@type\":\"ReadAction\",\"target\":[\"https:\\\/\\\/canal7slp.tv\\\/2022\\\/crisis-sistemica-atraviesa-el-pais-advierte-eugenio-govea\\\/\"]}]},{\"@type\":\"ImageObject\",\"inLanguage\":\"es\",\"@id\":\"https:\\\/\\\/canal7slp.tv\\\/2022\\\/crisis-sistemica-atraviesa-el-pais-advierte-eugenio-govea\\\/#primaryimage\",\"url\":\"https:\\\/\\\/canal7slp.tv\\\/2022\\\/wp-content\\\/uploads\\\/2022\\\/04\\\/Pau02Govea.jpg\",\"contentUrl\":\"https:\\\/\\\/canal7slp.tv\\\/2022\\\/wp-content\\\/uploads\\\/2022\\\/04\\\/Pau02Govea.jpg\",\"width\":888,\"height\":500},{\"@type\":\"BreadcrumbList\",\"@id\":\"https:\\\/\\\/canal7slp.tv\\\/2022\\\/crisis-sistemica-atraviesa-el-pais-advierte-eugenio-govea\\\/#breadcrumb\",\"itemListElement\":[{\"@type\":\"ListItem\",\"position\":1,\"name\":\"Portada\",\"item\":\"https:\\\/\\\/canal7slp.tv\\\/2022\\\/\"},{\"@type\":\"ListItem\",\"position\":2,\"name\":\"Crisis sist\u00e9mica atraviesa el pa\u00eds, advierte Eugenio Govea.\"}]},{\"@type\":\"WebSite\",\"@id\":\"https:\\\/\\\/canal7slp.tv\\\/2022\\\/#website\",\"url\":\"https:\\\/\\\/canal7slp.tv\\\/2022\\\/\",\"name\":\"N7 - Noticieros Canal 7\",\"description\":\"Somos Televisi\u00f3n\",\"publisher\":{\"@id\":\"https:\\\/\\\/canal7slp.tv\\\/2022\\\/#organization\"},\"potentialAction\":[{\"@type\":\"SearchAction\",\"target\":{\"@type\":\"EntryPoint\",\"urlTemplate\":\"https:\\\/\\\/canal7slp.tv\\\/2022\\\/?s={search_term_string}\"},\"query-input\":{\"@type\":\"PropertyValueSpecification\",\"valueRequired\":true,\"valueName\":\"search_term_string\"}}],\"inLanguage\":\"es\"},{\"@type\":\"Organization\",\"@id\":\"https:\\\/\\\/canal7slp.tv\\\/2022\\\/#organization\",\"name\":\"Noticieros Canal 7\",\"url\":\"https:\\\/\\\/canal7slp.tv\\\/2022\\\/\",\"logo\":{\"@type\":\"ImageObject\",\"inLanguage\":\"es\",\"@id\":\"https:\\\/\\\/canal7slp.tv\\\/2022\\\/#\\\/schema\\\/logo\\\/image\\\/\",\"url\":\"https:\\\/\\\/canal7slp.tv\\\/2022\\\/wp-content\\\/uploads\\\/2021\\\/01\\\/logo-noticieros@2x.png\",\"contentUrl\":\"https:\\\/\\\/canal7slp.tv\\\/2022\\\/wp-content\\\/uploads\\\/2021\\\/01\\\/logo-noticieros@2x.png\",\"width\":1017,\"height\":268,\"caption\":\"Noticieros Canal 7\"},\"image\":{\"@id\":\"https:\\\/\\\/canal7slp.tv\\\/2022\\\/#\\\/schema\\\/logo\\\/image\\\/\"},\"sameAs\":[\"https:\\\/\\\/www.facebook.com\\\/noticieroscanalsiete\",\"https:\\\/\\\/x.com\\\/NOTICIEROS7\",\"https:\\\/\\\/www.instagram.com\\\/canal7_slp\",\"https:\\\/\\\/www.youtube.com\\\/channel\\\/UCliiYs-gP3JfJeqdPrNdd5A\"]},{\"@type\":\"Person\",\"@id\":\"https:\\\/\\\/canal7slp.tv\\\/2022\\\/#\\\/schema\\\/person\\\/429704152a21f5f856ce29aa69a238da\",\"name\":\"Edici\u00f3n Web\",\"image\":{\"@type\":\"ImageObject\",\"inLanguage\":\"es\",\"@id\":\"https:\\\/\\\/secure.gravatar.com\\\/avatar\\\/eee448fc3f7164808013b816ba91ac7e43bbe82a70bebac296f8bc6f0addaa1a?s=96&d=mm&r=g\",\"url\":\"https:\\\/\\\/secure.gravatar.com\\\/avatar\\\/eee448fc3f7164808013b816ba91ac7e43bbe82a70bebac296f8bc6f0addaa1a?s=96&d=mm&r=g\",\"contentUrl\":\"https:\\\/\\\/secure.gravatar.com\\\/avatar\\\/eee448fc3f7164808013b816ba91ac7e43bbe82a70bebac296f8bc6f0addaa1a?s=96&d=mm&r=g\",\"caption\":\"Edici\u00f3n Web\"},\"url\":\"https:\\\/\\\/canal7slp.tv\\\/2022\\\/author\\\/edicionweb\\\/\"}]}<\/script>\n<!-- \/ Yoast SEO plugin. -->","yoast_head_json":{"title":"Crisis sist\u00e9mica atraviesa el pa\u00eds, advierte Eugenio Govea. - Canal 7 SLP - 2022","robots":{"index":"index","follow":"follow","max-snippet":"max-snippet:-1","max-image-preview":"max-image-preview:large","max-video-preview":"max-video-preview:-1"},"canonical":"https:\/\/canal7slp.tv\/2022\/crisis-sistemica-atraviesa-el-pais-advierte-eugenio-govea\/","og_locale":"es_ES","og_type":"article","og_title":"Crisis sist\u00e9mica atraviesa el pa\u00eds, advierte Eugenio Govea. - Canal 7 SLP - 2022","og_description":"SLP.- Una crisis sist\u00e9mica es la que se enfrenta en la Rep\u00fablica Mexicana. El coordinador estatal Eugenio Govea Arcos afirm\u00f3 lo anterior. Sostuvo que hay una ruta para construir mejores condiciones de vida. Recapitul\u00f3 para ejemplificar lo que se atraviesa en materia econ\u00f3mica. Destac\u00f3 que se har\u00e1 frente a otras dos crisis, como la relativa al sistema de pensiones. Y est\u00e1 por sentirse la crisis alimentaria. Sentenci\u00f3 que M\u00e9xico carece de soberan\u00eda alimentaria. Por: Paulina Rodr\u00edguez","og_url":"https:\/\/canal7slp.tv\/2022\/crisis-sistemica-atraviesa-el-pais-advierte-eugenio-govea\/","og_site_name":"Canal 7 SLP - 2022","article_publisher":"https:\/\/www.facebook.com\/noticieroscanalsiete","article_published_time":"2022-04-21T10:53:07+00:00","og_image":[{"width":888,"height":500,"url":"https:\/\/canal7slp.tv\/2022\/wp-content\/uploads\/2022\/04\/Pau02Govea.jpg","type":"image\/jpeg"}],"author":"Edici\u00f3n Web","twitter_card":"summary_large_image","twitter_creator":"@NOTICIEROS7","twitter_site":"@NOTICIEROS7","twitter_misc":{"Escrito por":"Edici\u00f3n Web","Tiempo de lectura":"1 minuto"},"schema":{"@context":"https:\/\/schema.org","@graph":[{"@type":"Article","@id":"https:\/\/canal7slp.tv\/2022\/crisis-sistemica-atraviesa-el-pais-advierte-eugenio-govea\/#article","isPartOf":{"@id":"https:\/\/canal7slp.tv\/2022\/crisis-sistemica-atraviesa-el-pais-advierte-eugenio-govea\/"},"author":{"name":"Edici\u00f3n Web","@id":"https:\/\/canal7slp.tv\/2022\/#\/schema\/person\/429704152a21f5f856ce29aa69a238da"},"headline":"Crisis sist\u00e9mica atraviesa el pa\u00eds, advierte Eugenio Govea.","datePublished":"2022-04-21T10:53:07+00:00","mainEntityOfPage":{"@id":"https:\/\/canal7slp.tv\/2022\/crisis-sistemica-atraviesa-el-pais-advierte-eugenio-govea\/"},"wordCount":93,"publisher":{"@id":"https:\/\/canal7slp.tv\/2022\/#organization"},"image":{"@id":"https:\/\/canal7slp.tv\/2022\/crisis-sistemica-atraviesa-el-pais-advierte-eugenio-govea\/#primaryimage"},"thumbnailUrl":"https:\/\/canal7slp.tv\/2022\/wp-content\/uploads\/2022\/04\/Pau02Govea.jpg","articleSection":["DESTACADAS","LOCALES Y REGIONALES"],"inLanguage":"es"},{"@type":"WebPage","@id":"https:\/\/canal7slp.tv\/2022\/crisis-sistemica-atraviesa-el-pais-advierte-eugenio-govea\/","url":"https:\/\/canal7slp.tv\/2022\/crisis-sistemica-atraviesa-el-pais-advierte-eugenio-govea\/","name":"Crisis sist\u00e9mica atraviesa el pa\u00eds, advierte Eugenio Govea. - Canal 7 SLP - 2022","isPartOf":{"@id":"https:\/\/canal7slp.tv\/2022\/#website"},"primaryImageOfPage":{"@id":"https:\/\/canal7slp.tv\/2022\/crisis-sistemica-atraviesa-el-pais-advierte-eugenio-govea\/#primaryimage"},"image":{"@id":"https:\/\/canal7slp.tv\/2022\/crisis-sistemica-atraviesa-el-pais-advierte-eugenio-govea\/#primaryimage"},"thumbnailUrl":"https:\/\/canal7slp.tv\/2022\/wp-content\/uploads\/2022\/04\/Pau02Govea.jpg","datePublished":"2022-04-21T10:53:07+00:00","breadcrumb":{"@id":"https:\/\/canal7slp.tv\/2022\/crisis-sistemica-atraviesa-el-pais-advierte-eugenio-govea\/#breadcrumb"},"inLanguage":"es","potentialAction":[{"@type":"ReadAction","target":["https:\/\/canal7slp.tv\/2022\/crisis-sistemica-atraviesa-el-pais-advierte-eugenio-govea\/"]}]},{"@type":"ImageObject","inLanguage":"es","@id":"https:\/\/canal7slp.tv\/2022\/crisis-sistemica-atraviesa-el-pais-advierte-eugenio-govea\/#primaryimage","url":"https:\/\/canal7slp.tv\/2022\/wp-content\/uploads\/2022\/04\/Pau02Govea.jpg","contentUrl":"https:\/\/canal7slp.tv\/2022\/wp-content\/uploads\/2022\/04\/Pau02Govea.jpg","width":888,"height":500},{"@type":"BreadcrumbList","@id":"https:\/\/canal7slp.tv\/2022\/crisis-sistemica-atraviesa-el-pais-advierte-eugenio-govea\/#breadcrumb","itemListElement":[{"@type":"ListItem","position":1,"name":"Portada","item":"https:\/\/canal7slp.tv\/2022\/"},{"@type":"ListItem","position":2,"name":"Crisis sist\u00e9mica atraviesa el pa\u00eds, advierte Eugenio Govea."}]},{"@type":"WebSite","@id":"https:\/\/canal7slp.tv\/2022\/#website","url":"https:\/\/canal7slp.tv\/2022\/","name":"N7 - Noticieros Canal 7","description":"Somos Televisi\u00f3n","publisher":{"@id":"https:\/\/canal7slp.tv\/2022\/#organization"},"potentialAction":[{"@type":"SearchAction","target":{"@type":"EntryPoint","urlTemplate":"https:\/\/canal7slp.tv\/2022\/?s={search_term_string}"},"query-input":{"@type":"PropertyValueSpecification","valueRequired":true,"valueName":"search_term_string"}}],"inLanguage":"es"},{"@type":"Organization","@id":"https:\/\/canal7slp.tv\/2022\/#organization","name":"Noticieros Canal 7","url":"https:\/\/canal7slp.tv\/2022\/","logo":{"@type":"ImageObject","inLanguage":"es","@id":"https:\/\/canal7slp.tv\/2022\/#\/schema\/logo\/image\/","url":"https:\/\/canal7slp.tv\/2022\/wp-content\/uploads\/2021\/01\/logo-noticieros@2x.png","contentUrl":"https:\/\/canal7slp.tv\/2022\/wp-content\/uploads\/2021\/01\/logo-noticieros@2x.png","width":1017,"height":268,"caption":"Noticieros Canal 7"},"image":{"@id":"https:\/\/canal7slp.tv\/2022\/#\/schema\/logo\/image\/"},"sameAs":["https:\/\/www.facebook.com\/noticieroscanalsiete","https:\/\/x.com\/NOTICIEROS7","https:\/\/www.instagram.com\/canal7_slp","https:\/\/www.youtube.com\/channel\/UCliiYs-gP3JfJeqdPrNdd5A"]},{"@type":"Person","@id":"https:\/\/canal7slp.tv\/2022\/#\/schema\/person\/429704152a21f5f856ce29aa69a238da","name":"Edici\u00f3n Web","image":{"@type":"ImageObject","inLanguage":"es","@id":"https:\/\/secure.gravatar.com\/avatar\/eee448fc3f7164808013b816ba91ac7e43bbe82a70bebac296f8bc6f0addaa1a?s=96&d=mm&r=g","url":"https:\/\/secure.gravatar.com\/avatar\/eee448fc3f7164808013b816ba91ac7e43bbe82a70bebac296f8bc6f0addaa1a?s=96&d=mm&r=g","contentUrl":"https:\/\/secure.gravatar.com\/avatar\/eee448fc3f7164808013b816ba91ac7e43bbe82a70bebac296f8bc6f0addaa1a?s=96&d=mm&r=g","caption":"Edici\u00f3n Web"},"url":"https:\/\/canal7slp.tv\/2022\/author\/edicionweb\/"}]}},"amp_enabled":true,"_links":{"self":[{"href":"https:\/\/canal7slp.tv\/2022\/wp-json\/wp\/v2\/posts\/57884","targetHints":{"allow":["GET"]}}],"collection":[{"href":"https:\/\/canal7slp.tv\/2022\/wp-json\/wp\/v2\/posts"}],"about":[{"href":"https:\/\/canal7slp.tv\/2022\/wp-json\/wp\/v2\/types\/post"}],"author":[{"embeddable":true,"href":"https:\/\/canal7slp.tv\/2022\/wp-json\/wp\/v2\/users\/2"}],"replies":[{"embeddable":true,"href":"https:\/\/canal7slp.tv\/2022\/wp-json\/wp\/v2\/comments?post=57884"}],"version-history":[{"count":2,"href":"https:\/\/canal7slp.tv\/2022\/wp-json\/wp\/v2\/posts\/57884\/revisions"}],"predecessor-version":[{"id":57887,"href":"https:\/\/canal7slp.tv\/2022\/wp-json\/wp\/v2\/posts\/57884\/revisions\/57887"}],"wp:featuredmedia":[{"embeddable":true,"href":"https:\/\/canal7slp.tv\/2022\/wp-json\/wp\/v2\/media\/57889"}],"wp:attachment":[{"href":"https:\/\/canal7slp.tv\/2022\/wp-json\/wp\/v2\/media?parent=57884"}],"wp:term":[{"taxonomy":"category","embeddable":true,"href":"https:\/\/canal7slp.tv\/2022\/wp-json\/wp\/v2\/categories?post=57884"},{"taxonomy":"post_tag","embeddable":true,"href":"https:\/\/canal7slp.tv\/2022\/wp-json\/wp\/v2\/tags?post=57884"}],"curies":[{"name":"wp","href":"https:\/\/api.w.org\/{rel}","templated":true}]}}