{"id":57881,"date":"2022-04-20T19:25:08","date_gmt":"2022-04-21T01:25:08","guid":{"rendered":"https:\/\/canal7slp.tv\/2022\/?p=57881"},"modified":"2022-04-21T08:36:27","modified_gmt":"2022-04-21T14:36:27","slug":"prision-preventiva-para-imputado-de-desaparicion-de-una-mujer-de-25-anos","status":"publish","type":"post","link":"https:\/\/canal7slp.tv\/2022\/prision-preventiva-para-imputado-de-desaparicion-de-una-mujer-de-25-anos\/","title":{"rendered":"Prisi\u00f3n preventiva para imputado de desaparici\u00f3n de una mujer de 25 a\u00f1os"},"content":{"rendered":"<ul>\n<li style=\"text-align: justify;\">Los restos de la v\u00edctima fueron hallados en la comunidad de Santa Rita, SLP<\/li>\n<\/ul>\n<p style=\"text-align: justify;\">SLP.- Tras la litigaci\u00f3n del personal de la Fiscal\u00eda Especializada en Materia de Derechos Humanos, se vincul\u00f3 a proceso al probable part\u00edcipe de la desaparici\u00f3n de una joven de 25 a\u00f1os, quien fue encontrada sin vida en un predio de la localidad de Santa Rita, de la Delegaci\u00f3n Villa de Pozos.<\/p>\n<p style=\"text-align: justify;\">\nUriel \u201cN\u201d qued\u00f3 en prisi\u00f3n preventiva, luego que se le imputaron los delitos de desaparici\u00f3n cometida por particulares y delitos vinculados con la desaparici\u00f3n de personas.<\/p>\n<p style=\"text-align: justify;\">\nEn la continuaci\u00f3n de la audiencia inicial realizada en el centro integral de justicia, los litigadores de la Unidad especializada en delitos relacionados con la desaparici\u00f3n, aportaron datos de prueba y argumentos para que el Juez de Control decretara esa determinaci\u00f3n.<\/p>\n<p style=\"text-align: justify;\">\nAsimismo, se otorg\u00f3 a las partes involucradas un plazo de seis meses para las investigaciones complementarias.<\/p>\n<p style=\"text-align: justify;\">\nA Uriel \u201cN\u201d se le se\u00f1ala como probable interviniente en la desaparici\u00f3n de quien fuera su pareja sentimental y cuyos restos fueron localizados el pasado primero de abril de 2022, y luego identificados cient\u00edficamente por la Fiscal\u00eda General del Estado (FGE).<\/p>\n<p style=\"text-align: justify;\">\nA trav\u00e9s de diversas diligencias efectuadas por la Polic\u00eda de Investigaci\u00f3n (PDI), se obtuvo una orden de aprehensi\u00f3n en contra del individuo, mismo que fue capturado a inmediaciones del Barrio de San Sebasti\u00e1n en la ciudad Capital el jueves 14 de abril.<\/p>\n<p style=\"text-align: justify;\">\nEl hombre permanecer\u00e1 en prisi\u00f3n preventiva en el centro de reinserci\u00f3n social de La Pila, hasta que concluya el plazo de las indagatorias complementarias y se defina su sanci\u00f3n final.<\/p>\n","protected":false},"excerpt":{"rendered":"<p>Los restos de la v\u00edctima fueron hallados en la comunidad de Santa Rita, SLP SLP.- Tras la litigaci\u00f3n del personal de la Fiscal\u00eda Especializada en Materia de Derechos Humanos, se vincul\u00f3 a proceso al probable part\u00edcipe de la desaparici\u00f3n de una joven de 25 a\u00f1os, quien fue encontrada sin vida en un predio de la localidad de Santa Rita, de la Delegaci\u00f3n Villa de Pozos. Uriel \u201cN\u201d qued\u00f3 en prisi\u00f3n preventiva, luego que se le imputaron los delitos de desaparici\u00f3n cometida por particulares y delitos vinculados con la desaparici\u00f3n de personas. En la continuaci\u00f3n de la audiencia inicial realizada en [&hellip;]<\/p>\n","protected":false},"author":2,"featured_media":57380,"comment_status":"closed","ping_status":"closed","sticky":false,"template":"","format":"standard","meta":{"footnotes":""},"categories":[48],"tags":[],"class_list":["post-57881","post","type-post","status-publish","format-standard","has-post-thumbnail","hentry","category-reporte7","post--single"],"yoast_head":"<!-- This site is optimized with the Yoast SEO plugin v27.4 - https:\/\/yoast.com\/product\/yoast-seo-wordpress\/ -->\n<title>Prisi\u00f3n preventiva para imputado de desaparici\u00f3n de una mujer de 25 a\u00f1os - Canal 7 SLP - 2022<\/title>\n<meta name=\"robots\" content=\"index, follow, max-snippet:-1, max-image-preview:large, max-video-preview:-1\" \/>\n<link rel=\"canonical\" href=\"https:\/\/canal7slp.tv\/2022\/prision-preventiva-para-imputado-de-desaparicion-de-una-mujer-de-25-anos\/\" \/>\n<meta property=\"og:locale\" content=\"es_ES\" \/>\n<meta property=\"og:type\" content=\"article\" \/>\n<meta property=\"og:title\" content=\"Prisi\u00f3n preventiva para imputado de desaparici\u00f3n de una mujer de 25 a\u00f1os - Canal 7 SLP - 2022\" \/>\n<meta property=\"og:description\" content=\"Los restos de la v\u00edctima fueron hallados en la comunidad de Santa Rita, SLP SLP.- Tras la litigaci\u00f3n del personal de la Fiscal\u00eda Especializada en Materia de Derechos Humanos, se vincul\u00f3 a proceso al probable part\u00edcipe de la desaparici\u00f3n de una joven de 25 a\u00f1os, quien fue encontrada sin vida en un predio de la localidad de Santa Rita, de la Delegaci\u00f3n Villa de Pozos. Uriel \u201cN\u201d qued\u00f3 en prisi\u00f3n preventiva, luego que se le imputaron los delitos de desaparici\u00f3n cometida por particulares y delitos vinculados con la desaparici\u00f3n de personas. En la continuaci\u00f3n de la audiencia inicial realizada en [&hellip;]\" \/>\n<meta property=\"og:url\" content=\"https:\/\/canal7slp.tv\/2022\/prision-preventiva-para-imputado-de-desaparicion-de-una-mujer-de-25-anos\/\" \/>\n<meta property=\"og:site_name\" content=\"Canal 7 SLP - 2022\" \/>\n<meta property=\"article:publisher\" content=\"https:\/\/www.facebook.com\/noticieroscanalsiete\" \/>\n<meta property=\"article:published_time\" content=\"2022-04-21T01:25:08+00:00\" \/>\n<meta property=\"article:modified_time\" content=\"2022-04-21T14:36:27+00:00\" \/>\n<meta property=\"og:image\" content=\"https:\/\/canal7slp.tv\/2022\/wp-content\/uploads\/2022\/04\/Uriel.jpeg\" \/>\n\t<meta property=\"og:image:width\" content=\"768\" \/>\n\t<meta property=\"og:image:height\" content=\"512\" \/>\n\t<meta property=\"og:image:type\" content=\"image\/jpeg\" \/>\n<meta name=\"author\" content=\"Edici\u00f3n Web\" \/>\n<meta name=\"twitter:card\" content=\"summary_large_image\" \/>\n<meta name=\"twitter:creator\" content=\"@NOTICIEROS7\" \/>\n<meta name=\"twitter:site\" content=\"@NOTICIEROS7\" \/>\n<meta name=\"twitter:label1\" content=\"Escrito por\" \/>\n\t<meta name=\"twitter:data1\" content=\"Edici\u00f3n Web\" \/>\n\t<meta name=\"twitter:label2\" content=\"Tiempo de lectura\" \/>\n\t<meta name=\"twitter:data2\" content=\"2 minutos\" \/>\n<script type=\"application\/ld+json\" class=\"yoast-schema-graph\">{\"@context\":\"https:\\\/\\\/schema.org\",\"@graph\":[{\"@type\":\"Article\",\"@id\":\"https:\\\/\\\/canal7slp.tv\\\/2022\\\/prision-preventiva-para-imputado-de-desaparicion-de-una-mujer-de-25-anos\\\/#article\",\"isPartOf\":{\"@id\":\"https:\\\/\\\/canal7slp.tv\\\/2022\\\/prision-preventiva-para-imputado-de-desaparicion-de-una-mujer-de-25-anos\\\/\"},\"author\":{\"name\":\"Edici\u00f3n Web\",\"@id\":\"https:\\\/\\\/canal7slp.tv\\\/2022\\\/#\\\/schema\\\/person\\\/429704152a21f5f856ce29aa69a238da\"},\"headline\":\"Prisi\u00f3n preventiva para imputado de desaparici\u00f3n de una mujer de 25 a\u00f1os\",\"datePublished\":\"2022-04-21T01:25:08+00:00\",\"dateModified\":\"2022-04-21T14:36:27+00:00\",\"mainEntityOfPage\":{\"@id\":\"https:\\\/\\\/canal7slp.tv\\\/2022\\\/prision-preventiva-para-imputado-de-desaparicion-de-una-mujer-de-25-anos\\\/\"},\"wordCount\":298,\"publisher\":{\"@id\":\"https:\\\/\\\/canal7slp.tv\\\/2022\\\/#organization\"},\"image\":{\"@id\":\"https:\\\/\\\/canal7slp.tv\\\/2022\\\/prision-preventiva-para-imputado-de-desaparicion-de-una-mujer-de-25-anos\\\/#primaryimage\"},\"thumbnailUrl\":\"https:\\\/\\\/canal7slp.tv\\\/2022\\\/wp-content\\\/uploads\\\/2022\\\/04\\\/Uriel.jpeg\",\"articleSection\":[\"REPORTE 7\"],\"inLanguage\":\"es\"},{\"@type\":\"WebPage\",\"@id\":\"https:\\\/\\\/canal7slp.tv\\\/2022\\\/prision-preventiva-para-imputado-de-desaparicion-de-una-mujer-de-25-anos\\\/\",\"url\":\"https:\\\/\\\/canal7slp.tv\\\/2022\\\/prision-preventiva-para-imputado-de-desaparicion-de-una-mujer-de-25-anos\\\/\",\"name\":\"Prisi\u00f3n preventiva para imputado de desaparici\u00f3n de una mujer de 25 a\u00f1os - Canal 7 SLP - 2022\",\"isPartOf\":{\"@id\":\"https:\\\/\\\/canal7slp.tv\\\/2022\\\/#website\"},\"primaryImageOfPage\":{\"@id\":\"https:\\\/\\\/canal7slp.tv\\\/2022\\\/prision-preventiva-para-imputado-de-desaparicion-de-una-mujer-de-25-anos\\\/#primaryimage\"},\"image\":{\"@id\":\"https:\\\/\\\/canal7slp.tv\\\/2022\\\/prision-preventiva-para-imputado-de-desaparicion-de-una-mujer-de-25-anos\\\/#primaryimage\"},\"thumbnailUrl\":\"https:\\\/\\\/canal7slp.tv\\\/2022\\\/wp-content\\\/uploads\\\/2022\\\/04\\\/Uriel.jpeg\",\"datePublished\":\"2022-04-21T01:25:08+00:00\",\"dateModified\":\"2022-04-21T14:36:27+00:00\",\"breadcrumb\":{\"@id\":\"https:\\\/\\\/canal7slp.tv\\\/2022\\\/prision-preventiva-para-imputado-de-desaparicion-de-una-mujer-de-25-anos\\\/#breadcrumb\"},\"inLanguage\":\"es\",\"potentialAction\":[{\"@type\":\"ReadAction\",\"target\":[\"https:\\\/\\\/canal7slp.tv\\\/2022\\\/prision-preventiva-para-imputado-de-desaparicion-de-una-mujer-de-25-anos\\\/\"]}]},{\"@type\":\"ImageObject\",\"inLanguage\":\"es\",\"@id\":\"https:\\\/\\\/canal7slp.tv\\\/2022\\\/prision-preventiva-para-imputado-de-desaparicion-de-una-mujer-de-25-anos\\\/#primaryimage\",\"url\":\"https:\\\/\\\/canal7slp.tv\\\/2022\\\/wp-content\\\/uploads\\\/2022\\\/04\\\/Uriel.jpeg\",\"contentUrl\":\"https:\\\/\\\/canal7slp.tv\\\/2022\\\/wp-content\\\/uploads\\\/2022\\\/04\\\/Uriel.jpeg\",\"width\":768,\"height\":512},{\"@type\":\"BreadcrumbList\",\"@id\":\"https:\\\/\\\/canal7slp.tv\\\/2022\\\/prision-preventiva-para-imputado-de-desaparicion-de-una-mujer-de-25-anos\\\/#breadcrumb\",\"itemListElement\":[{\"@type\":\"ListItem\",\"position\":1,\"name\":\"Portada\",\"item\":\"https:\\\/\\\/canal7slp.tv\\\/2022\\\/\"},{\"@type\":\"ListItem\",\"position\":2,\"name\":\"Prisi\u00f3n preventiva para imputado de desaparici\u00f3n de una mujer de 25 a\u00f1os\"}]},{\"@type\":\"WebSite\",\"@id\":\"https:\\\/\\\/canal7slp.tv\\\/2022\\\/#website\",\"url\":\"https:\\\/\\\/canal7slp.tv\\\/2022\\\/\",\"name\":\"N7 - Noticieros Canal 7\",\"description\":\"Somos Televisi\u00f3n\",\"publisher\":{\"@id\":\"https:\\\/\\\/canal7slp.tv\\\/2022\\\/#organization\"},\"potentialAction\":[{\"@type\":\"SearchAction\",\"target\":{\"@type\":\"EntryPoint\",\"urlTemplate\":\"https:\\\/\\\/canal7slp.tv\\\/2022\\\/?s={search_term_string}\"},\"query-input\":{\"@type\":\"PropertyValueSpecification\",\"valueRequired\":true,\"valueName\":\"search_term_string\"}}],\"inLanguage\":\"es\"},{\"@type\":\"Organization\",\"@id\":\"https:\\\/\\\/canal7slp.tv\\\/2022\\\/#organization\",\"name\":\"Noticieros Canal 7\",\"url\":\"https:\\\/\\\/canal7slp.tv\\\/2022\\\/\",\"logo\":{\"@type\":\"ImageObject\",\"inLanguage\":\"es\",\"@id\":\"https:\\\/\\\/canal7slp.tv\\\/2022\\\/#\\\/schema\\\/logo\\\/image\\\/\",\"url\":\"https:\\\/\\\/canal7slp.tv\\\/2022\\\/wp-content\\\/uploads\\\/2021\\\/01\\\/logo-noticieros@2x.png\",\"contentUrl\":\"https:\\\/\\\/canal7slp.tv\\\/2022\\\/wp-content\\\/uploads\\\/2021\\\/01\\\/logo-noticieros@2x.png\",\"width\":1017,\"height\":268,\"caption\":\"Noticieros Canal 7\"},\"image\":{\"@id\":\"https:\\\/\\\/canal7slp.tv\\\/2022\\\/#\\\/schema\\\/logo\\\/image\\\/\"},\"sameAs\":[\"https:\\\/\\\/www.facebook.com\\\/noticieroscanalsiete\",\"https:\\\/\\\/x.com\\\/NOTICIEROS7\",\"https:\\\/\\\/www.instagram.com\\\/canal7_slp\",\"https:\\\/\\\/www.youtube.com\\\/channel\\\/UCliiYs-gP3JfJeqdPrNdd5A\"]},{\"@type\":\"Person\",\"@id\":\"https:\\\/\\\/canal7slp.tv\\\/2022\\\/#\\\/schema\\\/person\\\/429704152a21f5f856ce29aa69a238da\",\"name\":\"Edici\u00f3n Web\",\"image\":{\"@type\":\"ImageObject\",\"inLanguage\":\"es\",\"@id\":\"https:\\\/\\\/secure.gravatar.com\\\/avatar\\\/eee448fc3f7164808013b816ba91ac7e43bbe82a70bebac296f8bc6f0addaa1a?s=96&d=mm&r=g\",\"url\":\"https:\\\/\\\/secure.gravatar.com\\\/avatar\\\/eee448fc3f7164808013b816ba91ac7e43bbe82a70bebac296f8bc6f0addaa1a?s=96&d=mm&r=g\",\"contentUrl\":\"https:\\\/\\\/secure.gravatar.com\\\/avatar\\\/eee448fc3f7164808013b816ba91ac7e43bbe82a70bebac296f8bc6f0addaa1a?s=96&d=mm&r=g\",\"caption\":\"Edici\u00f3n Web\"},\"url\":\"https:\\\/\\\/canal7slp.tv\\\/2022\\\/author\\\/edicionweb\\\/\"}]}<\/script>\n<!-- \/ Yoast SEO plugin. -->","yoast_head_json":{"title":"Prisi\u00f3n preventiva para imputado de desaparici\u00f3n de una mujer de 25 a\u00f1os - Canal 7 SLP - 2022","robots":{"index":"index","follow":"follow","max-snippet":"max-snippet:-1","max-image-preview":"max-image-preview:large","max-video-preview":"max-video-preview:-1"},"canonical":"https:\/\/canal7slp.tv\/2022\/prision-preventiva-para-imputado-de-desaparicion-de-una-mujer-de-25-anos\/","og_locale":"es_ES","og_type":"article","og_title":"Prisi\u00f3n preventiva para imputado de desaparici\u00f3n de una mujer de 25 a\u00f1os - Canal 7 SLP - 2022","og_description":"Los restos de la v\u00edctima fueron hallados en la comunidad de Santa Rita, SLP SLP.- Tras la litigaci\u00f3n del personal de la Fiscal\u00eda Especializada en Materia de Derechos Humanos, se vincul\u00f3 a proceso al probable part\u00edcipe de la desaparici\u00f3n de una joven de 25 a\u00f1os, quien fue encontrada sin vida en un predio de la localidad de Santa Rita, de la Delegaci\u00f3n Villa de Pozos. Uriel \u201cN\u201d qued\u00f3 en prisi\u00f3n preventiva, luego que se le imputaron los delitos de desaparici\u00f3n cometida por particulares y delitos vinculados con la desaparici\u00f3n de personas. En la continuaci\u00f3n de la audiencia inicial realizada en [&hellip;]","og_url":"https:\/\/canal7slp.tv\/2022\/prision-preventiva-para-imputado-de-desaparicion-de-una-mujer-de-25-anos\/","og_site_name":"Canal 7 SLP - 2022","article_publisher":"https:\/\/www.facebook.com\/noticieroscanalsiete","article_published_time":"2022-04-21T01:25:08+00:00","article_modified_time":"2022-04-21T14:36:27+00:00","og_image":[{"width":768,"height":512,"url":"https:\/\/canal7slp.tv\/2022\/wp-content\/uploads\/2022\/04\/Uriel.jpeg","type":"image\/jpeg"}],"author":"Edici\u00f3n Web","twitter_card":"summary_large_image","twitter_creator":"@NOTICIEROS7","twitter_site":"@NOTICIEROS7","twitter_misc":{"Escrito por":"Edici\u00f3n Web","Tiempo de lectura":"2 minutos"},"schema":{"@context":"https:\/\/schema.org","@graph":[{"@type":"Article","@id":"https:\/\/canal7slp.tv\/2022\/prision-preventiva-para-imputado-de-desaparicion-de-una-mujer-de-25-anos\/#article","isPartOf":{"@id":"https:\/\/canal7slp.tv\/2022\/prision-preventiva-para-imputado-de-desaparicion-de-una-mujer-de-25-anos\/"},"author":{"name":"Edici\u00f3n Web","@id":"https:\/\/canal7slp.tv\/2022\/#\/schema\/person\/429704152a21f5f856ce29aa69a238da"},"headline":"Prisi\u00f3n preventiva para imputado de desaparici\u00f3n de una mujer de 25 a\u00f1os","datePublished":"2022-04-21T01:25:08+00:00","dateModified":"2022-04-21T14:36:27+00:00","mainEntityOfPage":{"@id":"https:\/\/canal7slp.tv\/2022\/prision-preventiva-para-imputado-de-desaparicion-de-una-mujer-de-25-anos\/"},"wordCount":298,"publisher":{"@id":"https:\/\/canal7slp.tv\/2022\/#organization"},"image":{"@id":"https:\/\/canal7slp.tv\/2022\/prision-preventiva-para-imputado-de-desaparicion-de-una-mujer-de-25-anos\/#primaryimage"},"thumbnailUrl":"https:\/\/canal7slp.tv\/2022\/wp-content\/uploads\/2022\/04\/Uriel.jpeg","articleSection":["REPORTE 7"],"inLanguage":"es"},{"@type":"WebPage","@id":"https:\/\/canal7slp.tv\/2022\/prision-preventiva-para-imputado-de-desaparicion-de-una-mujer-de-25-anos\/","url":"https:\/\/canal7slp.tv\/2022\/prision-preventiva-para-imputado-de-desaparicion-de-una-mujer-de-25-anos\/","name":"Prisi\u00f3n preventiva para imputado de desaparici\u00f3n de una mujer de 25 a\u00f1os - Canal 7 SLP - 2022","isPartOf":{"@id":"https:\/\/canal7slp.tv\/2022\/#website"},"primaryImageOfPage":{"@id":"https:\/\/canal7slp.tv\/2022\/prision-preventiva-para-imputado-de-desaparicion-de-una-mujer-de-25-anos\/#primaryimage"},"image":{"@id":"https:\/\/canal7slp.tv\/2022\/prision-preventiva-para-imputado-de-desaparicion-de-una-mujer-de-25-anos\/#primaryimage"},"thumbnailUrl":"https:\/\/canal7slp.tv\/2022\/wp-content\/uploads\/2022\/04\/Uriel.jpeg","datePublished":"2022-04-21T01:25:08+00:00","dateModified":"2022-04-21T14:36:27+00:00","breadcrumb":{"@id":"https:\/\/canal7slp.tv\/2022\/prision-preventiva-para-imputado-de-desaparicion-de-una-mujer-de-25-anos\/#breadcrumb"},"inLanguage":"es","potentialAction":[{"@type":"ReadAction","target":["https:\/\/canal7slp.tv\/2022\/prision-preventiva-para-imputado-de-desaparicion-de-una-mujer-de-25-anos\/"]}]},{"@type":"ImageObject","inLanguage":"es","@id":"https:\/\/canal7slp.tv\/2022\/prision-preventiva-para-imputado-de-desaparicion-de-una-mujer-de-25-anos\/#primaryimage","url":"https:\/\/canal7slp.tv\/2022\/wp-content\/uploads\/2022\/04\/Uriel.jpeg","contentUrl":"https:\/\/canal7slp.tv\/2022\/wp-content\/uploads\/2022\/04\/Uriel.jpeg","width":768,"height":512},{"@type":"BreadcrumbList","@id":"https:\/\/canal7slp.tv\/2022\/prision-preventiva-para-imputado-de-desaparicion-de-una-mujer-de-25-anos\/#breadcrumb","itemListElement":[{"@type":"ListItem","position":1,"name":"Portada","item":"https:\/\/canal7slp.tv\/2022\/"},{"@type":"ListItem","position":2,"name":"Prisi\u00f3n preventiva para imputado de desaparici\u00f3n de una mujer de 25 a\u00f1os"}]},{"@type":"WebSite","@id":"https:\/\/canal7slp.tv\/2022\/#website","url":"https:\/\/canal7slp.tv\/2022\/","name":"N7 - Noticieros Canal 7","description":"Somos Televisi\u00f3n","publisher":{"@id":"https:\/\/canal7slp.tv\/2022\/#organization"},"potentialAction":[{"@type":"SearchAction","target":{"@type":"EntryPoint","urlTemplate":"https:\/\/canal7slp.tv\/2022\/?s={search_term_string}"},"query-input":{"@type":"PropertyValueSpecification","valueRequired":true,"valueName":"search_term_string"}}],"inLanguage":"es"},{"@type":"Organization","@id":"https:\/\/canal7slp.tv\/2022\/#organization","name":"Noticieros Canal 7","url":"https:\/\/canal7slp.tv\/2022\/","logo":{"@type":"ImageObject","inLanguage":"es","@id":"https:\/\/canal7slp.tv\/2022\/#\/schema\/logo\/image\/","url":"https:\/\/canal7slp.tv\/2022\/wp-content\/uploads\/2021\/01\/logo-noticieros@2x.png","contentUrl":"https:\/\/canal7slp.tv\/2022\/wp-content\/uploads\/2021\/01\/logo-noticieros@2x.png","width":1017,"height":268,"caption":"Noticieros Canal 7"},"image":{"@id":"https:\/\/canal7slp.tv\/2022\/#\/schema\/logo\/image\/"},"sameAs":["https:\/\/www.facebook.com\/noticieroscanalsiete","https:\/\/x.com\/NOTICIEROS7","https:\/\/www.instagram.com\/canal7_slp","https:\/\/www.youtube.com\/channel\/UCliiYs-gP3JfJeqdPrNdd5A"]},{"@type":"Person","@id":"https:\/\/canal7slp.tv\/2022\/#\/schema\/person\/429704152a21f5f856ce29aa69a238da","name":"Edici\u00f3n Web","image":{"@type":"ImageObject","inLanguage":"es","@id":"https:\/\/secure.gravatar.com\/avatar\/eee448fc3f7164808013b816ba91ac7e43bbe82a70bebac296f8bc6f0addaa1a?s=96&d=mm&r=g","url":"https:\/\/secure.gravatar.com\/avatar\/eee448fc3f7164808013b816ba91ac7e43bbe82a70bebac296f8bc6f0addaa1a?s=96&d=mm&r=g","contentUrl":"https:\/\/secure.gravatar.com\/avatar\/eee448fc3f7164808013b816ba91ac7e43bbe82a70bebac296f8bc6f0addaa1a?s=96&d=mm&r=g","caption":"Edici\u00f3n Web"},"url":"https:\/\/canal7slp.tv\/2022\/author\/edicionweb\/"}]}},"amp_enabled":true,"_links":{"self":[{"href":"https:\/\/canal7slp.tv\/2022\/wp-json\/wp\/v2\/posts\/57881","targetHints":{"allow":["GET"]}}],"collection":[{"href":"https:\/\/canal7slp.tv\/2022\/wp-json\/wp\/v2\/posts"}],"about":[{"href":"https:\/\/canal7slp.tv\/2022\/wp-json\/wp\/v2\/types\/post"}],"author":[{"embeddable":true,"href":"https:\/\/canal7slp.tv\/2022\/wp-json\/wp\/v2\/users\/2"}],"replies":[{"embeddable":true,"href":"https:\/\/canal7slp.tv\/2022\/wp-json\/wp\/v2\/comments?post=57881"}],"version-history":[{"count":1,"href":"https:\/\/canal7slp.tv\/2022\/wp-json\/wp\/v2\/posts\/57881\/revisions"}],"predecessor-version":[{"id":57882,"href":"https:\/\/canal7slp.tv\/2022\/wp-json\/wp\/v2\/posts\/57881\/revisions\/57882"}],"wp:featuredmedia":[{"embeddable":true,"href":"https:\/\/canal7slp.tv\/2022\/wp-json\/wp\/v2\/media\/57380"}],"wp:attachment":[{"href":"https:\/\/canal7slp.tv\/2022\/wp-json\/wp\/v2\/media?parent=57881"}],"wp:term":[{"taxonomy":"category","embeddable":true,"href":"https:\/\/canal7slp.tv\/2022\/wp-json\/wp\/v2\/categories?post=57881"},{"taxonomy":"post_tag","embeddable":true,"href":"https:\/\/canal7slp.tv\/2022\/wp-json\/wp\/v2\/tags?post=57881"}],"curies":[{"name":"wp","href":"https:\/\/api.w.org\/{rel}","templated":true}]}}