{"id":57875,"date":"2022-04-20T15:51:20","date_gmt":"2022-04-20T21:51:20","guid":{"rendered":"https:\/\/canal7slp.tv\/2022\/?p=57875"},"modified":"2022-04-20T18:19:45","modified_gmt":"2022-04-21T00:19:45","slug":"adaptarse-a-circunstancias-y-nuevos-modelos-de-negocios-recomienda-a-empresariado-embajador-de-la-ue-en-mexico","status":"publish","type":"post","link":"https:\/\/canal7slp.tv\/2022\/adaptarse-a-circunstancias-y-nuevos-modelos-de-negocios-recomienda-a-empresariado-embajador-de-la-ue-en-mexico\/","title":{"rendered":"Adaptarse a circunstancias y nuevos modelos de negocios, recomienda a empresariado, Embajador de la UE en M\u00e9xico."},"content":{"rendered":"<p style=\"text-align: justify;\">SLP.- En su m\u00e1s reciente visita a SLP el Embajador de la Uni\u00f3n Europea en M\u00e9xico Gautier Mignot se\u00f1alo la importancia de M\u00e9xico para la Uni\u00f3n Europea en diversos rubros, en especial refiri\u00e9ndose a la posici\u00f3n de nuestro estado en el contexto internacional en sectores espec\u00edficos como el automotriz, el metalmec\u00e1nico y de la industria de la transformaci\u00f3n en sus diversos niveles tanto TIER 1, TIER 2 Y TIER 3<\/p>\n<p style=\"text-align: justify;\">Recomend\u00f3 a los empresarios de la regi\u00f3n Centro-Baj\u00edo-Occidente, la cual es hoy en d\u00eda una regi\u00f3n sumamente fuerte y atractiva para el empresario de la Uni\u00f3n Europea, indicando que las y los empresarios nacionales deben adaptarse a las circunstancia y nuevos modelos de negocios que el mercado global exige, en especial de la Uni\u00f3n Europea a quien el representa.<\/p>\n<p style=\"text-align: justify;\">Se\u00f1alo de igual forma, que el empresariado nacional debe enfocarse en temas como la Innovaci\u00f3n en tecnolog\u00eda de punta, Automatizaci\u00f3n, Investigaci\u00f3n, pero sobre todo que SLP no nada m\u00e1s ofrezca un modelo de maquila o manufactura, si no dotar al empresariado mexicano y a las nuevas generaciones en conocimientos acad\u00e9micos, de profundo estudio e investigaci\u00f3n en materia de mentefactura.<\/p>\n<p style=\"text-align: justify;\">Se\u00f1alo que \u00e9l como representante de la Uni\u00f3n Europea en MX en especial de 19 pa\u00edses que se encuentran en territorio nacional acreditados con sus respectivas embajadas, abordan temas pol\u00edticos, econ\u00f3micos y comerciales., el Embajador Mignot indico que existe una gran oportunidad para las micro, peque\u00f1as, medianas y por supuesto grandes empresas nacionales en invertir y hacer negocios con la Uni\u00f3n Europea, \u201clos j\u00f3venes, mujeres y hombre dedicados a los negocios deben pensar en grande, hay excelentes oportunidad de para que les vaya muy bien en Europa.<\/p>\n<p style=\"text-align: justify;\">La Uni\u00f3n Europea apoyo de manera importante a este sector.<\/p>\n<p style=\"text-align: justify;\">Finalmente, el Titular de la representaci\u00f3n de la Uni\u00f3n Europea en M\u00e9xico, dio su punto de vista en referente a la situaci\u00f3n pol\u00edtica y econ\u00f3mica del Presidente L\u00f3pez Obrador.<\/p>\n<p style=\"text-align: justify;\">Por: Luis de Regil<\/p>\n","protected":false},"excerpt":{"rendered":"<p>SLP.- En su m\u00e1s reciente visita a SLP el Embajador de la Uni\u00f3n Europea en M\u00e9xico Gautier Mignot se\u00f1alo la importancia de M\u00e9xico para la Uni\u00f3n Europea en diversos rubros, en especial refiri\u00e9ndose a la posici\u00f3n de nuestro estado en el contexto internacional en sectores espec\u00edficos como el automotriz, el metalmec\u00e1nico y de la industria de la transformaci\u00f3n en sus diversos niveles tanto TIER 1, TIER 2 Y TIER 3 Recomend\u00f3 a los empresarios de la regi\u00f3n Centro-Baj\u00edo-Occidente, la cual es hoy en d\u00eda una regi\u00f3n sumamente fuerte y atractiva para el empresario de la Uni\u00f3n Europea, indicando que las [&hellip;]<\/p>\n","protected":false},"author":2,"featured_media":57877,"comment_status":"closed","ping_status":"closed","sticky":false,"template":"","format":"video","meta":{"footnotes":""},"categories":[5,45],"tags":[],"class_list":["post-57875","post","type-post","status-publish","format-video","has-post-thumbnail","hentry","category-destacadas","category-localesyregionales","post_format-post-format-video","post--single"],"yoast_head":"<!-- This site is optimized with the Yoast SEO plugin v27.4 - https:\/\/yoast.com\/product\/yoast-seo-wordpress\/ -->\n<title>Adaptarse a circunstancias y nuevos modelos de negocios, recomienda a empresariado, Embajador de la UE en M\u00e9xico. - Canal 7 SLP - 2022<\/title>\n<meta name=\"robots\" content=\"index, follow, max-snippet:-1, max-image-preview:large, max-video-preview:-1\" \/>\n<link rel=\"canonical\" href=\"https:\/\/canal7slp.tv\/2022\/adaptarse-a-circunstancias-y-nuevos-modelos-de-negocios-recomienda-a-empresariado-embajador-de-la-ue-en-mexico\/\" \/>\n<meta property=\"og:locale\" content=\"es_ES\" \/>\n<meta property=\"og:type\" content=\"article\" \/>\n<meta property=\"og:title\" content=\"Adaptarse a circunstancias y nuevos modelos de negocios, recomienda a empresariado, Embajador de la UE en M\u00e9xico. - Canal 7 SLP - 2022\" \/>\n<meta property=\"og:description\" content=\"SLP.- En su m\u00e1s reciente visita a SLP el Embajador de la Uni\u00f3n Europea en M\u00e9xico Gautier Mignot se\u00f1alo la importancia de M\u00e9xico para la Uni\u00f3n Europea en diversos rubros, en especial refiri\u00e9ndose a la posici\u00f3n de nuestro estado en el contexto internacional en sectores espec\u00edficos como el automotriz, el metalmec\u00e1nico y de la industria de la transformaci\u00f3n en sus diversos niveles tanto TIER 1, TIER 2 Y TIER 3 Recomend\u00f3 a los empresarios de la regi\u00f3n Centro-Baj\u00edo-Occidente, la cual es hoy en d\u00eda una regi\u00f3n sumamente fuerte y atractiva para el empresario de la Uni\u00f3n Europea, indicando que las [&hellip;]\" \/>\n<meta property=\"og:url\" content=\"https:\/\/canal7slp.tv\/2022\/adaptarse-a-circunstancias-y-nuevos-modelos-de-negocios-recomienda-a-empresariado-embajador-de-la-ue-en-mexico\/\" \/>\n<meta property=\"og:site_name\" content=\"Canal 7 SLP - 2022\" \/>\n<meta property=\"article:publisher\" content=\"https:\/\/www.facebook.com\/noticieroscanalsiete\" \/>\n<meta property=\"article:published_time\" content=\"2022-04-20T21:51:20+00:00\" \/>\n<meta property=\"article:modified_time\" content=\"2022-04-21T00:19:45+00:00\" \/>\n<meta property=\"og:image\" content=\"https:\/\/canal7slp.tv\/2022\/wp-content\/uploads\/2022\/04\/Luis01Embajador.jpg\" \/>\n\t<meta property=\"og:image:width\" content=\"888\" \/>\n\t<meta property=\"og:image:height\" content=\"500\" \/>\n\t<meta property=\"og:image:type\" content=\"image\/jpeg\" \/>\n<meta name=\"author\" content=\"Edici\u00f3n Web\" \/>\n<meta name=\"twitter:card\" content=\"summary_large_image\" \/>\n<meta name=\"twitter:creator\" content=\"@NOTICIEROS7\" \/>\n<meta name=\"twitter:site\" content=\"@NOTICIEROS7\" \/>\n<meta name=\"twitter:label1\" content=\"Escrito por\" \/>\n\t<meta name=\"twitter:data1\" content=\"Edici\u00f3n Web\" \/>\n\t<meta name=\"twitter:label2\" content=\"Tiempo de lectura\" \/>\n\t<meta name=\"twitter:data2\" content=\"2 minutos\" \/>\n<script type=\"application\/ld+json\" class=\"yoast-schema-graph\">{\"@context\":\"https:\\\/\\\/schema.org\",\"@graph\":[{\"@type\":\"Article\",\"@id\":\"https:\\\/\\\/canal7slp.tv\\\/2022\\\/adaptarse-a-circunstancias-y-nuevos-modelos-de-negocios-recomienda-a-empresariado-embajador-de-la-ue-en-mexico\\\/#article\",\"isPartOf\":{\"@id\":\"https:\\\/\\\/canal7slp.tv\\\/2022\\\/adaptarse-a-circunstancias-y-nuevos-modelos-de-negocios-recomienda-a-empresariado-embajador-de-la-ue-en-mexico\\\/\"},\"author\":{\"name\":\"Edici\u00f3n Web\",\"@id\":\"https:\\\/\\\/canal7slp.tv\\\/2022\\\/#\\\/schema\\\/person\\\/429704152a21f5f856ce29aa69a238da\"},\"headline\":\"Adaptarse a circunstancias y nuevos modelos de negocios, recomienda a empresariado, Embajador de la UE en M\u00e9xico.\",\"datePublished\":\"2022-04-20T21:51:20+00:00\",\"dateModified\":\"2022-04-21T00:19:45+00:00\",\"mainEntityOfPage\":{\"@id\":\"https:\\\/\\\/canal7slp.tv\\\/2022\\\/adaptarse-a-circunstancias-y-nuevos-modelos-de-negocios-recomienda-a-empresariado-embajador-de-la-ue-en-mexico\\\/\"},\"wordCount\":374,\"publisher\":{\"@id\":\"https:\\\/\\\/canal7slp.tv\\\/2022\\\/#organization\"},\"image\":{\"@id\":\"https:\\\/\\\/canal7slp.tv\\\/2022\\\/adaptarse-a-circunstancias-y-nuevos-modelos-de-negocios-recomienda-a-empresariado-embajador-de-la-ue-en-mexico\\\/#primaryimage\"},\"thumbnailUrl\":\"https:\\\/\\\/canal7slp.tv\\\/2022\\\/wp-content\\\/uploads\\\/2022\\\/04\\\/Luis01Embajador.jpg\",\"articleSection\":[\"DESTACADAS\",\"LOCALES Y REGIONALES\"],\"inLanguage\":\"es\"},{\"@type\":\"WebPage\",\"@id\":\"https:\\\/\\\/canal7slp.tv\\\/2022\\\/adaptarse-a-circunstancias-y-nuevos-modelos-de-negocios-recomienda-a-empresariado-embajador-de-la-ue-en-mexico\\\/\",\"url\":\"https:\\\/\\\/canal7slp.tv\\\/2022\\\/adaptarse-a-circunstancias-y-nuevos-modelos-de-negocios-recomienda-a-empresariado-embajador-de-la-ue-en-mexico\\\/\",\"name\":\"Adaptarse a circunstancias y nuevos modelos de negocios, recomienda a empresariado, Embajador de la UE en M\u00e9xico. - Canal 7 SLP - 2022\",\"isPartOf\":{\"@id\":\"https:\\\/\\\/canal7slp.tv\\\/2022\\\/#website\"},\"primaryImageOfPage\":{\"@id\":\"https:\\\/\\\/canal7slp.tv\\\/2022\\\/adaptarse-a-circunstancias-y-nuevos-modelos-de-negocios-recomienda-a-empresariado-embajador-de-la-ue-en-mexico\\\/#primaryimage\"},\"image\":{\"@id\":\"https:\\\/\\\/canal7slp.tv\\\/2022\\\/adaptarse-a-circunstancias-y-nuevos-modelos-de-negocios-recomienda-a-empresariado-embajador-de-la-ue-en-mexico\\\/#primaryimage\"},\"thumbnailUrl\":\"https:\\\/\\\/canal7slp.tv\\\/2022\\\/wp-content\\\/uploads\\\/2022\\\/04\\\/Luis01Embajador.jpg\",\"datePublished\":\"2022-04-20T21:51:20+00:00\",\"dateModified\":\"2022-04-21T00:19:45+00:00\",\"breadcrumb\":{\"@id\":\"https:\\\/\\\/canal7slp.tv\\\/2022\\\/adaptarse-a-circunstancias-y-nuevos-modelos-de-negocios-recomienda-a-empresariado-embajador-de-la-ue-en-mexico\\\/#breadcrumb\"},\"inLanguage\":\"es\",\"potentialAction\":[{\"@type\":\"ReadAction\",\"target\":[\"https:\\\/\\\/canal7slp.tv\\\/2022\\\/adaptarse-a-circunstancias-y-nuevos-modelos-de-negocios-recomienda-a-empresariado-embajador-de-la-ue-en-mexico\\\/\"]}]},{\"@type\":\"ImageObject\",\"inLanguage\":\"es\",\"@id\":\"https:\\\/\\\/canal7slp.tv\\\/2022\\\/adaptarse-a-circunstancias-y-nuevos-modelos-de-negocios-recomienda-a-empresariado-embajador-de-la-ue-en-mexico\\\/#primaryimage\",\"url\":\"https:\\\/\\\/canal7slp.tv\\\/2022\\\/wp-content\\\/uploads\\\/2022\\\/04\\\/Luis01Embajador.jpg\",\"contentUrl\":\"https:\\\/\\\/canal7slp.tv\\\/2022\\\/wp-content\\\/uploads\\\/2022\\\/04\\\/Luis01Embajador.jpg\",\"width\":888,\"height\":500},{\"@type\":\"BreadcrumbList\",\"@id\":\"https:\\\/\\\/canal7slp.tv\\\/2022\\\/adaptarse-a-circunstancias-y-nuevos-modelos-de-negocios-recomienda-a-empresariado-embajador-de-la-ue-en-mexico\\\/#breadcrumb\",\"itemListElement\":[{\"@type\":\"ListItem\",\"position\":1,\"name\":\"Portada\",\"item\":\"https:\\\/\\\/canal7slp.tv\\\/2022\\\/\"},{\"@type\":\"ListItem\",\"position\":2,\"name\":\"Adaptarse a circunstancias y nuevos modelos de negocios, recomienda a empresariado, Embajador de la UE en M\u00e9xico.\"}]},{\"@type\":\"WebSite\",\"@id\":\"https:\\\/\\\/canal7slp.tv\\\/2022\\\/#website\",\"url\":\"https:\\\/\\\/canal7slp.tv\\\/2022\\\/\",\"name\":\"N7 - Noticieros Canal 7\",\"description\":\"Somos Televisi\u00f3n\",\"publisher\":{\"@id\":\"https:\\\/\\\/canal7slp.tv\\\/2022\\\/#organization\"},\"potentialAction\":[{\"@type\":\"SearchAction\",\"target\":{\"@type\":\"EntryPoint\",\"urlTemplate\":\"https:\\\/\\\/canal7slp.tv\\\/2022\\\/?s={search_term_string}\"},\"query-input\":{\"@type\":\"PropertyValueSpecification\",\"valueRequired\":true,\"valueName\":\"search_term_string\"}}],\"inLanguage\":\"es\"},{\"@type\":\"Organization\",\"@id\":\"https:\\\/\\\/canal7slp.tv\\\/2022\\\/#organization\",\"name\":\"Noticieros Canal 7\",\"url\":\"https:\\\/\\\/canal7slp.tv\\\/2022\\\/\",\"logo\":{\"@type\":\"ImageObject\",\"inLanguage\":\"es\",\"@id\":\"https:\\\/\\\/canal7slp.tv\\\/2022\\\/#\\\/schema\\\/logo\\\/image\\\/\",\"url\":\"https:\\\/\\\/canal7slp.tv\\\/2022\\\/wp-content\\\/uploads\\\/2021\\\/01\\\/logo-noticieros@2x.png\",\"contentUrl\":\"https:\\\/\\\/canal7slp.tv\\\/2022\\\/wp-content\\\/uploads\\\/2021\\\/01\\\/logo-noticieros@2x.png\",\"width\":1017,\"height\":268,\"caption\":\"Noticieros Canal 7\"},\"image\":{\"@id\":\"https:\\\/\\\/canal7slp.tv\\\/2022\\\/#\\\/schema\\\/logo\\\/image\\\/\"},\"sameAs\":[\"https:\\\/\\\/www.facebook.com\\\/noticieroscanalsiete\",\"https:\\\/\\\/x.com\\\/NOTICIEROS7\",\"https:\\\/\\\/www.instagram.com\\\/canal7_slp\",\"https:\\\/\\\/www.youtube.com\\\/channel\\\/UCliiYs-gP3JfJeqdPrNdd5A\"]},{\"@type\":\"Person\",\"@id\":\"https:\\\/\\\/canal7slp.tv\\\/2022\\\/#\\\/schema\\\/person\\\/429704152a21f5f856ce29aa69a238da\",\"name\":\"Edici\u00f3n Web\",\"image\":{\"@type\":\"ImageObject\",\"inLanguage\":\"es\",\"@id\":\"https:\\\/\\\/secure.gravatar.com\\\/avatar\\\/eee448fc3f7164808013b816ba91ac7e43bbe82a70bebac296f8bc6f0addaa1a?s=96&d=mm&r=g\",\"url\":\"https:\\\/\\\/secure.gravatar.com\\\/avatar\\\/eee448fc3f7164808013b816ba91ac7e43bbe82a70bebac296f8bc6f0addaa1a?s=96&d=mm&r=g\",\"contentUrl\":\"https:\\\/\\\/secure.gravatar.com\\\/avatar\\\/eee448fc3f7164808013b816ba91ac7e43bbe82a70bebac296f8bc6f0addaa1a?s=96&d=mm&r=g\",\"caption\":\"Edici\u00f3n Web\"},\"url\":\"https:\\\/\\\/canal7slp.tv\\\/2022\\\/author\\\/edicionweb\\\/\"}]}<\/script>\n<!-- \/ Yoast SEO plugin. -->","yoast_head_json":{"title":"Adaptarse a circunstancias y nuevos modelos de negocios, recomienda a empresariado, Embajador de la UE en M\u00e9xico. - Canal 7 SLP - 2022","robots":{"index":"index","follow":"follow","max-snippet":"max-snippet:-1","max-image-preview":"max-image-preview:large","max-video-preview":"max-video-preview:-1"},"canonical":"https:\/\/canal7slp.tv\/2022\/adaptarse-a-circunstancias-y-nuevos-modelos-de-negocios-recomienda-a-empresariado-embajador-de-la-ue-en-mexico\/","og_locale":"es_ES","og_type":"article","og_title":"Adaptarse a circunstancias y nuevos modelos de negocios, recomienda a empresariado, Embajador de la UE en M\u00e9xico. - Canal 7 SLP - 2022","og_description":"SLP.- En su m\u00e1s reciente visita a SLP el Embajador de la Uni\u00f3n Europea en M\u00e9xico Gautier Mignot se\u00f1alo la importancia de M\u00e9xico para la Uni\u00f3n Europea en diversos rubros, en especial refiri\u00e9ndose a la posici\u00f3n de nuestro estado en el contexto internacional en sectores espec\u00edficos como el automotriz, el metalmec\u00e1nico y de la industria de la transformaci\u00f3n en sus diversos niveles tanto TIER 1, TIER 2 Y TIER 3 Recomend\u00f3 a los empresarios de la regi\u00f3n Centro-Baj\u00edo-Occidente, la cual es hoy en d\u00eda una regi\u00f3n sumamente fuerte y atractiva para el empresario de la Uni\u00f3n Europea, indicando que las [&hellip;]","og_url":"https:\/\/canal7slp.tv\/2022\/adaptarse-a-circunstancias-y-nuevos-modelos-de-negocios-recomienda-a-empresariado-embajador-de-la-ue-en-mexico\/","og_site_name":"Canal 7 SLP - 2022","article_publisher":"https:\/\/www.facebook.com\/noticieroscanalsiete","article_published_time":"2022-04-20T21:51:20+00:00","article_modified_time":"2022-04-21T00:19:45+00:00","og_image":[{"width":888,"height":500,"url":"https:\/\/canal7slp.tv\/2022\/wp-content\/uploads\/2022\/04\/Luis01Embajador.jpg","type":"image\/jpeg"}],"author":"Edici\u00f3n Web","twitter_card":"summary_large_image","twitter_creator":"@NOTICIEROS7","twitter_site":"@NOTICIEROS7","twitter_misc":{"Escrito por":"Edici\u00f3n Web","Tiempo de lectura":"2 minutos"},"schema":{"@context":"https:\/\/schema.org","@graph":[{"@type":"Article","@id":"https:\/\/canal7slp.tv\/2022\/adaptarse-a-circunstancias-y-nuevos-modelos-de-negocios-recomienda-a-empresariado-embajador-de-la-ue-en-mexico\/#article","isPartOf":{"@id":"https:\/\/canal7slp.tv\/2022\/adaptarse-a-circunstancias-y-nuevos-modelos-de-negocios-recomienda-a-empresariado-embajador-de-la-ue-en-mexico\/"},"author":{"name":"Edici\u00f3n Web","@id":"https:\/\/canal7slp.tv\/2022\/#\/schema\/person\/429704152a21f5f856ce29aa69a238da"},"headline":"Adaptarse a circunstancias y nuevos modelos de negocios, recomienda a empresariado, Embajador de la UE en M\u00e9xico.","datePublished":"2022-04-20T21:51:20+00:00","dateModified":"2022-04-21T00:19:45+00:00","mainEntityOfPage":{"@id":"https:\/\/canal7slp.tv\/2022\/adaptarse-a-circunstancias-y-nuevos-modelos-de-negocios-recomienda-a-empresariado-embajador-de-la-ue-en-mexico\/"},"wordCount":374,"publisher":{"@id":"https:\/\/canal7slp.tv\/2022\/#organization"},"image":{"@id":"https:\/\/canal7slp.tv\/2022\/adaptarse-a-circunstancias-y-nuevos-modelos-de-negocios-recomienda-a-empresariado-embajador-de-la-ue-en-mexico\/#primaryimage"},"thumbnailUrl":"https:\/\/canal7slp.tv\/2022\/wp-content\/uploads\/2022\/04\/Luis01Embajador.jpg","articleSection":["DESTACADAS","LOCALES Y REGIONALES"],"inLanguage":"es"},{"@type":"WebPage","@id":"https:\/\/canal7slp.tv\/2022\/adaptarse-a-circunstancias-y-nuevos-modelos-de-negocios-recomienda-a-empresariado-embajador-de-la-ue-en-mexico\/","url":"https:\/\/canal7slp.tv\/2022\/adaptarse-a-circunstancias-y-nuevos-modelos-de-negocios-recomienda-a-empresariado-embajador-de-la-ue-en-mexico\/","name":"Adaptarse a circunstancias y nuevos modelos de negocios, recomienda a empresariado, Embajador de la UE en M\u00e9xico. - Canal 7 SLP - 2022","isPartOf":{"@id":"https:\/\/canal7slp.tv\/2022\/#website"},"primaryImageOfPage":{"@id":"https:\/\/canal7slp.tv\/2022\/adaptarse-a-circunstancias-y-nuevos-modelos-de-negocios-recomienda-a-empresariado-embajador-de-la-ue-en-mexico\/#primaryimage"},"image":{"@id":"https:\/\/canal7slp.tv\/2022\/adaptarse-a-circunstancias-y-nuevos-modelos-de-negocios-recomienda-a-empresariado-embajador-de-la-ue-en-mexico\/#primaryimage"},"thumbnailUrl":"https:\/\/canal7slp.tv\/2022\/wp-content\/uploads\/2022\/04\/Luis01Embajador.jpg","datePublished":"2022-04-20T21:51:20+00:00","dateModified":"2022-04-21T00:19:45+00:00","breadcrumb":{"@id":"https:\/\/canal7slp.tv\/2022\/adaptarse-a-circunstancias-y-nuevos-modelos-de-negocios-recomienda-a-empresariado-embajador-de-la-ue-en-mexico\/#breadcrumb"},"inLanguage":"es","potentialAction":[{"@type":"ReadAction","target":["https:\/\/canal7slp.tv\/2022\/adaptarse-a-circunstancias-y-nuevos-modelos-de-negocios-recomienda-a-empresariado-embajador-de-la-ue-en-mexico\/"]}]},{"@type":"ImageObject","inLanguage":"es","@id":"https:\/\/canal7slp.tv\/2022\/adaptarse-a-circunstancias-y-nuevos-modelos-de-negocios-recomienda-a-empresariado-embajador-de-la-ue-en-mexico\/#primaryimage","url":"https:\/\/canal7slp.tv\/2022\/wp-content\/uploads\/2022\/04\/Luis01Embajador.jpg","contentUrl":"https:\/\/canal7slp.tv\/2022\/wp-content\/uploads\/2022\/04\/Luis01Embajador.jpg","width":888,"height":500},{"@type":"BreadcrumbList","@id":"https:\/\/canal7slp.tv\/2022\/adaptarse-a-circunstancias-y-nuevos-modelos-de-negocios-recomienda-a-empresariado-embajador-de-la-ue-en-mexico\/#breadcrumb","itemListElement":[{"@type":"ListItem","position":1,"name":"Portada","item":"https:\/\/canal7slp.tv\/2022\/"},{"@type":"ListItem","position":2,"name":"Adaptarse a circunstancias y nuevos modelos de negocios, recomienda a empresariado, Embajador de la UE en M\u00e9xico."}]},{"@type":"WebSite","@id":"https:\/\/canal7slp.tv\/2022\/#website","url":"https:\/\/canal7slp.tv\/2022\/","name":"N7 - Noticieros Canal 7","description":"Somos Televisi\u00f3n","publisher":{"@id":"https:\/\/canal7slp.tv\/2022\/#organization"},"potentialAction":[{"@type":"SearchAction","target":{"@type":"EntryPoint","urlTemplate":"https:\/\/canal7slp.tv\/2022\/?s={search_term_string}"},"query-input":{"@type":"PropertyValueSpecification","valueRequired":true,"valueName":"search_term_string"}}],"inLanguage":"es"},{"@type":"Organization","@id":"https:\/\/canal7slp.tv\/2022\/#organization","name":"Noticieros Canal 7","url":"https:\/\/canal7slp.tv\/2022\/","logo":{"@type":"ImageObject","inLanguage":"es","@id":"https:\/\/canal7slp.tv\/2022\/#\/schema\/logo\/image\/","url":"https:\/\/canal7slp.tv\/2022\/wp-content\/uploads\/2021\/01\/logo-noticieros@2x.png","contentUrl":"https:\/\/canal7slp.tv\/2022\/wp-content\/uploads\/2021\/01\/logo-noticieros@2x.png","width":1017,"height":268,"caption":"Noticieros Canal 7"},"image":{"@id":"https:\/\/canal7slp.tv\/2022\/#\/schema\/logo\/image\/"},"sameAs":["https:\/\/www.facebook.com\/noticieroscanalsiete","https:\/\/x.com\/NOTICIEROS7","https:\/\/www.instagram.com\/canal7_slp","https:\/\/www.youtube.com\/channel\/UCliiYs-gP3JfJeqdPrNdd5A"]},{"@type":"Person","@id":"https:\/\/canal7slp.tv\/2022\/#\/schema\/person\/429704152a21f5f856ce29aa69a238da","name":"Edici\u00f3n Web","image":{"@type":"ImageObject","inLanguage":"es","@id":"https:\/\/secure.gravatar.com\/avatar\/eee448fc3f7164808013b816ba91ac7e43bbe82a70bebac296f8bc6f0addaa1a?s=96&d=mm&r=g","url":"https:\/\/secure.gravatar.com\/avatar\/eee448fc3f7164808013b816ba91ac7e43bbe82a70bebac296f8bc6f0addaa1a?s=96&d=mm&r=g","contentUrl":"https:\/\/secure.gravatar.com\/avatar\/eee448fc3f7164808013b816ba91ac7e43bbe82a70bebac296f8bc6f0addaa1a?s=96&d=mm&r=g","caption":"Edici\u00f3n Web"},"url":"https:\/\/canal7slp.tv\/2022\/author\/edicionweb\/"}]}},"amp_enabled":true,"_links":{"self":[{"href":"https:\/\/canal7slp.tv\/2022\/wp-json\/wp\/v2\/posts\/57875","targetHints":{"allow":["GET"]}}],"collection":[{"href":"https:\/\/canal7slp.tv\/2022\/wp-json\/wp\/v2\/posts"}],"about":[{"href":"https:\/\/canal7slp.tv\/2022\/wp-json\/wp\/v2\/types\/post"}],"author":[{"embeddable":true,"href":"https:\/\/canal7slp.tv\/2022\/wp-json\/wp\/v2\/users\/2"}],"replies":[{"embeddable":true,"href":"https:\/\/canal7slp.tv\/2022\/wp-json\/wp\/v2\/comments?post=57875"}],"version-history":[{"count":1,"href":"https:\/\/canal7slp.tv\/2022\/wp-json\/wp\/v2\/posts\/57875\/revisions"}],"predecessor-version":[{"id":57878,"href":"https:\/\/canal7slp.tv\/2022\/wp-json\/wp\/v2\/posts\/57875\/revisions\/57878"}],"wp:featuredmedia":[{"embeddable":true,"href":"https:\/\/canal7slp.tv\/2022\/wp-json\/wp\/v2\/media\/57877"}],"wp:attachment":[{"href":"https:\/\/canal7slp.tv\/2022\/wp-json\/wp\/v2\/media?parent=57875"}],"wp:term":[{"taxonomy":"category","embeddable":true,"href":"https:\/\/canal7slp.tv\/2022\/wp-json\/wp\/v2\/categories?post=57875"},{"taxonomy":"post_tag","embeddable":true,"href":"https:\/\/canal7slp.tv\/2022\/wp-json\/wp\/v2\/tags?post=57875"}],"curies":[{"name":"wp","href":"https:\/\/api.w.org\/{rel}","templated":true}]}}