{"id":57864,"date":"2022-04-20T15:35:15","date_gmt":"2022-04-20T21:35:15","guid":{"rendered":"https:\/\/canal7slp.tv\/2022\/?p=57864"},"modified":"2022-04-20T15:35:15","modified_gmt":"2022-04-20T21:35:15","slug":"reforma-a-la-ley-minera-es-atole-con-el-dedo-afirma-xavier-azuara-zuniga","status":"publish","type":"post","link":"https:\/\/canal7slp.tv\/2022\/reforma-a-la-ley-minera-es-atole-con-el-dedo-afirma-xavier-azuara-zuniga\/","title":{"rendered":"Reforma a la Ley Minera es atole con el dedo, afirma Xavier Azuara Z\u00fa\u00f1iga."},"content":{"rendered":"<ul>\n<li>Recuerda que el litio es propiedad de la naci\u00f3n y solo se busca descalificar a la oposici\u00f3n.<\/li>\n<\/ul>\n<p style=\"text-align: justify;\">SLP.- Tras dar marcha atr\u00e1s a la Reforma El\u00e9ctrica de Andr\u00e9s Manuel L\u00f3pez Obrador, las bancadas de Morena, PT, Partido Verde y Movimiento Ciudadano aprobaron en lo general la reforma a la Ley Minera para reconocer el litio como patrimonio de la naci\u00f3n.<\/p>\n<p style=\"text-align: justify;\">Al respecto, el diputado federal del Partido Acci\u00f3n Nacional, Xavier Azuara Z\u00fa\u00f1iga, critic\u00f3 el que se aprobara dicha reforma cuando por reglas y principios de la Constituci\u00f3n, ya se establece que los recursos del suelo mexicano pertenecen a la naci\u00f3n.<\/p>\n<p style=\"text-align: justify;\">\u00abUna vez en conocimiento de que no pasar\u00eda su reforma el\u00e9ctrica, (AMLO) mand\u00f3 la iniciativa de Ley Minera que pr\u00e1cticamente es atole con el dedo, porque ya en la constituci\u00f3n en su Art\u00edculo 27 fracci\u00f3n cuarta, existe en nuestro texto de la Constituci\u00f3n, que los recursos naturales, minerales del subsuelo y suelo son propiedad de la naci\u00f3n\u00bb, apunt\u00f3.<\/p>\n<p style=\"text-align: justify;\">El legislador de San Luis Potos\u00ed, mencion\u00f3 que lo \u00fanico que busca la cuarta transformaci\u00f3n es se\u00f1alar falsamente a las fuerzas pol\u00edticas que van en contra de su visi\u00f3n.<\/p>\n<p style=\"text-align: justify;\">\u00abEs \u00fanicamente seguir con esta narrativa de que la oposici\u00f3n busca en contubernio con las empresas extranjeras robarse los recursos naturales, mil veces falsa esa percepci\u00f3n, nosotros defendemos la constituci\u00f3n y en la Constituci\u00f3n especifica que los recursos minerales son propiedad de la naci\u00f3n, el litio es un recurso mineral y es propiedad de la naci\u00f3n\u00bb, reiter\u00f3.<\/p>\n<p style=\"text-align: justify;\">Azuara Z\u00fa\u00f1iga resalt\u00f3 la importancia de informar a la ciudadan\u00eda lo que realmente sucede en estos temas de inter\u00e9s p\u00fablico, pues indic\u00f3 que se busca denostar, confundir y generar conflicto para manchar la imagen de quienes se han mostrado en contra del actual gobierno.<\/p>\n<p style=\"text-align: justify;\">Por: Jos\u00e9 Luis V\u00e1zquez<\/p>\n","protected":false},"excerpt":{"rendered":"<p>Recuerda que el litio es propiedad de la naci\u00f3n y solo se busca descalificar a la oposici\u00f3n. SLP.- Tras dar marcha atr\u00e1s a la Reforma El\u00e9ctrica de Andr\u00e9s Manuel L\u00f3pez Obrador, las bancadas de Morena, PT, Partido Verde y Movimiento Ciudadano aprobaron en lo general la reforma a la Ley Minera para reconocer el litio como patrimonio de la naci\u00f3n. Al respecto, el diputado federal del Partido Acci\u00f3n Nacional, Xavier Azuara Z\u00fa\u00f1iga, critic\u00f3 el que se aprobara dicha reforma cuando por reglas y principios de la Constituci\u00f3n, ya se establece que los recursos del suelo mexicano pertenecen a la naci\u00f3n. [&hellip;]<\/p>\n","protected":false},"author":2,"featured_media":57872,"comment_status":"closed","ping_status":"closed","sticky":false,"template":"","format":"video","meta":{"footnotes":""},"categories":[5,45],"tags":[],"class_list":["post-57864","post","type-post","status-publish","format-video","has-post-thumbnail","hentry","category-destacadas","category-localesyregionales","post_format-post-format-video","post--single"],"yoast_head":"<!-- This site is optimized with the Yoast SEO plugin v27.4 - https:\/\/yoast.com\/product\/yoast-seo-wordpress\/ -->\n<title>Reforma a la Ley Minera es atole con el dedo, afirma Xavier Azuara Z\u00fa\u00f1iga. - Canal 7 SLP - 2022<\/title>\n<meta name=\"robots\" content=\"index, follow, max-snippet:-1, max-image-preview:large, max-video-preview:-1\" \/>\n<link rel=\"canonical\" href=\"https:\/\/canal7slp.tv\/2022\/reforma-a-la-ley-minera-es-atole-con-el-dedo-afirma-xavier-azuara-zuniga\/\" \/>\n<meta property=\"og:locale\" content=\"es_ES\" \/>\n<meta property=\"og:type\" content=\"article\" \/>\n<meta property=\"og:title\" content=\"Reforma a la Ley Minera es atole con el dedo, afirma Xavier Azuara Z\u00fa\u00f1iga. - Canal 7 SLP - 2022\" \/>\n<meta property=\"og:description\" content=\"Recuerda que el litio es propiedad de la naci\u00f3n y solo se busca descalificar a la oposici\u00f3n. SLP.- Tras dar marcha atr\u00e1s a la Reforma El\u00e9ctrica de Andr\u00e9s Manuel L\u00f3pez Obrador, las bancadas de Morena, PT, Partido Verde y Movimiento Ciudadano aprobaron en lo general la reforma a la Ley Minera para reconocer el litio como patrimonio de la naci\u00f3n. Al respecto, el diputado federal del Partido Acci\u00f3n Nacional, Xavier Azuara Z\u00fa\u00f1iga, critic\u00f3 el que se aprobara dicha reforma cuando por reglas y principios de la Constituci\u00f3n, ya se establece que los recursos del suelo mexicano pertenecen a la naci\u00f3n. [&hellip;]\" \/>\n<meta property=\"og:url\" content=\"https:\/\/canal7slp.tv\/2022\/reforma-a-la-ley-minera-es-atole-con-el-dedo-afirma-xavier-azuara-zuniga\/\" \/>\n<meta property=\"og:site_name\" content=\"Canal 7 SLP - 2022\" \/>\n<meta property=\"article:publisher\" content=\"https:\/\/www.facebook.com\/noticieroscanalsiete\" \/>\n<meta property=\"article:published_time\" content=\"2022-04-20T21:35:15+00:00\" \/>\n<meta property=\"og:image\" content=\"https:\/\/canal7slp.tv\/2022\/wp-content\/uploads\/2022\/04\/Vazquez02LeyMinera.jpg\" \/>\n\t<meta property=\"og:image:width\" content=\"1280\" \/>\n\t<meta property=\"og:image:height\" content=\"720\" \/>\n\t<meta property=\"og:image:type\" content=\"image\/jpeg\" \/>\n<meta name=\"author\" content=\"Edici\u00f3n Web\" \/>\n<meta name=\"twitter:card\" content=\"summary_large_image\" \/>\n<meta name=\"twitter:creator\" content=\"@NOTICIEROS7\" \/>\n<meta name=\"twitter:site\" content=\"@NOTICIEROS7\" \/>\n<meta name=\"twitter:label1\" content=\"Escrito por\" \/>\n\t<meta name=\"twitter:data1\" content=\"Edici\u00f3n Web\" \/>\n\t<meta name=\"twitter:label2\" content=\"Tiempo de lectura\" \/>\n\t<meta name=\"twitter:data2\" content=\"2 minutos\" \/>\n<script type=\"application\/ld+json\" class=\"yoast-schema-graph\">{\"@context\":\"https:\\\/\\\/schema.org\",\"@graph\":[{\"@type\":\"Article\",\"@id\":\"https:\\\/\\\/canal7slp.tv\\\/2022\\\/reforma-a-la-ley-minera-es-atole-con-el-dedo-afirma-xavier-azuara-zuniga\\\/#article\",\"isPartOf\":{\"@id\":\"https:\\\/\\\/canal7slp.tv\\\/2022\\\/reforma-a-la-ley-minera-es-atole-con-el-dedo-afirma-xavier-azuara-zuniga\\\/\"},\"author\":{\"name\":\"Edici\u00f3n Web\",\"@id\":\"https:\\\/\\\/canal7slp.tv\\\/2022\\\/#\\\/schema\\\/person\\\/429704152a21f5f856ce29aa69a238da\"},\"headline\":\"Reforma a la Ley Minera es atole con el dedo, afirma Xavier Azuara Z\u00fa\u00f1iga.\",\"datePublished\":\"2022-04-20T21:35:15+00:00\",\"mainEntityOfPage\":{\"@id\":\"https:\\\/\\\/canal7slp.tv\\\/2022\\\/reforma-a-la-ley-minera-es-atole-con-el-dedo-afirma-xavier-azuara-zuniga\\\/\"},\"wordCount\":341,\"publisher\":{\"@id\":\"https:\\\/\\\/canal7slp.tv\\\/2022\\\/#organization\"},\"image\":{\"@id\":\"https:\\\/\\\/canal7slp.tv\\\/2022\\\/reforma-a-la-ley-minera-es-atole-con-el-dedo-afirma-xavier-azuara-zuniga\\\/#primaryimage\"},\"thumbnailUrl\":\"https:\\\/\\\/canal7slp.tv\\\/2022\\\/wp-content\\\/uploads\\\/2022\\\/04\\\/Vazquez02LeyMinera.jpg\",\"articleSection\":[\"DESTACADAS\",\"LOCALES Y REGIONALES\"],\"inLanguage\":\"es\"},{\"@type\":\"WebPage\",\"@id\":\"https:\\\/\\\/canal7slp.tv\\\/2022\\\/reforma-a-la-ley-minera-es-atole-con-el-dedo-afirma-xavier-azuara-zuniga\\\/\",\"url\":\"https:\\\/\\\/canal7slp.tv\\\/2022\\\/reforma-a-la-ley-minera-es-atole-con-el-dedo-afirma-xavier-azuara-zuniga\\\/\",\"name\":\"Reforma a la Ley Minera es atole con el dedo, afirma Xavier Azuara Z\u00fa\u00f1iga. - Canal 7 SLP - 2022\",\"isPartOf\":{\"@id\":\"https:\\\/\\\/canal7slp.tv\\\/2022\\\/#website\"},\"primaryImageOfPage\":{\"@id\":\"https:\\\/\\\/canal7slp.tv\\\/2022\\\/reforma-a-la-ley-minera-es-atole-con-el-dedo-afirma-xavier-azuara-zuniga\\\/#primaryimage\"},\"image\":{\"@id\":\"https:\\\/\\\/canal7slp.tv\\\/2022\\\/reforma-a-la-ley-minera-es-atole-con-el-dedo-afirma-xavier-azuara-zuniga\\\/#primaryimage\"},\"thumbnailUrl\":\"https:\\\/\\\/canal7slp.tv\\\/2022\\\/wp-content\\\/uploads\\\/2022\\\/04\\\/Vazquez02LeyMinera.jpg\",\"datePublished\":\"2022-04-20T21:35:15+00:00\",\"breadcrumb\":{\"@id\":\"https:\\\/\\\/canal7slp.tv\\\/2022\\\/reforma-a-la-ley-minera-es-atole-con-el-dedo-afirma-xavier-azuara-zuniga\\\/#breadcrumb\"},\"inLanguage\":\"es\",\"potentialAction\":[{\"@type\":\"ReadAction\",\"target\":[\"https:\\\/\\\/canal7slp.tv\\\/2022\\\/reforma-a-la-ley-minera-es-atole-con-el-dedo-afirma-xavier-azuara-zuniga\\\/\"]}]},{\"@type\":\"ImageObject\",\"inLanguage\":\"es\",\"@id\":\"https:\\\/\\\/canal7slp.tv\\\/2022\\\/reforma-a-la-ley-minera-es-atole-con-el-dedo-afirma-xavier-azuara-zuniga\\\/#primaryimage\",\"url\":\"https:\\\/\\\/canal7slp.tv\\\/2022\\\/wp-content\\\/uploads\\\/2022\\\/04\\\/Vazquez02LeyMinera.jpg\",\"contentUrl\":\"https:\\\/\\\/canal7slp.tv\\\/2022\\\/wp-content\\\/uploads\\\/2022\\\/04\\\/Vazquez02LeyMinera.jpg\",\"width\":1280,\"height\":720},{\"@type\":\"BreadcrumbList\",\"@id\":\"https:\\\/\\\/canal7slp.tv\\\/2022\\\/reforma-a-la-ley-minera-es-atole-con-el-dedo-afirma-xavier-azuara-zuniga\\\/#breadcrumb\",\"itemListElement\":[{\"@type\":\"ListItem\",\"position\":1,\"name\":\"Portada\",\"item\":\"https:\\\/\\\/canal7slp.tv\\\/2022\\\/\"},{\"@type\":\"ListItem\",\"position\":2,\"name\":\"Reforma a la Ley Minera es atole con el dedo, afirma Xavier Azuara Z\u00fa\u00f1iga.\"}]},{\"@type\":\"WebSite\",\"@id\":\"https:\\\/\\\/canal7slp.tv\\\/2022\\\/#website\",\"url\":\"https:\\\/\\\/canal7slp.tv\\\/2022\\\/\",\"name\":\"N7 - Noticieros Canal 7\",\"description\":\"Somos Televisi\u00f3n\",\"publisher\":{\"@id\":\"https:\\\/\\\/canal7slp.tv\\\/2022\\\/#organization\"},\"potentialAction\":[{\"@type\":\"SearchAction\",\"target\":{\"@type\":\"EntryPoint\",\"urlTemplate\":\"https:\\\/\\\/canal7slp.tv\\\/2022\\\/?s={search_term_string}\"},\"query-input\":{\"@type\":\"PropertyValueSpecification\",\"valueRequired\":true,\"valueName\":\"search_term_string\"}}],\"inLanguage\":\"es\"},{\"@type\":\"Organization\",\"@id\":\"https:\\\/\\\/canal7slp.tv\\\/2022\\\/#organization\",\"name\":\"Noticieros Canal 7\",\"url\":\"https:\\\/\\\/canal7slp.tv\\\/2022\\\/\",\"logo\":{\"@type\":\"ImageObject\",\"inLanguage\":\"es\",\"@id\":\"https:\\\/\\\/canal7slp.tv\\\/2022\\\/#\\\/schema\\\/logo\\\/image\\\/\",\"url\":\"https:\\\/\\\/canal7slp.tv\\\/2022\\\/wp-content\\\/uploads\\\/2021\\\/01\\\/logo-noticieros@2x.png\",\"contentUrl\":\"https:\\\/\\\/canal7slp.tv\\\/2022\\\/wp-content\\\/uploads\\\/2021\\\/01\\\/logo-noticieros@2x.png\",\"width\":1017,\"height\":268,\"caption\":\"Noticieros Canal 7\"},\"image\":{\"@id\":\"https:\\\/\\\/canal7slp.tv\\\/2022\\\/#\\\/schema\\\/logo\\\/image\\\/\"},\"sameAs\":[\"https:\\\/\\\/www.facebook.com\\\/noticieroscanalsiete\",\"https:\\\/\\\/x.com\\\/NOTICIEROS7\",\"https:\\\/\\\/www.instagram.com\\\/canal7_slp\",\"https:\\\/\\\/www.youtube.com\\\/channel\\\/UCliiYs-gP3JfJeqdPrNdd5A\"]},{\"@type\":\"Person\",\"@id\":\"https:\\\/\\\/canal7slp.tv\\\/2022\\\/#\\\/schema\\\/person\\\/429704152a21f5f856ce29aa69a238da\",\"name\":\"Edici\u00f3n Web\",\"image\":{\"@type\":\"ImageObject\",\"inLanguage\":\"es\",\"@id\":\"https:\\\/\\\/secure.gravatar.com\\\/avatar\\\/eee448fc3f7164808013b816ba91ac7e43bbe82a70bebac296f8bc6f0addaa1a?s=96&d=mm&r=g\",\"url\":\"https:\\\/\\\/secure.gravatar.com\\\/avatar\\\/eee448fc3f7164808013b816ba91ac7e43bbe82a70bebac296f8bc6f0addaa1a?s=96&d=mm&r=g\",\"contentUrl\":\"https:\\\/\\\/secure.gravatar.com\\\/avatar\\\/eee448fc3f7164808013b816ba91ac7e43bbe82a70bebac296f8bc6f0addaa1a?s=96&d=mm&r=g\",\"caption\":\"Edici\u00f3n Web\"},\"url\":\"https:\\\/\\\/canal7slp.tv\\\/2022\\\/author\\\/edicionweb\\\/\"}]}<\/script>\n<!-- \/ Yoast SEO plugin. -->","yoast_head_json":{"title":"Reforma a la Ley Minera es atole con el dedo, afirma Xavier Azuara Z\u00fa\u00f1iga. - Canal 7 SLP - 2022","robots":{"index":"index","follow":"follow","max-snippet":"max-snippet:-1","max-image-preview":"max-image-preview:large","max-video-preview":"max-video-preview:-1"},"canonical":"https:\/\/canal7slp.tv\/2022\/reforma-a-la-ley-minera-es-atole-con-el-dedo-afirma-xavier-azuara-zuniga\/","og_locale":"es_ES","og_type":"article","og_title":"Reforma a la Ley Minera es atole con el dedo, afirma Xavier Azuara Z\u00fa\u00f1iga. - Canal 7 SLP - 2022","og_description":"Recuerda que el litio es propiedad de la naci\u00f3n y solo se busca descalificar a la oposici\u00f3n. SLP.- Tras dar marcha atr\u00e1s a la Reforma El\u00e9ctrica de Andr\u00e9s Manuel L\u00f3pez Obrador, las bancadas de Morena, PT, Partido Verde y Movimiento Ciudadano aprobaron en lo general la reforma a la Ley Minera para reconocer el litio como patrimonio de la naci\u00f3n. Al respecto, el diputado federal del Partido Acci\u00f3n Nacional, Xavier Azuara Z\u00fa\u00f1iga, critic\u00f3 el que se aprobara dicha reforma cuando por reglas y principios de la Constituci\u00f3n, ya se establece que los recursos del suelo mexicano pertenecen a la naci\u00f3n. [&hellip;]","og_url":"https:\/\/canal7slp.tv\/2022\/reforma-a-la-ley-minera-es-atole-con-el-dedo-afirma-xavier-azuara-zuniga\/","og_site_name":"Canal 7 SLP - 2022","article_publisher":"https:\/\/www.facebook.com\/noticieroscanalsiete","article_published_time":"2022-04-20T21:35:15+00:00","og_image":[{"width":1280,"height":720,"url":"https:\/\/canal7slp.tv\/2022\/wp-content\/uploads\/2022\/04\/Vazquez02LeyMinera.jpg","type":"image\/jpeg"}],"author":"Edici\u00f3n Web","twitter_card":"summary_large_image","twitter_creator":"@NOTICIEROS7","twitter_site":"@NOTICIEROS7","twitter_misc":{"Escrito por":"Edici\u00f3n Web","Tiempo de lectura":"2 minutos"},"schema":{"@context":"https:\/\/schema.org","@graph":[{"@type":"Article","@id":"https:\/\/canal7slp.tv\/2022\/reforma-a-la-ley-minera-es-atole-con-el-dedo-afirma-xavier-azuara-zuniga\/#article","isPartOf":{"@id":"https:\/\/canal7slp.tv\/2022\/reforma-a-la-ley-minera-es-atole-con-el-dedo-afirma-xavier-azuara-zuniga\/"},"author":{"name":"Edici\u00f3n Web","@id":"https:\/\/canal7slp.tv\/2022\/#\/schema\/person\/429704152a21f5f856ce29aa69a238da"},"headline":"Reforma a la Ley Minera es atole con el dedo, afirma Xavier Azuara Z\u00fa\u00f1iga.","datePublished":"2022-04-20T21:35:15+00:00","mainEntityOfPage":{"@id":"https:\/\/canal7slp.tv\/2022\/reforma-a-la-ley-minera-es-atole-con-el-dedo-afirma-xavier-azuara-zuniga\/"},"wordCount":341,"publisher":{"@id":"https:\/\/canal7slp.tv\/2022\/#organization"},"image":{"@id":"https:\/\/canal7slp.tv\/2022\/reforma-a-la-ley-minera-es-atole-con-el-dedo-afirma-xavier-azuara-zuniga\/#primaryimage"},"thumbnailUrl":"https:\/\/canal7slp.tv\/2022\/wp-content\/uploads\/2022\/04\/Vazquez02LeyMinera.jpg","articleSection":["DESTACADAS","LOCALES Y REGIONALES"],"inLanguage":"es"},{"@type":"WebPage","@id":"https:\/\/canal7slp.tv\/2022\/reforma-a-la-ley-minera-es-atole-con-el-dedo-afirma-xavier-azuara-zuniga\/","url":"https:\/\/canal7slp.tv\/2022\/reforma-a-la-ley-minera-es-atole-con-el-dedo-afirma-xavier-azuara-zuniga\/","name":"Reforma a la Ley Minera es atole con el dedo, afirma Xavier Azuara Z\u00fa\u00f1iga. - Canal 7 SLP - 2022","isPartOf":{"@id":"https:\/\/canal7slp.tv\/2022\/#website"},"primaryImageOfPage":{"@id":"https:\/\/canal7slp.tv\/2022\/reforma-a-la-ley-minera-es-atole-con-el-dedo-afirma-xavier-azuara-zuniga\/#primaryimage"},"image":{"@id":"https:\/\/canal7slp.tv\/2022\/reforma-a-la-ley-minera-es-atole-con-el-dedo-afirma-xavier-azuara-zuniga\/#primaryimage"},"thumbnailUrl":"https:\/\/canal7slp.tv\/2022\/wp-content\/uploads\/2022\/04\/Vazquez02LeyMinera.jpg","datePublished":"2022-04-20T21:35:15+00:00","breadcrumb":{"@id":"https:\/\/canal7slp.tv\/2022\/reforma-a-la-ley-minera-es-atole-con-el-dedo-afirma-xavier-azuara-zuniga\/#breadcrumb"},"inLanguage":"es","potentialAction":[{"@type":"ReadAction","target":["https:\/\/canal7slp.tv\/2022\/reforma-a-la-ley-minera-es-atole-con-el-dedo-afirma-xavier-azuara-zuniga\/"]}]},{"@type":"ImageObject","inLanguage":"es","@id":"https:\/\/canal7slp.tv\/2022\/reforma-a-la-ley-minera-es-atole-con-el-dedo-afirma-xavier-azuara-zuniga\/#primaryimage","url":"https:\/\/canal7slp.tv\/2022\/wp-content\/uploads\/2022\/04\/Vazquez02LeyMinera.jpg","contentUrl":"https:\/\/canal7slp.tv\/2022\/wp-content\/uploads\/2022\/04\/Vazquez02LeyMinera.jpg","width":1280,"height":720},{"@type":"BreadcrumbList","@id":"https:\/\/canal7slp.tv\/2022\/reforma-a-la-ley-minera-es-atole-con-el-dedo-afirma-xavier-azuara-zuniga\/#breadcrumb","itemListElement":[{"@type":"ListItem","position":1,"name":"Portada","item":"https:\/\/canal7slp.tv\/2022\/"},{"@type":"ListItem","position":2,"name":"Reforma a la Ley Minera es atole con el dedo, afirma Xavier Azuara Z\u00fa\u00f1iga."}]},{"@type":"WebSite","@id":"https:\/\/canal7slp.tv\/2022\/#website","url":"https:\/\/canal7slp.tv\/2022\/","name":"N7 - Noticieros Canal 7","description":"Somos Televisi\u00f3n","publisher":{"@id":"https:\/\/canal7slp.tv\/2022\/#organization"},"potentialAction":[{"@type":"SearchAction","target":{"@type":"EntryPoint","urlTemplate":"https:\/\/canal7slp.tv\/2022\/?s={search_term_string}"},"query-input":{"@type":"PropertyValueSpecification","valueRequired":true,"valueName":"search_term_string"}}],"inLanguage":"es"},{"@type":"Organization","@id":"https:\/\/canal7slp.tv\/2022\/#organization","name":"Noticieros Canal 7","url":"https:\/\/canal7slp.tv\/2022\/","logo":{"@type":"ImageObject","inLanguage":"es","@id":"https:\/\/canal7slp.tv\/2022\/#\/schema\/logo\/image\/","url":"https:\/\/canal7slp.tv\/2022\/wp-content\/uploads\/2021\/01\/logo-noticieros@2x.png","contentUrl":"https:\/\/canal7slp.tv\/2022\/wp-content\/uploads\/2021\/01\/logo-noticieros@2x.png","width":1017,"height":268,"caption":"Noticieros Canal 7"},"image":{"@id":"https:\/\/canal7slp.tv\/2022\/#\/schema\/logo\/image\/"},"sameAs":["https:\/\/www.facebook.com\/noticieroscanalsiete","https:\/\/x.com\/NOTICIEROS7","https:\/\/www.instagram.com\/canal7_slp","https:\/\/www.youtube.com\/channel\/UCliiYs-gP3JfJeqdPrNdd5A"]},{"@type":"Person","@id":"https:\/\/canal7slp.tv\/2022\/#\/schema\/person\/429704152a21f5f856ce29aa69a238da","name":"Edici\u00f3n Web","image":{"@type":"ImageObject","inLanguage":"es","@id":"https:\/\/secure.gravatar.com\/avatar\/eee448fc3f7164808013b816ba91ac7e43bbe82a70bebac296f8bc6f0addaa1a?s=96&d=mm&r=g","url":"https:\/\/secure.gravatar.com\/avatar\/eee448fc3f7164808013b816ba91ac7e43bbe82a70bebac296f8bc6f0addaa1a?s=96&d=mm&r=g","contentUrl":"https:\/\/secure.gravatar.com\/avatar\/eee448fc3f7164808013b816ba91ac7e43bbe82a70bebac296f8bc6f0addaa1a?s=96&d=mm&r=g","caption":"Edici\u00f3n Web"},"url":"https:\/\/canal7slp.tv\/2022\/author\/edicionweb\/"}]}},"amp_enabled":true,"_links":{"self":[{"href":"https:\/\/canal7slp.tv\/2022\/wp-json\/wp\/v2\/posts\/57864","targetHints":{"allow":["GET"]}}],"collection":[{"href":"https:\/\/canal7slp.tv\/2022\/wp-json\/wp\/v2\/posts"}],"about":[{"href":"https:\/\/canal7slp.tv\/2022\/wp-json\/wp\/v2\/types\/post"}],"author":[{"embeddable":true,"href":"https:\/\/canal7slp.tv\/2022\/wp-json\/wp\/v2\/users\/2"}],"replies":[{"embeddable":true,"href":"https:\/\/canal7slp.tv\/2022\/wp-json\/wp\/v2\/comments?post=57864"}],"version-history":[{"count":3,"href":"https:\/\/canal7slp.tv\/2022\/wp-json\/wp\/v2\/posts\/57864\/revisions"}],"predecessor-version":[{"id":57874,"href":"https:\/\/canal7slp.tv\/2022\/wp-json\/wp\/v2\/posts\/57864\/revisions\/57874"}],"wp:featuredmedia":[{"embeddable":true,"href":"https:\/\/canal7slp.tv\/2022\/wp-json\/wp\/v2\/media\/57872"}],"wp:attachment":[{"href":"https:\/\/canal7slp.tv\/2022\/wp-json\/wp\/v2\/media?parent=57864"}],"wp:term":[{"taxonomy":"category","embeddable":true,"href":"https:\/\/canal7slp.tv\/2022\/wp-json\/wp\/v2\/categories?post=57864"},{"taxonomy":"post_tag","embeddable":true,"href":"https:\/\/canal7slp.tv\/2022\/wp-json\/wp\/v2\/tags?post=57864"}],"curies":[{"name":"wp","href":"https:\/\/api.w.org\/{rel}","templated":true}]}}