{"id":57835,"date":"2022-04-20T14:11:18","date_gmt":"2022-04-20T20:11:18","guid":{"rendered":"https:\/\/canal7slp.tv\/2022\/?p=57835"},"modified":"2022-04-20T14:11:18","modified_gmt":"2022-04-20T20:11:18","slug":"marzo-el-mes-mas-violento-en-lo-que-va-del-2022","status":"publish","type":"post","link":"https:\/\/canal7slp.tv\/2022\/marzo-el-mes-mas-violento-en-lo-que-va-del-2022\/","title":{"rendered":"Marzo, el mes m\u00e1s violento en lo que va del 2022"},"content":{"rendered":"<p style=\"text-align: justify;\">M\u00e9xico.- De acuerdo con el informe del Secretariado Ejecutivo del Sistema Nacional de Seguridad P\u00fablica (SESNSP), marzo se posiciona como el mes m\u00e1s violento de lo que va del 2022.<\/p>\n<p style=\"text-align: justify;\">Durante dicho mes, se registraron 2 mil 730 v\u00edctimas de feminicidio y homicidio doloso.<\/p>\n<p style=\"text-align: justify;\">Cabe se\u00f1alar que durante febrero se reportaron 2 mil 343 personas asesinatos.<\/p>\n<p style=\"text-align: justify;\">Hasta el corte de dicho mes, el sexenio de la actual administraci\u00f3n federal suma 116 mil 105 v\u00edctimas de homicidio y feminicidio.<\/p>\n<p style=\"text-align: justify;\">Las entidades con el mayor n\u00famero de homicidios fueron:<\/p>\n<ul style=\"text-align: justify;\">\n<li>Guanajuato 289<\/li>\n<li>Michoac\u00e1n 272<\/li>\n<li>Estado de M\u00e9xico 249<\/li>\n<li>Baja California 206<\/li>\n<\/ul>\n<p style=\"text-align: justify;\">Asimismo, las entidades con mayor n\u00famero de mujeres asesinadas fueron:<\/p>\n<ul>\n<li style=\"text-align: justify;\">Estado de M\u00e9xico 19<\/li>\n<li style=\"text-align: justify;\">Morelos 7<\/li>\n<li style=\"text-align: justify;\">Nuevo Le\u00f3n 7<\/li>\n<li style=\"text-align: justify;\">Veracruz 6<\/li>\n<li style=\"text-align: justify;\">Chihuahua 5<\/li>\n<li style=\"text-align: justify;\">Ciudad de M\u00e9xico 3<\/li>\n<\/ul>\n","protected":false},"excerpt":{"rendered":"<p>M\u00e9xico.- De acuerdo con el informe del Secretariado Ejecutivo del Sistema Nacional de Seguridad P\u00fablica (SESNSP), marzo se posiciona como el mes m\u00e1s violento de lo que va del 2022. Durante dicho mes, se registraron 2 mil 730 v\u00edctimas de feminicidio y homicidio doloso. Cabe se\u00f1alar que durante febrero se reportaron 2 mil 343 personas asesinatos. Hasta el corte de dicho mes, el sexenio de la actual administraci\u00f3n federal suma 116 mil 105 v\u00edctimas de homicidio y feminicidio. Las entidades con el mayor n\u00famero de homicidios fueron: Guanajuato 289 Michoac\u00e1n 272 Estado de M\u00e9xico 249 Baja California 206 Asimismo, las [&hellip;]<\/p>\n","protected":false},"author":2,"featured_media":57845,"comment_status":"closed","ping_status":"closed","sticky":false,"template":"","format":"standard","meta":{"footnotes":""},"categories":[46],"tags":[],"class_list":["post-57835","post","type-post","status-publish","format-standard","has-post-thumbnail","hentry","category-nacional","post--single"],"yoast_head":"<!-- This site is optimized with the Yoast SEO plugin v27.4 - https:\/\/yoast.com\/product\/yoast-seo-wordpress\/ -->\n<title>Marzo, el mes m\u00e1s violento en lo que va del 2022 - Canal 7 SLP - 2022<\/title>\n<meta name=\"robots\" content=\"index, follow, max-snippet:-1, max-image-preview:large, max-video-preview:-1\" \/>\n<link rel=\"canonical\" href=\"https:\/\/canal7slp.tv\/2022\/marzo-el-mes-mas-violento-en-lo-que-va-del-2022\/\" \/>\n<meta property=\"og:locale\" content=\"es_ES\" \/>\n<meta property=\"og:type\" content=\"article\" \/>\n<meta property=\"og:title\" content=\"Marzo, el mes m\u00e1s violento en lo que va del 2022 - Canal 7 SLP - 2022\" \/>\n<meta property=\"og:description\" content=\"M\u00e9xico.- De acuerdo con el informe del Secretariado Ejecutivo del Sistema Nacional de Seguridad P\u00fablica (SESNSP), marzo se posiciona como el mes m\u00e1s violento de lo que va del 2022. Durante dicho mes, se registraron 2 mil 730 v\u00edctimas de feminicidio y homicidio doloso. Cabe se\u00f1alar que durante febrero se reportaron 2 mil 343 personas asesinatos. Hasta el corte de dicho mes, el sexenio de la actual administraci\u00f3n federal suma 116 mil 105 v\u00edctimas de homicidio y feminicidio. Las entidades con el mayor n\u00famero de homicidios fueron: Guanajuato 289 Michoac\u00e1n 272 Estado de M\u00e9xico 249 Baja California 206 Asimismo, las [&hellip;]\" \/>\n<meta property=\"og:url\" content=\"https:\/\/canal7slp.tv\/2022\/marzo-el-mes-mas-violento-en-lo-que-va-del-2022\/\" \/>\n<meta property=\"og:site_name\" content=\"Canal 7 SLP - 2022\" \/>\n<meta property=\"article:publisher\" content=\"https:\/\/www.facebook.com\/noticieroscanalsiete\" \/>\n<meta property=\"article:published_time\" content=\"2022-04-20T20:11:18+00:00\" \/>\n<meta property=\"og:image\" content=\"https:\/\/canal7slp.tv\/2022\/wp-content\/uploads\/2022\/04\/03-19.jpg\" \/>\n\t<meta property=\"og:image:width\" content=\"600\" \/>\n\t<meta property=\"og:image:height\" content=\"399\" \/>\n\t<meta property=\"og:image:type\" content=\"image\/jpeg\" \/>\n<meta name=\"author\" content=\"Edici\u00f3n Web\" \/>\n<meta name=\"twitter:card\" content=\"summary_large_image\" \/>\n<meta name=\"twitter:creator\" content=\"@NOTICIEROS7\" \/>\n<meta name=\"twitter:site\" content=\"@NOTICIEROS7\" \/>\n<meta name=\"twitter:label1\" content=\"Escrito por\" \/>\n\t<meta name=\"twitter:data1\" content=\"Edici\u00f3n Web\" \/>\n\t<meta name=\"twitter:label2\" content=\"Tiempo de lectura\" \/>\n\t<meta name=\"twitter:data2\" content=\"1 minuto\" \/>\n<script type=\"application\/ld+json\" class=\"yoast-schema-graph\">{\"@context\":\"https:\\\/\\\/schema.org\",\"@graph\":[{\"@type\":\"Article\",\"@id\":\"https:\\\/\\\/canal7slp.tv\\\/2022\\\/marzo-el-mes-mas-violento-en-lo-que-va-del-2022\\\/#article\",\"isPartOf\":{\"@id\":\"https:\\\/\\\/canal7slp.tv\\\/2022\\\/marzo-el-mes-mas-violento-en-lo-que-va-del-2022\\\/\"},\"author\":{\"name\":\"Edici\u00f3n Web\",\"@id\":\"https:\\\/\\\/canal7slp.tv\\\/2022\\\/#\\\/schema\\\/person\\\/429704152a21f5f856ce29aa69a238da\"},\"headline\":\"Marzo, el mes m\u00e1s violento en lo que va del 2022\",\"datePublished\":\"2022-04-20T20:11:18+00:00\",\"mainEntityOfPage\":{\"@id\":\"https:\\\/\\\/canal7slp.tv\\\/2022\\\/marzo-el-mes-mas-violento-en-lo-que-va-del-2022\\\/\"},\"wordCount\":134,\"publisher\":{\"@id\":\"https:\\\/\\\/canal7slp.tv\\\/2022\\\/#organization\"},\"image\":{\"@id\":\"https:\\\/\\\/canal7slp.tv\\\/2022\\\/marzo-el-mes-mas-violento-en-lo-que-va-del-2022\\\/#primaryimage\"},\"thumbnailUrl\":\"https:\\\/\\\/canal7slp.tv\\\/2022\\\/wp-content\\\/uploads\\\/2022\\\/04\\\/03-19.jpg\",\"articleSection\":[\"NACIONALES\"],\"inLanguage\":\"es\"},{\"@type\":\"WebPage\",\"@id\":\"https:\\\/\\\/canal7slp.tv\\\/2022\\\/marzo-el-mes-mas-violento-en-lo-que-va-del-2022\\\/\",\"url\":\"https:\\\/\\\/canal7slp.tv\\\/2022\\\/marzo-el-mes-mas-violento-en-lo-que-va-del-2022\\\/\",\"name\":\"Marzo, el mes m\u00e1s violento en lo que va del 2022 - Canal 7 SLP - 2022\",\"isPartOf\":{\"@id\":\"https:\\\/\\\/canal7slp.tv\\\/2022\\\/#website\"},\"primaryImageOfPage\":{\"@id\":\"https:\\\/\\\/canal7slp.tv\\\/2022\\\/marzo-el-mes-mas-violento-en-lo-que-va-del-2022\\\/#primaryimage\"},\"image\":{\"@id\":\"https:\\\/\\\/canal7slp.tv\\\/2022\\\/marzo-el-mes-mas-violento-en-lo-que-va-del-2022\\\/#primaryimage\"},\"thumbnailUrl\":\"https:\\\/\\\/canal7slp.tv\\\/2022\\\/wp-content\\\/uploads\\\/2022\\\/04\\\/03-19.jpg\",\"datePublished\":\"2022-04-20T20:11:18+00:00\",\"breadcrumb\":{\"@id\":\"https:\\\/\\\/canal7slp.tv\\\/2022\\\/marzo-el-mes-mas-violento-en-lo-que-va-del-2022\\\/#breadcrumb\"},\"inLanguage\":\"es\",\"potentialAction\":[{\"@type\":\"ReadAction\",\"target\":[\"https:\\\/\\\/canal7slp.tv\\\/2022\\\/marzo-el-mes-mas-violento-en-lo-que-va-del-2022\\\/\"]}]},{\"@type\":\"ImageObject\",\"inLanguage\":\"es\",\"@id\":\"https:\\\/\\\/canal7slp.tv\\\/2022\\\/marzo-el-mes-mas-violento-en-lo-que-va-del-2022\\\/#primaryimage\",\"url\":\"https:\\\/\\\/canal7slp.tv\\\/2022\\\/wp-content\\\/uploads\\\/2022\\\/04\\\/03-19.jpg\",\"contentUrl\":\"https:\\\/\\\/canal7slp.tv\\\/2022\\\/wp-content\\\/uploads\\\/2022\\\/04\\\/03-19.jpg\",\"width\":600,\"height\":399},{\"@type\":\"BreadcrumbList\",\"@id\":\"https:\\\/\\\/canal7slp.tv\\\/2022\\\/marzo-el-mes-mas-violento-en-lo-que-va-del-2022\\\/#breadcrumb\",\"itemListElement\":[{\"@type\":\"ListItem\",\"position\":1,\"name\":\"Portada\",\"item\":\"https:\\\/\\\/canal7slp.tv\\\/2022\\\/\"},{\"@type\":\"ListItem\",\"position\":2,\"name\":\"Marzo, el mes m\u00e1s violento en lo que va del 2022\"}]},{\"@type\":\"WebSite\",\"@id\":\"https:\\\/\\\/canal7slp.tv\\\/2022\\\/#website\",\"url\":\"https:\\\/\\\/canal7slp.tv\\\/2022\\\/\",\"name\":\"N7 - Noticieros Canal 7\",\"description\":\"Somos Televisi\u00f3n\",\"publisher\":{\"@id\":\"https:\\\/\\\/canal7slp.tv\\\/2022\\\/#organization\"},\"potentialAction\":[{\"@type\":\"SearchAction\",\"target\":{\"@type\":\"EntryPoint\",\"urlTemplate\":\"https:\\\/\\\/canal7slp.tv\\\/2022\\\/?s={search_term_string}\"},\"query-input\":{\"@type\":\"PropertyValueSpecification\",\"valueRequired\":true,\"valueName\":\"search_term_string\"}}],\"inLanguage\":\"es\"},{\"@type\":\"Organization\",\"@id\":\"https:\\\/\\\/canal7slp.tv\\\/2022\\\/#organization\",\"name\":\"Noticieros Canal 7\",\"url\":\"https:\\\/\\\/canal7slp.tv\\\/2022\\\/\",\"logo\":{\"@type\":\"ImageObject\",\"inLanguage\":\"es\",\"@id\":\"https:\\\/\\\/canal7slp.tv\\\/2022\\\/#\\\/schema\\\/logo\\\/image\\\/\",\"url\":\"https:\\\/\\\/canal7slp.tv\\\/2022\\\/wp-content\\\/uploads\\\/2021\\\/01\\\/logo-noticieros@2x.png\",\"contentUrl\":\"https:\\\/\\\/canal7slp.tv\\\/2022\\\/wp-content\\\/uploads\\\/2021\\\/01\\\/logo-noticieros@2x.png\",\"width\":1017,\"height\":268,\"caption\":\"Noticieros Canal 7\"},\"image\":{\"@id\":\"https:\\\/\\\/canal7slp.tv\\\/2022\\\/#\\\/schema\\\/logo\\\/image\\\/\"},\"sameAs\":[\"https:\\\/\\\/www.facebook.com\\\/noticieroscanalsiete\",\"https:\\\/\\\/x.com\\\/NOTICIEROS7\",\"https:\\\/\\\/www.instagram.com\\\/canal7_slp\",\"https:\\\/\\\/www.youtube.com\\\/channel\\\/UCliiYs-gP3JfJeqdPrNdd5A\"]},{\"@type\":\"Person\",\"@id\":\"https:\\\/\\\/canal7slp.tv\\\/2022\\\/#\\\/schema\\\/person\\\/429704152a21f5f856ce29aa69a238da\",\"name\":\"Edici\u00f3n Web\",\"image\":{\"@type\":\"ImageObject\",\"inLanguage\":\"es\",\"@id\":\"https:\\\/\\\/secure.gravatar.com\\\/avatar\\\/eee448fc3f7164808013b816ba91ac7e43bbe82a70bebac296f8bc6f0addaa1a?s=96&d=mm&r=g\",\"url\":\"https:\\\/\\\/secure.gravatar.com\\\/avatar\\\/eee448fc3f7164808013b816ba91ac7e43bbe82a70bebac296f8bc6f0addaa1a?s=96&d=mm&r=g\",\"contentUrl\":\"https:\\\/\\\/secure.gravatar.com\\\/avatar\\\/eee448fc3f7164808013b816ba91ac7e43bbe82a70bebac296f8bc6f0addaa1a?s=96&d=mm&r=g\",\"caption\":\"Edici\u00f3n Web\"},\"url\":\"https:\\\/\\\/canal7slp.tv\\\/2022\\\/author\\\/edicionweb\\\/\"}]}<\/script>\n<!-- \/ Yoast SEO plugin. -->","yoast_head_json":{"title":"Marzo, el mes m\u00e1s violento en lo que va del 2022 - Canal 7 SLP - 2022","robots":{"index":"index","follow":"follow","max-snippet":"max-snippet:-1","max-image-preview":"max-image-preview:large","max-video-preview":"max-video-preview:-1"},"canonical":"https:\/\/canal7slp.tv\/2022\/marzo-el-mes-mas-violento-en-lo-que-va-del-2022\/","og_locale":"es_ES","og_type":"article","og_title":"Marzo, el mes m\u00e1s violento en lo que va del 2022 - Canal 7 SLP - 2022","og_description":"M\u00e9xico.- De acuerdo con el informe del Secretariado Ejecutivo del Sistema Nacional de Seguridad P\u00fablica (SESNSP), marzo se posiciona como el mes m\u00e1s violento de lo que va del 2022. Durante dicho mes, se registraron 2 mil 730 v\u00edctimas de feminicidio y homicidio doloso. Cabe se\u00f1alar que durante febrero se reportaron 2 mil 343 personas asesinatos. Hasta el corte de dicho mes, el sexenio de la actual administraci\u00f3n federal suma 116 mil 105 v\u00edctimas de homicidio y feminicidio. Las entidades con el mayor n\u00famero de homicidios fueron: Guanajuato 289 Michoac\u00e1n 272 Estado de M\u00e9xico 249 Baja California 206 Asimismo, las [&hellip;]","og_url":"https:\/\/canal7slp.tv\/2022\/marzo-el-mes-mas-violento-en-lo-que-va-del-2022\/","og_site_name":"Canal 7 SLP - 2022","article_publisher":"https:\/\/www.facebook.com\/noticieroscanalsiete","article_published_time":"2022-04-20T20:11:18+00:00","og_image":[{"width":600,"height":399,"url":"https:\/\/canal7slp.tv\/2022\/wp-content\/uploads\/2022\/04\/03-19.jpg","type":"image\/jpeg"}],"author":"Edici\u00f3n Web","twitter_card":"summary_large_image","twitter_creator":"@NOTICIEROS7","twitter_site":"@NOTICIEROS7","twitter_misc":{"Escrito por":"Edici\u00f3n Web","Tiempo de lectura":"1 minuto"},"schema":{"@context":"https:\/\/schema.org","@graph":[{"@type":"Article","@id":"https:\/\/canal7slp.tv\/2022\/marzo-el-mes-mas-violento-en-lo-que-va-del-2022\/#article","isPartOf":{"@id":"https:\/\/canal7slp.tv\/2022\/marzo-el-mes-mas-violento-en-lo-que-va-del-2022\/"},"author":{"name":"Edici\u00f3n Web","@id":"https:\/\/canal7slp.tv\/2022\/#\/schema\/person\/429704152a21f5f856ce29aa69a238da"},"headline":"Marzo, el mes m\u00e1s violento en lo que va del 2022","datePublished":"2022-04-20T20:11:18+00:00","mainEntityOfPage":{"@id":"https:\/\/canal7slp.tv\/2022\/marzo-el-mes-mas-violento-en-lo-que-va-del-2022\/"},"wordCount":134,"publisher":{"@id":"https:\/\/canal7slp.tv\/2022\/#organization"},"image":{"@id":"https:\/\/canal7slp.tv\/2022\/marzo-el-mes-mas-violento-en-lo-que-va-del-2022\/#primaryimage"},"thumbnailUrl":"https:\/\/canal7slp.tv\/2022\/wp-content\/uploads\/2022\/04\/03-19.jpg","articleSection":["NACIONALES"],"inLanguage":"es"},{"@type":"WebPage","@id":"https:\/\/canal7slp.tv\/2022\/marzo-el-mes-mas-violento-en-lo-que-va-del-2022\/","url":"https:\/\/canal7slp.tv\/2022\/marzo-el-mes-mas-violento-en-lo-que-va-del-2022\/","name":"Marzo, el mes m\u00e1s violento en lo que va del 2022 - Canal 7 SLP - 2022","isPartOf":{"@id":"https:\/\/canal7slp.tv\/2022\/#website"},"primaryImageOfPage":{"@id":"https:\/\/canal7slp.tv\/2022\/marzo-el-mes-mas-violento-en-lo-que-va-del-2022\/#primaryimage"},"image":{"@id":"https:\/\/canal7slp.tv\/2022\/marzo-el-mes-mas-violento-en-lo-que-va-del-2022\/#primaryimage"},"thumbnailUrl":"https:\/\/canal7slp.tv\/2022\/wp-content\/uploads\/2022\/04\/03-19.jpg","datePublished":"2022-04-20T20:11:18+00:00","breadcrumb":{"@id":"https:\/\/canal7slp.tv\/2022\/marzo-el-mes-mas-violento-en-lo-que-va-del-2022\/#breadcrumb"},"inLanguage":"es","potentialAction":[{"@type":"ReadAction","target":["https:\/\/canal7slp.tv\/2022\/marzo-el-mes-mas-violento-en-lo-que-va-del-2022\/"]}]},{"@type":"ImageObject","inLanguage":"es","@id":"https:\/\/canal7slp.tv\/2022\/marzo-el-mes-mas-violento-en-lo-que-va-del-2022\/#primaryimage","url":"https:\/\/canal7slp.tv\/2022\/wp-content\/uploads\/2022\/04\/03-19.jpg","contentUrl":"https:\/\/canal7slp.tv\/2022\/wp-content\/uploads\/2022\/04\/03-19.jpg","width":600,"height":399},{"@type":"BreadcrumbList","@id":"https:\/\/canal7slp.tv\/2022\/marzo-el-mes-mas-violento-en-lo-que-va-del-2022\/#breadcrumb","itemListElement":[{"@type":"ListItem","position":1,"name":"Portada","item":"https:\/\/canal7slp.tv\/2022\/"},{"@type":"ListItem","position":2,"name":"Marzo, el mes m\u00e1s violento en lo que va del 2022"}]},{"@type":"WebSite","@id":"https:\/\/canal7slp.tv\/2022\/#website","url":"https:\/\/canal7slp.tv\/2022\/","name":"N7 - Noticieros Canal 7","description":"Somos Televisi\u00f3n","publisher":{"@id":"https:\/\/canal7slp.tv\/2022\/#organization"},"potentialAction":[{"@type":"SearchAction","target":{"@type":"EntryPoint","urlTemplate":"https:\/\/canal7slp.tv\/2022\/?s={search_term_string}"},"query-input":{"@type":"PropertyValueSpecification","valueRequired":true,"valueName":"search_term_string"}}],"inLanguage":"es"},{"@type":"Organization","@id":"https:\/\/canal7slp.tv\/2022\/#organization","name":"Noticieros Canal 7","url":"https:\/\/canal7slp.tv\/2022\/","logo":{"@type":"ImageObject","inLanguage":"es","@id":"https:\/\/canal7slp.tv\/2022\/#\/schema\/logo\/image\/","url":"https:\/\/canal7slp.tv\/2022\/wp-content\/uploads\/2021\/01\/logo-noticieros@2x.png","contentUrl":"https:\/\/canal7slp.tv\/2022\/wp-content\/uploads\/2021\/01\/logo-noticieros@2x.png","width":1017,"height":268,"caption":"Noticieros Canal 7"},"image":{"@id":"https:\/\/canal7slp.tv\/2022\/#\/schema\/logo\/image\/"},"sameAs":["https:\/\/www.facebook.com\/noticieroscanalsiete","https:\/\/x.com\/NOTICIEROS7","https:\/\/www.instagram.com\/canal7_slp","https:\/\/www.youtube.com\/channel\/UCliiYs-gP3JfJeqdPrNdd5A"]},{"@type":"Person","@id":"https:\/\/canal7slp.tv\/2022\/#\/schema\/person\/429704152a21f5f856ce29aa69a238da","name":"Edici\u00f3n Web","image":{"@type":"ImageObject","inLanguage":"es","@id":"https:\/\/secure.gravatar.com\/avatar\/eee448fc3f7164808013b816ba91ac7e43bbe82a70bebac296f8bc6f0addaa1a?s=96&d=mm&r=g","url":"https:\/\/secure.gravatar.com\/avatar\/eee448fc3f7164808013b816ba91ac7e43bbe82a70bebac296f8bc6f0addaa1a?s=96&d=mm&r=g","contentUrl":"https:\/\/secure.gravatar.com\/avatar\/eee448fc3f7164808013b816ba91ac7e43bbe82a70bebac296f8bc6f0addaa1a?s=96&d=mm&r=g","caption":"Edici\u00f3n Web"},"url":"https:\/\/canal7slp.tv\/2022\/author\/edicionweb\/"}]}},"amp_enabled":true,"_links":{"self":[{"href":"https:\/\/canal7slp.tv\/2022\/wp-json\/wp\/v2\/posts\/57835","targetHints":{"allow":["GET"]}}],"collection":[{"href":"https:\/\/canal7slp.tv\/2022\/wp-json\/wp\/v2\/posts"}],"about":[{"href":"https:\/\/canal7slp.tv\/2022\/wp-json\/wp\/v2\/types\/post"}],"author":[{"embeddable":true,"href":"https:\/\/canal7slp.tv\/2022\/wp-json\/wp\/v2\/users\/2"}],"replies":[{"embeddable":true,"href":"https:\/\/canal7slp.tv\/2022\/wp-json\/wp\/v2\/comments?post=57835"}],"version-history":[{"count":2,"href":"https:\/\/canal7slp.tv\/2022\/wp-json\/wp\/v2\/posts\/57835\/revisions"}],"predecessor-version":[{"id":57850,"href":"https:\/\/canal7slp.tv\/2022\/wp-json\/wp\/v2\/posts\/57835\/revisions\/57850"}],"wp:featuredmedia":[{"embeddable":true,"href":"https:\/\/canal7slp.tv\/2022\/wp-json\/wp\/v2\/media\/57845"}],"wp:attachment":[{"href":"https:\/\/canal7slp.tv\/2022\/wp-json\/wp\/v2\/media?parent=57835"}],"wp:term":[{"taxonomy":"category","embeddable":true,"href":"https:\/\/canal7slp.tv\/2022\/wp-json\/wp\/v2\/categories?post=57835"},{"taxonomy":"post_tag","embeddable":true,"href":"https:\/\/canal7slp.tv\/2022\/wp-json\/wp\/v2\/tags?post=57835"}],"curies":[{"name":"wp","href":"https:\/\/api.w.org\/{rel}","templated":true}]}}