{"id":57831,"date":"2022-04-20T14:11:20","date_gmt":"2022-04-20T20:11:20","guid":{"rendered":"https:\/\/canal7slp.tv\/2022\/?p=57831"},"modified":"2022-04-20T14:11:20","modified_gmt":"2022-04-20T20:11:20","slug":"mexico-en-periodo-interepidemico-ops","status":"publish","type":"post","link":"https:\/\/canal7slp.tv\/2022\/mexico-en-periodo-interepidemico-ops\/","title":{"rendered":"M\u00e9xico en periodo \u201cinterepid\u00e9mico\u201d: OPS"},"content":{"rendered":"<p style=\"text-align: justify;\">Washington DC.- La Organizaci\u00f3n Panamericana de la Salud (OPS), asever\u00f3 que M\u00e9xico se encuentra en una fase denominada como \u201cInterpid\u00e9mico\u201d, esto ante los bajos niveles de contagios por COVID-19 durante las \u00faltimas semanas.<\/p>\n<p style=\"text-align: justify;\">Pese a esto, el organismo recomienda no relajar las medidas sanitarias.<\/p>\n<p style=\"text-align: justify;\">Enrique P\u00e9rez, coordinador de incidente para Covid-19 de la OPS, advirti\u00f3 que se podr\u00eda presentar una quinta ola de contagios de Coronavirus.<\/p>\n<p style=\"text-align: justify;\">\u201cEl pa\u00eds est\u00e1 en periodo interepid\u00e9mico; sin embargo se recomienda no relajar las medidas sanitarias y sociales en el pa\u00eds ya que dada la inestabilidad de la pandemia A nivel mundial, el aumento de casos qu\u00e9 hay en Norteam\u00e9rica, la posibilidad de un resurgimiento de nuevas variantes de preocupaci\u00f3n y sublinajes y el relajamiento de medidas preventivas pueden aumentar el riesgo para un repunte de los casos\u201d, coment\u00f3 el coordinador de la OPS.<\/p>\n<p style=\"text-align: justify;\">\u201cSe est\u00e1 observando una disminuci\u00f3n continua en el n\u00famero de casos activos, el d\u00eda de ayer esta cantidad de casos activos cay\u00f3 a 3 mil 868 casos que si lo comparamos con la semana anterior es una disminuci\u00f3n del 19%. Tenemos un tercer periodo consecutivo entre las 32 entidades federativas de M\u00e9xico se encuentran con un sem\u00e1foro de riesgo epid\u00e9mico de nivel color verde, seg\u00fan los criterios de la secretar\u00eda de Salud Federal\u201d, agreg\u00f3.<\/p>\n","protected":false},"excerpt":{"rendered":"<p>Washington DC.- La Organizaci\u00f3n Panamericana de la Salud (OPS), asever\u00f3 que M\u00e9xico se encuentra en una fase denominada como \u201cInterpid\u00e9mico\u201d, esto ante los bajos niveles de contagios por COVID-19 durante las \u00faltimas semanas. Pese a esto, el organismo recomienda no relajar las medidas sanitarias. Enrique P\u00e9rez, coordinador de incidente para Covid-19 de la OPS, advirti\u00f3 que se podr\u00eda presentar una quinta ola de contagios de Coronavirus. \u201cEl pa\u00eds est\u00e1 en periodo interepid\u00e9mico; sin embargo se recomienda no relajar las medidas sanitarias y sociales en el pa\u00eds ya que dada la inestabilidad de la pandemia A nivel mundial, el aumento de [&hellip;]<\/p>\n","protected":false},"author":2,"featured_media":57843,"comment_status":"closed","ping_status":"closed","sticky":false,"template":"","format":"standard","meta":{"footnotes":""},"categories":[4,46],"tags":[],"class_list":["post-57831","post","type-post","status-publish","format-standard","has-post-thumbnail","hentry","category-covid-19","category-nacional","post--single"],"yoast_head":"<!-- This site is optimized with the Yoast SEO plugin v27.4 - https:\/\/yoast.com\/product\/yoast-seo-wordpress\/ -->\n<title>M\u00e9xico en periodo \u201cinterepid\u00e9mico\u201d: OPS - Canal 7 SLP - 2022<\/title>\n<meta name=\"robots\" content=\"index, follow, max-snippet:-1, max-image-preview:large, max-video-preview:-1\" \/>\n<link rel=\"canonical\" href=\"https:\/\/canal7slp.tv\/2022\/mexico-en-periodo-interepidemico-ops\/\" \/>\n<meta property=\"og:locale\" content=\"es_ES\" \/>\n<meta property=\"og:type\" content=\"article\" \/>\n<meta property=\"og:title\" content=\"M\u00e9xico en periodo \u201cinterepid\u00e9mico\u201d: OPS - Canal 7 SLP - 2022\" \/>\n<meta property=\"og:description\" content=\"Washington DC.- La Organizaci\u00f3n Panamericana de la Salud (OPS), asever\u00f3 que M\u00e9xico se encuentra en una fase denominada como \u201cInterpid\u00e9mico\u201d, esto ante los bajos niveles de contagios por COVID-19 durante las \u00faltimas semanas. Pese a esto, el organismo recomienda no relajar las medidas sanitarias. Enrique P\u00e9rez, coordinador de incidente para Covid-19 de la OPS, advirti\u00f3 que se podr\u00eda presentar una quinta ola de contagios de Coronavirus. \u201cEl pa\u00eds est\u00e1 en periodo interepid\u00e9mico; sin embargo se recomienda no relajar las medidas sanitarias y sociales en el pa\u00eds ya que dada la inestabilidad de la pandemia A nivel mundial, el aumento de [&hellip;]\" \/>\n<meta property=\"og:url\" content=\"https:\/\/canal7slp.tv\/2022\/mexico-en-periodo-interepidemico-ops\/\" \/>\n<meta property=\"og:site_name\" content=\"Canal 7 SLP - 2022\" \/>\n<meta property=\"article:publisher\" content=\"https:\/\/www.facebook.com\/noticieroscanalsiete\" \/>\n<meta property=\"article:published_time\" content=\"2022-04-20T20:11:20+00:00\" \/>\n<meta property=\"og:image\" content=\"https:\/\/canal7slp.tv\/2022\/wp-content\/uploads\/2022\/04\/01-13.jpg\" \/>\n\t<meta property=\"og:image:width\" content=\"1320\" \/>\n\t<meta property=\"og:image:height\" content=\"743\" \/>\n\t<meta property=\"og:image:type\" content=\"image\/jpeg\" \/>\n<meta name=\"author\" content=\"Edici\u00f3n Web\" \/>\n<meta name=\"twitter:card\" content=\"summary_large_image\" \/>\n<meta name=\"twitter:creator\" content=\"@NOTICIEROS7\" \/>\n<meta name=\"twitter:site\" content=\"@NOTICIEROS7\" \/>\n<meta name=\"twitter:label1\" content=\"Escrito por\" \/>\n\t<meta name=\"twitter:data1\" content=\"Edici\u00f3n Web\" \/>\n\t<meta name=\"twitter:label2\" content=\"Tiempo de lectura\" \/>\n\t<meta name=\"twitter:data2\" content=\"1 minuto\" \/>\n<script type=\"application\/ld+json\" class=\"yoast-schema-graph\">{\"@context\":\"https:\\\/\\\/schema.org\",\"@graph\":[{\"@type\":\"Article\",\"@id\":\"https:\\\/\\\/canal7slp.tv\\\/2022\\\/mexico-en-periodo-interepidemico-ops\\\/#article\",\"isPartOf\":{\"@id\":\"https:\\\/\\\/canal7slp.tv\\\/2022\\\/mexico-en-periodo-interepidemico-ops\\\/\"},\"author\":{\"name\":\"Edici\u00f3n Web\",\"@id\":\"https:\\\/\\\/canal7slp.tv\\\/2022\\\/#\\\/schema\\\/person\\\/429704152a21f5f856ce29aa69a238da\"},\"headline\":\"M\u00e9xico en periodo \u201cinterepid\u00e9mico\u201d: OPS\",\"datePublished\":\"2022-04-20T20:11:20+00:00\",\"mainEntityOfPage\":{\"@id\":\"https:\\\/\\\/canal7slp.tv\\\/2022\\\/mexico-en-periodo-interepidemico-ops\\\/\"},\"wordCount\":236,\"publisher\":{\"@id\":\"https:\\\/\\\/canal7slp.tv\\\/2022\\\/#organization\"},\"image\":{\"@id\":\"https:\\\/\\\/canal7slp.tv\\\/2022\\\/mexico-en-periodo-interepidemico-ops\\\/#primaryimage\"},\"thumbnailUrl\":\"https:\\\/\\\/canal7slp.tv\\\/2022\\\/wp-content\\\/uploads\\\/2022\\\/04\\\/01-13.jpg\",\"articleSection\":[\"COVID-19\",\"NACIONALES\"],\"inLanguage\":\"es\"},{\"@type\":\"WebPage\",\"@id\":\"https:\\\/\\\/canal7slp.tv\\\/2022\\\/mexico-en-periodo-interepidemico-ops\\\/\",\"url\":\"https:\\\/\\\/canal7slp.tv\\\/2022\\\/mexico-en-periodo-interepidemico-ops\\\/\",\"name\":\"M\u00e9xico en periodo \u201cinterepid\u00e9mico\u201d: OPS - Canal 7 SLP - 2022\",\"isPartOf\":{\"@id\":\"https:\\\/\\\/canal7slp.tv\\\/2022\\\/#website\"},\"primaryImageOfPage\":{\"@id\":\"https:\\\/\\\/canal7slp.tv\\\/2022\\\/mexico-en-periodo-interepidemico-ops\\\/#primaryimage\"},\"image\":{\"@id\":\"https:\\\/\\\/canal7slp.tv\\\/2022\\\/mexico-en-periodo-interepidemico-ops\\\/#primaryimage\"},\"thumbnailUrl\":\"https:\\\/\\\/canal7slp.tv\\\/2022\\\/wp-content\\\/uploads\\\/2022\\\/04\\\/01-13.jpg\",\"datePublished\":\"2022-04-20T20:11:20+00:00\",\"breadcrumb\":{\"@id\":\"https:\\\/\\\/canal7slp.tv\\\/2022\\\/mexico-en-periodo-interepidemico-ops\\\/#breadcrumb\"},\"inLanguage\":\"es\",\"potentialAction\":[{\"@type\":\"ReadAction\",\"target\":[\"https:\\\/\\\/canal7slp.tv\\\/2022\\\/mexico-en-periodo-interepidemico-ops\\\/\"]}]},{\"@type\":\"ImageObject\",\"inLanguage\":\"es\",\"@id\":\"https:\\\/\\\/canal7slp.tv\\\/2022\\\/mexico-en-periodo-interepidemico-ops\\\/#primaryimage\",\"url\":\"https:\\\/\\\/canal7slp.tv\\\/2022\\\/wp-content\\\/uploads\\\/2022\\\/04\\\/01-13.jpg\",\"contentUrl\":\"https:\\\/\\\/canal7slp.tv\\\/2022\\\/wp-content\\\/uploads\\\/2022\\\/04\\\/01-13.jpg\",\"width\":1320,\"height\":743},{\"@type\":\"BreadcrumbList\",\"@id\":\"https:\\\/\\\/canal7slp.tv\\\/2022\\\/mexico-en-periodo-interepidemico-ops\\\/#breadcrumb\",\"itemListElement\":[{\"@type\":\"ListItem\",\"position\":1,\"name\":\"Portada\",\"item\":\"https:\\\/\\\/canal7slp.tv\\\/2022\\\/\"},{\"@type\":\"ListItem\",\"position\":2,\"name\":\"M\u00e9xico en periodo \u201cinterepid\u00e9mico\u201d: OPS\"}]},{\"@type\":\"WebSite\",\"@id\":\"https:\\\/\\\/canal7slp.tv\\\/2022\\\/#website\",\"url\":\"https:\\\/\\\/canal7slp.tv\\\/2022\\\/\",\"name\":\"N7 - Noticieros Canal 7\",\"description\":\"Somos Televisi\u00f3n\",\"publisher\":{\"@id\":\"https:\\\/\\\/canal7slp.tv\\\/2022\\\/#organization\"},\"potentialAction\":[{\"@type\":\"SearchAction\",\"target\":{\"@type\":\"EntryPoint\",\"urlTemplate\":\"https:\\\/\\\/canal7slp.tv\\\/2022\\\/?s={search_term_string}\"},\"query-input\":{\"@type\":\"PropertyValueSpecification\",\"valueRequired\":true,\"valueName\":\"search_term_string\"}}],\"inLanguage\":\"es\"},{\"@type\":\"Organization\",\"@id\":\"https:\\\/\\\/canal7slp.tv\\\/2022\\\/#organization\",\"name\":\"Noticieros Canal 7\",\"url\":\"https:\\\/\\\/canal7slp.tv\\\/2022\\\/\",\"logo\":{\"@type\":\"ImageObject\",\"inLanguage\":\"es\",\"@id\":\"https:\\\/\\\/canal7slp.tv\\\/2022\\\/#\\\/schema\\\/logo\\\/image\\\/\",\"url\":\"https:\\\/\\\/canal7slp.tv\\\/2022\\\/wp-content\\\/uploads\\\/2021\\\/01\\\/logo-noticieros@2x.png\",\"contentUrl\":\"https:\\\/\\\/canal7slp.tv\\\/2022\\\/wp-content\\\/uploads\\\/2021\\\/01\\\/logo-noticieros@2x.png\",\"width\":1017,\"height\":268,\"caption\":\"Noticieros Canal 7\"},\"image\":{\"@id\":\"https:\\\/\\\/canal7slp.tv\\\/2022\\\/#\\\/schema\\\/logo\\\/image\\\/\"},\"sameAs\":[\"https:\\\/\\\/www.facebook.com\\\/noticieroscanalsiete\",\"https:\\\/\\\/x.com\\\/NOTICIEROS7\",\"https:\\\/\\\/www.instagram.com\\\/canal7_slp\",\"https:\\\/\\\/www.youtube.com\\\/channel\\\/UCliiYs-gP3JfJeqdPrNdd5A\"]},{\"@type\":\"Person\",\"@id\":\"https:\\\/\\\/canal7slp.tv\\\/2022\\\/#\\\/schema\\\/person\\\/429704152a21f5f856ce29aa69a238da\",\"name\":\"Edici\u00f3n Web\",\"image\":{\"@type\":\"ImageObject\",\"inLanguage\":\"es\",\"@id\":\"https:\\\/\\\/secure.gravatar.com\\\/avatar\\\/eee448fc3f7164808013b816ba91ac7e43bbe82a70bebac296f8bc6f0addaa1a?s=96&d=mm&r=g\",\"url\":\"https:\\\/\\\/secure.gravatar.com\\\/avatar\\\/eee448fc3f7164808013b816ba91ac7e43bbe82a70bebac296f8bc6f0addaa1a?s=96&d=mm&r=g\",\"contentUrl\":\"https:\\\/\\\/secure.gravatar.com\\\/avatar\\\/eee448fc3f7164808013b816ba91ac7e43bbe82a70bebac296f8bc6f0addaa1a?s=96&d=mm&r=g\",\"caption\":\"Edici\u00f3n Web\"},\"url\":\"https:\\\/\\\/canal7slp.tv\\\/2022\\\/author\\\/edicionweb\\\/\"}]}<\/script>\n<!-- \/ Yoast SEO plugin. -->","yoast_head_json":{"title":"M\u00e9xico en periodo \u201cinterepid\u00e9mico\u201d: OPS - Canal 7 SLP - 2022","robots":{"index":"index","follow":"follow","max-snippet":"max-snippet:-1","max-image-preview":"max-image-preview:large","max-video-preview":"max-video-preview:-1"},"canonical":"https:\/\/canal7slp.tv\/2022\/mexico-en-periodo-interepidemico-ops\/","og_locale":"es_ES","og_type":"article","og_title":"M\u00e9xico en periodo \u201cinterepid\u00e9mico\u201d: OPS - Canal 7 SLP - 2022","og_description":"Washington DC.- La Organizaci\u00f3n Panamericana de la Salud (OPS), asever\u00f3 que M\u00e9xico se encuentra en una fase denominada como \u201cInterpid\u00e9mico\u201d, esto ante los bajos niveles de contagios por COVID-19 durante las \u00faltimas semanas. Pese a esto, el organismo recomienda no relajar las medidas sanitarias. Enrique P\u00e9rez, coordinador de incidente para Covid-19 de la OPS, advirti\u00f3 que se podr\u00eda presentar una quinta ola de contagios de Coronavirus. \u201cEl pa\u00eds est\u00e1 en periodo interepid\u00e9mico; sin embargo se recomienda no relajar las medidas sanitarias y sociales en el pa\u00eds ya que dada la inestabilidad de la pandemia A nivel mundial, el aumento de [&hellip;]","og_url":"https:\/\/canal7slp.tv\/2022\/mexico-en-periodo-interepidemico-ops\/","og_site_name":"Canal 7 SLP - 2022","article_publisher":"https:\/\/www.facebook.com\/noticieroscanalsiete","article_published_time":"2022-04-20T20:11:20+00:00","og_image":[{"width":1320,"height":743,"url":"https:\/\/canal7slp.tv\/2022\/wp-content\/uploads\/2022\/04\/01-13.jpg","type":"image\/jpeg"}],"author":"Edici\u00f3n Web","twitter_card":"summary_large_image","twitter_creator":"@NOTICIEROS7","twitter_site":"@NOTICIEROS7","twitter_misc":{"Escrito por":"Edici\u00f3n Web","Tiempo de lectura":"1 minuto"},"schema":{"@context":"https:\/\/schema.org","@graph":[{"@type":"Article","@id":"https:\/\/canal7slp.tv\/2022\/mexico-en-periodo-interepidemico-ops\/#article","isPartOf":{"@id":"https:\/\/canal7slp.tv\/2022\/mexico-en-periodo-interepidemico-ops\/"},"author":{"name":"Edici\u00f3n Web","@id":"https:\/\/canal7slp.tv\/2022\/#\/schema\/person\/429704152a21f5f856ce29aa69a238da"},"headline":"M\u00e9xico en periodo \u201cinterepid\u00e9mico\u201d: OPS","datePublished":"2022-04-20T20:11:20+00:00","mainEntityOfPage":{"@id":"https:\/\/canal7slp.tv\/2022\/mexico-en-periodo-interepidemico-ops\/"},"wordCount":236,"publisher":{"@id":"https:\/\/canal7slp.tv\/2022\/#organization"},"image":{"@id":"https:\/\/canal7slp.tv\/2022\/mexico-en-periodo-interepidemico-ops\/#primaryimage"},"thumbnailUrl":"https:\/\/canal7slp.tv\/2022\/wp-content\/uploads\/2022\/04\/01-13.jpg","articleSection":["COVID-19","NACIONALES"],"inLanguage":"es"},{"@type":"WebPage","@id":"https:\/\/canal7slp.tv\/2022\/mexico-en-periodo-interepidemico-ops\/","url":"https:\/\/canal7slp.tv\/2022\/mexico-en-periodo-interepidemico-ops\/","name":"M\u00e9xico en periodo \u201cinterepid\u00e9mico\u201d: OPS - Canal 7 SLP - 2022","isPartOf":{"@id":"https:\/\/canal7slp.tv\/2022\/#website"},"primaryImageOfPage":{"@id":"https:\/\/canal7slp.tv\/2022\/mexico-en-periodo-interepidemico-ops\/#primaryimage"},"image":{"@id":"https:\/\/canal7slp.tv\/2022\/mexico-en-periodo-interepidemico-ops\/#primaryimage"},"thumbnailUrl":"https:\/\/canal7slp.tv\/2022\/wp-content\/uploads\/2022\/04\/01-13.jpg","datePublished":"2022-04-20T20:11:20+00:00","breadcrumb":{"@id":"https:\/\/canal7slp.tv\/2022\/mexico-en-periodo-interepidemico-ops\/#breadcrumb"},"inLanguage":"es","potentialAction":[{"@type":"ReadAction","target":["https:\/\/canal7slp.tv\/2022\/mexico-en-periodo-interepidemico-ops\/"]}]},{"@type":"ImageObject","inLanguage":"es","@id":"https:\/\/canal7slp.tv\/2022\/mexico-en-periodo-interepidemico-ops\/#primaryimage","url":"https:\/\/canal7slp.tv\/2022\/wp-content\/uploads\/2022\/04\/01-13.jpg","contentUrl":"https:\/\/canal7slp.tv\/2022\/wp-content\/uploads\/2022\/04\/01-13.jpg","width":1320,"height":743},{"@type":"BreadcrumbList","@id":"https:\/\/canal7slp.tv\/2022\/mexico-en-periodo-interepidemico-ops\/#breadcrumb","itemListElement":[{"@type":"ListItem","position":1,"name":"Portada","item":"https:\/\/canal7slp.tv\/2022\/"},{"@type":"ListItem","position":2,"name":"M\u00e9xico en periodo \u201cinterepid\u00e9mico\u201d: OPS"}]},{"@type":"WebSite","@id":"https:\/\/canal7slp.tv\/2022\/#website","url":"https:\/\/canal7slp.tv\/2022\/","name":"N7 - Noticieros Canal 7","description":"Somos Televisi\u00f3n","publisher":{"@id":"https:\/\/canal7slp.tv\/2022\/#organization"},"potentialAction":[{"@type":"SearchAction","target":{"@type":"EntryPoint","urlTemplate":"https:\/\/canal7slp.tv\/2022\/?s={search_term_string}"},"query-input":{"@type":"PropertyValueSpecification","valueRequired":true,"valueName":"search_term_string"}}],"inLanguage":"es"},{"@type":"Organization","@id":"https:\/\/canal7slp.tv\/2022\/#organization","name":"Noticieros Canal 7","url":"https:\/\/canal7slp.tv\/2022\/","logo":{"@type":"ImageObject","inLanguage":"es","@id":"https:\/\/canal7slp.tv\/2022\/#\/schema\/logo\/image\/","url":"https:\/\/canal7slp.tv\/2022\/wp-content\/uploads\/2021\/01\/logo-noticieros@2x.png","contentUrl":"https:\/\/canal7slp.tv\/2022\/wp-content\/uploads\/2021\/01\/logo-noticieros@2x.png","width":1017,"height":268,"caption":"Noticieros Canal 7"},"image":{"@id":"https:\/\/canal7slp.tv\/2022\/#\/schema\/logo\/image\/"},"sameAs":["https:\/\/www.facebook.com\/noticieroscanalsiete","https:\/\/x.com\/NOTICIEROS7","https:\/\/www.instagram.com\/canal7_slp","https:\/\/www.youtube.com\/channel\/UCliiYs-gP3JfJeqdPrNdd5A"]},{"@type":"Person","@id":"https:\/\/canal7slp.tv\/2022\/#\/schema\/person\/429704152a21f5f856ce29aa69a238da","name":"Edici\u00f3n Web","image":{"@type":"ImageObject","inLanguage":"es","@id":"https:\/\/secure.gravatar.com\/avatar\/eee448fc3f7164808013b816ba91ac7e43bbe82a70bebac296f8bc6f0addaa1a?s=96&d=mm&r=g","url":"https:\/\/secure.gravatar.com\/avatar\/eee448fc3f7164808013b816ba91ac7e43bbe82a70bebac296f8bc6f0addaa1a?s=96&d=mm&r=g","contentUrl":"https:\/\/secure.gravatar.com\/avatar\/eee448fc3f7164808013b816ba91ac7e43bbe82a70bebac296f8bc6f0addaa1a?s=96&d=mm&r=g","caption":"Edici\u00f3n Web"},"url":"https:\/\/canal7slp.tv\/2022\/author\/edicionweb\/"}]}},"amp_enabled":true,"_links":{"self":[{"href":"https:\/\/canal7slp.tv\/2022\/wp-json\/wp\/v2\/posts\/57831","targetHints":{"allow":["GET"]}}],"collection":[{"href":"https:\/\/canal7slp.tv\/2022\/wp-json\/wp\/v2\/posts"}],"about":[{"href":"https:\/\/canal7slp.tv\/2022\/wp-json\/wp\/v2\/types\/post"}],"author":[{"embeddable":true,"href":"https:\/\/canal7slp.tv\/2022\/wp-json\/wp\/v2\/users\/2"}],"replies":[{"embeddable":true,"href":"https:\/\/canal7slp.tv\/2022\/wp-json\/wp\/v2\/comments?post=57831"}],"version-history":[{"count":2,"href":"https:\/\/canal7slp.tv\/2022\/wp-json\/wp\/v2\/posts\/57831\/revisions"}],"predecessor-version":[{"id":57849,"href":"https:\/\/canal7slp.tv\/2022\/wp-json\/wp\/v2\/posts\/57831\/revisions\/57849"}],"wp:featuredmedia":[{"embeddable":true,"href":"https:\/\/canal7slp.tv\/2022\/wp-json\/wp\/v2\/media\/57843"}],"wp:attachment":[{"href":"https:\/\/canal7slp.tv\/2022\/wp-json\/wp\/v2\/media?parent=57831"}],"wp:term":[{"taxonomy":"category","embeddable":true,"href":"https:\/\/canal7slp.tv\/2022\/wp-json\/wp\/v2\/categories?post=57831"},{"taxonomy":"post_tag","embeddable":true,"href":"https:\/\/canal7slp.tv\/2022\/wp-json\/wp\/v2\/tags?post=57831"}],"curies":[{"name":"wp","href":"https:\/\/api.w.org\/{rel}","templated":true}]}}