{"id":57829,"date":"2022-04-20T12:38:11","date_gmt":"2022-04-20T18:38:11","guid":{"rendered":"https:\/\/canal7slp.tv\/2022\/?p=57829"},"modified":"2022-04-20T12:38:11","modified_gmt":"2022-04-20T18:38:11","slug":"tras-ser-dada-de-alta-extitular-de-salud-regresa-al-penal-de-la-pila","status":"publish","type":"post","link":"https:\/\/canal7slp.tv\/2022\/tras-ser-dada-de-alta-extitular-de-salud-regresa-al-penal-de-la-pila\/","title":{"rendered":"Tras ser dada de alta, extitular de Salud regresa al penal de La Pila."},"content":{"rendered":"<p style=\"text-align: justify;\">SLP.- En entrevista, el titular de la Fiscal\u00eda General del Estado, Jos\u00e9 Luis Ru\u00edz Contreras, inform\u00f3 que esta ma\u00f1ana la exsecretaria de Salud de San Luis Potos\u00ed, M\u00f3nica N., fue regresada al centro de reinserci\u00f3n social de La Pila.<\/p>\n<p style=\"text-align: justify;\">Cabe recordar que la exfuncionaria se manten\u00eda bajo vigilancia m\u00e9dica en el Hospital del Ni\u00f1o y la Mujer, luego de presentar complicaciones de salud derivadas de haber sido intervenida quir\u00fargicamente por c\u00e1ncer de mama antes de su detenci\u00f3n.<\/p>\n<p style=\"text-align: justify;\">M\u00f3nica N., fue vinculada a proceso y se mantendr\u00e1 en prisi\u00f3n preventiva mientras se desahoga su caso; es acusada de varios delitos como el uso abusivo de la funci\u00f3n p\u00fablica, asociaci\u00f3n delictuosa y fraude por hasta 22 millones de pesos.<\/p>\n<p style=\"text-align: justify;\">De acuerdo con el diagn\u00f3stico m\u00e9dico, la doctora se encuentra bien de salud con notable mejor\u00eda, por ello fue dada de alta y reingresada al penal.<\/p>\n<p style=\"text-align: justify;\">Por: Jos\u00e9 Luis V\u00e1zquez<\/p>\n","protected":false},"excerpt":{"rendered":"<p>SLP.- En entrevista, el titular de la Fiscal\u00eda General del Estado, Jos\u00e9 Luis Ru\u00edz Contreras, inform\u00f3 que esta ma\u00f1ana la exsecretaria de Salud de San Luis Potos\u00ed, M\u00f3nica N., fue regresada al centro de reinserci\u00f3n social de La Pila. Cabe recordar que la exfuncionaria se manten\u00eda bajo vigilancia m\u00e9dica en el Hospital del Ni\u00f1o y la Mujer, luego de presentar complicaciones de salud derivadas de haber sido intervenida quir\u00fargicamente por c\u00e1ncer de mama antes de su detenci\u00f3n. M\u00f3nica N., fue vinculada a proceso y se mantendr\u00e1 en prisi\u00f3n preventiva mientras se desahoga su caso; es acusada de varios delitos como [&hellip;]<\/p>\n","protected":false},"author":2,"featured_media":0,"comment_status":"closed","ping_status":"closed","sticky":false,"template":"","format":"standard","meta":{"footnotes":""},"categories":[5,45],"tags":[],"class_list":["post-57829","post","type-post","status-publish","format-standard","hentry","category-destacadas","category-localesyregionales","post--single"],"yoast_head":"<!-- This site is optimized with the Yoast SEO plugin v27.4 - https:\/\/yoast.com\/product\/yoast-seo-wordpress\/ -->\n<title>Tras ser dada de alta, extitular de Salud regresa al penal de La Pila. - Canal 7 SLP - 2022<\/title>\n<meta name=\"robots\" content=\"index, follow, max-snippet:-1, max-image-preview:large, max-video-preview:-1\" \/>\n<link rel=\"canonical\" href=\"https:\/\/canal7slp.tv\/2022\/tras-ser-dada-de-alta-extitular-de-salud-regresa-al-penal-de-la-pila\/\" \/>\n<meta property=\"og:locale\" content=\"es_ES\" \/>\n<meta property=\"og:type\" content=\"article\" \/>\n<meta property=\"og:title\" content=\"Tras ser dada de alta, extitular de Salud regresa al penal de La Pila. - Canal 7 SLP - 2022\" \/>\n<meta property=\"og:description\" content=\"SLP.- En entrevista, el titular de la Fiscal\u00eda General del Estado, Jos\u00e9 Luis Ru\u00edz Contreras, inform\u00f3 que esta ma\u00f1ana la exsecretaria de Salud de San Luis Potos\u00ed, M\u00f3nica N., fue regresada al centro de reinserci\u00f3n social de La Pila. Cabe recordar que la exfuncionaria se manten\u00eda bajo vigilancia m\u00e9dica en el Hospital del Ni\u00f1o y la Mujer, luego de presentar complicaciones de salud derivadas de haber sido intervenida quir\u00fargicamente por c\u00e1ncer de mama antes de su detenci\u00f3n. M\u00f3nica N., fue vinculada a proceso y se mantendr\u00e1 en prisi\u00f3n preventiva mientras se desahoga su caso; es acusada de varios delitos como [&hellip;]\" \/>\n<meta property=\"og:url\" content=\"https:\/\/canal7slp.tv\/2022\/tras-ser-dada-de-alta-extitular-de-salud-regresa-al-penal-de-la-pila\/\" \/>\n<meta property=\"og:site_name\" content=\"Canal 7 SLP - 2022\" \/>\n<meta property=\"article:publisher\" content=\"https:\/\/www.facebook.com\/noticieroscanalsiete\" \/>\n<meta property=\"article:published_time\" content=\"2022-04-20T18:38:11+00:00\" \/>\n<meta property=\"og:image\" content=\"https:\/\/canal7slp.tv\/2022\/wp-content\/uploads\/2021\/09\/Pila.jpg\" \/>\n\t<meta property=\"og:image:width\" content=\"1140\" \/>\n\t<meta property=\"og:image:height\" content=\"712\" \/>\n\t<meta property=\"og:image:type\" content=\"image\/jpeg\" \/>\n<meta name=\"author\" content=\"Edici\u00f3n Web\" \/>\n<meta name=\"twitter:card\" content=\"summary_large_image\" \/>\n<meta name=\"twitter:creator\" content=\"@NOTICIEROS7\" \/>\n<meta name=\"twitter:site\" content=\"@NOTICIEROS7\" \/>\n<meta name=\"twitter:label1\" content=\"Escrito por\" \/>\n\t<meta name=\"twitter:data1\" content=\"Edici\u00f3n Web\" \/>\n\t<meta name=\"twitter:label2\" content=\"Tiempo de lectura\" \/>\n\t<meta name=\"twitter:data2\" content=\"1 minuto\" \/>\n<script type=\"application\/ld+json\" class=\"yoast-schema-graph\">{\"@context\":\"https:\\\/\\\/schema.org\",\"@graph\":[{\"@type\":\"Article\",\"@id\":\"https:\\\/\\\/canal7slp.tv\\\/2022\\\/tras-ser-dada-de-alta-extitular-de-salud-regresa-al-penal-de-la-pila\\\/#article\",\"isPartOf\":{\"@id\":\"https:\\\/\\\/canal7slp.tv\\\/2022\\\/tras-ser-dada-de-alta-extitular-de-salud-regresa-al-penal-de-la-pila\\\/\"},\"author\":{\"name\":\"Edici\u00f3n Web\",\"@id\":\"https:\\\/\\\/canal7slp.tv\\\/2022\\\/#\\\/schema\\\/person\\\/429704152a21f5f856ce29aa69a238da\"},\"headline\":\"Tras ser dada de alta, extitular de Salud regresa al penal de La Pila.\",\"datePublished\":\"2022-04-20T18:38:11+00:00\",\"mainEntityOfPage\":{\"@id\":\"https:\\\/\\\/canal7slp.tv\\\/2022\\\/tras-ser-dada-de-alta-extitular-de-salud-regresa-al-penal-de-la-pila\\\/\"},\"wordCount\":181,\"publisher\":{\"@id\":\"https:\\\/\\\/canal7slp.tv\\\/2022\\\/#organization\"},\"articleSection\":[\"DESTACADAS\",\"LOCALES Y REGIONALES\"],\"inLanguage\":\"es\"},{\"@type\":\"WebPage\",\"@id\":\"https:\\\/\\\/canal7slp.tv\\\/2022\\\/tras-ser-dada-de-alta-extitular-de-salud-regresa-al-penal-de-la-pila\\\/\",\"url\":\"https:\\\/\\\/canal7slp.tv\\\/2022\\\/tras-ser-dada-de-alta-extitular-de-salud-regresa-al-penal-de-la-pila\\\/\",\"name\":\"Tras ser dada de alta, extitular de Salud regresa al penal de La Pila. - Canal 7 SLP - 2022\",\"isPartOf\":{\"@id\":\"https:\\\/\\\/canal7slp.tv\\\/2022\\\/#website\"},\"datePublished\":\"2022-04-20T18:38:11+00:00\",\"breadcrumb\":{\"@id\":\"https:\\\/\\\/canal7slp.tv\\\/2022\\\/tras-ser-dada-de-alta-extitular-de-salud-regresa-al-penal-de-la-pila\\\/#breadcrumb\"},\"inLanguage\":\"es\",\"potentialAction\":[{\"@type\":\"ReadAction\",\"target\":[\"https:\\\/\\\/canal7slp.tv\\\/2022\\\/tras-ser-dada-de-alta-extitular-de-salud-regresa-al-penal-de-la-pila\\\/\"]}]},{\"@type\":\"BreadcrumbList\",\"@id\":\"https:\\\/\\\/canal7slp.tv\\\/2022\\\/tras-ser-dada-de-alta-extitular-de-salud-regresa-al-penal-de-la-pila\\\/#breadcrumb\",\"itemListElement\":[{\"@type\":\"ListItem\",\"position\":1,\"name\":\"Portada\",\"item\":\"https:\\\/\\\/canal7slp.tv\\\/2022\\\/\"},{\"@type\":\"ListItem\",\"position\":2,\"name\":\"Tras ser dada de alta, extitular de Salud regresa al penal de La Pila.\"}]},{\"@type\":\"WebSite\",\"@id\":\"https:\\\/\\\/canal7slp.tv\\\/2022\\\/#website\",\"url\":\"https:\\\/\\\/canal7slp.tv\\\/2022\\\/\",\"name\":\"N7 - Noticieros Canal 7\",\"description\":\"Somos Televisi\u00f3n\",\"publisher\":{\"@id\":\"https:\\\/\\\/canal7slp.tv\\\/2022\\\/#organization\"},\"potentialAction\":[{\"@type\":\"SearchAction\",\"target\":{\"@type\":\"EntryPoint\",\"urlTemplate\":\"https:\\\/\\\/canal7slp.tv\\\/2022\\\/?s={search_term_string}\"},\"query-input\":{\"@type\":\"PropertyValueSpecification\",\"valueRequired\":true,\"valueName\":\"search_term_string\"}}],\"inLanguage\":\"es\"},{\"@type\":\"Organization\",\"@id\":\"https:\\\/\\\/canal7slp.tv\\\/2022\\\/#organization\",\"name\":\"Noticieros Canal 7\",\"url\":\"https:\\\/\\\/canal7slp.tv\\\/2022\\\/\",\"logo\":{\"@type\":\"ImageObject\",\"inLanguage\":\"es\",\"@id\":\"https:\\\/\\\/canal7slp.tv\\\/2022\\\/#\\\/schema\\\/logo\\\/image\\\/\",\"url\":\"https:\\\/\\\/canal7slp.tv\\\/2022\\\/wp-content\\\/uploads\\\/2021\\\/01\\\/logo-noticieros@2x.png\",\"contentUrl\":\"https:\\\/\\\/canal7slp.tv\\\/2022\\\/wp-content\\\/uploads\\\/2021\\\/01\\\/logo-noticieros@2x.png\",\"width\":1017,\"height\":268,\"caption\":\"Noticieros Canal 7\"},\"image\":{\"@id\":\"https:\\\/\\\/canal7slp.tv\\\/2022\\\/#\\\/schema\\\/logo\\\/image\\\/\"},\"sameAs\":[\"https:\\\/\\\/www.facebook.com\\\/noticieroscanalsiete\",\"https:\\\/\\\/x.com\\\/NOTICIEROS7\",\"https:\\\/\\\/www.instagram.com\\\/canal7_slp\",\"https:\\\/\\\/www.youtube.com\\\/channel\\\/UCliiYs-gP3JfJeqdPrNdd5A\"]},{\"@type\":\"Person\",\"@id\":\"https:\\\/\\\/canal7slp.tv\\\/2022\\\/#\\\/schema\\\/person\\\/429704152a21f5f856ce29aa69a238da\",\"name\":\"Edici\u00f3n Web\",\"image\":{\"@type\":\"ImageObject\",\"inLanguage\":\"es\",\"@id\":\"https:\\\/\\\/secure.gravatar.com\\\/avatar\\\/eee448fc3f7164808013b816ba91ac7e43bbe82a70bebac296f8bc6f0addaa1a?s=96&d=mm&r=g\",\"url\":\"https:\\\/\\\/secure.gravatar.com\\\/avatar\\\/eee448fc3f7164808013b816ba91ac7e43bbe82a70bebac296f8bc6f0addaa1a?s=96&d=mm&r=g\",\"contentUrl\":\"https:\\\/\\\/secure.gravatar.com\\\/avatar\\\/eee448fc3f7164808013b816ba91ac7e43bbe82a70bebac296f8bc6f0addaa1a?s=96&d=mm&r=g\",\"caption\":\"Edici\u00f3n Web\"},\"url\":\"https:\\\/\\\/canal7slp.tv\\\/2022\\\/author\\\/edicionweb\\\/\"}]}<\/script>\n<!-- \/ Yoast SEO plugin. -->","yoast_head_json":{"title":"Tras ser dada de alta, extitular de Salud regresa al penal de La Pila. - Canal 7 SLP - 2022","robots":{"index":"index","follow":"follow","max-snippet":"max-snippet:-1","max-image-preview":"max-image-preview:large","max-video-preview":"max-video-preview:-1"},"canonical":"https:\/\/canal7slp.tv\/2022\/tras-ser-dada-de-alta-extitular-de-salud-regresa-al-penal-de-la-pila\/","og_locale":"es_ES","og_type":"article","og_title":"Tras ser dada de alta, extitular de Salud regresa al penal de La Pila. - Canal 7 SLP - 2022","og_description":"SLP.- En entrevista, el titular de la Fiscal\u00eda General del Estado, Jos\u00e9 Luis Ru\u00edz Contreras, inform\u00f3 que esta ma\u00f1ana la exsecretaria de Salud de San Luis Potos\u00ed, M\u00f3nica N., fue regresada al centro de reinserci\u00f3n social de La Pila. Cabe recordar que la exfuncionaria se manten\u00eda bajo vigilancia m\u00e9dica en el Hospital del Ni\u00f1o y la Mujer, luego de presentar complicaciones de salud derivadas de haber sido intervenida quir\u00fargicamente por c\u00e1ncer de mama antes de su detenci\u00f3n. M\u00f3nica N., fue vinculada a proceso y se mantendr\u00e1 en prisi\u00f3n preventiva mientras se desahoga su caso; es acusada de varios delitos como [&hellip;]","og_url":"https:\/\/canal7slp.tv\/2022\/tras-ser-dada-de-alta-extitular-de-salud-regresa-al-penal-de-la-pila\/","og_site_name":"Canal 7 SLP - 2022","article_publisher":"https:\/\/www.facebook.com\/noticieroscanalsiete","article_published_time":"2022-04-20T18:38:11+00:00","og_image":[{"width":1140,"height":712,"url":"https:\/\/canal7slp.tv\/2022\/wp-content\/uploads\/2021\/09\/Pila.jpg","type":"image\/jpeg"}],"author":"Edici\u00f3n Web","twitter_card":"summary_large_image","twitter_creator":"@NOTICIEROS7","twitter_site":"@NOTICIEROS7","twitter_misc":{"Escrito por":"Edici\u00f3n Web","Tiempo de lectura":"1 minuto"},"schema":{"@context":"https:\/\/schema.org","@graph":[{"@type":"Article","@id":"https:\/\/canal7slp.tv\/2022\/tras-ser-dada-de-alta-extitular-de-salud-regresa-al-penal-de-la-pila\/#article","isPartOf":{"@id":"https:\/\/canal7slp.tv\/2022\/tras-ser-dada-de-alta-extitular-de-salud-regresa-al-penal-de-la-pila\/"},"author":{"name":"Edici\u00f3n Web","@id":"https:\/\/canal7slp.tv\/2022\/#\/schema\/person\/429704152a21f5f856ce29aa69a238da"},"headline":"Tras ser dada de alta, extitular de Salud regresa al penal de La Pila.","datePublished":"2022-04-20T18:38:11+00:00","mainEntityOfPage":{"@id":"https:\/\/canal7slp.tv\/2022\/tras-ser-dada-de-alta-extitular-de-salud-regresa-al-penal-de-la-pila\/"},"wordCount":181,"publisher":{"@id":"https:\/\/canal7slp.tv\/2022\/#organization"},"articleSection":["DESTACADAS","LOCALES Y REGIONALES"],"inLanguage":"es"},{"@type":"WebPage","@id":"https:\/\/canal7slp.tv\/2022\/tras-ser-dada-de-alta-extitular-de-salud-regresa-al-penal-de-la-pila\/","url":"https:\/\/canal7slp.tv\/2022\/tras-ser-dada-de-alta-extitular-de-salud-regresa-al-penal-de-la-pila\/","name":"Tras ser dada de alta, extitular de Salud regresa al penal de La Pila. - Canal 7 SLP - 2022","isPartOf":{"@id":"https:\/\/canal7slp.tv\/2022\/#website"},"datePublished":"2022-04-20T18:38:11+00:00","breadcrumb":{"@id":"https:\/\/canal7slp.tv\/2022\/tras-ser-dada-de-alta-extitular-de-salud-regresa-al-penal-de-la-pila\/#breadcrumb"},"inLanguage":"es","potentialAction":[{"@type":"ReadAction","target":["https:\/\/canal7slp.tv\/2022\/tras-ser-dada-de-alta-extitular-de-salud-regresa-al-penal-de-la-pila\/"]}]},{"@type":"BreadcrumbList","@id":"https:\/\/canal7slp.tv\/2022\/tras-ser-dada-de-alta-extitular-de-salud-regresa-al-penal-de-la-pila\/#breadcrumb","itemListElement":[{"@type":"ListItem","position":1,"name":"Portada","item":"https:\/\/canal7slp.tv\/2022\/"},{"@type":"ListItem","position":2,"name":"Tras ser dada de alta, extitular de Salud regresa al penal de La Pila."}]},{"@type":"WebSite","@id":"https:\/\/canal7slp.tv\/2022\/#website","url":"https:\/\/canal7slp.tv\/2022\/","name":"N7 - Noticieros Canal 7","description":"Somos Televisi\u00f3n","publisher":{"@id":"https:\/\/canal7slp.tv\/2022\/#organization"},"potentialAction":[{"@type":"SearchAction","target":{"@type":"EntryPoint","urlTemplate":"https:\/\/canal7slp.tv\/2022\/?s={search_term_string}"},"query-input":{"@type":"PropertyValueSpecification","valueRequired":true,"valueName":"search_term_string"}}],"inLanguage":"es"},{"@type":"Organization","@id":"https:\/\/canal7slp.tv\/2022\/#organization","name":"Noticieros Canal 7","url":"https:\/\/canal7slp.tv\/2022\/","logo":{"@type":"ImageObject","inLanguage":"es","@id":"https:\/\/canal7slp.tv\/2022\/#\/schema\/logo\/image\/","url":"https:\/\/canal7slp.tv\/2022\/wp-content\/uploads\/2021\/01\/logo-noticieros@2x.png","contentUrl":"https:\/\/canal7slp.tv\/2022\/wp-content\/uploads\/2021\/01\/logo-noticieros@2x.png","width":1017,"height":268,"caption":"Noticieros Canal 7"},"image":{"@id":"https:\/\/canal7slp.tv\/2022\/#\/schema\/logo\/image\/"},"sameAs":["https:\/\/www.facebook.com\/noticieroscanalsiete","https:\/\/x.com\/NOTICIEROS7","https:\/\/www.instagram.com\/canal7_slp","https:\/\/www.youtube.com\/channel\/UCliiYs-gP3JfJeqdPrNdd5A"]},{"@type":"Person","@id":"https:\/\/canal7slp.tv\/2022\/#\/schema\/person\/429704152a21f5f856ce29aa69a238da","name":"Edici\u00f3n Web","image":{"@type":"ImageObject","inLanguage":"es","@id":"https:\/\/secure.gravatar.com\/avatar\/eee448fc3f7164808013b816ba91ac7e43bbe82a70bebac296f8bc6f0addaa1a?s=96&d=mm&r=g","url":"https:\/\/secure.gravatar.com\/avatar\/eee448fc3f7164808013b816ba91ac7e43bbe82a70bebac296f8bc6f0addaa1a?s=96&d=mm&r=g","contentUrl":"https:\/\/secure.gravatar.com\/avatar\/eee448fc3f7164808013b816ba91ac7e43bbe82a70bebac296f8bc6f0addaa1a?s=96&d=mm&r=g","caption":"Edici\u00f3n Web"},"url":"https:\/\/canal7slp.tv\/2022\/author\/edicionweb\/"}]}},"amp_enabled":true,"_links":{"self":[{"href":"https:\/\/canal7slp.tv\/2022\/wp-json\/wp\/v2\/posts\/57829","targetHints":{"allow":["GET"]}}],"collection":[{"href":"https:\/\/canal7slp.tv\/2022\/wp-json\/wp\/v2\/posts"}],"about":[{"href":"https:\/\/canal7slp.tv\/2022\/wp-json\/wp\/v2\/types\/post"}],"author":[{"embeddable":true,"href":"https:\/\/canal7slp.tv\/2022\/wp-json\/wp\/v2\/users\/2"}],"replies":[{"embeddable":true,"href":"https:\/\/canal7slp.tv\/2022\/wp-json\/wp\/v2\/comments?post=57829"}],"version-history":[{"count":1,"href":"https:\/\/canal7slp.tv\/2022\/wp-json\/wp\/v2\/posts\/57829\/revisions"}],"predecessor-version":[{"id":57830,"href":"https:\/\/canal7slp.tv\/2022\/wp-json\/wp\/v2\/posts\/57829\/revisions\/57830"}],"wp:attachment":[{"href":"https:\/\/canal7slp.tv\/2022\/wp-json\/wp\/v2\/media?parent=57829"}],"wp:term":[{"taxonomy":"category","embeddable":true,"href":"https:\/\/canal7slp.tv\/2022\/wp-json\/wp\/v2\/categories?post=57829"},{"taxonomy":"post_tag","embeddable":true,"href":"https:\/\/canal7slp.tv\/2022\/wp-json\/wp\/v2\/tags?post=57829"}],"curies":[{"name":"wp","href":"https:\/\/api.w.org\/{rel}","templated":true}]}}