{"id":57820,"date":"2022-04-20T12:36:17","date_gmt":"2022-04-20T18:36:17","guid":{"rendered":"https:\/\/canal7slp.tv\/2022\/?p=57820"},"modified":"2022-04-20T12:36:17","modified_gmt":"2022-04-20T18:36:17","slug":"cordero-y-su-proyecto-social-primero-por-san-luis","status":"publish","type":"post","link":"https:\/\/canal7slp.tv\/2022\/cordero-y-su-proyecto-social-primero-por-san-luis\/","title":{"rendered":"Cordero y su proyecto social \u201cPrimero por San Luis\u201d."},"content":{"rendered":"<p style=\"text-align: justify;\">SLP.- Para el piloto potosino Ricardo Cordero tiene la firme intenci\u00f3n de tratar de apoyar causas sociales mediante el deporte, pro vida y\/o pro ayuda en San Luis, es por ello que el piloto rallista dio a conocer, su proyecto de labor social \u201cPrimero Por San Luis\u201d, dicha iniciativa consistir\u00e1 en apoyar casusas sociales en San Luis Potos\u00ed, apoyando a instituciones ben\u00e9ficas y a organizaciones sin fines de lucro, esto mediante cada triunfo que pueda obtener el potosino; es decir, cada vez que Cordero se levante con el primer lugar en las distintas competencias que se llevar\u00e1n a cabo en el transcurso del a\u00f1o, se destinar\u00eda un apoyo econ\u00f3mico o en especie seg\u00fan sea el caso a cada una de las diferentes instituciones qu\u00e9 hay en el estado.<\/p>\n<p style=\"text-align: justify;\">El proyecto consta de varias etapas, no solo de la donaci\u00f3n, Cordero estar\u00e1 impartiendo conferencias empresariales y motivacionales seg\u00fan sea el caso y asistiendo personalmente a fundaciones e interactuando con las personas que as\u00ed lo requieran, para finalizar el potosino fue enf\u00e1tico al mencionar que est\u00e1 abierto a recibir propuestas en sus medios de contacto con la intenci\u00f3n de abrir el panorama y tratar de llevar el apoyo a quien lo necesite.<\/p>\n","protected":false},"excerpt":{"rendered":"<p>SLP.- Para el piloto potosino Ricardo Cordero tiene la firme intenci\u00f3n de tratar de apoyar causas sociales mediante el deporte, pro vida y\/o pro ayuda en San Luis, es por ello que el piloto rallista dio a conocer, su proyecto de labor social \u201cPrimero Por San Luis\u201d, dicha iniciativa consistir\u00e1 en apoyar casusas sociales en San Luis Potos\u00ed, apoyando a instituciones ben\u00e9ficas y a organizaciones sin fines de lucro, esto mediante cada triunfo que pueda obtener el potosino; es decir, cada vez que Cordero se levante con el primer lugar en las distintas competencias que se llevar\u00e1n a cabo en [&hellip;]<\/p>\n","protected":false},"author":2,"featured_media":57828,"comment_status":"closed","ping_status":"closed","sticky":false,"template":"","format":"video","meta":{"footnotes":""},"categories":[7,5],"tags":[],"class_list":["post-57820","post","type-post","status-publish","format-video","has-post-thumbnail","hentry","category-deportes","category-destacadas","post_format-post-format-video","post--single"],"yoast_head":"<!-- This site is optimized with the Yoast SEO plugin v27.4 - https:\/\/yoast.com\/product\/yoast-seo-wordpress\/ -->\n<title>Cordero y su proyecto social \u201cPrimero por San Luis\u201d. - Canal 7 SLP - 2022<\/title>\n<meta name=\"robots\" content=\"index, follow, max-snippet:-1, max-image-preview:large, max-video-preview:-1\" \/>\n<link rel=\"canonical\" href=\"https:\/\/canal7slp.tv\/2022\/cordero-y-su-proyecto-social-primero-por-san-luis\/\" \/>\n<meta property=\"og:locale\" content=\"es_ES\" \/>\n<meta property=\"og:type\" content=\"article\" \/>\n<meta property=\"og:title\" content=\"Cordero y su proyecto social \u201cPrimero por San Luis\u201d. - Canal 7 SLP - 2022\" \/>\n<meta property=\"og:description\" content=\"SLP.- Para el piloto potosino Ricardo Cordero tiene la firme intenci\u00f3n de tratar de apoyar causas sociales mediante el deporte, pro vida y\/o pro ayuda en San Luis, es por ello que el piloto rallista dio a conocer, su proyecto de labor social \u201cPrimero Por San Luis\u201d, dicha iniciativa consistir\u00e1 en apoyar casusas sociales en San Luis Potos\u00ed, apoyando a instituciones ben\u00e9ficas y a organizaciones sin fines de lucro, esto mediante cada triunfo que pueda obtener el potosino; es decir, cada vez que Cordero se levante con el primer lugar en las distintas competencias que se llevar\u00e1n a cabo en [&hellip;]\" \/>\n<meta property=\"og:url\" content=\"https:\/\/canal7slp.tv\/2022\/cordero-y-su-proyecto-social-primero-por-san-luis\/\" \/>\n<meta property=\"og:site_name\" content=\"Canal 7 SLP - 2022\" \/>\n<meta property=\"article:publisher\" content=\"https:\/\/www.facebook.com\/noticieroscanalsiete\" \/>\n<meta property=\"article:published_time\" content=\"2022-04-20T18:36:17+00:00\" \/>\n<meta property=\"og:image\" content=\"https:\/\/canal7slp.tv\/2022\/wp-content\/uploads\/2022\/04\/Froi03PorSanLuis.jpg\" \/>\n\t<meta property=\"og:image:width\" content=\"888\" \/>\n\t<meta property=\"og:image:height\" content=\"500\" \/>\n\t<meta property=\"og:image:type\" content=\"image\/jpeg\" \/>\n<meta name=\"author\" content=\"Edici\u00f3n Web\" \/>\n<meta name=\"twitter:card\" content=\"summary_large_image\" \/>\n<meta name=\"twitter:creator\" content=\"@NOTICIEROS7\" \/>\n<meta name=\"twitter:site\" content=\"@NOTICIEROS7\" \/>\n<meta name=\"twitter:label1\" content=\"Escrito por\" \/>\n\t<meta name=\"twitter:data1\" content=\"Edici\u00f3n Web\" \/>\n\t<meta name=\"twitter:label2\" content=\"Tiempo de lectura\" \/>\n\t<meta name=\"twitter:data2\" content=\"1 minuto\" \/>\n<script type=\"application\/ld+json\" class=\"yoast-schema-graph\">{\"@context\":\"https:\\\/\\\/schema.org\",\"@graph\":[{\"@type\":\"Article\",\"@id\":\"https:\\\/\\\/canal7slp.tv\\\/2022\\\/cordero-y-su-proyecto-social-primero-por-san-luis\\\/#article\",\"isPartOf\":{\"@id\":\"https:\\\/\\\/canal7slp.tv\\\/2022\\\/cordero-y-su-proyecto-social-primero-por-san-luis\\\/\"},\"author\":{\"name\":\"Edici\u00f3n Web\",\"@id\":\"https:\\\/\\\/canal7slp.tv\\\/2022\\\/#\\\/schema\\\/person\\\/429704152a21f5f856ce29aa69a238da\"},\"headline\":\"Cordero y su proyecto social \u201cPrimero por San Luis\u201d.\",\"datePublished\":\"2022-04-20T18:36:17+00:00\",\"mainEntityOfPage\":{\"@id\":\"https:\\\/\\\/canal7slp.tv\\\/2022\\\/cordero-y-su-proyecto-social-primero-por-san-luis\\\/\"},\"wordCount\":222,\"publisher\":{\"@id\":\"https:\\\/\\\/canal7slp.tv\\\/2022\\\/#organization\"},\"image\":{\"@id\":\"https:\\\/\\\/canal7slp.tv\\\/2022\\\/cordero-y-su-proyecto-social-primero-por-san-luis\\\/#primaryimage\"},\"thumbnailUrl\":\"https:\\\/\\\/canal7slp.tv\\\/2022\\\/wp-content\\\/uploads\\\/2022\\\/04\\\/Froi03PorSanLuis.jpg\",\"articleSection\":[\"DEPORTES\",\"DESTACADAS\"],\"inLanguage\":\"es\"},{\"@type\":\"WebPage\",\"@id\":\"https:\\\/\\\/canal7slp.tv\\\/2022\\\/cordero-y-su-proyecto-social-primero-por-san-luis\\\/\",\"url\":\"https:\\\/\\\/canal7slp.tv\\\/2022\\\/cordero-y-su-proyecto-social-primero-por-san-luis\\\/\",\"name\":\"Cordero y su proyecto social \u201cPrimero por San Luis\u201d. - Canal 7 SLP - 2022\",\"isPartOf\":{\"@id\":\"https:\\\/\\\/canal7slp.tv\\\/2022\\\/#website\"},\"primaryImageOfPage\":{\"@id\":\"https:\\\/\\\/canal7slp.tv\\\/2022\\\/cordero-y-su-proyecto-social-primero-por-san-luis\\\/#primaryimage\"},\"image\":{\"@id\":\"https:\\\/\\\/canal7slp.tv\\\/2022\\\/cordero-y-su-proyecto-social-primero-por-san-luis\\\/#primaryimage\"},\"thumbnailUrl\":\"https:\\\/\\\/canal7slp.tv\\\/2022\\\/wp-content\\\/uploads\\\/2022\\\/04\\\/Froi03PorSanLuis.jpg\",\"datePublished\":\"2022-04-20T18:36:17+00:00\",\"breadcrumb\":{\"@id\":\"https:\\\/\\\/canal7slp.tv\\\/2022\\\/cordero-y-su-proyecto-social-primero-por-san-luis\\\/#breadcrumb\"},\"inLanguage\":\"es\",\"potentialAction\":[{\"@type\":\"ReadAction\",\"target\":[\"https:\\\/\\\/canal7slp.tv\\\/2022\\\/cordero-y-su-proyecto-social-primero-por-san-luis\\\/\"]}]},{\"@type\":\"ImageObject\",\"inLanguage\":\"es\",\"@id\":\"https:\\\/\\\/canal7slp.tv\\\/2022\\\/cordero-y-su-proyecto-social-primero-por-san-luis\\\/#primaryimage\",\"url\":\"https:\\\/\\\/canal7slp.tv\\\/2022\\\/wp-content\\\/uploads\\\/2022\\\/04\\\/Froi03PorSanLuis.jpg\",\"contentUrl\":\"https:\\\/\\\/canal7slp.tv\\\/2022\\\/wp-content\\\/uploads\\\/2022\\\/04\\\/Froi03PorSanLuis.jpg\",\"width\":888,\"height\":500},{\"@type\":\"BreadcrumbList\",\"@id\":\"https:\\\/\\\/canal7slp.tv\\\/2022\\\/cordero-y-su-proyecto-social-primero-por-san-luis\\\/#breadcrumb\",\"itemListElement\":[{\"@type\":\"ListItem\",\"position\":1,\"name\":\"Portada\",\"item\":\"https:\\\/\\\/canal7slp.tv\\\/2022\\\/\"},{\"@type\":\"ListItem\",\"position\":2,\"name\":\"Cordero y su proyecto social \u201cPrimero por San Luis\u201d.\"}]},{\"@type\":\"WebSite\",\"@id\":\"https:\\\/\\\/canal7slp.tv\\\/2022\\\/#website\",\"url\":\"https:\\\/\\\/canal7slp.tv\\\/2022\\\/\",\"name\":\"N7 - Noticieros Canal 7\",\"description\":\"Somos Televisi\u00f3n\",\"publisher\":{\"@id\":\"https:\\\/\\\/canal7slp.tv\\\/2022\\\/#organization\"},\"potentialAction\":[{\"@type\":\"SearchAction\",\"target\":{\"@type\":\"EntryPoint\",\"urlTemplate\":\"https:\\\/\\\/canal7slp.tv\\\/2022\\\/?s={search_term_string}\"},\"query-input\":{\"@type\":\"PropertyValueSpecification\",\"valueRequired\":true,\"valueName\":\"search_term_string\"}}],\"inLanguage\":\"es\"},{\"@type\":\"Organization\",\"@id\":\"https:\\\/\\\/canal7slp.tv\\\/2022\\\/#organization\",\"name\":\"Noticieros Canal 7\",\"url\":\"https:\\\/\\\/canal7slp.tv\\\/2022\\\/\",\"logo\":{\"@type\":\"ImageObject\",\"inLanguage\":\"es\",\"@id\":\"https:\\\/\\\/canal7slp.tv\\\/2022\\\/#\\\/schema\\\/logo\\\/image\\\/\",\"url\":\"https:\\\/\\\/canal7slp.tv\\\/2022\\\/wp-content\\\/uploads\\\/2021\\\/01\\\/logo-noticieros@2x.png\",\"contentUrl\":\"https:\\\/\\\/canal7slp.tv\\\/2022\\\/wp-content\\\/uploads\\\/2021\\\/01\\\/logo-noticieros@2x.png\",\"width\":1017,\"height\":268,\"caption\":\"Noticieros Canal 7\"},\"image\":{\"@id\":\"https:\\\/\\\/canal7slp.tv\\\/2022\\\/#\\\/schema\\\/logo\\\/image\\\/\"},\"sameAs\":[\"https:\\\/\\\/www.facebook.com\\\/noticieroscanalsiete\",\"https:\\\/\\\/x.com\\\/NOTICIEROS7\",\"https:\\\/\\\/www.instagram.com\\\/canal7_slp\",\"https:\\\/\\\/www.youtube.com\\\/channel\\\/UCliiYs-gP3JfJeqdPrNdd5A\"]},{\"@type\":\"Person\",\"@id\":\"https:\\\/\\\/canal7slp.tv\\\/2022\\\/#\\\/schema\\\/person\\\/429704152a21f5f856ce29aa69a238da\",\"name\":\"Edici\u00f3n Web\",\"image\":{\"@type\":\"ImageObject\",\"inLanguage\":\"es\",\"@id\":\"https:\\\/\\\/secure.gravatar.com\\\/avatar\\\/eee448fc3f7164808013b816ba91ac7e43bbe82a70bebac296f8bc6f0addaa1a?s=96&d=mm&r=g\",\"url\":\"https:\\\/\\\/secure.gravatar.com\\\/avatar\\\/eee448fc3f7164808013b816ba91ac7e43bbe82a70bebac296f8bc6f0addaa1a?s=96&d=mm&r=g\",\"contentUrl\":\"https:\\\/\\\/secure.gravatar.com\\\/avatar\\\/eee448fc3f7164808013b816ba91ac7e43bbe82a70bebac296f8bc6f0addaa1a?s=96&d=mm&r=g\",\"caption\":\"Edici\u00f3n Web\"},\"url\":\"https:\\\/\\\/canal7slp.tv\\\/2022\\\/author\\\/edicionweb\\\/\"}]}<\/script>\n<!-- \/ Yoast SEO plugin. -->","yoast_head_json":{"title":"Cordero y su proyecto social \u201cPrimero por San Luis\u201d. - Canal 7 SLP - 2022","robots":{"index":"index","follow":"follow","max-snippet":"max-snippet:-1","max-image-preview":"max-image-preview:large","max-video-preview":"max-video-preview:-1"},"canonical":"https:\/\/canal7slp.tv\/2022\/cordero-y-su-proyecto-social-primero-por-san-luis\/","og_locale":"es_ES","og_type":"article","og_title":"Cordero y su proyecto social \u201cPrimero por San Luis\u201d. - Canal 7 SLP - 2022","og_description":"SLP.- Para el piloto potosino Ricardo Cordero tiene la firme intenci\u00f3n de tratar de apoyar causas sociales mediante el deporte, pro vida y\/o pro ayuda en San Luis, es por ello que el piloto rallista dio a conocer, su proyecto de labor social \u201cPrimero Por San Luis\u201d, dicha iniciativa consistir\u00e1 en apoyar casusas sociales en San Luis Potos\u00ed, apoyando a instituciones ben\u00e9ficas y a organizaciones sin fines de lucro, esto mediante cada triunfo que pueda obtener el potosino; es decir, cada vez que Cordero se levante con el primer lugar en las distintas competencias que se llevar\u00e1n a cabo en [&hellip;]","og_url":"https:\/\/canal7slp.tv\/2022\/cordero-y-su-proyecto-social-primero-por-san-luis\/","og_site_name":"Canal 7 SLP - 2022","article_publisher":"https:\/\/www.facebook.com\/noticieroscanalsiete","article_published_time":"2022-04-20T18:36:17+00:00","og_image":[{"width":888,"height":500,"url":"https:\/\/canal7slp.tv\/2022\/wp-content\/uploads\/2022\/04\/Froi03PorSanLuis.jpg","type":"image\/jpeg"}],"author":"Edici\u00f3n Web","twitter_card":"summary_large_image","twitter_creator":"@NOTICIEROS7","twitter_site":"@NOTICIEROS7","twitter_misc":{"Escrito por":"Edici\u00f3n Web","Tiempo de lectura":"1 minuto"},"schema":{"@context":"https:\/\/schema.org","@graph":[{"@type":"Article","@id":"https:\/\/canal7slp.tv\/2022\/cordero-y-su-proyecto-social-primero-por-san-luis\/#article","isPartOf":{"@id":"https:\/\/canal7slp.tv\/2022\/cordero-y-su-proyecto-social-primero-por-san-luis\/"},"author":{"name":"Edici\u00f3n Web","@id":"https:\/\/canal7slp.tv\/2022\/#\/schema\/person\/429704152a21f5f856ce29aa69a238da"},"headline":"Cordero y su proyecto social \u201cPrimero por San Luis\u201d.","datePublished":"2022-04-20T18:36:17+00:00","mainEntityOfPage":{"@id":"https:\/\/canal7slp.tv\/2022\/cordero-y-su-proyecto-social-primero-por-san-luis\/"},"wordCount":222,"publisher":{"@id":"https:\/\/canal7slp.tv\/2022\/#organization"},"image":{"@id":"https:\/\/canal7slp.tv\/2022\/cordero-y-su-proyecto-social-primero-por-san-luis\/#primaryimage"},"thumbnailUrl":"https:\/\/canal7slp.tv\/2022\/wp-content\/uploads\/2022\/04\/Froi03PorSanLuis.jpg","articleSection":["DEPORTES","DESTACADAS"],"inLanguage":"es"},{"@type":"WebPage","@id":"https:\/\/canal7slp.tv\/2022\/cordero-y-su-proyecto-social-primero-por-san-luis\/","url":"https:\/\/canal7slp.tv\/2022\/cordero-y-su-proyecto-social-primero-por-san-luis\/","name":"Cordero y su proyecto social \u201cPrimero por San Luis\u201d. - Canal 7 SLP - 2022","isPartOf":{"@id":"https:\/\/canal7slp.tv\/2022\/#website"},"primaryImageOfPage":{"@id":"https:\/\/canal7slp.tv\/2022\/cordero-y-su-proyecto-social-primero-por-san-luis\/#primaryimage"},"image":{"@id":"https:\/\/canal7slp.tv\/2022\/cordero-y-su-proyecto-social-primero-por-san-luis\/#primaryimage"},"thumbnailUrl":"https:\/\/canal7slp.tv\/2022\/wp-content\/uploads\/2022\/04\/Froi03PorSanLuis.jpg","datePublished":"2022-04-20T18:36:17+00:00","breadcrumb":{"@id":"https:\/\/canal7slp.tv\/2022\/cordero-y-su-proyecto-social-primero-por-san-luis\/#breadcrumb"},"inLanguage":"es","potentialAction":[{"@type":"ReadAction","target":["https:\/\/canal7slp.tv\/2022\/cordero-y-su-proyecto-social-primero-por-san-luis\/"]}]},{"@type":"ImageObject","inLanguage":"es","@id":"https:\/\/canal7slp.tv\/2022\/cordero-y-su-proyecto-social-primero-por-san-luis\/#primaryimage","url":"https:\/\/canal7slp.tv\/2022\/wp-content\/uploads\/2022\/04\/Froi03PorSanLuis.jpg","contentUrl":"https:\/\/canal7slp.tv\/2022\/wp-content\/uploads\/2022\/04\/Froi03PorSanLuis.jpg","width":888,"height":500},{"@type":"BreadcrumbList","@id":"https:\/\/canal7slp.tv\/2022\/cordero-y-su-proyecto-social-primero-por-san-luis\/#breadcrumb","itemListElement":[{"@type":"ListItem","position":1,"name":"Portada","item":"https:\/\/canal7slp.tv\/2022\/"},{"@type":"ListItem","position":2,"name":"Cordero y su proyecto social \u201cPrimero por San Luis\u201d."}]},{"@type":"WebSite","@id":"https:\/\/canal7slp.tv\/2022\/#website","url":"https:\/\/canal7slp.tv\/2022\/","name":"N7 - Noticieros Canal 7","description":"Somos Televisi\u00f3n","publisher":{"@id":"https:\/\/canal7slp.tv\/2022\/#organization"},"potentialAction":[{"@type":"SearchAction","target":{"@type":"EntryPoint","urlTemplate":"https:\/\/canal7slp.tv\/2022\/?s={search_term_string}"},"query-input":{"@type":"PropertyValueSpecification","valueRequired":true,"valueName":"search_term_string"}}],"inLanguage":"es"},{"@type":"Organization","@id":"https:\/\/canal7slp.tv\/2022\/#organization","name":"Noticieros Canal 7","url":"https:\/\/canal7slp.tv\/2022\/","logo":{"@type":"ImageObject","inLanguage":"es","@id":"https:\/\/canal7slp.tv\/2022\/#\/schema\/logo\/image\/","url":"https:\/\/canal7slp.tv\/2022\/wp-content\/uploads\/2021\/01\/logo-noticieros@2x.png","contentUrl":"https:\/\/canal7slp.tv\/2022\/wp-content\/uploads\/2021\/01\/logo-noticieros@2x.png","width":1017,"height":268,"caption":"Noticieros Canal 7"},"image":{"@id":"https:\/\/canal7slp.tv\/2022\/#\/schema\/logo\/image\/"},"sameAs":["https:\/\/www.facebook.com\/noticieroscanalsiete","https:\/\/x.com\/NOTICIEROS7","https:\/\/www.instagram.com\/canal7_slp","https:\/\/www.youtube.com\/channel\/UCliiYs-gP3JfJeqdPrNdd5A"]},{"@type":"Person","@id":"https:\/\/canal7slp.tv\/2022\/#\/schema\/person\/429704152a21f5f856ce29aa69a238da","name":"Edici\u00f3n Web","image":{"@type":"ImageObject","inLanguage":"es","@id":"https:\/\/secure.gravatar.com\/avatar\/eee448fc3f7164808013b816ba91ac7e43bbe82a70bebac296f8bc6f0addaa1a?s=96&d=mm&r=g","url":"https:\/\/secure.gravatar.com\/avatar\/eee448fc3f7164808013b816ba91ac7e43bbe82a70bebac296f8bc6f0addaa1a?s=96&d=mm&r=g","contentUrl":"https:\/\/secure.gravatar.com\/avatar\/eee448fc3f7164808013b816ba91ac7e43bbe82a70bebac296f8bc6f0addaa1a?s=96&d=mm&r=g","caption":"Edici\u00f3n Web"},"url":"https:\/\/canal7slp.tv\/2022\/author\/edicionweb\/"}]}},"amp_enabled":true,"_links":{"self":[{"href":"https:\/\/canal7slp.tv\/2022\/wp-json\/wp\/v2\/posts\/57820","targetHints":{"allow":["GET"]}}],"collection":[{"href":"https:\/\/canal7slp.tv\/2022\/wp-json\/wp\/v2\/posts"}],"about":[{"href":"https:\/\/canal7slp.tv\/2022\/wp-json\/wp\/v2\/types\/post"}],"author":[{"embeddable":true,"href":"https:\/\/canal7slp.tv\/2022\/wp-json\/wp\/v2\/users\/2"}],"replies":[{"embeddable":true,"href":"https:\/\/canal7slp.tv\/2022\/wp-json\/wp\/v2\/comments?post=57820"}],"version-history":[{"count":1,"href":"https:\/\/canal7slp.tv\/2022\/wp-json\/wp\/v2\/posts\/57820\/revisions"}],"predecessor-version":[{"id":57823,"href":"https:\/\/canal7slp.tv\/2022\/wp-json\/wp\/v2\/posts\/57820\/revisions\/57823"}],"wp:featuredmedia":[{"embeddable":true,"href":"https:\/\/canal7slp.tv\/2022\/wp-json\/wp\/v2\/media\/57828"}],"wp:attachment":[{"href":"https:\/\/canal7slp.tv\/2022\/wp-json\/wp\/v2\/media?parent=57820"}],"wp:term":[{"taxonomy":"category","embeddable":true,"href":"https:\/\/canal7slp.tv\/2022\/wp-json\/wp\/v2\/categories?post=57820"},{"taxonomy":"post_tag","embeddable":true,"href":"https:\/\/canal7slp.tv\/2022\/wp-json\/wp\/v2\/tags?post=57820"}],"curies":[{"name":"wp","href":"https:\/\/api.w.org\/{rel}","templated":true}]}}