{"id":57772,"date":"2022-04-19T22:53:43","date_gmt":"2022-04-20T04:53:43","guid":{"rendered":"https:\/\/canal7slp.tv\/2022\/?p=57772"},"modified":"2022-04-19T22:53:43","modified_gmt":"2022-04-20T04:53:43","slug":"de-forma-preliminar-autoridades-estiman-que-derrama-economica-del-festival-san-luis-en-primavera-supero-150-millones-de-pesos","status":"publish","type":"post","link":"https:\/\/canal7slp.tv\/2022\/de-forma-preliminar-autoridades-estiman-que-derrama-economica-del-festival-san-luis-en-primavera-supero-150-millones-de-pesos\/","title":{"rendered":"De forma preliminar, autoridades estiman que derrama econ\u00f3mica del Festival San Luis en Primavera super\u00f3 150 millones de pesos."},"content":{"rendered":"<p style=\"text-align: justify;\">SLP.- De manera preliminar, autoridades estiman que la derrama econ\u00f3mica que deriv\u00f3 del Festival San Luis en Primavera super\u00f3 150 millones de pesos en la capital.<\/p>\n<p style=\"text-align: justify;\">El presidente municipal, Enrique Galindo Ceballos precis\u00f3 que a\u00fan se analizan indicadores junto el sector productivo.<\/p>\n<p style=\"text-align: justify;\">Consider\u00f3 que en un par de d\u00edas podr\u00eda completarse la cifra, que en esta ocasi\u00f3n se presenta como un dato inicial.<\/p>\n<p style=\"text-align: justify;\">Galindo Ceballos hizo \u00e9nfasis en que el impacto econ\u00f3mico del Festival que abarc\u00f3 m\u00e1s de 45 eventos, no se refleja \u00fanicamente en el Centro Hist\u00f3rico.<\/p>\n<p style=\"text-align: justify;\">Por: Paulina Rodr\u00edguez<\/p>\n","protected":false},"excerpt":{"rendered":"<p>SLP.- De manera preliminar, autoridades estiman que la derrama econ\u00f3mica que deriv\u00f3 del Festival San Luis en Primavera super\u00f3 150 millones de pesos en la capital. El presidente municipal, Enrique Galindo Ceballos precis\u00f3 que a\u00fan se analizan indicadores junto el sector productivo. Consider\u00f3 que en un par de d\u00edas podr\u00eda completarse la cifra, que en esta ocasi\u00f3n se presenta como un dato inicial. Galindo Ceballos hizo \u00e9nfasis en que el impacto econ\u00f3mico del Festival que abarc\u00f3 m\u00e1s de 45 eventos, no se refleja \u00fanicamente en el Centro Hist\u00f3rico. Por: Paulina Rodr\u00edguez<\/p>\n","protected":false},"author":2,"featured_media":57790,"comment_status":"closed","ping_status":"closed","sticky":false,"template":"","format":"video","meta":{"footnotes":""},"categories":[66,5,45],"tags":[],"class_list":["post-57772","post","type-post","status-publish","format-video","has-post-thumbnail","hentry","category-ayoslp","category-destacadas","category-localesyregionales","post_format-post-format-video","post--single"],"yoast_head":"<!-- This site is optimized with the Yoast SEO plugin v27.4 - https:\/\/yoast.com\/product\/yoast-seo-wordpress\/ -->\n<title>De forma preliminar, autoridades estiman que derrama econ\u00f3mica del Festival San Luis en Primavera super\u00f3 150 millones de pesos. - Canal 7 SLP - 2022<\/title>\n<meta name=\"robots\" content=\"index, follow, max-snippet:-1, max-image-preview:large, max-video-preview:-1\" \/>\n<link rel=\"canonical\" href=\"https:\/\/canal7slp.tv\/2022\/de-forma-preliminar-autoridades-estiman-que-derrama-economica-del-festival-san-luis-en-primavera-supero-150-millones-de-pesos\/\" \/>\n<meta property=\"og:locale\" content=\"es_ES\" \/>\n<meta property=\"og:type\" content=\"article\" \/>\n<meta property=\"og:title\" content=\"De forma preliminar, autoridades estiman que derrama econ\u00f3mica del Festival San Luis en Primavera super\u00f3 150 millones de pesos. - Canal 7 SLP - 2022\" \/>\n<meta property=\"og:description\" content=\"SLP.- De manera preliminar, autoridades estiman que la derrama econ\u00f3mica que deriv\u00f3 del Festival San Luis en Primavera super\u00f3 150 millones de pesos en la capital. El presidente municipal, Enrique Galindo Ceballos precis\u00f3 que a\u00fan se analizan indicadores junto el sector productivo. Consider\u00f3 que en un par de d\u00edas podr\u00eda completarse la cifra, que en esta ocasi\u00f3n se presenta como un dato inicial. Galindo Ceballos hizo \u00e9nfasis en que el impacto econ\u00f3mico del Festival que abarc\u00f3 m\u00e1s de 45 eventos, no se refleja \u00fanicamente en el Centro Hist\u00f3rico. Por: Paulina Rodr\u00edguez\" \/>\n<meta property=\"og:url\" content=\"https:\/\/canal7slp.tv\/2022\/de-forma-preliminar-autoridades-estiman-que-derrama-economica-del-festival-san-luis-en-primavera-supero-150-millones-de-pesos\/\" \/>\n<meta property=\"og:site_name\" content=\"Canal 7 SLP - 2022\" \/>\n<meta property=\"article:publisher\" content=\"https:\/\/www.facebook.com\/noticieroscanalsiete\" \/>\n<meta property=\"article:published_time\" content=\"2022-04-20T04:53:43+00:00\" \/>\n<meta property=\"og:image\" content=\"https:\/\/canal7slp.tv\/2022\/wp-content\/uploads\/2022\/04\/Pau01PReliminar.jpg\" \/>\n\t<meta property=\"og:image:width\" content=\"888\" \/>\n\t<meta property=\"og:image:height\" content=\"500\" \/>\n\t<meta property=\"og:image:type\" content=\"image\/jpeg\" \/>\n<meta name=\"author\" content=\"Edici\u00f3n Web\" \/>\n<meta name=\"twitter:card\" content=\"summary_large_image\" \/>\n<meta name=\"twitter:creator\" content=\"@NOTICIEROS7\" \/>\n<meta name=\"twitter:site\" content=\"@NOTICIEROS7\" \/>\n<meta name=\"twitter:label1\" content=\"Escrito por\" \/>\n\t<meta name=\"twitter:data1\" content=\"Edici\u00f3n Web\" \/>\n\t<meta name=\"twitter:label2\" content=\"Tiempo de lectura\" \/>\n\t<meta name=\"twitter:data2\" content=\"1 minuto\" \/>\n<script type=\"application\/ld+json\" class=\"yoast-schema-graph\">{\"@context\":\"https:\\\/\\\/schema.org\",\"@graph\":[{\"@type\":\"Article\",\"@id\":\"https:\\\/\\\/canal7slp.tv\\\/2022\\\/de-forma-preliminar-autoridades-estiman-que-derrama-economica-del-festival-san-luis-en-primavera-supero-150-millones-de-pesos\\\/#article\",\"isPartOf\":{\"@id\":\"https:\\\/\\\/canal7slp.tv\\\/2022\\\/de-forma-preliminar-autoridades-estiman-que-derrama-economica-del-festival-san-luis-en-primavera-supero-150-millones-de-pesos\\\/\"},\"author\":{\"name\":\"Edici\u00f3n Web\",\"@id\":\"https:\\\/\\\/canal7slp.tv\\\/2022\\\/#\\\/schema\\\/person\\\/429704152a21f5f856ce29aa69a238da\"},\"headline\":\"De forma preliminar, autoridades estiman que derrama econ\u00f3mica del Festival San Luis en Primavera super\u00f3 150 millones de pesos.\",\"datePublished\":\"2022-04-20T04:53:43+00:00\",\"mainEntityOfPage\":{\"@id\":\"https:\\\/\\\/canal7slp.tv\\\/2022\\\/de-forma-preliminar-autoridades-estiman-que-derrama-economica-del-festival-san-luis-en-primavera-supero-150-millones-de-pesos\\\/\"},\"wordCount\":118,\"publisher\":{\"@id\":\"https:\\\/\\\/canal7slp.tv\\\/2022\\\/#organization\"},\"image\":{\"@id\":\"https:\\\/\\\/canal7slp.tv\\\/2022\\\/de-forma-preliminar-autoridades-estiman-que-derrama-economica-del-festival-san-luis-en-primavera-supero-150-millones-de-pesos\\\/#primaryimage\"},\"thumbnailUrl\":\"https:\\\/\\\/canal7slp.tv\\\/2022\\\/wp-content\\\/uploads\\\/2022\\\/04\\\/Pau01PReliminar.jpg\",\"articleSection\":[\"AYOSLP\",\"DESTACADAS\",\"LOCALES Y REGIONALES\"],\"inLanguage\":\"es\"},{\"@type\":\"WebPage\",\"@id\":\"https:\\\/\\\/canal7slp.tv\\\/2022\\\/de-forma-preliminar-autoridades-estiman-que-derrama-economica-del-festival-san-luis-en-primavera-supero-150-millones-de-pesos\\\/\",\"url\":\"https:\\\/\\\/canal7slp.tv\\\/2022\\\/de-forma-preliminar-autoridades-estiman-que-derrama-economica-del-festival-san-luis-en-primavera-supero-150-millones-de-pesos\\\/\",\"name\":\"De forma preliminar, autoridades estiman que derrama econ\u00f3mica del Festival San Luis en Primavera super\u00f3 150 millones de pesos. - Canal 7 SLP - 2022\",\"isPartOf\":{\"@id\":\"https:\\\/\\\/canal7slp.tv\\\/2022\\\/#website\"},\"primaryImageOfPage\":{\"@id\":\"https:\\\/\\\/canal7slp.tv\\\/2022\\\/de-forma-preliminar-autoridades-estiman-que-derrama-economica-del-festival-san-luis-en-primavera-supero-150-millones-de-pesos\\\/#primaryimage\"},\"image\":{\"@id\":\"https:\\\/\\\/canal7slp.tv\\\/2022\\\/de-forma-preliminar-autoridades-estiman-que-derrama-economica-del-festival-san-luis-en-primavera-supero-150-millones-de-pesos\\\/#primaryimage\"},\"thumbnailUrl\":\"https:\\\/\\\/canal7slp.tv\\\/2022\\\/wp-content\\\/uploads\\\/2022\\\/04\\\/Pau01PReliminar.jpg\",\"datePublished\":\"2022-04-20T04:53:43+00:00\",\"breadcrumb\":{\"@id\":\"https:\\\/\\\/canal7slp.tv\\\/2022\\\/de-forma-preliminar-autoridades-estiman-que-derrama-economica-del-festival-san-luis-en-primavera-supero-150-millones-de-pesos\\\/#breadcrumb\"},\"inLanguage\":\"es\",\"potentialAction\":[{\"@type\":\"ReadAction\",\"target\":[\"https:\\\/\\\/canal7slp.tv\\\/2022\\\/de-forma-preliminar-autoridades-estiman-que-derrama-economica-del-festival-san-luis-en-primavera-supero-150-millones-de-pesos\\\/\"]}]},{\"@type\":\"ImageObject\",\"inLanguage\":\"es\",\"@id\":\"https:\\\/\\\/canal7slp.tv\\\/2022\\\/de-forma-preliminar-autoridades-estiman-que-derrama-economica-del-festival-san-luis-en-primavera-supero-150-millones-de-pesos\\\/#primaryimage\",\"url\":\"https:\\\/\\\/canal7slp.tv\\\/2022\\\/wp-content\\\/uploads\\\/2022\\\/04\\\/Pau01PReliminar.jpg\",\"contentUrl\":\"https:\\\/\\\/canal7slp.tv\\\/2022\\\/wp-content\\\/uploads\\\/2022\\\/04\\\/Pau01PReliminar.jpg\",\"width\":888,\"height\":500},{\"@type\":\"BreadcrumbList\",\"@id\":\"https:\\\/\\\/canal7slp.tv\\\/2022\\\/de-forma-preliminar-autoridades-estiman-que-derrama-economica-del-festival-san-luis-en-primavera-supero-150-millones-de-pesos\\\/#breadcrumb\",\"itemListElement\":[{\"@type\":\"ListItem\",\"position\":1,\"name\":\"Portada\",\"item\":\"https:\\\/\\\/canal7slp.tv\\\/2022\\\/\"},{\"@type\":\"ListItem\",\"position\":2,\"name\":\"De forma preliminar, autoridades estiman que derrama econ\u00f3mica del Festival San Luis en Primavera super\u00f3 150 millones de pesos.\"}]},{\"@type\":\"WebSite\",\"@id\":\"https:\\\/\\\/canal7slp.tv\\\/2022\\\/#website\",\"url\":\"https:\\\/\\\/canal7slp.tv\\\/2022\\\/\",\"name\":\"N7 - Noticieros Canal 7\",\"description\":\"Somos Televisi\u00f3n\",\"publisher\":{\"@id\":\"https:\\\/\\\/canal7slp.tv\\\/2022\\\/#organization\"},\"potentialAction\":[{\"@type\":\"SearchAction\",\"target\":{\"@type\":\"EntryPoint\",\"urlTemplate\":\"https:\\\/\\\/canal7slp.tv\\\/2022\\\/?s={search_term_string}\"},\"query-input\":{\"@type\":\"PropertyValueSpecification\",\"valueRequired\":true,\"valueName\":\"search_term_string\"}}],\"inLanguage\":\"es\"},{\"@type\":\"Organization\",\"@id\":\"https:\\\/\\\/canal7slp.tv\\\/2022\\\/#organization\",\"name\":\"Noticieros Canal 7\",\"url\":\"https:\\\/\\\/canal7slp.tv\\\/2022\\\/\",\"logo\":{\"@type\":\"ImageObject\",\"inLanguage\":\"es\",\"@id\":\"https:\\\/\\\/canal7slp.tv\\\/2022\\\/#\\\/schema\\\/logo\\\/image\\\/\",\"url\":\"https:\\\/\\\/canal7slp.tv\\\/2022\\\/wp-content\\\/uploads\\\/2021\\\/01\\\/logo-noticieros@2x.png\",\"contentUrl\":\"https:\\\/\\\/canal7slp.tv\\\/2022\\\/wp-content\\\/uploads\\\/2021\\\/01\\\/logo-noticieros@2x.png\",\"width\":1017,\"height\":268,\"caption\":\"Noticieros Canal 7\"},\"image\":{\"@id\":\"https:\\\/\\\/canal7slp.tv\\\/2022\\\/#\\\/schema\\\/logo\\\/image\\\/\"},\"sameAs\":[\"https:\\\/\\\/www.facebook.com\\\/noticieroscanalsiete\",\"https:\\\/\\\/x.com\\\/NOTICIEROS7\",\"https:\\\/\\\/www.instagram.com\\\/canal7_slp\",\"https:\\\/\\\/www.youtube.com\\\/channel\\\/UCliiYs-gP3JfJeqdPrNdd5A\"]},{\"@type\":\"Person\",\"@id\":\"https:\\\/\\\/canal7slp.tv\\\/2022\\\/#\\\/schema\\\/person\\\/429704152a21f5f856ce29aa69a238da\",\"name\":\"Edici\u00f3n Web\",\"image\":{\"@type\":\"ImageObject\",\"inLanguage\":\"es\",\"@id\":\"https:\\\/\\\/secure.gravatar.com\\\/avatar\\\/eee448fc3f7164808013b816ba91ac7e43bbe82a70bebac296f8bc6f0addaa1a?s=96&d=mm&r=g\",\"url\":\"https:\\\/\\\/secure.gravatar.com\\\/avatar\\\/eee448fc3f7164808013b816ba91ac7e43bbe82a70bebac296f8bc6f0addaa1a?s=96&d=mm&r=g\",\"contentUrl\":\"https:\\\/\\\/secure.gravatar.com\\\/avatar\\\/eee448fc3f7164808013b816ba91ac7e43bbe82a70bebac296f8bc6f0addaa1a?s=96&d=mm&r=g\",\"caption\":\"Edici\u00f3n Web\"},\"url\":\"https:\\\/\\\/canal7slp.tv\\\/2022\\\/author\\\/edicionweb\\\/\"}]}<\/script>\n<!-- \/ Yoast SEO plugin. -->","yoast_head_json":{"title":"De forma preliminar, autoridades estiman que derrama econ\u00f3mica del Festival San Luis en Primavera super\u00f3 150 millones de pesos. - Canal 7 SLP - 2022","robots":{"index":"index","follow":"follow","max-snippet":"max-snippet:-1","max-image-preview":"max-image-preview:large","max-video-preview":"max-video-preview:-1"},"canonical":"https:\/\/canal7slp.tv\/2022\/de-forma-preliminar-autoridades-estiman-que-derrama-economica-del-festival-san-luis-en-primavera-supero-150-millones-de-pesos\/","og_locale":"es_ES","og_type":"article","og_title":"De forma preliminar, autoridades estiman que derrama econ\u00f3mica del Festival San Luis en Primavera super\u00f3 150 millones de pesos. - Canal 7 SLP - 2022","og_description":"SLP.- De manera preliminar, autoridades estiman que la derrama econ\u00f3mica que deriv\u00f3 del Festival San Luis en Primavera super\u00f3 150 millones de pesos en la capital. El presidente municipal, Enrique Galindo Ceballos precis\u00f3 que a\u00fan se analizan indicadores junto el sector productivo. Consider\u00f3 que en un par de d\u00edas podr\u00eda completarse la cifra, que en esta ocasi\u00f3n se presenta como un dato inicial. Galindo Ceballos hizo \u00e9nfasis en que el impacto econ\u00f3mico del Festival que abarc\u00f3 m\u00e1s de 45 eventos, no se refleja \u00fanicamente en el Centro Hist\u00f3rico. Por: Paulina Rodr\u00edguez","og_url":"https:\/\/canal7slp.tv\/2022\/de-forma-preliminar-autoridades-estiman-que-derrama-economica-del-festival-san-luis-en-primavera-supero-150-millones-de-pesos\/","og_site_name":"Canal 7 SLP - 2022","article_publisher":"https:\/\/www.facebook.com\/noticieroscanalsiete","article_published_time":"2022-04-20T04:53:43+00:00","og_image":[{"width":888,"height":500,"url":"https:\/\/canal7slp.tv\/2022\/wp-content\/uploads\/2022\/04\/Pau01PReliminar.jpg","type":"image\/jpeg"}],"author":"Edici\u00f3n Web","twitter_card":"summary_large_image","twitter_creator":"@NOTICIEROS7","twitter_site":"@NOTICIEROS7","twitter_misc":{"Escrito por":"Edici\u00f3n Web","Tiempo de lectura":"1 minuto"},"schema":{"@context":"https:\/\/schema.org","@graph":[{"@type":"Article","@id":"https:\/\/canal7slp.tv\/2022\/de-forma-preliminar-autoridades-estiman-que-derrama-economica-del-festival-san-luis-en-primavera-supero-150-millones-de-pesos\/#article","isPartOf":{"@id":"https:\/\/canal7slp.tv\/2022\/de-forma-preliminar-autoridades-estiman-que-derrama-economica-del-festival-san-luis-en-primavera-supero-150-millones-de-pesos\/"},"author":{"name":"Edici\u00f3n Web","@id":"https:\/\/canal7slp.tv\/2022\/#\/schema\/person\/429704152a21f5f856ce29aa69a238da"},"headline":"De forma preliminar, autoridades estiman que derrama econ\u00f3mica del Festival San Luis en Primavera super\u00f3 150 millones de pesos.","datePublished":"2022-04-20T04:53:43+00:00","mainEntityOfPage":{"@id":"https:\/\/canal7slp.tv\/2022\/de-forma-preliminar-autoridades-estiman-que-derrama-economica-del-festival-san-luis-en-primavera-supero-150-millones-de-pesos\/"},"wordCount":118,"publisher":{"@id":"https:\/\/canal7slp.tv\/2022\/#organization"},"image":{"@id":"https:\/\/canal7slp.tv\/2022\/de-forma-preliminar-autoridades-estiman-que-derrama-economica-del-festival-san-luis-en-primavera-supero-150-millones-de-pesos\/#primaryimage"},"thumbnailUrl":"https:\/\/canal7slp.tv\/2022\/wp-content\/uploads\/2022\/04\/Pau01PReliminar.jpg","articleSection":["AYOSLP","DESTACADAS","LOCALES Y REGIONALES"],"inLanguage":"es"},{"@type":"WebPage","@id":"https:\/\/canal7slp.tv\/2022\/de-forma-preliminar-autoridades-estiman-que-derrama-economica-del-festival-san-luis-en-primavera-supero-150-millones-de-pesos\/","url":"https:\/\/canal7slp.tv\/2022\/de-forma-preliminar-autoridades-estiman-que-derrama-economica-del-festival-san-luis-en-primavera-supero-150-millones-de-pesos\/","name":"De forma preliminar, autoridades estiman que derrama econ\u00f3mica del Festival San Luis en Primavera super\u00f3 150 millones de pesos. - Canal 7 SLP - 2022","isPartOf":{"@id":"https:\/\/canal7slp.tv\/2022\/#website"},"primaryImageOfPage":{"@id":"https:\/\/canal7slp.tv\/2022\/de-forma-preliminar-autoridades-estiman-que-derrama-economica-del-festival-san-luis-en-primavera-supero-150-millones-de-pesos\/#primaryimage"},"image":{"@id":"https:\/\/canal7slp.tv\/2022\/de-forma-preliminar-autoridades-estiman-que-derrama-economica-del-festival-san-luis-en-primavera-supero-150-millones-de-pesos\/#primaryimage"},"thumbnailUrl":"https:\/\/canal7slp.tv\/2022\/wp-content\/uploads\/2022\/04\/Pau01PReliminar.jpg","datePublished":"2022-04-20T04:53:43+00:00","breadcrumb":{"@id":"https:\/\/canal7slp.tv\/2022\/de-forma-preliminar-autoridades-estiman-que-derrama-economica-del-festival-san-luis-en-primavera-supero-150-millones-de-pesos\/#breadcrumb"},"inLanguage":"es","potentialAction":[{"@type":"ReadAction","target":["https:\/\/canal7slp.tv\/2022\/de-forma-preliminar-autoridades-estiman-que-derrama-economica-del-festival-san-luis-en-primavera-supero-150-millones-de-pesos\/"]}]},{"@type":"ImageObject","inLanguage":"es","@id":"https:\/\/canal7slp.tv\/2022\/de-forma-preliminar-autoridades-estiman-que-derrama-economica-del-festival-san-luis-en-primavera-supero-150-millones-de-pesos\/#primaryimage","url":"https:\/\/canal7slp.tv\/2022\/wp-content\/uploads\/2022\/04\/Pau01PReliminar.jpg","contentUrl":"https:\/\/canal7slp.tv\/2022\/wp-content\/uploads\/2022\/04\/Pau01PReliminar.jpg","width":888,"height":500},{"@type":"BreadcrumbList","@id":"https:\/\/canal7slp.tv\/2022\/de-forma-preliminar-autoridades-estiman-que-derrama-economica-del-festival-san-luis-en-primavera-supero-150-millones-de-pesos\/#breadcrumb","itemListElement":[{"@type":"ListItem","position":1,"name":"Portada","item":"https:\/\/canal7slp.tv\/2022\/"},{"@type":"ListItem","position":2,"name":"De forma preliminar, autoridades estiman que derrama econ\u00f3mica del Festival San Luis en Primavera super\u00f3 150 millones de pesos."}]},{"@type":"WebSite","@id":"https:\/\/canal7slp.tv\/2022\/#website","url":"https:\/\/canal7slp.tv\/2022\/","name":"N7 - Noticieros Canal 7","description":"Somos Televisi\u00f3n","publisher":{"@id":"https:\/\/canal7slp.tv\/2022\/#organization"},"potentialAction":[{"@type":"SearchAction","target":{"@type":"EntryPoint","urlTemplate":"https:\/\/canal7slp.tv\/2022\/?s={search_term_string}"},"query-input":{"@type":"PropertyValueSpecification","valueRequired":true,"valueName":"search_term_string"}}],"inLanguage":"es"},{"@type":"Organization","@id":"https:\/\/canal7slp.tv\/2022\/#organization","name":"Noticieros Canal 7","url":"https:\/\/canal7slp.tv\/2022\/","logo":{"@type":"ImageObject","inLanguage":"es","@id":"https:\/\/canal7slp.tv\/2022\/#\/schema\/logo\/image\/","url":"https:\/\/canal7slp.tv\/2022\/wp-content\/uploads\/2021\/01\/logo-noticieros@2x.png","contentUrl":"https:\/\/canal7slp.tv\/2022\/wp-content\/uploads\/2021\/01\/logo-noticieros@2x.png","width":1017,"height":268,"caption":"Noticieros Canal 7"},"image":{"@id":"https:\/\/canal7slp.tv\/2022\/#\/schema\/logo\/image\/"},"sameAs":["https:\/\/www.facebook.com\/noticieroscanalsiete","https:\/\/x.com\/NOTICIEROS7","https:\/\/www.instagram.com\/canal7_slp","https:\/\/www.youtube.com\/channel\/UCliiYs-gP3JfJeqdPrNdd5A"]},{"@type":"Person","@id":"https:\/\/canal7slp.tv\/2022\/#\/schema\/person\/429704152a21f5f856ce29aa69a238da","name":"Edici\u00f3n Web","image":{"@type":"ImageObject","inLanguage":"es","@id":"https:\/\/secure.gravatar.com\/avatar\/eee448fc3f7164808013b816ba91ac7e43bbe82a70bebac296f8bc6f0addaa1a?s=96&d=mm&r=g","url":"https:\/\/secure.gravatar.com\/avatar\/eee448fc3f7164808013b816ba91ac7e43bbe82a70bebac296f8bc6f0addaa1a?s=96&d=mm&r=g","contentUrl":"https:\/\/secure.gravatar.com\/avatar\/eee448fc3f7164808013b816ba91ac7e43bbe82a70bebac296f8bc6f0addaa1a?s=96&d=mm&r=g","caption":"Edici\u00f3n Web"},"url":"https:\/\/canal7slp.tv\/2022\/author\/edicionweb\/"}]}},"amp_enabled":true,"_links":{"self":[{"href":"https:\/\/canal7slp.tv\/2022\/wp-json\/wp\/v2\/posts\/57772","targetHints":{"allow":["GET"]}}],"collection":[{"href":"https:\/\/canal7slp.tv\/2022\/wp-json\/wp\/v2\/posts"}],"about":[{"href":"https:\/\/canal7slp.tv\/2022\/wp-json\/wp\/v2\/types\/post"}],"author":[{"embeddable":true,"href":"https:\/\/canal7slp.tv\/2022\/wp-json\/wp\/v2\/users\/2"}],"replies":[{"embeddable":true,"href":"https:\/\/canal7slp.tv\/2022\/wp-json\/wp\/v2\/comments?post=57772"}],"version-history":[{"count":3,"href":"https:\/\/canal7slp.tv\/2022\/wp-json\/wp\/v2\/posts\/57772\/revisions"}],"predecessor-version":[{"id":57791,"href":"https:\/\/canal7slp.tv\/2022\/wp-json\/wp\/v2\/posts\/57772\/revisions\/57791"}],"wp:featuredmedia":[{"embeddable":true,"href":"https:\/\/canal7slp.tv\/2022\/wp-json\/wp\/v2\/media\/57790"}],"wp:attachment":[{"href":"https:\/\/canal7slp.tv\/2022\/wp-json\/wp\/v2\/media?parent=57772"}],"wp:term":[{"taxonomy":"category","embeddable":true,"href":"https:\/\/canal7slp.tv\/2022\/wp-json\/wp\/v2\/categories?post=57772"},{"taxonomy":"post_tag","embeddable":true,"href":"https:\/\/canal7slp.tv\/2022\/wp-json\/wp\/v2\/tags?post=57772"}],"curies":[{"name":"wp","href":"https:\/\/api.w.org\/{rel}","templated":true}]}}