{"id":57768,"date":"2022-04-20T11:27:24","date_gmt":"2022-04-20T17:27:24","guid":{"rendered":"https:\/\/canal7slp.tv\/2022\/?p=57768"},"modified":"2022-04-20T11:27:24","modified_gmt":"2022-04-20T17:27:24","slug":"aprueba-congreso-del-estado-perfiles-que-integraran-el-parlamento-de-las-ninas-y-los-ninos","status":"publish","type":"post","link":"https:\/\/canal7slp.tv\/2022\/aprueba-congreso-del-estado-perfiles-que-integraran-el-parlamento-de-las-ninas-y-los-ninos\/","title":{"rendered":"Aprueba Congreso del Estado perfiles que integrar\u00e1n el Parlamento de las Ni\u00f1as y los Ni\u00f1os."},"content":{"rendered":"<ul>\n<li>El evento que promueve valores c\u00edvicos y pol\u00edticos est\u00e1 previsto para el 27 de abril.<\/li>\n<\/ul>\n<p style=\"text-align: justify;\">SLP.-\u00a0La Comisi\u00f3n de Educaci\u00f3n, Cultura, Ciencia y Tecnolog\u00eda aprob\u00f3 a los 27 participantes \u2013menores de 12 a\u00f1os- que integrar\u00e1n el Parlamento 2022 de las Ni\u00f1as y los Ni\u00f1os.<\/p>\n<p style=\"text-align: justify;\">Mismo que se realizar\u00e1 en el sal\u00f3n de sesiones \u201cPonciano Arriaga Leija\u201d, el 27 de abril del a\u00f1o en curso a las 10:00 horas.<\/p>\n<p style=\"text-align: justify;\">La presidenta de la Comisi\u00f3n, diputada Mar\u00eda Claudia Trist\u00e1n Alvarado, explic\u00f3 que se realiz\u00f3 un trabajo arduo para la selecci\u00f3n de los participantes.<\/p>\n<p style=\"text-align: justify;\">Su objetivo es fomentar en la ni\u00f1ez potosina valores c\u00edvicos y pol\u00edticos de participaci\u00f3n en materia legislativa y parlamentaria, as\u00ed como crear inquietud, deseo y el despertar de conciencia ante problemas que aquejan a la sociedad infantil.<\/p>\n<p style=\"text-align: justify;\">Asimismo, Trist\u00e1n Alvarado dijo que, la Secretar\u00eda de Educaci\u00f3n de Gobierno del Estado y el Sistema Educativo Estatal Regular fueron quienes enviaron propuestas para que infantes fueran participes en este parlamento.<\/p>\n<p style=\"text-align: justify;\">En el cual ni\u00f1os y ni\u00f1as representar\u00edan a los diferentes distritos escolares, as\u00ed como menores ind\u00edgenas y con discapacidad.<\/p>\n<p style=\"text-align: justify;\">Los menores que fueron seleccionados a participar en el Parlamento Infantil son:<\/p>\n<p style=\"text-align: justify;\">Daniela Ontiveros Mart\u00ednez, Enrique Alejandro Salazar Hern\u00e1ndez, Luis \u00c1ngel Torres Orocio, Luis Emiliano Garc\u00eda Hern\u00e1ndez, Dayana de Jes\u00fas Pina Ju\u00e1rez, Andr\u00e9s Ricardo Guzm\u00e1n Vel\u00e1zquez, Renata Mishelle Duarte Mart\u00ednez, Dulce Mar\u00eda Mancilla Gonz\u00e1lez, David Alejandro Mart\u00ednez Morquecho, Sergio David Tob\u00edas Jasso, Francisco Gael L\u00f3pez Gonz\u00e1lez, Octavio Olvera Sierra.<\/p>\n<p style=\"text-align: justify;\">Joana Paloma G\u00f3mez Contreras, Estela Gonz\u00e1lez Hern\u00e1ndez, Dora Ely Cruz Garc\u00eda, V\u00edctor Uriel Mart\u00ednez Estrada, Emiliano Rom\u00e1n Garc\u00eda, Oscar Alan Vel\u00e1zquez Mart\u00ednez, Edith Abigail Contreras Alonso, Edgar Emmanuel S\u00e1nchez Moreno, Viridiana Medina Zapata, Danna Fernanda Olayo Gonz\u00e1lez, Erick Leonel Guzm\u00e1n Gallardo, Raquel Valentina Mart\u00ednez Zamarr\u00f3n, Edgar Sebasti\u00e1n L\u00f3pez Molina, Ana Mar\u00eda Galv\u00e1n M\u00e9ndez y Maritza Aguilar de la Cruz.<\/p>\n<p style=\"text-align: justify;\">Por: Maximiliano V\u00e1zquez<\/p>\n","protected":false},"excerpt":{"rendered":"<p>El evento que promueve valores c\u00edvicos y pol\u00edticos est\u00e1 previsto para el 27 de abril. SLP.-\u00a0La Comisi\u00f3n de Educaci\u00f3n, Cultura, Ciencia y Tecnolog\u00eda aprob\u00f3 a los 27 participantes \u2013menores de 12 a\u00f1os- que integrar\u00e1n el Parlamento 2022 de las Ni\u00f1as y los Ni\u00f1os. Mismo que se realizar\u00e1 en el sal\u00f3n de sesiones \u201cPonciano Arriaga Leija\u201d, el 27 de abril del a\u00f1o en curso a las 10:00 horas. La presidenta de la Comisi\u00f3n, diputada Mar\u00eda Claudia Trist\u00e1n Alvarado, explic\u00f3 que se realiz\u00f3 un trabajo arduo para la selecci\u00f3n de los participantes. Su objetivo es fomentar en la ni\u00f1ez potosina valores c\u00edvicos [&hellip;]<\/p>\n","protected":false},"author":2,"featured_media":57802,"comment_status":"closed","ping_status":"closed","sticky":false,"template":"","format":"video","meta":{"footnotes":""},"categories":[3,5,45],"tags":[],"class_list":["post-57768","post","type-post","status-publish","format-video","has-post-thumbnail","hentry","category-congreso","category-destacadas","category-localesyregionales","post_format-post-format-video","post--single"],"yoast_head":"<!-- This site is optimized with the Yoast SEO plugin v27.4 - https:\/\/yoast.com\/product\/yoast-seo-wordpress\/ -->\n<title>Aprueba Congreso del Estado perfiles que integrar\u00e1n el Parlamento de las Ni\u00f1as y los Ni\u00f1os. - Canal 7 SLP - 2022<\/title>\n<meta name=\"robots\" content=\"index, follow, max-snippet:-1, max-image-preview:large, max-video-preview:-1\" \/>\n<link rel=\"canonical\" href=\"https:\/\/canal7slp.tv\/2022\/aprueba-congreso-del-estado-perfiles-que-integraran-el-parlamento-de-las-ninas-y-los-ninos\/\" \/>\n<meta property=\"og:locale\" content=\"es_ES\" \/>\n<meta property=\"og:type\" content=\"article\" \/>\n<meta property=\"og:title\" content=\"Aprueba Congreso del Estado perfiles que integrar\u00e1n el Parlamento de las Ni\u00f1as y los Ni\u00f1os. - Canal 7 SLP - 2022\" \/>\n<meta property=\"og:description\" content=\"El evento que promueve valores c\u00edvicos y pol\u00edticos est\u00e1 previsto para el 27 de abril. SLP.-\u00a0La Comisi\u00f3n de Educaci\u00f3n, Cultura, Ciencia y Tecnolog\u00eda aprob\u00f3 a los 27 participantes \u2013menores de 12 a\u00f1os- que integrar\u00e1n el Parlamento 2022 de las Ni\u00f1as y los Ni\u00f1os. Mismo que se realizar\u00e1 en el sal\u00f3n de sesiones \u201cPonciano Arriaga Leija\u201d, el 27 de abril del a\u00f1o en curso a las 10:00 horas. La presidenta de la Comisi\u00f3n, diputada Mar\u00eda Claudia Trist\u00e1n Alvarado, explic\u00f3 que se realiz\u00f3 un trabajo arduo para la selecci\u00f3n de los participantes. Su objetivo es fomentar en la ni\u00f1ez potosina valores c\u00edvicos [&hellip;]\" \/>\n<meta property=\"og:url\" content=\"https:\/\/canal7slp.tv\/2022\/aprueba-congreso-del-estado-perfiles-que-integraran-el-parlamento-de-las-ninas-y-los-ninos\/\" \/>\n<meta property=\"og:site_name\" content=\"Canal 7 SLP - 2022\" \/>\n<meta property=\"article:publisher\" content=\"https:\/\/www.facebook.com\/noticieroscanalsiete\" \/>\n<meta property=\"article:published_time\" content=\"2022-04-20T17:27:24+00:00\" \/>\n<meta property=\"og:image\" content=\"https:\/\/canal7slp.tv\/2022\/wp-content\/uploads\/2022\/04\/Max02ParlamentoInfantil.jpg\" \/>\n\t<meta property=\"og:image:width\" content=\"888\" \/>\n\t<meta property=\"og:image:height\" content=\"500\" \/>\n\t<meta property=\"og:image:type\" content=\"image\/jpeg\" \/>\n<meta name=\"author\" content=\"Edici\u00f3n Web\" \/>\n<meta name=\"twitter:card\" content=\"summary_large_image\" \/>\n<meta name=\"twitter:creator\" content=\"@NOTICIEROS7\" \/>\n<meta name=\"twitter:site\" content=\"@NOTICIEROS7\" \/>\n<meta name=\"twitter:label1\" content=\"Escrito por\" \/>\n\t<meta name=\"twitter:data1\" content=\"Edici\u00f3n Web\" \/>\n\t<meta name=\"twitter:label2\" content=\"Tiempo de lectura\" \/>\n\t<meta name=\"twitter:data2\" content=\"2 minutos\" \/>\n<script type=\"application\/ld+json\" class=\"yoast-schema-graph\">{\"@context\":\"https:\\\/\\\/schema.org\",\"@graph\":[{\"@type\":\"Article\",\"@id\":\"https:\\\/\\\/canal7slp.tv\\\/2022\\\/aprueba-congreso-del-estado-perfiles-que-integraran-el-parlamento-de-las-ninas-y-los-ninos\\\/#article\",\"isPartOf\":{\"@id\":\"https:\\\/\\\/canal7slp.tv\\\/2022\\\/aprueba-congreso-del-estado-perfiles-que-integraran-el-parlamento-de-las-ninas-y-los-ninos\\\/\"},\"author\":{\"name\":\"Edici\u00f3n Web\",\"@id\":\"https:\\\/\\\/canal7slp.tv\\\/2022\\\/#\\\/schema\\\/person\\\/429704152a21f5f856ce29aa69a238da\"},\"headline\":\"Aprueba Congreso del Estado perfiles que integrar\u00e1n el Parlamento de las Ni\u00f1as y los Ni\u00f1os.\",\"datePublished\":\"2022-04-20T17:27:24+00:00\",\"mainEntityOfPage\":{\"@id\":\"https:\\\/\\\/canal7slp.tv\\\/2022\\\/aprueba-congreso-del-estado-perfiles-que-integraran-el-parlamento-de-las-ninas-y-los-ninos\\\/\"},\"wordCount\":375,\"publisher\":{\"@id\":\"https:\\\/\\\/canal7slp.tv\\\/2022\\\/#organization\"},\"image\":{\"@id\":\"https:\\\/\\\/canal7slp.tv\\\/2022\\\/aprueba-congreso-del-estado-perfiles-que-integraran-el-parlamento-de-las-ninas-y-los-ninos\\\/#primaryimage\"},\"thumbnailUrl\":\"https:\\\/\\\/canal7slp.tv\\\/2022\\\/wp-content\\\/uploads\\\/2022\\\/04\\\/Max02ParlamentoInfantil.jpg\",\"articleSection\":[\"CONGRESO\",\"DESTACADAS\",\"LOCALES Y REGIONALES\"],\"inLanguage\":\"es\"},{\"@type\":\"WebPage\",\"@id\":\"https:\\\/\\\/canal7slp.tv\\\/2022\\\/aprueba-congreso-del-estado-perfiles-que-integraran-el-parlamento-de-las-ninas-y-los-ninos\\\/\",\"url\":\"https:\\\/\\\/canal7slp.tv\\\/2022\\\/aprueba-congreso-del-estado-perfiles-que-integraran-el-parlamento-de-las-ninas-y-los-ninos\\\/\",\"name\":\"Aprueba Congreso del Estado perfiles que integrar\u00e1n el Parlamento de las Ni\u00f1as y los Ni\u00f1os. - Canal 7 SLP - 2022\",\"isPartOf\":{\"@id\":\"https:\\\/\\\/canal7slp.tv\\\/2022\\\/#website\"},\"primaryImageOfPage\":{\"@id\":\"https:\\\/\\\/canal7slp.tv\\\/2022\\\/aprueba-congreso-del-estado-perfiles-que-integraran-el-parlamento-de-las-ninas-y-los-ninos\\\/#primaryimage\"},\"image\":{\"@id\":\"https:\\\/\\\/canal7slp.tv\\\/2022\\\/aprueba-congreso-del-estado-perfiles-que-integraran-el-parlamento-de-las-ninas-y-los-ninos\\\/#primaryimage\"},\"thumbnailUrl\":\"https:\\\/\\\/canal7slp.tv\\\/2022\\\/wp-content\\\/uploads\\\/2022\\\/04\\\/Max02ParlamentoInfantil.jpg\",\"datePublished\":\"2022-04-20T17:27:24+00:00\",\"breadcrumb\":{\"@id\":\"https:\\\/\\\/canal7slp.tv\\\/2022\\\/aprueba-congreso-del-estado-perfiles-que-integraran-el-parlamento-de-las-ninas-y-los-ninos\\\/#breadcrumb\"},\"inLanguage\":\"es\",\"potentialAction\":[{\"@type\":\"ReadAction\",\"target\":[\"https:\\\/\\\/canal7slp.tv\\\/2022\\\/aprueba-congreso-del-estado-perfiles-que-integraran-el-parlamento-de-las-ninas-y-los-ninos\\\/\"]}]},{\"@type\":\"ImageObject\",\"inLanguage\":\"es\",\"@id\":\"https:\\\/\\\/canal7slp.tv\\\/2022\\\/aprueba-congreso-del-estado-perfiles-que-integraran-el-parlamento-de-las-ninas-y-los-ninos\\\/#primaryimage\",\"url\":\"https:\\\/\\\/canal7slp.tv\\\/2022\\\/wp-content\\\/uploads\\\/2022\\\/04\\\/Max02ParlamentoInfantil.jpg\",\"contentUrl\":\"https:\\\/\\\/canal7slp.tv\\\/2022\\\/wp-content\\\/uploads\\\/2022\\\/04\\\/Max02ParlamentoInfantil.jpg\",\"width\":888,\"height\":500},{\"@type\":\"BreadcrumbList\",\"@id\":\"https:\\\/\\\/canal7slp.tv\\\/2022\\\/aprueba-congreso-del-estado-perfiles-que-integraran-el-parlamento-de-las-ninas-y-los-ninos\\\/#breadcrumb\",\"itemListElement\":[{\"@type\":\"ListItem\",\"position\":1,\"name\":\"Portada\",\"item\":\"https:\\\/\\\/canal7slp.tv\\\/2022\\\/\"},{\"@type\":\"ListItem\",\"position\":2,\"name\":\"Aprueba Congreso del Estado perfiles que integrar\u00e1n el Parlamento de las Ni\u00f1as y los Ni\u00f1os.\"}]},{\"@type\":\"WebSite\",\"@id\":\"https:\\\/\\\/canal7slp.tv\\\/2022\\\/#website\",\"url\":\"https:\\\/\\\/canal7slp.tv\\\/2022\\\/\",\"name\":\"N7 - Noticieros Canal 7\",\"description\":\"Somos Televisi\u00f3n\",\"publisher\":{\"@id\":\"https:\\\/\\\/canal7slp.tv\\\/2022\\\/#organization\"},\"potentialAction\":[{\"@type\":\"SearchAction\",\"target\":{\"@type\":\"EntryPoint\",\"urlTemplate\":\"https:\\\/\\\/canal7slp.tv\\\/2022\\\/?s={search_term_string}\"},\"query-input\":{\"@type\":\"PropertyValueSpecification\",\"valueRequired\":true,\"valueName\":\"search_term_string\"}}],\"inLanguage\":\"es\"},{\"@type\":\"Organization\",\"@id\":\"https:\\\/\\\/canal7slp.tv\\\/2022\\\/#organization\",\"name\":\"Noticieros Canal 7\",\"url\":\"https:\\\/\\\/canal7slp.tv\\\/2022\\\/\",\"logo\":{\"@type\":\"ImageObject\",\"inLanguage\":\"es\",\"@id\":\"https:\\\/\\\/canal7slp.tv\\\/2022\\\/#\\\/schema\\\/logo\\\/image\\\/\",\"url\":\"https:\\\/\\\/canal7slp.tv\\\/2022\\\/wp-content\\\/uploads\\\/2021\\\/01\\\/logo-noticieros@2x.png\",\"contentUrl\":\"https:\\\/\\\/canal7slp.tv\\\/2022\\\/wp-content\\\/uploads\\\/2021\\\/01\\\/logo-noticieros@2x.png\",\"width\":1017,\"height\":268,\"caption\":\"Noticieros Canal 7\"},\"image\":{\"@id\":\"https:\\\/\\\/canal7slp.tv\\\/2022\\\/#\\\/schema\\\/logo\\\/image\\\/\"},\"sameAs\":[\"https:\\\/\\\/www.facebook.com\\\/noticieroscanalsiete\",\"https:\\\/\\\/x.com\\\/NOTICIEROS7\",\"https:\\\/\\\/www.instagram.com\\\/canal7_slp\",\"https:\\\/\\\/www.youtube.com\\\/channel\\\/UCliiYs-gP3JfJeqdPrNdd5A\"]},{\"@type\":\"Person\",\"@id\":\"https:\\\/\\\/canal7slp.tv\\\/2022\\\/#\\\/schema\\\/person\\\/429704152a21f5f856ce29aa69a238da\",\"name\":\"Edici\u00f3n Web\",\"image\":{\"@type\":\"ImageObject\",\"inLanguage\":\"es\",\"@id\":\"https:\\\/\\\/secure.gravatar.com\\\/avatar\\\/eee448fc3f7164808013b816ba91ac7e43bbe82a70bebac296f8bc6f0addaa1a?s=96&d=mm&r=g\",\"url\":\"https:\\\/\\\/secure.gravatar.com\\\/avatar\\\/eee448fc3f7164808013b816ba91ac7e43bbe82a70bebac296f8bc6f0addaa1a?s=96&d=mm&r=g\",\"contentUrl\":\"https:\\\/\\\/secure.gravatar.com\\\/avatar\\\/eee448fc3f7164808013b816ba91ac7e43bbe82a70bebac296f8bc6f0addaa1a?s=96&d=mm&r=g\",\"caption\":\"Edici\u00f3n Web\"},\"url\":\"https:\\\/\\\/canal7slp.tv\\\/2022\\\/author\\\/edicionweb\\\/\"}]}<\/script>\n<!-- \/ Yoast SEO plugin. -->","yoast_head_json":{"title":"Aprueba Congreso del Estado perfiles que integrar\u00e1n el Parlamento de las Ni\u00f1as y los Ni\u00f1os. - Canal 7 SLP - 2022","robots":{"index":"index","follow":"follow","max-snippet":"max-snippet:-1","max-image-preview":"max-image-preview:large","max-video-preview":"max-video-preview:-1"},"canonical":"https:\/\/canal7slp.tv\/2022\/aprueba-congreso-del-estado-perfiles-que-integraran-el-parlamento-de-las-ninas-y-los-ninos\/","og_locale":"es_ES","og_type":"article","og_title":"Aprueba Congreso del Estado perfiles que integrar\u00e1n el Parlamento de las Ni\u00f1as y los Ni\u00f1os. - Canal 7 SLP - 2022","og_description":"El evento que promueve valores c\u00edvicos y pol\u00edticos est\u00e1 previsto para el 27 de abril. SLP.-\u00a0La Comisi\u00f3n de Educaci\u00f3n, Cultura, Ciencia y Tecnolog\u00eda aprob\u00f3 a los 27 participantes \u2013menores de 12 a\u00f1os- que integrar\u00e1n el Parlamento 2022 de las Ni\u00f1as y los Ni\u00f1os. Mismo que se realizar\u00e1 en el sal\u00f3n de sesiones \u201cPonciano Arriaga Leija\u201d, el 27 de abril del a\u00f1o en curso a las 10:00 horas. La presidenta de la Comisi\u00f3n, diputada Mar\u00eda Claudia Trist\u00e1n Alvarado, explic\u00f3 que se realiz\u00f3 un trabajo arduo para la selecci\u00f3n de los participantes. Su objetivo es fomentar en la ni\u00f1ez potosina valores c\u00edvicos [&hellip;]","og_url":"https:\/\/canal7slp.tv\/2022\/aprueba-congreso-del-estado-perfiles-que-integraran-el-parlamento-de-las-ninas-y-los-ninos\/","og_site_name":"Canal 7 SLP - 2022","article_publisher":"https:\/\/www.facebook.com\/noticieroscanalsiete","article_published_time":"2022-04-20T17:27:24+00:00","og_image":[{"width":888,"height":500,"url":"https:\/\/canal7slp.tv\/2022\/wp-content\/uploads\/2022\/04\/Max02ParlamentoInfantil.jpg","type":"image\/jpeg"}],"author":"Edici\u00f3n Web","twitter_card":"summary_large_image","twitter_creator":"@NOTICIEROS7","twitter_site":"@NOTICIEROS7","twitter_misc":{"Escrito por":"Edici\u00f3n Web","Tiempo de lectura":"2 minutos"},"schema":{"@context":"https:\/\/schema.org","@graph":[{"@type":"Article","@id":"https:\/\/canal7slp.tv\/2022\/aprueba-congreso-del-estado-perfiles-que-integraran-el-parlamento-de-las-ninas-y-los-ninos\/#article","isPartOf":{"@id":"https:\/\/canal7slp.tv\/2022\/aprueba-congreso-del-estado-perfiles-que-integraran-el-parlamento-de-las-ninas-y-los-ninos\/"},"author":{"name":"Edici\u00f3n Web","@id":"https:\/\/canal7slp.tv\/2022\/#\/schema\/person\/429704152a21f5f856ce29aa69a238da"},"headline":"Aprueba Congreso del Estado perfiles que integrar\u00e1n el Parlamento de las Ni\u00f1as y los Ni\u00f1os.","datePublished":"2022-04-20T17:27:24+00:00","mainEntityOfPage":{"@id":"https:\/\/canal7slp.tv\/2022\/aprueba-congreso-del-estado-perfiles-que-integraran-el-parlamento-de-las-ninas-y-los-ninos\/"},"wordCount":375,"publisher":{"@id":"https:\/\/canal7slp.tv\/2022\/#organization"},"image":{"@id":"https:\/\/canal7slp.tv\/2022\/aprueba-congreso-del-estado-perfiles-que-integraran-el-parlamento-de-las-ninas-y-los-ninos\/#primaryimage"},"thumbnailUrl":"https:\/\/canal7slp.tv\/2022\/wp-content\/uploads\/2022\/04\/Max02ParlamentoInfantil.jpg","articleSection":["CONGRESO","DESTACADAS","LOCALES Y REGIONALES"],"inLanguage":"es"},{"@type":"WebPage","@id":"https:\/\/canal7slp.tv\/2022\/aprueba-congreso-del-estado-perfiles-que-integraran-el-parlamento-de-las-ninas-y-los-ninos\/","url":"https:\/\/canal7slp.tv\/2022\/aprueba-congreso-del-estado-perfiles-que-integraran-el-parlamento-de-las-ninas-y-los-ninos\/","name":"Aprueba Congreso del Estado perfiles que integrar\u00e1n el Parlamento de las Ni\u00f1as y los Ni\u00f1os. - Canal 7 SLP - 2022","isPartOf":{"@id":"https:\/\/canal7slp.tv\/2022\/#website"},"primaryImageOfPage":{"@id":"https:\/\/canal7slp.tv\/2022\/aprueba-congreso-del-estado-perfiles-que-integraran-el-parlamento-de-las-ninas-y-los-ninos\/#primaryimage"},"image":{"@id":"https:\/\/canal7slp.tv\/2022\/aprueba-congreso-del-estado-perfiles-que-integraran-el-parlamento-de-las-ninas-y-los-ninos\/#primaryimage"},"thumbnailUrl":"https:\/\/canal7slp.tv\/2022\/wp-content\/uploads\/2022\/04\/Max02ParlamentoInfantil.jpg","datePublished":"2022-04-20T17:27:24+00:00","breadcrumb":{"@id":"https:\/\/canal7slp.tv\/2022\/aprueba-congreso-del-estado-perfiles-que-integraran-el-parlamento-de-las-ninas-y-los-ninos\/#breadcrumb"},"inLanguage":"es","potentialAction":[{"@type":"ReadAction","target":["https:\/\/canal7slp.tv\/2022\/aprueba-congreso-del-estado-perfiles-que-integraran-el-parlamento-de-las-ninas-y-los-ninos\/"]}]},{"@type":"ImageObject","inLanguage":"es","@id":"https:\/\/canal7slp.tv\/2022\/aprueba-congreso-del-estado-perfiles-que-integraran-el-parlamento-de-las-ninas-y-los-ninos\/#primaryimage","url":"https:\/\/canal7slp.tv\/2022\/wp-content\/uploads\/2022\/04\/Max02ParlamentoInfantil.jpg","contentUrl":"https:\/\/canal7slp.tv\/2022\/wp-content\/uploads\/2022\/04\/Max02ParlamentoInfantil.jpg","width":888,"height":500},{"@type":"BreadcrumbList","@id":"https:\/\/canal7slp.tv\/2022\/aprueba-congreso-del-estado-perfiles-que-integraran-el-parlamento-de-las-ninas-y-los-ninos\/#breadcrumb","itemListElement":[{"@type":"ListItem","position":1,"name":"Portada","item":"https:\/\/canal7slp.tv\/2022\/"},{"@type":"ListItem","position":2,"name":"Aprueba Congreso del Estado perfiles que integrar\u00e1n el Parlamento de las Ni\u00f1as y los Ni\u00f1os."}]},{"@type":"WebSite","@id":"https:\/\/canal7slp.tv\/2022\/#website","url":"https:\/\/canal7slp.tv\/2022\/","name":"N7 - Noticieros Canal 7","description":"Somos Televisi\u00f3n","publisher":{"@id":"https:\/\/canal7slp.tv\/2022\/#organization"},"potentialAction":[{"@type":"SearchAction","target":{"@type":"EntryPoint","urlTemplate":"https:\/\/canal7slp.tv\/2022\/?s={search_term_string}"},"query-input":{"@type":"PropertyValueSpecification","valueRequired":true,"valueName":"search_term_string"}}],"inLanguage":"es"},{"@type":"Organization","@id":"https:\/\/canal7slp.tv\/2022\/#organization","name":"Noticieros Canal 7","url":"https:\/\/canal7slp.tv\/2022\/","logo":{"@type":"ImageObject","inLanguage":"es","@id":"https:\/\/canal7slp.tv\/2022\/#\/schema\/logo\/image\/","url":"https:\/\/canal7slp.tv\/2022\/wp-content\/uploads\/2021\/01\/logo-noticieros@2x.png","contentUrl":"https:\/\/canal7slp.tv\/2022\/wp-content\/uploads\/2021\/01\/logo-noticieros@2x.png","width":1017,"height":268,"caption":"Noticieros Canal 7"},"image":{"@id":"https:\/\/canal7slp.tv\/2022\/#\/schema\/logo\/image\/"},"sameAs":["https:\/\/www.facebook.com\/noticieroscanalsiete","https:\/\/x.com\/NOTICIEROS7","https:\/\/www.instagram.com\/canal7_slp","https:\/\/www.youtube.com\/channel\/UCliiYs-gP3JfJeqdPrNdd5A"]},{"@type":"Person","@id":"https:\/\/canal7slp.tv\/2022\/#\/schema\/person\/429704152a21f5f856ce29aa69a238da","name":"Edici\u00f3n Web","image":{"@type":"ImageObject","inLanguage":"es","@id":"https:\/\/secure.gravatar.com\/avatar\/eee448fc3f7164808013b816ba91ac7e43bbe82a70bebac296f8bc6f0addaa1a?s=96&d=mm&r=g","url":"https:\/\/secure.gravatar.com\/avatar\/eee448fc3f7164808013b816ba91ac7e43bbe82a70bebac296f8bc6f0addaa1a?s=96&d=mm&r=g","contentUrl":"https:\/\/secure.gravatar.com\/avatar\/eee448fc3f7164808013b816ba91ac7e43bbe82a70bebac296f8bc6f0addaa1a?s=96&d=mm&r=g","caption":"Edici\u00f3n Web"},"url":"https:\/\/canal7slp.tv\/2022\/author\/edicionweb\/"}]}},"amp_enabled":true,"_links":{"self":[{"href":"https:\/\/canal7slp.tv\/2022\/wp-json\/wp\/v2\/posts\/57768","targetHints":{"allow":["GET"]}}],"collection":[{"href":"https:\/\/canal7slp.tv\/2022\/wp-json\/wp\/v2\/posts"}],"about":[{"href":"https:\/\/canal7slp.tv\/2022\/wp-json\/wp\/v2\/types\/post"}],"author":[{"embeddable":true,"href":"https:\/\/canal7slp.tv\/2022\/wp-json\/wp\/v2\/users\/2"}],"replies":[{"embeddable":true,"href":"https:\/\/canal7slp.tv\/2022\/wp-json\/wp\/v2\/comments?post=57768"}],"version-history":[{"count":2,"href":"https:\/\/canal7slp.tv\/2022\/wp-json\/wp\/v2\/posts\/57768\/revisions"}],"predecessor-version":[{"id":57803,"href":"https:\/\/canal7slp.tv\/2022\/wp-json\/wp\/v2\/posts\/57768\/revisions\/57803"}],"wp:featuredmedia":[{"embeddable":true,"href":"https:\/\/canal7slp.tv\/2022\/wp-json\/wp\/v2\/media\/57802"}],"wp:attachment":[{"href":"https:\/\/canal7slp.tv\/2022\/wp-json\/wp\/v2\/media?parent=57768"}],"wp:term":[{"taxonomy":"category","embeddable":true,"href":"https:\/\/canal7slp.tv\/2022\/wp-json\/wp\/v2\/categories?post=57768"},{"taxonomy":"post_tag","embeddable":true,"href":"https:\/\/canal7slp.tv\/2022\/wp-json\/wp\/v2\/tags?post=57768"}],"curies":[{"name":"wp","href":"https:\/\/api.w.org\/{rel}","templated":true}]}}