{"id":57728,"date":"2022-04-19T16:05:57","date_gmt":"2022-04-19T22:05:57","guid":{"rendered":"https:\/\/canal7slp.tv\/2022\/?p=57728"},"modified":"2022-04-19T16:05:57","modified_gmt":"2022-04-19T22:05:57","slug":"va-por-mexico-impulsara-contrapropuesta-de-reforma-electrica-enfatiza-xavier-azuara-zuniga","status":"publish","type":"post","link":"https:\/\/canal7slp.tv\/2022\/va-por-mexico-impulsara-contrapropuesta-de-reforma-electrica-enfatiza-xavier-azuara-zuniga\/","title":{"rendered":"Va por M\u00e9xico impulsar\u00e1 contrapropuesta de Reforma El\u00e9ctrica, enfatiza Xavier Azuara Z\u00fa\u00f1iga."},"content":{"rendered":"<p style=\"text-align: justify;\">SLP.- El legislador panista a nivel federal, Xavier Azuara Z\u00fa\u00f1iga, detall\u00f3 que el grupo de oposici\u00f3n al Gobierno Federal, presentar\u00e1 una alternativa a la Reforma El\u00e9ctrica de Andr\u00e9s Manuel L\u00f3pez Obrador,\u00a0luego de que esta fuera rechazada al no contar con la mayor\u00eda de votos en la c\u00e1mara de diputados<\/p>\n<p style=\"text-align: justify;\">\u00abNosotros estamos preocupados por la politizaci\u00f3n y por la narrativa de mentiras que tiene el oficialismo, quiero decirte que nosotros tenemos una propuesta alternativa de reforma el\u00e9ctrica que si busque bajar la tarifa de luz y sobretodo potencializar la creaci\u00f3n de paneles solares para que las familias de los sectores m\u00e1s vulnerables puedan pagar menos por su recibo de luz\u00bb dijo.<\/p>\n<p style=\"text-align: justify;\">La propuesta ser\u00e1 presentada en conjunto por todos las fuerzas pol\u00edticas que lograron dar marcha atr\u00e1s a la reforma energ\u00e9tica en San L\u00e1zaro.<\/p>\n<p style=\"text-align: justify;\">\u00abEs entre todo el grupo de partidos que forma la oposici\u00f3n, pero te la sintetiz\u00f3: lo que buscamos es sobre todo financiar paneles solares en los sectores m\u00e1s vulnerables para poder bajar el costo de luz, poder en este sentido el garantizar que el costo del recibo de luz pueda bajar en estos momentos y obviamente la utilizaci\u00f3n de energ\u00edas limpias para poder cuidar el medio ambiente\u00bb, detall\u00f3.<\/p>\n<p style=\"text-align: justify;\">De acuerdo con el diputado, la tendencia a nivel mundial es utilizar las energ\u00edas limpias como la e\u00f3lica y la solar y dejar a un lado la generaci\u00f3n de energ\u00eda por combust\u00f3leo, una t\u00e9cnica de los a\u00f1os 70 que resulta da\u00f1ina y contaminante para el medio ambiente.<\/p>\n<p style=\"text-align: justify;\">Por: Jos\u00e9 Luis V\u00e1zquez<\/p>\n","protected":false},"excerpt":{"rendered":"<p>SLP.- El legislador panista a nivel federal, Xavier Azuara Z\u00fa\u00f1iga, detall\u00f3 que el grupo de oposici\u00f3n al Gobierno Federal, presentar\u00e1 una alternativa a la Reforma El\u00e9ctrica de Andr\u00e9s Manuel L\u00f3pez Obrador,\u00a0luego de que esta fuera rechazada al no contar con la mayor\u00eda de votos en la c\u00e1mara de diputados \u00abNosotros estamos preocupados por la politizaci\u00f3n y por la narrativa de mentiras que tiene el oficialismo, quiero decirte que nosotros tenemos una propuesta alternativa de reforma el\u00e9ctrica que si busque bajar la tarifa de luz y sobretodo potencializar la creaci\u00f3n de paneles solares para que las familias de los sectores m\u00e1s [&hellip;]<\/p>\n","protected":false},"author":2,"featured_media":57744,"comment_status":"closed","ping_status":"closed","sticky":false,"template":"","format":"video","meta":{"footnotes":""},"categories":[5,45],"tags":[],"class_list":["post-57728","post","type-post","status-publish","format-video","has-post-thumbnail","hentry","category-destacadas","category-localesyregionales","post_format-post-format-video","post--single"],"yoast_head":"<!-- This site is optimized with the Yoast SEO plugin v27.5 - https:\/\/yoast.com\/product\/yoast-seo-wordpress\/ -->\n<title>Va por M\u00e9xico impulsar\u00e1 contrapropuesta de Reforma El\u00e9ctrica, enfatiza Xavier Azuara Z\u00fa\u00f1iga. - Canal 7 SLP - 2022<\/title>\n<meta name=\"robots\" content=\"index, follow, max-snippet:-1, max-image-preview:large, max-video-preview:-1\" \/>\n<link rel=\"canonical\" href=\"https:\/\/canal7slp.tv\/2022\/va-por-mexico-impulsara-contrapropuesta-de-reforma-electrica-enfatiza-xavier-azuara-zuniga\/\" \/>\n<meta property=\"og:locale\" content=\"es_ES\" \/>\n<meta property=\"og:type\" content=\"article\" \/>\n<meta property=\"og:title\" content=\"Va por M\u00e9xico impulsar\u00e1 contrapropuesta de Reforma El\u00e9ctrica, enfatiza Xavier Azuara Z\u00fa\u00f1iga. - Canal 7 SLP - 2022\" \/>\n<meta property=\"og:description\" content=\"SLP.- El legislador panista a nivel federal, Xavier Azuara Z\u00fa\u00f1iga, detall\u00f3 que el grupo de oposici\u00f3n al Gobierno Federal, presentar\u00e1 una alternativa a la Reforma El\u00e9ctrica de Andr\u00e9s Manuel L\u00f3pez Obrador,\u00a0luego de que esta fuera rechazada al no contar con la mayor\u00eda de votos en la c\u00e1mara de diputados \u00abNosotros estamos preocupados por la politizaci\u00f3n y por la narrativa de mentiras que tiene el oficialismo, quiero decirte que nosotros tenemos una propuesta alternativa de reforma el\u00e9ctrica que si busque bajar la tarifa de luz y sobretodo potencializar la creaci\u00f3n de paneles solares para que las familias de los sectores m\u00e1s [&hellip;]\" \/>\n<meta property=\"og:url\" content=\"https:\/\/canal7slp.tv\/2022\/va-por-mexico-impulsara-contrapropuesta-de-reforma-electrica-enfatiza-xavier-azuara-zuniga\/\" \/>\n<meta property=\"og:site_name\" content=\"Canal 7 SLP - 2022\" \/>\n<meta property=\"article:publisher\" content=\"https:\/\/www.facebook.com\/noticieroscanalsiete\" \/>\n<meta property=\"article:published_time\" content=\"2022-04-19T22:05:57+00:00\" \/>\n<meta property=\"og:image\" content=\"https:\/\/canal7slp.tv\/2022\/wp-content\/uploads\/2022\/04\/Vazquez02AlternativaReforma.jpg\" \/>\n\t<meta property=\"og:image:width\" content=\"888\" \/>\n\t<meta property=\"og:image:height\" content=\"500\" \/>\n\t<meta property=\"og:image:type\" content=\"image\/jpeg\" \/>\n<meta name=\"author\" content=\"Edici\u00f3n Web\" \/>\n<meta name=\"twitter:card\" content=\"summary_large_image\" \/>\n<meta name=\"twitter:creator\" content=\"@NOTICIEROS7\" \/>\n<meta name=\"twitter:site\" content=\"@NOTICIEROS7\" \/>\n<meta name=\"twitter:label1\" content=\"Escrito por\" \/>\n\t<meta name=\"twitter:data1\" content=\"Edici\u00f3n Web\" \/>\n\t<meta name=\"twitter:label2\" content=\"Tiempo de lectura\" \/>\n\t<meta name=\"twitter:data2\" content=\"2 minutos\" \/>\n<script type=\"application\/ld+json\" class=\"yoast-schema-graph\">{\"@context\":\"https:\\\/\\\/schema.org\",\"@graph\":[{\"@type\":\"Article\",\"@id\":\"https:\\\/\\\/canal7slp.tv\\\/2022\\\/va-por-mexico-impulsara-contrapropuesta-de-reforma-electrica-enfatiza-xavier-azuara-zuniga\\\/#article\",\"isPartOf\":{\"@id\":\"https:\\\/\\\/canal7slp.tv\\\/2022\\\/va-por-mexico-impulsara-contrapropuesta-de-reforma-electrica-enfatiza-xavier-azuara-zuniga\\\/\"},\"author\":{\"name\":\"Edici\u00f3n Web\",\"@id\":\"https:\\\/\\\/canal7slp.tv\\\/2022\\\/#\\\/schema\\\/person\\\/429704152a21f5f856ce29aa69a238da\"},\"headline\":\"Va por M\u00e9xico impulsar\u00e1 contrapropuesta de Reforma El\u00e9ctrica, enfatiza Xavier Azuara Z\u00fa\u00f1iga.\",\"datePublished\":\"2022-04-19T22:05:57+00:00\",\"mainEntityOfPage\":{\"@id\":\"https:\\\/\\\/canal7slp.tv\\\/2022\\\/va-por-mexico-impulsara-contrapropuesta-de-reforma-electrica-enfatiza-xavier-azuara-zuniga\\\/\"},\"wordCount\":296,\"publisher\":{\"@id\":\"https:\\\/\\\/canal7slp.tv\\\/2022\\\/#organization\"},\"image\":{\"@id\":\"https:\\\/\\\/canal7slp.tv\\\/2022\\\/va-por-mexico-impulsara-contrapropuesta-de-reforma-electrica-enfatiza-xavier-azuara-zuniga\\\/#primaryimage\"},\"thumbnailUrl\":\"https:\\\/\\\/canal7slp.tv\\\/2022\\\/wp-content\\\/uploads\\\/2022\\\/04\\\/Vazquez02AlternativaReforma.jpg\",\"articleSection\":[\"DESTACADAS\",\"LOCALES Y REGIONALES\"],\"inLanguage\":\"es\"},{\"@type\":\"WebPage\",\"@id\":\"https:\\\/\\\/canal7slp.tv\\\/2022\\\/va-por-mexico-impulsara-contrapropuesta-de-reforma-electrica-enfatiza-xavier-azuara-zuniga\\\/\",\"url\":\"https:\\\/\\\/canal7slp.tv\\\/2022\\\/va-por-mexico-impulsara-contrapropuesta-de-reforma-electrica-enfatiza-xavier-azuara-zuniga\\\/\",\"name\":\"Va por M\u00e9xico impulsar\u00e1 contrapropuesta de Reforma El\u00e9ctrica, enfatiza Xavier Azuara Z\u00fa\u00f1iga. - Canal 7 SLP - 2022\",\"isPartOf\":{\"@id\":\"https:\\\/\\\/canal7slp.tv\\\/2022\\\/#website\"},\"primaryImageOfPage\":{\"@id\":\"https:\\\/\\\/canal7slp.tv\\\/2022\\\/va-por-mexico-impulsara-contrapropuesta-de-reforma-electrica-enfatiza-xavier-azuara-zuniga\\\/#primaryimage\"},\"image\":{\"@id\":\"https:\\\/\\\/canal7slp.tv\\\/2022\\\/va-por-mexico-impulsara-contrapropuesta-de-reforma-electrica-enfatiza-xavier-azuara-zuniga\\\/#primaryimage\"},\"thumbnailUrl\":\"https:\\\/\\\/canal7slp.tv\\\/2022\\\/wp-content\\\/uploads\\\/2022\\\/04\\\/Vazquez02AlternativaReforma.jpg\",\"datePublished\":\"2022-04-19T22:05:57+00:00\",\"breadcrumb\":{\"@id\":\"https:\\\/\\\/canal7slp.tv\\\/2022\\\/va-por-mexico-impulsara-contrapropuesta-de-reforma-electrica-enfatiza-xavier-azuara-zuniga\\\/#breadcrumb\"},\"inLanguage\":\"es\",\"potentialAction\":[{\"@type\":\"ReadAction\",\"target\":[\"https:\\\/\\\/canal7slp.tv\\\/2022\\\/va-por-mexico-impulsara-contrapropuesta-de-reforma-electrica-enfatiza-xavier-azuara-zuniga\\\/\"]}]},{\"@type\":\"ImageObject\",\"inLanguage\":\"es\",\"@id\":\"https:\\\/\\\/canal7slp.tv\\\/2022\\\/va-por-mexico-impulsara-contrapropuesta-de-reforma-electrica-enfatiza-xavier-azuara-zuniga\\\/#primaryimage\",\"url\":\"https:\\\/\\\/canal7slp.tv\\\/2022\\\/wp-content\\\/uploads\\\/2022\\\/04\\\/Vazquez02AlternativaReforma.jpg\",\"contentUrl\":\"https:\\\/\\\/canal7slp.tv\\\/2022\\\/wp-content\\\/uploads\\\/2022\\\/04\\\/Vazquez02AlternativaReforma.jpg\",\"width\":888,\"height\":500},{\"@type\":\"BreadcrumbList\",\"@id\":\"https:\\\/\\\/canal7slp.tv\\\/2022\\\/va-por-mexico-impulsara-contrapropuesta-de-reforma-electrica-enfatiza-xavier-azuara-zuniga\\\/#breadcrumb\",\"itemListElement\":[{\"@type\":\"ListItem\",\"position\":1,\"name\":\"Portada\",\"item\":\"https:\\\/\\\/canal7slp.tv\\\/2022\\\/\"},{\"@type\":\"ListItem\",\"position\":2,\"name\":\"Va por M\u00e9xico impulsar\u00e1 contrapropuesta de Reforma El\u00e9ctrica, enfatiza Xavier Azuara Z\u00fa\u00f1iga.\"}]},{\"@type\":\"WebSite\",\"@id\":\"https:\\\/\\\/canal7slp.tv\\\/2022\\\/#website\",\"url\":\"https:\\\/\\\/canal7slp.tv\\\/2022\\\/\",\"name\":\"N7 - Noticieros Canal 7\",\"description\":\"Somos Televisi\u00f3n\",\"publisher\":{\"@id\":\"https:\\\/\\\/canal7slp.tv\\\/2022\\\/#organization\"},\"potentialAction\":[{\"@type\":\"SearchAction\",\"target\":{\"@type\":\"EntryPoint\",\"urlTemplate\":\"https:\\\/\\\/canal7slp.tv\\\/2022\\\/?s={search_term_string}\"},\"query-input\":{\"@type\":\"PropertyValueSpecification\",\"valueRequired\":true,\"valueName\":\"search_term_string\"}}],\"inLanguage\":\"es\"},{\"@type\":\"Organization\",\"@id\":\"https:\\\/\\\/canal7slp.tv\\\/2022\\\/#organization\",\"name\":\"Noticieros Canal 7\",\"url\":\"https:\\\/\\\/canal7slp.tv\\\/2022\\\/\",\"logo\":{\"@type\":\"ImageObject\",\"inLanguage\":\"es\",\"@id\":\"https:\\\/\\\/canal7slp.tv\\\/2022\\\/#\\\/schema\\\/logo\\\/image\\\/\",\"url\":\"https:\\\/\\\/canal7slp.tv\\\/2022\\\/wp-content\\\/uploads\\\/2021\\\/01\\\/logo-noticieros@2x.png\",\"contentUrl\":\"https:\\\/\\\/canal7slp.tv\\\/2022\\\/wp-content\\\/uploads\\\/2021\\\/01\\\/logo-noticieros@2x.png\",\"width\":1017,\"height\":268,\"caption\":\"Noticieros Canal 7\"},\"image\":{\"@id\":\"https:\\\/\\\/canal7slp.tv\\\/2022\\\/#\\\/schema\\\/logo\\\/image\\\/\"},\"sameAs\":[\"https:\\\/\\\/www.facebook.com\\\/noticieroscanalsiete\",\"https:\\\/\\\/x.com\\\/NOTICIEROS7\",\"https:\\\/\\\/www.instagram.com\\\/canal7_slp\",\"https:\\\/\\\/www.youtube.com\\\/channel\\\/UCliiYs-gP3JfJeqdPrNdd5A\"]},{\"@type\":\"Person\",\"@id\":\"https:\\\/\\\/canal7slp.tv\\\/2022\\\/#\\\/schema\\\/person\\\/429704152a21f5f856ce29aa69a238da\",\"name\":\"Edici\u00f3n Web\",\"image\":{\"@type\":\"ImageObject\",\"inLanguage\":\"es\",\"@id\":\"https:\\\/\\\/secure.gravatar.com\\\/avatar\\\/eee448fc3f7164808013b816ba91ac7e43bbe82a70bebac296f8bc6f0addaa1a?s=96&d=mm&r=g\",\"url\":\"https:\\\/\\\/secure.gravatar.com\\\/avatar\\\/eee448fc3f7164808013b816ba91ac7e43bbe82a70bebac296f8bc6f0addaa1a?s=96&d=mm&r=g\",\"contentUrl\":\"https:\\\/\\\/secure.gravatar.com\\\/avatar\\\/eee448fc3f7164808013b816ba91ac7e43bbe82a70bebac296f8bc6f0addaa1a?s=96&d=mm&r=g\",\"caption\":\"Edici\u00f3n Web\"},\"url\":\"https:\\\/\\\/canal7slp.tv\\\/2022\\\/author\\\/edicionweb\\\/\"}]}<\/script>\n<!-- \/ Yoast SEO plugin. -->","yoast_head_json":{"title":"Va por M\u00e9xico impulsar\u00e1 contrapropuesta de Reforma El\u00e9ctrica, enfatiza Xavier Azuara Z\u00fa\u00f1iga. - Canal 7 SLP - 2022","robots":{"index":"index","follow":"follow","max-snippet":"max-snippet:-1","max-image-preview":"max-image-preview:large","max-video-preview":"max-video-preview:-1"},"canonical":"https:\/\/canal7slp.tv\/2022\/va-por-mexico-impulsara-contrapropuesta-de-reforma-electrica-enfatiza-xavier-azuara-zuniga\/","og_locale":"es_ES","og_type":"article","og_title":"Va por M\u00e9xico impulsar\u00e1 contrapropuesta de Reforma El\u00e9ctrica, enfatiza Xavier Azuara Z\u00fa\u00f1iga. - Canal 7 SLP - 2022","og_description":"SLP.- El legislador panista a nivel federal, Xavier Azuara Z\u00fa\u00f1iga, detall\u00f3 que el grupo de oposici\u00f3n al Gobierno Federal, presentar\u00e1 una alternativa a la Reforma El\u00e9ctrica de Andr\u00e9s Manuel L\u00f3pez Obrador,\u00a0luego de que esta fuera rechazada al no contar con la mayor\u00eda de votos en la c\u00e1mara de diputados \u00abNosotros estamos preocupados por la politizaci\u00f3n y por la narrativa de mentiras que tiene el oficialismo, quiero decirte que nosotros tenemos una propuesta alternativa de reforma el\u00e9ctrica que si busque bajar la tarifa de luz y sobretodo potencializar la creaci\u00f3n de paneles solares para que las familias de los sectores m\u00e1s [&hellip;]","og_url":"https:\/\/canal7slp.tv\/2022\/va-por-mexico-impulsara-contrapropuesta-de-reforma-electrica-enfatiza-xavier-azuara-zuniga\/","og_site_name":"Canal 7 SLP - 2022","article_publisher":"https:\/\/www.facebook.com\/noticieroscanalsiete","article_published_time":"2022-04-19T22:05:57+00:00","og_image":[{"width":888,"height":500,"url":"https:\/\/canal7slp.tv\/2022\/wp-content\/uploads\/2022\/04\/Vazquez02AlternativaReforma.jpg","type":"image\/jpeg"}],"author":"Edici\u00f3n Web","twitter_card":"summary_large_image","twitter_creator":"@NOTICIEROS7","twitter_site":"@NOTICIEROS7","twitter_misc":{"Escrito por":"Edici\u00f3n Web","Tiempo de lectura":"2 minutos"},"schema":{"@context":"https:\/\/schema.org","@graph":[{"@type":"Article","@id":"https:\/\/canal7slp.tv\/2022\/va-por-mexico-impulsara-contrapropuesta-de-reforma-electrica-enfatiza-xavier-azuara-zuniga\/#article","isPartOf":{"@id":"https:\/\/canal7slp.tv\/2022\/va-por-mexico-impulsara-contrapropuesta-de-reforma-electrica-enfatiza-xavier-azuara-zuniga\/"},"author":{"name":"Edici\u00f3n Web","@id":"https:\/\/canal7slp.tv\/2022\/#\/schema\/person\/429704152a21f5f856ce29aa69a238da"},"headline":"Va por M\u00e9xico impulsar\u00e1 contrapropuesta de Reforma El\u00e9ctrica, enfatiza Xavier Azuara Z\u00fa\u00f1iga.","datePublished":"2022-04-19T22:05:57+00:00","mainEntityOfPage":{"@id":"https:\/\/canal7slp.tv\/2022\/va-por-mexico-impulsara-contrapropuesta-de-reforma-electrica-enfatiza-xavier-azuara-zuniga\/"},"wordCount":296,"publisher":{"@id":"https:\/\/canal7slp.tv\/2022\/#organization"},"image":{"@id":"https:\/\/canal7slp.tv\/2022\/va-por-mexico-impulsara-contrapropuesta-de-reforma-electrica-enfatiza-xavier-azuara-zuniga\/#primaryimage"},"thumbnailUrl":"https:\/\/canal7slp.tv\/2022\/wp-content\/uploads\/2022\/04\/Vazquez02AlternativaReforma.jpg","articleSection":["DESTACADAS","LOCALES Y REGIONALES"],"inLanguage":"es"},{"@type":"WebPage","@id":"https:\/\/canal7slp.tv\/2022\/va-por-mexico-impulsara-contrapropuesta-de-reforma-electrica-enfatiza-xavier-azuara-zuniga\/","url":"https:\/\/canal7slp.tv\/2022\/va-por-mexico-impulsara-contrapropuesta-de-reforma-electrica-enfatiza-xavier-azuara-zuniga\/","name":"Va por M\u00e9xico impulsar\u00e1 contrapropuesta de Reforma El\u00e9ctrica, enfatiza Xavier Azuara Z\u00fa\u00f1iga. - Canal 7 SLP - 2022","isPartOf":{"@id":"https:\/\/canal7slp.tv\/2022\/#website"},"primaryImageOfPage":{"@id":"https:\/\/canal7slp.tv\/2022\/va-por-mexico-impulsara-contrapropuesta-de-reforma-electrica-enfatiza-xavier-azuara-zuniga\/#primaryimage"},"image":{"@id":"https:\/\/canal7slp.tv\/2022\/va-por-mexico-impulsara-contrapropuesta-de-reforma-electrica-enfatiza-xavier-azuara-zuniga\/#primaryimage"},"thumbnailUrl":"https:\/\/canal7slp.tv\/2022\/wp-content\/uploads\/2022\/04\/Vazquez02AlternativaReforma.jpg","datePublished":"2022-04-19T22:05:57+00:00","breadcrumb":{"@id":"https:\/\/canal7slp.tv\/2022\/va-por-mexico-impulsara-contrapropuesta-de-reforma-electrica-enfatiza-xavier-azuara-zuniga\/#breadcrumb"},"inLanguage":"es","potentialAction":[{"@type":"ReadAction","target":["https:\/\/canal7slp.tv\/2022\/va-por-mexico-impulsara-contrapropuesta-de-reforma-electrica-enfatiza-xavier-azuara-zuniga\/"]}]},{"@type":"ImageObject","inLanguage":"es","@id":"https:\/\/canal7slp.tv\/2022\/va-por-mexico-impulsara-contrapropuesta-de-reforma-electrica-enfatiza-xavier-azuara-zuniga\/#primaryimage","url":"https:\/\/canal7slp.tv\/2022\/wp-content\/uploads\/2022\/04\/Vazquez02AlternativaReforma.jpg","contentUrl":"https:\/\/canal7slp.tv\/2022\/wp-content\/uploads\/2022\/04\/Vazquez02AlternativaReforma.jpg","width":888,"height":500},{"@type":"BreadcrumbList","@id":"https:\/\/canal7slp.tv\/2022\/va-por-mexico-impulsara-contrapropuesta-de-reforma-electrica-enfatiza-xavier-azuara-zuniga\/#breadcrumb","itemListElement":[{"@type":"ListItem","position":1,"name":"Portada","item":"https:\/\/canal7slp.tv\/2022\/"},{"@type":"ListItem","position":2,"name":"Va por M\u00e9xico impulsar\u00e1 contrapropuesta de Reforma El\u00e9ctrica, enfatiza Xavier Azuara Z\u00fa\u00f1iga."}]},{"@type":"WebSite","@id":"https:\/\/canal7slp.tv\/2022\/#website","url":"https:\/\/canal7slp.tv\/2022\/","name":"N7 - Noticieros Canal 7","description":"Somos Televisi\u00f3n","publisher":{"@id":"https:\/\/canal7slp.tv\/2022\/#organization"},"potentialAction":[{"@type":"SearchAction","target":{"@type":"EntryPoint","urlTemplate":"https:\/\/canal7slp.tv\/2022\/?s={search_term_string}"},"query-input":{"@type":"PropertyValueSpecification","valueRequired":true,"valueName":"search_term_string"}}],"inLanguage":"es"},{"@type":"Organization","@id":"https:\/\/canal7slp.tv\/2022\/#organization","name":"Noticieros Canal 7","url":"https:\/\/canal7slp.tv\/2022\/","logo":{"@type":"ImageObject","inLanguage":"es","@id":"https:\/\/canal7slp.tv\/2022\/#\/schema\/logo\/image\/","url":"https:\/\/canal7slp.tv\/2022\/wp-content\/uploads\/2021\/01\/logo-noticieros@2x.png","contentUrl":"https:\/\/canal7slp.tv\/2022\/wp-content\/uploads\/2021\/01\/logo-noticieros@2x.png","width":1017,"height":268,"caption":"Noticieros Canal 7"},"image":{"@id":"https:\/\/canal7slp.tv\/2022\/#\/schema\/logo\/image\/"},"sameAs":["https:\/\/www.facebook.com\/noticieroscanalsiete","https:\/\/x.com\/NOTICIEROS7","https:\/\/www.instagram.com\/canal7_slp","https:\/\/www.youtube.com\/channel\/UCliiYs-gP3JfJeqdPrNdd5A"]},{"@type":"Person","@id":"https:\/\/canal7slp.tv\/2022\/#\/schema\/person\/429704152a21f5f856ce29aa69a238da","name":"Edici\u00f3n Web","image":{"@type":"ImageObject","inLanguage":"es","@id":"https:\/\/secure.gravatar.com\/avatar\/eee448fc3f7164808013b816ba91ac7e43bbe82a70bebac296f8bc6f0addaa1a?s=96&d=mm&r=g","url":"https:\/\/secure.gravatar.com\/avatar\/eee448fc3f7164808013b816ba91ac7e43bbe82a70bebac296f8bc6f0addaa1a?s=96&d=mm&r=g","contentUrl":"https:\/\/secure.gravatar.com\/avatar\/eee448fc3f7164808013b816ba91ac7e43bbe82a70bebac296f8bc6f0addaa1a?s=96&d=mm&r=g","caption":"Edici\u00f3n Web"},"url":"https:\/\/canal7slp.tv\/2022\/author\/edicionweb\/"}]}},"amp_enabled":true,"_links":{"self":[{"href":"https:\/\/canal7slp.tv\/2022\/wp-json\/wp\/v2\/posts\/57728","targetHints":{"allow":["GET"]}}],"collection":[{"href":"https:\/\/canal7slp.tv\/2022\/wp-json\/wp\/v2\/posts"}],"about":[{"href":"https:\/\/canal7slp.tv\/2022\/wp-json\/wp\/v2\/types\/post"}],"author":[{"embeddable":true,"href":"https:\/\/canal7slp.tv\/2022\/wp-json\/wp\/v2\/users\/2"}],"replies":[{"embeddable":true,"href":"https:\/\/canal7slp.tv\/2022\/wp-json\/wp\/v2\/comments?post=57728"}],"version-history":[{"count":2,"href":"https:\/\/canal7slp.tv\/2022\/wp-json\/wp\/v2\/posts\/57728\/revisions"}],"predecessor-version":[{"id":57745,"href":"https:\/\/canal7slp.tv\/2022\/wp-json\/wp\/v2\/posts\/57728\/revisions\/57745"}],"wp:featuredmedia":[{"embeddable":true,"href":"https:\/\/canal7slp.tv\/2022\/wp-json\/wp\/v2\/media\/57744"}],"wp:attachment":[{"href":"https:\/\/canal7slp.tv\/2022\/wp-json\/wp\/v2\/media?parent=57728"}],"wp:term":[{"taxonomy":"category","embeddable":true,"href":"https:\/\/canal7slp.tv\/2022\/wp-json\/wp\/v2\/categories?post=57728"},{"taxonomy":"post_tag","embeddable":true,"href":"https:\/\/canal7slp.tv\/2022\/wp-json\/wp\/v2\/tags?post=57728"}],"curies":[{"name":"wp","href":"https:\/\/api.w.org\/{rel}","templated":true}]}}