{"id":57693,"date":"2022-04-19T14:08:20","date_gmt":"2022-04-19T20:08:20","guid":{"rendered":"https:\/\/canal7slp.tv\/2022\/?p=57693"},"modified":"2022-04-19T14:08:20","modified_gmt":"2022-04-19T20:08:20","slug":"juez-de-yucatan-concede-suspension-provisional-a-la-construccion-del-tramo-5-sur-del-tren-maya","status":"publish","type":"post","link":"https:\/\/canal7slp.tv\/2022\/juez-de-yucatan-concede-suspension-provisional-a-la-construccion-del-tramo-5-sur-del-tren-maya\/","title":{"rendered":"Juez de Yucat\u00e1n concede suspensi\u00f3n provisional a la construcci\u00f3n del Tramo 5 Sur del Tren Maya"},"content":{"rendered":"<p style=\"text-align: justify;\">M\u00e9xico.- El Juez Federal, titular del Juzgado Primero de Distrito en el Estado de Yucat\u00e1n, Adri\u00e1n Fernando Novelo P\u00e9rez concedi\u00f3 la suspensi\u00f3n provisional a habitantes del municipio de Solidaridad, en Quintana Roo, contra la construcci\u00f3n del Tramo 5 Sur del Tren Maya.<\/p>\n<p style=\"text-align: justify;\">Novelo P\u00e9rez otorg\u00f3 la medida cautelar debido al riesgo existente de una afectaci\u00f3n al medio ambiente.<\/p>\n<p style=\"text-align: justify;\">Aunado a esto, recalc\u00f3 de que al momento de realizar una consulta a la p\u00e1gina oficial del proyecto, no advirti\u00f3 la existencia de la Manifestaci\u00f3n de Impacto Ambiental (MIA).<\/p>\n<p style=\"text-align: justify;\">Por tal motivo, se orden\u00f3 a la Secretar\u00eda de Desarrollo Agrario, Territorial y Urbano (SEDATU), a la Secretar\u00eda de la Defensa Nacional (SEDENA) y al Fondo Nacional de Fomento al Turismo (FONATUR), suspender o paralizar cualquier acto que tenga como finalidad la continuaci\u00f3n de la construcci\u00f3n del Tramo 5.<\/p>\n<p style=\"text-align: justify;\">No obstante, la suspensi\u00f3n no implica que se suspendan los tr\u00e1mites administrativos relacionados con el proyecto tales como la obtenci\u00f3n de permisos ambientales, la elaboraci\u00f3n de presupuestos y proyectos o cualquier acto administrativo que no tenga impacto o ejecuci\u00f3n material en la zona.<\/p>\n<p style=\"text-align: justify;\">El Juez Federal agreg\u00f3 que de no concederse la medida cautelar\u00a0se podr\u00eda causar afectaciones al medio ambiente, como la tala de \u00e1rboles, la destrucci\u00f3n de la flora y de las especies nativas y la perforaci\u00f3n del suelo.<\/p>\n","protected":false},"excerpt":{"rendered":"<p>M\u00e9xico.- El Juez Federal, titular del Juzgado Primero de Distrito en el Estado de Yucat\u00e1n, Adri\u00e1n Fernando Novelo P\u00e9rez concedi\u00f3 la suspensi\u00f3n provisional a habitantes del municipio de Solidaridad, en Quintana Roo, contra la construcci\u00f3n del Tramo 5 Sur del Tren Maya. Novelo P\u00e9rez otorg\u00f3 la medida cautelar debido al riesgo existente de una afectaci\u00f3n al medio ambiente. Aunado a esto, recalc\u00f3 de que al momento de realizar una consulta a la p\u00e1gina oficial del proyecto, no advirti\u00f3 la existencia de la Manifestaci\u00f3n de Impacto Ambiental (MIA). Por tal motivo, se orden\u00f3 a la Secretar\u00eda de Desarrollo Agrario, Territorial y [&hellip;]<\/p>\n","protected":false},"author":2,"featured_media":57705,"comment_status":"closed","ping_status":"closed","sticky":false,"template":"","format":"standard","meta":{"footnotes":""},"categories":[46],"tags":[],"class_list":["post-57693","post","type-post","status-publish","format-standard","has-post-thumbnail","hentry","category-nacional","post--single"],"yoast_head":"<!-- This site is optimized with the Yoast SEO plugin v27.5 - https:\/\/yoast.com\/product\/yoast-seo-wordpress\/ -->\n<title>Juez de Yucat\u00e1n concede suspensi\u00f3n provisional a la construcci\u00f3n del Tramo 5 Sur del Tren Maya - Canal 7 SLP - 2022<\/title>\n<meta name=\"robots\" content=\"index, follow, max-snippet:-1, max-image-preview:large, max-video-preview:-1\" \/>\n<link rel=\"canonical\" href=\"https:\/\/canal7slp.tv\/2022\/juez-de-yucatan-concede-suspension-provisional-a-la-construccion-del-tramo-5-sur-del-tren-maya\/\" \/>\n<meta property=\"og:locale\" content=\"es_ES\" \/>\n<meta property=\"og:type\" content=\"article\" \/>\n<meta property=\"og:title\" content=\"Juez de Yucat\u00e1n concede suspensi\u00f3n provisional a la construcci\u00f3n del Tramo 5 Sur del Tren Maya - Canal 7 SLP - 2022\" \/>\n<meta property=\"og:description\" content=\"M\u00e9xico.- El Juez Federal, titular del Juzgado Primero de Distrito en el Estado de Yucat\u00e1n, Adri\u00e1n Fernando Novelo P\u00e9rez concedi\u00f3 la suspensi\u00f3n provisional a habitantes del municipio de Solidaridad, en Quintana Roo, contra la construcci\u00f3n del Tramo 5 Sur del Tren Maya. Novelo P\u00e9rez otorg\u00f3 la medida cautelar debido al riesgo existente de una afectaci\u00f3n al medio ambiente. Aunado a esto, recalc\u00f3 de que al momento de realizar una consulta a la p\u00e1gina oficial del proyecto, no advirti\u00f3 la existencia de la Manifestaci\u00f3n de Impacto Ambiental (MIA). Por tal motivo, se orden\u00f3 a la Secretar\u00eda de Desarrollo Agrario, Territorial y [&hellip;]\" \/>\n<meta property=\"og:url\" content=\"https:\/\/canal7slp.tv\/2022\/juez-de-yucatan-concede-suspension-provisional-a-la-construccion-del-tramo-5-sur-del-tren-maya\/\" \/>\n<meta property=\"og:site_name\" content=\"Canal 7 SLP - 2022\" \/>\n<meta property=\"article:publisher\" content=\"https:\/\/www.facebook.com\/noticieroscanalsiete\" \/>\n<meta property=\"article:published_time\" content=\"2022-04-19T20:08:20+00:00\" \/>\n<meta property=\"og:image\" content=\"https:\/\/canal7slp.tv\/2022\/wp-content\/uploads\/2022\/04\/03-18.jpg\" \/>\n\t<meta property=\"og:image:width\" content=\"780\" \/>\n\t<meta property=\"og:image:height\" content=\"500\" \/>\n\t<meta property=\"og:image:type\" content=\"image\/jpeg\" \/>\n<meta name=\"author\" content=\"Edici\u00f3n Web\" \/>\n<meta name=\"twitter:card\" content=\"summary_large_image\" \/>\n<meta name=\"twitter:creator\" content=\"@NOTICIEROS7\" \/>\n<meta name=\"twitter:site\" content=\"@NOTICIEROS7\" \/>\n<meta name=\"twitter:label1\" content=\"Escrito por\" \/>\n\t<meta name=\"twitter:data1\" content=\"Edici\u00f3n Web\" \/>\n\t<meta name=\"twitter:label2\" content=\"Tiempo de lectura\" \/>\n\t<meta name=\"twitter:data2\" content=\"2 minutos\" \/>\n<script type=\"application\/ld+json\" class=\"yoast-schema-graph\">{\"@context\":\"https:\\\/\\\/schema.org\",\"@graph\":[{\"@type\":\"Article\",\"@id\":\"https:\\\/\\\/canal7slp.tv\\\/2022\\\/juez-de-yucatan-concede-suspension-provisional-a-la-construccion-del-tramo-5-sur-del-tren-maya\\\/#article\",\"isPartOf\":{\"@id\":\"https:\\\/\\\/canal7slp.tv\\\/2022\\\/juez-de-yucatan-concede-suspension-provisional-a-la-construccion-del-tramo-5-sur-del-tren-maya\\\/\"},\"author\":{\"name\":\"Edici\u00f3n Web\",\"@id\":\"https:\\\/\\\/canal7slp.tv\\\/2022\\\/#\\\/schema\\\/person\\\/429704152a21f5f856ce29aa69a238da\"},\"headline\":\"Juez de Yucat\u00e1n concede suspensi\u00f3n provisional a la construcci\u00f3n del Tramo 5 Sur del Tren Maya\",\"datePublished\":\"2022-04-19T20:08:20+00:00\",\"mainEntityOfPage\":{\"@id\":\"https:\\\/\\\/canal7slp.tv\\\/2022\\\/juez-de-yucatan-concede-suspension-provisional-a-la-construccion-del-tramo-5-sur-del-tren-maya\\\/\"},\"wordCount\":256,\"publisher\":{\"@id\":\"https:\\\/\\\/canal7slp.tv\\\/2022\\\/#organization\"},\"image\":{\"@id\":\"https:\\\/\\\/canal7slp.tv\\\/2022\\\/juez-de-yucatan-concede-suspension-provisional-a-la-construccion-del-tramo-5-sur-del-tren-maya\\\/#primaryimage\"},\"thumbnailUrl\":\"https:\\\/\\\/canal7slp.tv\\\/2022\\\/wp-content\\\/uploads\\\/2022\\\/04\\\/03-18.jpg\",\"articleSection\":[\"NACIONALES\"],\"inLanguage\":\"es\"},{\"@type\":\"WebPage\",\"@id\":\"https:\\\/\\\/canal7slp.tv\\\/2022\\\/juez-de-yucatan-concede-suspension-provisional-a-la-construccion-del-tramo-5-sur-del-tren-maya\\\/\",\"url\":\"https:\\\/\\\/canal7slp.tv\\\/2022\\\/juez-de-yucatan-concede-suspension-provisional-a-la-construccion-del-tramo-5-sur-del-tren-maya\\\/\",\"name\":\"Juez de Yucat\u00e1n concede suspensi\u00f3n provisional a la construcci\u00f3n del Tramo 5 Sur del Tren Maya - Canal 7 SLP - 2022\",\"isPartOf\":{\"@id\":\"https:\\\/\\\/canal7slp.tv\\\/2022\\\/#website\"},\"primaryImageOfPage\":{\"@id\":\"https:\\\/\\\/canal7slp.tv\\\/2022\\\/juez-de-yucatan-concede-suspension-provisional-a-la-construccion-del-tramo-5-sur-del-tren-maya\\\/#primaryimage\"},\"image\":{\"@id\":\"https:\\\/\\\/canal7slp.tv\\\/2022\\\/juez-de-yucatan-concede-suspension-provisional-a-la-construccion-del-tramo-5-sur-del-tren-maya\\\/#primaryimage\"},\"thumbnailUrl\":\"https:\\\/\\\/canal7slp.tv\\\/2022\\\/wp-content\\\/uploads\\\/2022\\\/04\\\/03-18.jpg\",\"datePublished\":\"2022-04-19T20:08:20+00:00\",\"breadcrumb\":{\"@id\":\"https:\\\/\\\/canal7slp.tv\\\/2022\\\/juez-de-yucatan-concede-suspension-provisional-a-la-construccion-del-tramo-5-sur-del-tren-maya\\\/#breadcrumb\"},\"inLanguage\":\"es\",\"potentialAction\":[{\"@type\":\"ReadAction\",\"target\":[\"https:\\\/\\\/canal7slp.tv\\\/2022\\\/juez-de-yucatan-concede-suspension-provisional-a-la-construccion-del-tramo-5-sur-del-tren-maya\\\/\"]}]},{\"@type\":\"ImageObject\",\"inLanguage\":\"es\",\"@id\":\"https:\\\/\\\/canal7slp.tv\\\/2022\\\/juez-de-yucatan-concede-suspension-provisional-a-la-construccion-del-tramo-5-sur-del-tren-maya\\\/#primaryimage\",\"url\":\"https:\\\/\\\/canal7slp.tv\\\/2022\\\/wp-content\\\/uploads\\\/2022\\\/04\\\/03-18.jpg\",\"contentUrl\":\"https:\\\/\\\/canal7slp.tv\\\/2022\\\/wp-content\\\/uploads\\\/2022\\\/04\\\/03-18.jpg\",\"width\":780,\"height\":500},{\"@type\":\"BreadcrumbList\",\"@id\":\"https:\\\/\\\/canal7slp.tv\\\/2022\\\/juez-de-yucatan-concede-suspension-provisional-a-la-construccion-del-tramo-5-sur-del-tren-maya\\\/#breadcrumb\",\"itemListElement\":[{\"@type\":\"ListItem\",\"position\":1,\"name\":\"Portada\",\"item\":\"https:\\\/\\\/canal7slp.tv\\\/2022\\\/\"},{\"@type\":\"ListItem\",\"position\":2,\"name\":\"Juez de Yucat\u00e1n concede suspensi\u00f3n provisional a la construcci\u00f3n del Tramo 5 Sur del Tren Maya\"}]},{\"@type\":\"WebSite\",\"@id\":\"https:\\\/\\\/canal7slp.tv\\\/2022\\\/#website\",\"url\":\"https:\\\/\\\/canal7slp.tv\\\/2022\\\/\",\"name\":\"N7 - Noticieros Canal 7\",\"description\":\"Somos Televisi\u00f3n\",\"publisher\":{\"@id\":\"https:\\\/\\\/canal7slp.tv\\\/2022\\\/#organization\"},\"potentialAction\":[{\"@type\":\"SearchAction\",\"target\":{\"@type\":\"EntryPoint\",\"urlTemplate\":\"https:\\\/\\\/canal7slp.tv\\\/2022\\\/?s={search_term_string}\"},\"query-input\":{\"@type\":\"PropertyValueSpecification\",\"valueRequired\":true,\"valueName\":\"search_term_string\"}}],\"inLanguage\":\"es\"},{\"@type\":\"Organization\",\"@id\":\"https:\\\/\\\/canal7slp.tv\\\/2022\\\/#organization\",\"name\":\"Noticieros Canal 7\",\"url\":\"https:\\\/\\\/canal7slp.tv\\\/2022\\\/\",\"logo\":{\"@type\":\"ImageObject\",\"inLanguage\":\"es\",\"@id\":\"https:\\\/\\\/canal7slp.tv\\\/2022\\\/#\\\/schema\\\/logo\\\/image\\\/\",\"url\":\"https:\\\/\\\/canal7slp.tv\\\/2022\\\/wp-content\\\/uploads\\\/2021\\\/01\\\/logo-noticieros@2x.png\",\"contentUrl\":\"https:\\\/\\\/canal7slp.tv\\\/2022\\\/wp-content\\\/uploads\\\/2021\\\/01\\\/logo-noticieros@2x.png\",\"width\":1017,\"height\":268,\"caption\":\"Noticieros Canal 7\"},\"image\":{\"@id\":\"https:\\\/\\\/canal7slp.tv\\\/2022\\\/#\\\/schema\\\/logo\\\/image\\\/\"},\"sameAs\":[\"https:\\\/\\\/www.facebook.com\\\/noticieroscanalsiete\",\"https:\\\/\\\/x.com\\\/NOTICIEROS7\",\"https:\\\/\\\/www.instagram.com\\\/canal7_slp\",\"https:\\\/\\\/www.youtube.com\\\/channel\\\/UCliiYs-gP3JfJeqdPrNdd5A\"]},{\"@type\":\"Person\",\"@id\":\"https:\\\/\\\/canal7slp.tv\\\/2022\\\/#\\\/schema\\\/person\\\/429704152a21f5f856ce29aa69a238da\",\"name\":\"Edici\u00f3n Web\",\"image\":{\"@type\":\"ImageObject\",\"inLanguage\":\"es\",\"@id\":\"https:\\\/\\\/secure.gravatar.com\\\/avatar\\\/eee448fc3f7164808013b816ba91ac7e43bbe82a70bebac296f8bc6f0addaa1a?s=96&d=mm&r=g\",\"url\":\"https:\\\/\\\/secure.gravatar.com\\\/avatar\\\/eee448fc3f7164808013b816ba91ac7e43bbe82a70bebac296f8bc6f0addaa1a?s=96&d=mm&r=g\",\"contentUrl\":\"https:\\\/\\\/secure.gravatar.com\\\/avatar\\\/eee448fc3f7164808013b816ba91ac7e43bbe82a70bebac296f8bc6f0addaa1a?s=96&d=mm&r=g\",\"caption\":\"Edici\u00f3n Web\"},\"url\":\"https:\\\/\\\/canal7slp.tv\\\/2022\\\/author\\\/edicionweb\\\/\"}]}<\/script>\n<!-- \/ Yoast SEO plugin. -->","yoast_head_json":{"title":"Juez de Yucat\u00e1n concede suspensi\u00f3n provisional a la construcci\u00f3n del Tramo 5 Sur del Tren Maya - Canal 7 SLP - 2022","robots":{"index":"index","follow":"follow","max-snippet":"max-snippet:-1","max-image-preview":"max-image-preview:large","max-video-preview":"max-video-preview:-1"},"canonical":"https:\/\/canal7slp.tv\/2022\/juez-de-yucatan-concede-suspension-provisional-a-la-construccion-del-tramo-5-sur-del-tren-maya\/","og_locale":"es_ES","og_type":"article","og_title":"Juez de Yucat\u00e1n concede suspensi\u00f3n provisional a la construcci\u00f3n del Tramo 5 Sur del Tren Maya - Canal 7 SLP - 2022","og_description":"M\u00e9xico.- El Juez Federal, titular del Juzgado Primero de Distrito en el Estado de Yucat\u00e1n, Adri\u00e1n Fernando Novelo P\u00e9rez concedi\u00f3 la suspensi\u00f3n provisional a habitantes del municipio de Solidaridad, en Quintana Roo, contra la construcci\u00f3n del Tramo 5 Sur del Tren Maya. Novelo P\u00e9rez otorg\u00f3 la medida cautelar debido al riesgo existente de una afectaci\u00f3n al medio ambiente. Aunado a esto, recalc\u00f3 de que al momento de realizar una consulta a la p\u00e1gina oficial del proyecto, no advirti\u00f3 la existencia de la Manifestaci\u00f3n de Impacto Ambiental (MIA). Por tal motivo, se orden\u00f3 a la Secretar\u00eda de Desarrollo Agrario, Territorial y [&hellip;]","og_url":"https:\/\/canal7slp.tv\/2022\/juez-de-yucatan-concede-suspension-provisional-a-la-construccion-del-tramo-5-sur-del-tren-maya\/","og_site_name":"Canal 7 SLP - 2022","article_publisher":"https:\/\/www.facebook.com\/noticieroscanalsiete","article_published_time":"2022-04-19T20:08:20+00:00","og_image":[{"width":780,"height":500,"url":"https:\/\/canal7slp.tv\/2022\/wp-content\/uploads\/2022\/04\/03-18.jpg","type":"image\/jpeg"}],"author":"Edici\u00f3n Web","twitter_card":"summary_large_image","twitter_creator":"@NOTICIEROS7","twitter_site":"@NOTICIEROS7","twitter_misc":{"Escrito por":"Edici\u00f3n Web","Tiempo de lectura":"2 minutos"},"schema":{"@context":"https:\/\/schema.org","@graph":[{"@type":"Article","@id":"https:\/\/canal7slp.tv\/2022\/juez-de-yucatan-concede-suspension-provisional-a-la-construccion-del-tramo-5-sur-del-tren-maya\/#article","isPartOf":{"@id":"https:\/\/canal7slp.tv\/2022\/juez-de-yucatan-concede-suspension-provisional-a-la-construccion-del-tramo-5-sur-del-tren-maya\/"},"author":{"name":"Edici\u00f3n Web","@id":"https:\/\/canal7slp.tv\/2022\/#\/schema\/person\/429704152a21f5f856ce29aa69a238da"},"headline":"Juez de Yucat\u00e1n concede suspensi\u00f3n provisional a la construcci\u00f3n del Tramo 5 Sur del Tren Maya","datePublished":"2022-04-19T20:08:20+00:00","mainEntityOfPage":{"@id":"https:\/\/canal7slp.tv\/2022\/juez-de-yucatan-concede-suspension-provisional-a-la-construccion-del-tramo-5-sur-del-tren-maya\/"},"wordCount":256,"publisher":{"@id":"https:\/\/canal7slp.tv\/2022\/#organization"},"image":{"@id":"https:\/\/canal7slp.tv\/2022\/juez-de-yucatan-concede-suspension-provisional-a-la-construccion-del-tramo-5-sur-del-tren-maya\/#primaryimage"},"thumbnailUrl":"https:\/\/canal7slp.tv\/2022\/wp-content\/uploads\/2022\/04\/03-18.jpg","articleSection":["NACIONALES"],"inLanguage":"es"},{"@type":"WebPage","@id":"https:\/\/canal7slp.tv\/2022\/juez-de-yucatan-concede-suspension-provisional-a-la-construccion-del-tramo-5-sur-del-tren-maya\/","url":"https:\/\/canal7slp.tv\/2022\/juez-de-yucatan-concede-suspension-provisional-a-la-construccion-del-tramo-5-sur-del-tren-maya\/","name":"Juez de Yucat\u00e1n concede suspensi\u00f3n provisional a la construcci\u00f3n del Tramo 5 Sur del Tren Maya - Canal 7 SLP - 2022","isPartOf":{"@id":"https:\/\/canal7slp.tv\/2022\/#website"},"primaryImageOfPage":{"@id":"https:\/\/canal7slp.tv\/2022\/juez-de-yucatan-concede-suspension-provisional-a-la-construccion-del-tramo-5-sur-del-tren-maya\/#primaryimage"},"image":{"@id":"https:\/\/canal7slp.tv\/2022\/juez-de-yucatan-concede-suspension-provisional-a-la-construccion-del-tramo-5-sur-del-tren-maya\/#primaryimage"},"thumbnailUrl":"https:\/\/canal7slp.tv\/2022\/wp-content\/uploads\/2022\/04\/03-18.jpg","datePublished":"2022-04-19T20:08:20+00:00","breadcrumb":{"@id":"https:\/\/canal7slp.tv\/2022\/juez-de-yucatan-concede-suspension-provisional-a-la-construccion-del-tramo-5-sur-del-tren-maya\/#breadcrumb"},"inLanguage":"es","potentialAction":[{"@type":"ReadAction","target":["https:\/\/canal7slp.tv\/2022\/juez-de-yucatan-concede-suspension-provisional-a-la-construccion-del-tramo-5-sur-del-tren-maya\/"]}]},{"@type":"ImageObject","inLanguage":"es","@id":"https:\/\/canal7slp.tv\/2022\/juez-de-yucatan-concede-suspension-provisional-a-la-construccion-del-tramo-5-sur-del-tren-maya\/#primaryimage","url":"https:\/\/canal7slp.tv\/2022\/wp-content\/uploads\/2022\/04\/03-18.jpg","contentUrl":"https:\/\/canal7slp.tv\/2022\/wp-content\/uploads\/2022\/04\/03-18.jpg","width":780,"height":500},{"@type":"BreadcrumbList","@id":"https:\/\/canal7slp.tv\/2022\/juez-de-yucatan-concede-suspension-provisional-a-la-construccion-del-tramo-5-sur-del-tren-maya\/#breadcrumb","itemListElement":[{"@type":"ListItem","position":1,"name":"Portada","item":"https:\/\/canal7slp.tv\/2022\/"},{"@type":"ListItem","position":2,"name":"Juez de Yucat\u00e1n concede suspensi\u00f3n provisional a la construcci\u00f3n del Tramo 5 Sur del Tren Maya"}]},{"@type":"WebSite","@id":"https:\/\/canal7slp.tv\/2022\/#website","url":"https:\/\/canal7slp.tv\/2022\/","name":"N7 - Noticieros Canal 7","description":"Somos Televisi\u00f3n","publisher":{"@id":"https:\/\/canal7slp.tv\/2022\/#organization"},"potentialAction":[{"@type":"SearchAction","target":{"@type":"EntryPoint","urlTemplate":"https:\/\/canal7slp.tv\/2022\/?s={search_term_string}"},"query-input":{"@type":"PropertyValueSpecification","valueRequired":true,"valueName":"search_term_string"}}],"inLanguage":"es"},{"@type":"Organization","@id":"https:\/\/canal7slp.tv\/2022\/#organization","name":"Noticieros Canal 7","url":"https:\/\/canal7slp.tv\/2022\/","logo":{"@type":"ImageObject","inLanguage":"es","@id":"https:\/\/canal7slp.tv\/2022\/#\/schema\/logo\/image\/","url":"https:\/\/canal7slp.tv\/2022\/wp-content\/uploads\/2021\/01\/logo-noticieros@2x.png","contentUrl":"https:\/\/canal7slp.tv\/2022\/wp-content\/uploads\/2021\/01\/logo-noticieros@2x.png","width":1017,"height":268,"caption":"Noticieros Canal 7"},"image":{"@id":"https:\/\/canal7slp.tv\/2022\/#\/schema\/logo\/image\/"},"sameAs":["https:\/\/www.facebook.com\/noticieroscanalsiete","https:\/\/x.com\/NOTICIEROS7","https:\/\/www.instagram.com\/canal7_slp","https:\/\/www.youtube.com\/channel\/UCliiYs-gP3JfJeqdPrNdd5A"]},{"@type":"Person","@id":"https:\/\/canal7slp.tv\/2022\/#\/schema\/person\/429704152a21f5f856ce29aa69a238da","name":"Edici\u00f3n Web","image":{"@type":"ImageObject","inLanguage":"es","@id":"https:\/\/secure.gravatar.com\/avatar\/eee448fc3f7164808013b816ba91ac7e43bbe82a70bebac296f8bc6f0addaa1a?s=96&d=mm&r=g","url":"https:\/\/secure.gravatar.com\/avatar\/eee448fc3f7164808013b816ba91ac7e43bbe82a70bebac296f8bc6f0addaa1a?s=96&d=mm&r=g","contentUrl":"https:\/\/secure.gravatar.com\/avatar\/eee448fc3f7164808013b816ba91ac7e43bbe82a70bebac296f8bc6f0addaa1a?s=96&d=mm&r=g","caption":"Edici\u00f3n Web"},"url":"https:\/\/canal7slp.tv\/2022\/author\/edicionweb\/"}]}},"amp_enabled":true,"_links":{"self":[{"href":"https:\/\/canal7slp.tv\/2022\/wp-json\/wp\/v2\/posts\/57693","targetHints":{"allow":["GET"]}}],"collection":[{"href":"https:\/\/canal7slp.tv\/2022\/wp-json\/wp\/v2\/posts"}],"about":[{"href":"https:\/\/canal7slp.tv\/2022\/wp-json\/wp\/v2\/types\/post"}],"author":[{"embeddable":true,"href":"https:\/\/canal7slp.tv\/2022\/wp-json\/wp\/v2\/users\/2"}],"replies":[{"embeddable":true,"href":"https:\/\/canal7slp.tv\/2022\/wp-json\/wp\/v2\/comments?post=57693"}],"version-history":[{"count":2,"href":"https:\/\/canal7slp.tv\/2022\/wp-json\/wp\/v2\/posts\/57693\/revisions"}],"predecessor-version":[{"id":57710,"href":"https:\/\/canal7slp.tv\/2022\/wp-json\/wp\/v2\/posts\/57693\/revisions\/57710"}],"wp:featuredmedia":[{"embeddable":true,"href":"https:\/\/canal7slp.tv\/2022\/wp-json\/wp\/v2\/media\/57705"}],"wp:attachment":[{"href":"https:\/\/canal7slp.tv\/2022\/wp-json\/wp\/v2\/media?parent=57693"}],"wp:term":[{"taxonomy":"category","embeddable":true,"href":"https:\/\/canal7slp.tv\/2022\/wp-json\/wp\/v2\/categories?post=57693"},{"taxonomy":"post_tag","embeddable":true,"href":"https:\/\/canal7slp.tv\/2022\/wp-json\/wp\/v2\/tags?post=57693"}],"curies":[{"name":"wp","href":"https:\/\/api.w.org\/{rel}","templated":true}]}}