{"id":57688,"date":"2022-04-19T11:06:01","date_gmt":"2022-04-19T17:06:01","guid":{"rendered":"https:\/\/canal7slp.tv\/2022\/?p=57688"},"modified":"2022-04-19T11:06:01","modified_gmt":"2022-04-19T17:06:01","slug":"aprueban-realizar-consulta-a-la-comunidad-afromexicana-que-radique-en-san-luis-potosi","status":"publish","type":"post","link":"https:\/\/canal7slp.tv\/2022\/aprueban-realizar-consulta-a-la-comunidad-afromexicana-que-radique-en-san-luis-potosi\/","title":{"rendered":"Aprueban realizar consulta a la comunidad afromexicana que radique en San Luis Potos\u00ed."},"content":{"rendered":"<p style=\"text-align: justify;\">SLP.-\u00a0Un acuerdo para ampliar la consulta a pueblos y comunidades ind\u00edgenas, tambi\u00e9n a la comunidad afromexicana que radica en San Luis Potos\u00ed fue aprobado en Comisiones Legislativas.<\/p>\n<p style=\"text-align: justify;\">Esto para atender de manera prioritaria la reforma electoral, coment\u00f3 Bernarda Reyes Hern\u00e1ndez, presidenta de la Comisi\u00f3n de Asuntos Ind\u00edgenas del Congreso del Estado.<\/p>\n<p style=\"text-align: justify;\">Indic\u00f3 que es necesaria la realizaci\u00f3n de foros en zonas con una alta presencia de personas afromexicanas.<\/p>\n<p style=\"text-align: justify;\">Esto se har\u00eda con la misma metodolog\u00eda con la que se lleva a cabo a los pueblos y comunidades ind\u00edgenas.<\/p>\n<p style=\"text-align: justify;\">Bernarda Reyes se\u00f1al\u00f3 que la implementaci\u00f3n de la consulta est\u00e1 a tiempo.<\/p>\n<p style=\"text-align: justify;\">Se atender\u00eda la parte administrativa y avanzar\u00eda en la metodolog\u00eda para conformar el equipo de trabajo que se har\u00e1 cargo de la labor en campo.<\/p>\n<p style=\"text-align: justify;\">Por: Oswaldo Mart\u00ednez<\/p>\n","protected":false},"excerpt":{"rendered":"<p>SLP.-\u00a0Un acuerdo para ampliar la consulta a pueblos y comunidades ind\u00edgenas, tambi\u00e9n a la comunidad afromexicana que radica en San Luis Potos\u00ed fue aprobado en Comisiones Legislativas. Esto para atender de manera prioritaria la reforma electoral, coment\u00f3 Bernarda Reyes Hern\u00e1ndez, presidenta de la Comisi\u00f3n de Asuntos Ind\u00edgenas del Congreso del Estado. Indic\u00f3 que es necesaria la realizaci\u00f3n de foros en zonas con una alta presencia de personas afromexicanas. Esto se har\u00eda con la misma metodolog\u00eda con la que se lleva a cabo a los pueblos y comunidades ind\u00edgenas. Bernarda Reyes se\u00f1al\u00f3 que la implementaci\u00f3n de la consulta est\u00e1 a tiempo. [&hellip;]<\/p>\n","protected":false},"author":2,"featured_media":57689,"comment_status":"closed","ping_status":"closed","sticky":false,"template":"","format":"video","meta":{"footnotes":""},"categories":[3,5,45],"tags":[],"class_list":["post-57688","post","type-post","status-publish","format-video","has-post-thumbnail","hentry","category-congreso","category-destacadas","category-localesyregionales","post_format-post-format-video","post--single"],"yoast_head":"<!-- This site is optimized with the Yoast SEO plugin v27.5 - https:\/\/yoast.com\/product\/yoast-seo-wordpress\/ -->\n<title>Aprueban realizar consulta a la comunidad afromexicana que radique en San Luis Potos\u00ed. - Canal 7 SLP - 2022<\/title>\n<meta name=\"robots\" content=\"index, follow, max-snippet:-1, max-image-preview:large, max-video-preview:-1\" \/>\n<link rel=\"canonical\" href=\"https:\/\/canal7slp.tv\/2022\/aprueban-realizar-consulta-a-la-comunidad-afromexicana-que-radique-en-san-luis-potosi\/\" \/>\n<meta property=\"og:locale\" content=\"es_ES\" \/>\n<meta property=\"og:type\" content=\"article\" \/>\n<meta property=\"og:title\" content=\"Aprueban realizar consulta a la comunidad afromexicana que radique en San Luis Potos\u00ed. - Canal 7 SLP - 2022\" \/>\n<meta property=\"og:description\" content=\"SLP.-\u00a0Un acuerdo para ampliar la consulta a pueblos y comunidades ind\u00edgenas, tambi\u00e9n a la comunidad afromexicana que radica en San Luis Potos\u00ed fue aprobado en Comisiones Legislativas. Esto para atender de manera prioritaria la reforma electoral, coment\u00f3 Bernarda Reyes Hern\u00e1ndez, presidenta de la Comisi\u00f3n de Asuntos Ind\u00edgenas del Congreso del Estado. Indic\u00f3 que es necesaria la realizaci\u00f3n de foros en zonas con una alta presencia de personas afromexicanas. Esto se har\u00eda con la misma metodolog\u00eda con la que se lleva a cabo a los pueblos y comunidades ind\u00edgenas. Bernarda Reyes se\u00f1al\u00f3 que la implementaci\u00f3n de la consulta est\u00e1 a tiempo. [&hellip;]\" \/>\n<meta property=\"og:url\" content=\"https:\/\/canal7slp.tv\/2022\/aprueban-realizar-consulta-a-la-comunidad-afromexicana-que-radique-en-san-luis-potosi\/\" \/>\n<meta property=\"og:site_name\" content=\"Canal 7 SLP - 2022\" \/>\n<meta property=\"article:publisher\" content=\"https:\/\/www.facebook.com\/noticieroscanalsiete\" \/>\n<meta property=\"article:published_time\" content=\"2022-04-19T17:06:01+00:00\" \/>\n<meta property=\"og:image\" content=\"https:\/\/canal7slp.tv\/2022\/wp-content\/uploads\/2022\/04\/Oswaldo01AfroConsulta.jpg\" \/>\n\t<meta property=\"og:image:width\" content=\"888\" \/>\n\t<meta property=\"og:image:height\" content=\"500\" \/>\n\t<meta property=\"og:image:type\" content=\"image\/jpeg\" \/>\n<meta name=\"author\" content=\"Edici\u00f3n Web\" \/>\n<meta name=\"twitter:card\" content=\"summary_large_image\" \/>\n<meta name=\"twitter:creator\" content=\"@NOTICIEROS7\" \/>\n<meta name=\"twitter:site\" content=\"@NOTICIEROS7\" \/>\n<meta name=\"twitter:label1\" content=\"Escrito por\" \/>\n\t<meta name=\"twitter:data1\" content=\"Edici\u00f3n Web\" \/>\n\t<meta name=\"twitter:label2\" content=\"Tiempo de lectura\" \/>\n\t<meta name=\"twitter:data2\" content=\"1 minuto\" \/>\n<script type=\"application\/ld+json\" class=\"yoast-schema-graph\">{\"@context\":\"https:\\\/\\\/schema.org\",\"@graph\":[{\"@type\":\"Article\",\"@id\":\"https:\\\/\\\/canal7slp.tv\\\/2022\\\/aprueban-realizar-consulta-a-la-comunidad-afromexicana-que-radique-en-san-luis-potosi\\\/#article\",\"isPartOf\":{\"@id\":\"https:\\\/\\\/canal7slp.tv\\\/2022\\\/aprueban-realizar-consulta-a-la-comunidad-afromexicana-que-radique-en-san-luis-potosi\\\/\"},\"author\":{\"name\":\"Edici\u00f3n Web\",\"@id\":\"https:\\\/\\\/canal7slp.tv\\\/2022\\\/#\\\/schema\\\/person\\\/429704152a21f5f856ce29aa69a238da\"},\"headline\":\"Aprueban realizar consulta a la comunidad afromexicana que radique en San Luis Potos\u00ed.\",\"datePublished\":\"2022-04-19T17:06:01+00:00\",\"mainEntityOfPage\":{\"@id\":\"https:\\\/\\\/canal7slp.tv\\\/2022\\\/aprueban-realizar-consulta-a-la-comunidad-afromexicana-que-radique-en-san-luis-potosi\\\/\"},\"wordCount\":158,\"publisher\":{\"@id\":\"https:\\\/\\\/canal7slp.tv\\\/2022\\\/#organization\"},\"image\":{\"@id\":\"https:\\\/\\\/canal7slp.tv\\\/2022\\\/aprueban-realizar-consulta-a-la-comunidad-afromexicana-que-radique-en-san-luis-potosi\\\/#primaryimage\"},\"thumbnailUrl\":\"https:\\\/\\\/canal7slp.tv\\\/2022\\\/wp-content\\\/uploads\\\/2022\\\/04\\\/Oswaldo01AfroConsulta.jpg\",\"articleSection\":[\"CONGRESO\",\"DESTACADAS\",\"LOCALES Y REGIONALES\"],\"inLanguage\":\"es\"},{\"@type\":\"WebPage\",\"@id\":\"https:\\\/\\\/canal7slp.tv\\\/2022\\\/aprueban-realizar-consulta-a-la-comunidad-afromexicana-que-radique-en-san-luis-potosi\\\/\",\"url\":\"https:\\\/\\\/canal7slp.tv\\\/2022\\\/aprueban-realizar-consulta-a-la-comunidad-afromexicana-que-radique-en-san-luis-potosi\\\/\",\"name\":\"Aprueban realizar consulta a la comunidad afromexicana que radique en San Luis Potos\u00ed. - Canal 7 SLP - 2022\",\"isPartOf\":{\"@id\":\"https:\\\/\\\/canal7slp.tv\\\/2022\\\/#website\"},\"primaryImageOfPage\":{\"@id\":\"https:\\\/\\\/canal7slp.tv\\\/2022\\\/aprueban-realizar-consulta-a-la-comunidad-afromexicana-que-radique-en-san-luis-potosi\\\/#primaryimage\"},\"image\":{\"@id\":\"https:\\\/\\\/canal7slp.tv\\\/2022\\\/aprueban-realizar-consulta-a-la-comunidad-afromexicana-que-radique-en-san-luis-potosi\\\/#primaryimage\"},\"thumbnailUrl\":\"https:\\\/\\\/canal7slp.tv\\\/2022\\\/wp-content\\\/uploads\\\/2022\\\/04\\\/Oswaldo01AfroConsulta.jpg\",\"datePublished\":\"2022-04-19T17:06:01+00:00\",\"breadcrumb\":{\"@id\":\"https:\\\/\\\/canal7slp.tv\\\/2022\\\/aprueban-realizar-consulta-a-la-comunidad-afromexicana-que-radique-en-san-luis-potosi\\\/#breadcrumb\"},\"inLanguage\":\"es\",\"potentialAction\":[{\"@type\":\"ReadAction\",\"target\":[\"https:\\\/\\\/canal7slp.tv\\\/2022\\\/aprueban-realizar-consulta-a-la-comunidad-afromexicana-que-radique-en-san-luis-potosi\\\/\"]}]},{\"@type\":\"ImageObject\",\"inLanguage\":\"es\",\"@id\":\"https:\\\/\\\/canal7slp.tv\\\/2022\\\/aprueban-realizar-consulta-a-la-comunidad-afromexicana-que-radique-en-san-luis-potosi\\\/#primaryimage\",\"url\":\"https:\\\/\\\/canal7slp.tv\\\/2022\\\/wp-content\\\/uploads\\\/2022\\\/04\\\/Oswaldo01AfroConsulta.jpg\",\"contentUrl\":\"https:\\\/\\\/canal7slp.tv\\\/2022\\\/wp-content\\\/uploads\\\/2022\\\/04\\\/Oswaldo01AfroConsulta.jpg\",\"width\":888,\"height\":500},{\"@type\":\"BreadcrumbList\",\"@id\":\"https:\\\/\\\/canal7slp.tv\\\/2022\\\/aprueban-realizar-consulta-a-la-comunidad-afromexicana-que-radique-en-san-luis-potosi\\\/#breadcrumb\",\"itemListElement\":[{\"@type\":\"ListItem\",\"position\":1,\"name\":\"Portada\",\"item\":\"https:\\\/\\\/canal7slp.tv\\\/2022\\\/\"},{\"@type\":\"ListItem\",\"position\":2,\"name\":\"Aprueban realizar consulta a la comunidad afromexicana que radique en San Luis Potos\u00ed.\"}]},{\"@type\":\"WebSite\",\"@id\":\"https:\\\/\\\/canal7slp.tv\\\/2022\\\/#website\",\"url\":\"https:\\\/\\\/canal7slp.tv\\\/2022\\\/\",\"name\":\"N7 - Noticieros Canal 7\",\"description\":\"Somos Televisi\u00f3n\",\"publisher\":{\"@id\":\"https:\\\/\\\/canal7slp.tv\\\/2022\\\/#organization\"},\"potentialAction\":[{\"@type\":\"SearchAction\",\"target\":{\"@type\":\"EntryPoint\",\"urlTemplate\":\"https:\\\/\\\/canal7slp.tv\\\/2022\\\/?s={search_term_string}\"},\"query-input\":{\"@type\":\"PropertyValueSpecification\",\"valueRequired\":true,\"valueName\":\"search_term_string\"}}],\"inLanguage\":\"es\"},{\"@type\":\"Organization\",\"@id\":\"https:\\\/\\\/canal7slp.tv\\\/2022\\\/#organization\",\"name\":\"Noticieros Canal 7\",\"url\":\"https:\\\/\\\/canal7slp.tv\\\/2022\\\/\",\"logo\":{\"@type\":\"ImageObject\",\"inLanguage\":\"es\",\"@id\":\"https:\\\/\\\/canal7slp.tv\\\/2022\\\/#\\\/schema\\\/logo\\\/image\\\/\",\"url\":\"https:\\\/\\\/canal7slp.tv\\\/2022\\\/wp-content\\\/uploads\\\/2021\\\/01\\\/logo-noticieros@2x.png\",\"contentUrl\":\"https:\\\/\\\/canal7slp.tv\\\/2022\\\/wp-content\\\/uploads\\\/2021\\\/01\\\/logo-noticieros@2x.png\",\"width\":1017,\"height\":268,\"caption\":\"Noticieros Canal 7\"},\"image\":{\"@id\":\"https:\\\/\\\/canal7slp.tv\\\/2022\\\/#\\\/schema\\\/logo\\\/image\\\/\"},\"sameAs\":[\"https:\\\/\\\/www.facebook.com\\\/noticieroscanalsiete\",\"https:\\\/\\\/x.com\\\/NOTICIEROS7\",\"https:\\\/\\\/www.instagram.com\\\/canal7_slp\",\"https:\\\/\\\/www.youtube.com\\\/channel\\\/UCliiYs-gP3JfJeqdPrNdd5A\"]},{\"@type\":\"Person\",\"@id\":\"https:\\\/\\\/canal7slp.tv\\\/2022\\\/#\\\/schema\\\/person\\\/429704152a21f5f856ce29aa69a238da\",\"name\":\"Edici\u00f3n Web\",\"image\":{\"@type\":\"ImageObject\",\"inLanguage\":\"es\",\"@id\":\"https:\\\/\\\/secure.gravatar.com\\\/avatar\\\/eee448fc3f7164808013b816ba91ac7e43bbe82a70bebac296f8bc6f0addaa1a?s=96&d=mm&r=g\",\"url\":\"https:\\\/\\\/secure.gravatar.com\\\/avatar\\\/eee448fc3f7164808013b816ba91ac7e43bbe82a70bebac296f8bc6f0addaa1a?s=96&d=mm&r=g\",\"contentUrl\":\"https:\\\/\\\/secure.gravatar.com\\\/avatar\\\/eee448fc3f7164808013b816ba91ac7e43bbe82a70bebac296f8bc6f0addaa1a?s=96&d=mm&r=g\",\"caption\":\"Edici\u00f3n Web\"},\"url\":\"https:\\\/\\\/canal7slp.tv\\\/2022\\\/author\\\/edicionweb\\\/\"}]}<\/script>\n<!-- \/ Yoast SEO plugin. -->","yoast_head_json":{"title":"Aprueban realizar consulta a la comunidad afromexicana que radique en San Luis Potos\u00ed. - Canal 7 SLP - 2022","robots":{"index":"index","follow":"follow","max-snippet":"max-snippet:-1","max-image-preview":"max-image-preview:large","max-video-preview":"max-video-preview:-1"},"canonical":"https:\/\/canal7slp.tv\/2022\/aprueban-realizar-consulta-a-la-comunidad-afromexicana-que-radique-en-san-luis-potosi\/","og_locale":"es_ES","og_type":"article","og_title":"Aprueban realizar consulta a la comunidad afromexicana que radique en San Luis Potos\u00ed. - Canal 7 SLP - 2022","og_description":"SLP.-\u00a0Un acuerdo para ampliar la consulta a pueblos y comunidades ind\u00edgenas, tambi\u00e9n a la comunidad afromexicana que radica en San Luis Potos\u00ed fue aprobado en Comisiones Legislativas. Esto para atender de manera prioritaria la reforma electoral, coment\u00f3 Bernarda Reyes Hern\u00e1ndez, presidenta de la Comisi\u00f3n de Asuntos Ind\u00edgenas del Congreso del Estado. Indic\u00f3 que es necesaria la realizaci\u00f3n de foros en zonas con una alta presencia de personas afromexicanas. Esto se har\u00eda con la misma metodolog\u00eda con la que se lleva a cabo a los pueblos y comunidades ind\u00edgenas. Bernarda Reyes se\u00f1al\u00f3 que la implementaci\u00f3n de la consulta est\u00e1 a tiempo. [&hellip;]","og_url":"https:\/\/canal7slp.tv\/2022\/aprueban-realizar-consulta-a-la-comunidad-afromexicana-que-radique-en-san-luis-potosi\/","og_site_name":"Canal 7 SLP - 2022","article_publisher":"https:\/\/www.facebook.com\/noticieroscanalsiete","article_published_time":"2022-04-19T17:06:01+00:00","og_image":[{"width":888,"height":500,"url":"https:\/\/canal7slp.tv\/2022\/wp-content\/uploads\/2022\/04\/Oswaldo01AfroConsulta.jpg","type":"image\/jpeg"}],"author":"Edici\u00f3n Web","twitter_card":"summary_large_image","twitter_creator":"@NOTICIEROS7","twitter_site":"@NOTICIEROS7","twitter_misc":{"Escrito por":"Edici\u00f3n Web","Tiempo de lectura":"1 minuto"},"schema":{"@context":"https:\/\/schema.org","@graph":[{"@type":"Article","@id":"https:\/\/canal7slp.tv\/2022\/aprueban-realizar-consulta-a-la-comunidad-afromexicana-que-radique-en-san-luis-potosi\/#article","isPartOf":{"@id":"https:\/\/canal7slp.tv\/2022\/aprueban-realizar-consulta-a-la-comunidad-afromexicana-que-radique-en-san-luis-potosi\/"},"author":{"name":"Edici\u00f3n Web","@id":"https:\/\/canal7slp.tv\/2022\/#\/schema\/person\/429704152a21f5f856ce29aa69a238da"},"headline":"Aprueban realizar consulta a la comunidad afromexicana que radique en San Luis Potos\u00ed.","datePublished":"2022-04-19T17:06:01+00:00","mainEntityOfPage":{"@id":"https:\/\/canal7slp.tv\/2022\/aprueban-realizar-consulta-a-la-comunidad-afromexicana-que-radique-en-san-luis-potosi\/"},"wordCount":158,"publisher":{"@id":"https:\/\/canal7slp.tv\/2022\/#organization"},"image":{"@id":"https:\/\/canal7slp.tv\/2022\/aprueban-realizar-consulta-a-la-comunidad-afromexicana-que-radique-en-san-luis-potosi\/#primaryimage"},"thumbnailUrl":"https:\/\/canal7slp.tv\/2022\/wp-content\/uploads\/2022\/04\/Oswaldo01AfroConsulta.jpg","articleSection":["CONGRESO","DESTACADAS","LOCALES Y REGIONALES"],"inLanguage":"es"},{"@type":"WebPage","@id":"https:\/\/canal7slp.tv\/2022\/aprueban-realizar-consulta-a-la-comunidad-afromexicana-que-radique-en-san-luis-potosi\/","url":"https:\/\/canal7slp.tv\/2022\/aprueban-realizar-consulta-a-la-comunidad-afromexicana-que-radique-en-san-luis-potosi\/","name":"Aprueban realizar consulta a la comunidad afromexicana que radique en San Luis Potos\u00ed. - Canal 7 SLP - 2022","isPartOf":{"@id":"https:\/\/canal7slp.tv\/2022\/#website"},"primaryImageOfPage":{"@id":"https:\/\/canal7slp.tv\/2022\/aprueban-realizar-consulta-a-la-comunidad-afromexicana-que-radique-en-san-luis-potosi\/#primaryimage"},"image":{"@id":"https:\/\/canal7slp.tv\/2022\/aprueban-realizar-consulta-a-la-comunidad-afromexicana-que-radique-en-san-luis-potosi\/#primaryimage"},"thumbnailUrl":"https:\/\/canal7slp.tv\/2022\/wp-content\/uploads\/2022\/04\/Oswaldo01AfroConsulta.jpg","datePublished":"2022-04-19T17:06:01+00:00","breadcrumb":{"@id":"https:\/\/canal7slp.tv\/2022\/aprueban-realizar-consulta-a-la-comunidad-afromexicana-que-radique-en-san-luis-potosi\/#breadcrumb"},"inLanguage":"es","potentialAction":[{"@type":"ReadAction","target":["https:\/\/canal7slp.tv\/2022\/aprueban-realizar-consulta-a-la-comunidad-afromexicana-que-radique-en-san-luis-potosi\/"]}]},{"@type":"ImageObject","inLanguage":"es","@id":"https:\/\/canal7slp.tv\/2022\/aprueban-realizar-consulta-a-la-comunidad-afromexicana-que-radique-en-san-luis-potosi\/#primaryimage","url":"https:\/\/canal7slp.tv\/2022\/wp-content\/uploads\/2022\/04\/Oswaldo01AfroConsulta.jpg","contentUrl":"https:\/\/canal7slp.tv\/2022\/wp-content\/uploads\/2022\/04\/Oswaldo01AfroConsulta.jpg","width":888,"height":500},{"@type":"BreadcrumbList","@id":"https:\/\/canal7slp.tv\/2022\/aprueban-realizar-consulta-a-la-comunidad-afromexicana-que-radique-en-san-luis-potosi\/#breadcrumb","itemListElement":[{"@type":"ListItem","position":1,"name":"Portada","item":"https:\/\/canal7slp.tv\/2022\/"},{"@type":"ListItem","position":2,"name":"Aprueban realizar consulta a la comunidad afromexicana que radique en San Luis Potos\u00ed."}]},{"@type":"WebSite","@id":"https:\/\/canal7slp.tv\/2022\/#website","url":"https:\/\/canal7slp.tv\/2022\/","name":"N7 - Noticieros Canal 7","description":"Somos Televisi\u00f3n","publisher":{"@id":"https:\/\/canal7slp.tv\/2022\/#organization"},"potentialAction":[{"@type":"SearchAction","target":{"@type":"EntryPoint","urlTemplate":"https:\/\/canal7slp.tv\/2022\/?s={search_term_string}"},"query-input":{"@type":"PropertyValueSpecification","valueRequired":true,"valueName":"search_term_string"}}],"inLanguage":"es"},{"@type":"Organization","@id":"https:\/\/canal7slp.tv\/2022\/#organization","name":"Noticieros Canal 7","url":"https:\/\/canal7slp.tv\/2022\/","logo":{"@type":"ImageObject","inLanguage":"es","@id":"https:\/\/canal7slp.tv\/2022\/#\/schema\/logo\/image\/","url":"https:\/\/canal7slp.tv\/2022\/wp-content\/uploads\/2021\/01\/logo-noticieros@2x.png","contentUrl":"https:\/\/canal7slp.tv\/2022\/wp-content\/uploads\/2021\/01\/logo-noticieros@2x.png","width":1017,"height":268,"caption":"Noticieros Canal 7"},"image":{"@id":"https:\/\/canal7slp.tv\/2022\/#\/schema\/logo\/image\/"},"sameAs":["https:\/\/www.facebook.com\/noticieroscanalsiete","https:\/\/x.com\/NOTICIEROS7","https:\/\/www.instagram.com\/canal7_slp","https:\/\/www.youtube.com\/channel\/UCliiYs-gP3JfJeqdPrNdd5A"]},{"@type":"Person","@id":"https:\/\/canal7slp.tv\/2022\/#\/schema\/person\/429704152a21f5f856ce29aa69a238da","name":"Edici\u00f3n Web","image":{"@type":"ImageObject","inLanguage":"es","@id":"https:\/\/secure.gravatar.com\/avatar\/eee448fc3f7164808013b816ba91ac7e43bbe82a70bebac296f8bc6f0addaa1a?s=96&d=mm&r=g","url":"https:\/\/secure.gravatar.com\/avatar\/eee448fc3f7164808013b816ba91ac7e43bbe82a70bebac296f8bc6f0addaa1a?s=96&d=mm&r=g","contentUrl":"https:\/\/secure.gravatar.com\/avatar\/eee448fc3f7164808013b816ba91ac7e43bbe82a70bebac296f8bc6f0addaa1a?s=96&d=mm&r=g","caption":"Edici\u00f3n Web"},"url":"https:\/\/canal7slp.tv\/2022\/author\/edicionweb\/"}]}},"amp_enabled":true,"_links":{"self":[{"href":"https:\/\/canal7slp.tv\/2022\/wp-json\/wp\/v2\/posts\/57688","targetHints":{"allow":["GET"]}}],"collection":[{"href":"https:\/\/canal7slp.tv\/2022\/wp-json\/wp\/v2\/posts"}],"about":[{"href":"https:\/\/canal7slp.tv\/2022\/wp-json\/wp\/v2\/types\/post"}],"author":[{"embeddable":true,"href":"https:\/\/canal7slp.tv\/2022\/wp-json\/wp\/v2\/users\/2"}],"replies":[{"embeddable":true,"href":"https:\/\/canal7slp.tv\/2022\/wp-json\/wp\/v2\/comments?post=57688"}],"version-history":[{"count":1,"href":"https:\/\/canal7slp.tv\/2022\/wp-json\/wp\/v2\/posts\/57688\/revisions"}],"predecessor-version":[{"id":57690,"href":"https:\/\/canal7slp.tv\/2022\/wp-json\/wp\/v2\/posts\/57688\/revisions\/57690"}],"wp:featuredmedia":[{"embeddable":true,"href":"https:\/\/canal7slp.tv\/2022\/wp-json\/wp\/v2\/media\/57689"}],"wp:attachment":[{"href":"https:\/\/canal7slp.tv\/2022\/wp-json\/wp\/v2\/media?parent=57688"}],"wp:term":[{"taxonomy":"category","embeddable":true,"href":"https:\/\/canal7slp.tv\/2022\/wp-json\/wp\/v2\/categories?post=57688"},{"taxonomy":"post_tag","embeddable":true,"href":"https:\/\/canal7slp.tv\/2022\/wp-json\/wp\/v2\/tags?post=57688"}],"curies":[{"name":"wp","href":"https:\/\/api.w.org\/{rel}","templated":true}]}}