{"id":57672,"date":"2022-04-19T05:23:18","date_gmt":"2022-04-19T11:23:18","guid":{"rendered":"https:\/\/canal7slp.tv\/2022\/?p=57672"},"modified":"2022-04-19T05:23:18","modified_gmt":"2022-04-19T11:23:18","slug":"a-partir-del-20-de-abril-infonavit-realizara-una-feria-de-servicios","status":"publish","type":"post","link":"https:\/\/canal7slp.tv\/2022\/a-partir-del-20-de-abril-infonavit-realizara-una-feria-de-servicios\/","title":{"rendered":"A partir del 20 de abril, INFONAVIT realizar\u00e1 una Feria de Servicios."},"content":{"rendered":"<p style=\"text-align: justify;\">SLP.- El Instituto del Fondo Nacional de la Vivienda para los Trabajadores (INFONAVIT) realizar\u00e1 una Feria de Servicios en San Luis Potos\u00ed y Ciudad Valles del 20 al 22 de abril.<\/p>\n<p style=\"text-align: justify;\">Los Centros de Servicio ofrecer\u00e1n horario ampliado para brindar atenci\u00f3n.<\/p>\n<p style=\"text-align: justify;\">La delegada del INFONAVIT en San Luis Potos\u00ed, Nayeli Guadalupe Balam Chan habl\u00f3 al respecto.<\/p>\n<p>Actividades se efectuar\u00e1n mes con mes y se brindar\u00e1 asesor\u00eda sobre los diferentes tipos de cr\u00e9dito con los que se cuenta y se dar\u00e1 precalificaci\u00f3n.<\/p>\n<p style=\"text-align: justify;\">Por: Paulina Rodr\u00edguez<\/p>\n","protected":false},"excerpt":{"rendered":"<p>SLP.- El Instituto del Fondo Nacional de la Vivienda para los Trabajadores (INFONAVIT) realizar\u00e1 una Feria de Servicios en San Luis Potos\u00ed y Ciudad Valles del 20 al 22 de abril. Los Centros de Servicio ofrecer\u00e1n horario ampliado para brindar atenci\u00f3n. La delegada del INFONAVIT en San Luis Potos\u00ed, Nayeli Guadalupe Balam Chan habl\u00f3 al respecto. Actividades se efectuar\u00e1n mes con mes y se brindar\u00e1 asesor\u00eda sobre los diferentes tipos de cr\u00e9dito con los que se cuenta y se dar\u00e1 precalificaci\u00f3n. Por: Paulina Rodr\u00edguez<\/p>\n","protected":false},"author":2,"featured_media":57673,"comment_status":"closed","ping_status":"closed","sticky":false,"template":"","format":"video","meta":{"footnotes":""},"categories":[5,45],"tags":[],"class_list":["post-57672","post","type-post","status-publish","format-video","has-post-thumbnail","hentry","category-destacadas","category-localesyregionales","post_format-post-format-video","post--single"],"yoast_head":"<!-- This site is optimized with the Yoast SEO plugin v27.5 - https:\/\/yoast.com\/product\/yoast-seo-wordpress\/ -->\n<title>A partir del 20 de abril, INFONAVIT realizar\u00e1 una Feria de Servicios. - Canal 7 SLP - 2022<\/title>\n<meta name=\"robots\" content=\"index, follow, max-snippet:-1, max-image-preview:large, max-video-preview:-1\" \/>\n<link rel=\"canonical\" href=\"https:\/\/canal7slp.tv\/2022\/a-partir-del-20-de-abril-infonavit-realizara-una-feria-de-servicios\/\" \/>\n<meta property=\"og:locale\" content=\"es_ES\" \/>\n<meta property=\"og:type\" content=\"article\" \/>\n<meta property=\"og:title\" content=\"A partir del 20 de abril, INFONAVIT realizar\u00e1 una Feria de Servicios. - Canal 7 SLP - 2022\" \/>\n<meta property=\"og:description\" content=\"SLP.- El Instituto del Fondo Nacional de la Vivienda para los Trabajadores (INFONAVIT) realizar\u00e1 una Feria de Servicios en San Luis Potos\u00ed y Ciudad Valles del 20 al 22 de abril. Los Centros de Servicio ofrecer\u00e1n horario ampliado para brindar atenci\u00f3n. La delegada del INFONAVIT en San Luis Potos\u00ed, Nayeli Guadalupe Balam Chan habl\u00f3 al respecto. Actividades se efectuar\u00e1n mes con mes y se brindar\u00e1 asesor\u00eda sobre los diferentes tipos de cr\u00e9dito con los que se cuenta y se dar\u00e1 precalificaci\u00f3n. Por: Paulina Rodr\u00edguez\" \/>\n<meta property=\"og:url\" content=\"https:\/\/canal7slp.tv\/2022\/a-partir-del-20-de-abril-infonavit-realizara-una-feria-de-servicios\/\" \/>\n<meta property=\"og:site_name\" content=\"Canal 7 SLP - 2022\" \/>\n<meta property=\"article:publisher\" content=\"https:\/\/www.facebook.com\/noticieroscanalsiete\" \/>\n<meta property=\"article:published_time\" content=\"2022-04-19T11:23:18+00:00\" \/>\n<meta property=\"og:image\" content=\"https:\/\/canal7slp.tv\/2022\/wp-content\/uploads\/2022\/04\/Pau04Infonavit.jpg\" \/>\n\t<meta property=\"og:image:width\" content=\"888\" \/>\n\t<meta property=\"og:image:height\" content=\"500\" \/>\n\t<meta property=\"og:image:type\" content=\"image\/jpeg\" \/>\n<meta name=\"author\" content=\"Edici\u00f3n Web\" \/>\n<meta name=\"twitter:card\" content=\"summary_large_image\" \/>\n<meta name=\"twitter:creator\" content=\"@NOTICIEROS7\" \/>\n<meta name=\"twitter:site\" content=\"@NOTICIEROS7\" \/>\n<meta name=\"twitter:label1\" content=\"Escrito por\" \/>\n\t<meta name=\"twitter:data1\" content=\"Edici\u00f3n Web\" \/>\n\t<meta name=\"twitter:label2\" content=\"Tiempo de lectura\" \/>\n\t<meta name=\"twitter:data2\" content=\"1 minuto\" \/>\n<script type=\"application\/ld+json\" class=\"yoast-schema-graph\">{\"@context\":\"https:\\\/\\\/schema.org\",\"@graph\":[{\"@type\":\"Article\",\"@id\":\"https:\\\/\\\/canal7slp.tv\\\/2022\\\/a-partir-del-20-de-abril-infonavit-realizara-una-feria-de-servicios\\\/#article\",\"isPartOf\":{\"@id\":\"https:\\\/\\\/canal7slp.tv\\\/2022\\\/a-partir-del-20-de-abril-infonavit-realizara-una-feria-de-servicios\\\/\"},\"author\":{\"name\":\"Edici\u00f3n Web\",\"@id\":\"https:\\\/\\\/canal7slp.tv\\\/2022\\\/#\\\/schema\\\/person\\\/429704152a21f5f856ce29aa69a238da\"},\"headline\":\"A partir del 20 de abril, INFONAVIT realizar\u00e1 una Feria de Servicios.\",\"datePublished\":\"2022-04-19T11:23:18+00:00\",\"mainEntityOfPage\":{\"@id\":\"https:\\\/\\\/canal7slp.tv\\\/2022\\\/a-partir-del-20-de-abril-infonavit-realizara-una-feria-de-servicios\\\/\"},\"wordCount\":101,\"publisher\":{\"@id\":\"https:\\\/\\\/canal7slp.tv\\\/2022\\\/#organization\"},\"image\":{\"@id\":\"https:\\\/\\\/canal7slp.tv\\\/2022\\\/a-partir-del-20-de-abril-infonavit-realizara-una-feria-de-servicios\\\/#primaryimage\"},\"thumbnailUrl\":\"https:\\\/\\\/canal7slp.tv\\\/2022\\\/wp-content\\\/uploads\\\/2022\\\/04\\\/Pau04Infonavit.jpg\",\"articleSection\":[\"DESTACADAS\",\"LOCALES Y REGIONALES\"],\"inLanguage\":\"es\"},{\"@type\":\"WebPage\",\"@id\":\"https:\\\/\\\/canal7slp.tv\\\/2022\\\/a-partir-del-20-de-abril-infonavit-realizara-una-feria-de-servicios\\\/\",\"url\":\"https:\\\/\\\/canal7slp.tv\\\/2022\\\/a-partir-del-20-de-abril-infonavit-realizara-una-feria-de-servicios\\\/\",\"name\":\"A partir del 20 de abril, INFONAVIT realizar\u00e1 una Feria de Servicios. - Canal 7 SLP - 2022\",\"isPartOf\":{\"@id\":\"https:\\\/\\\/canal7slp.tv\\\/2022\\\/#website\"},\"primaryImageOfPage\":{\"@id\":\"https:\\\/\\\/canal7slp.tv\\\/2022\\\/a-partir-del-20-de-abril-infonavit-realizara-una-feria-de-servicios\\\/#primaryimage\"},\"image\":{\"@id\":\"https:\\\/\\\/canal7slp.tv\\\/2022\\\/a-partir-del-20-de-abril-infonavit-realizara-una-feria-de-servicios\\\/#primaryimage\"},\"thumbnailUrl\":\"https:\\\/\\\/canal7slp.tv\\\/2022\\\/wp-content\\\/uploads\\\/2022\\\/04\\\/Pau04Infonavit.jpg\",\"datePublished\":\"2022-04-19T11:23:18+00:00\",\"breadcrumb\":{\"@id\":\"https:\\\/\\\/canal7slp.tv\\\/2022\\\/a-partir-del-20-de-abril-infonavit-realizara-una-feria-de-servicios\\\/#breadcrumb\"},\"inLanguage\":\"es\",\"potentialAction\":[{\"@type\":\"ReadAction\",\"target\":[\"https:\\\/\\\/canal7slp.tv\\\/2022\\\/a-partir-del-20-de-abril-infonavit-realizara-una-feria-de-servicios\\\/\"]}]},{\"@type\":\"ImageObject\",\"inLanguage\":\"es\",\"@id\":\"https:\\\/\\\/canal7slp.tv\\\/2022\\\/a-partir-del-20-de-abril-infonavit-realizara-una-feria-de-servicios\\\/#primaryimage\",\"url\":\"https:\\\/\\\/canal7slp.tv\\\/2022\\\/wp-content\\\/uploads\\\/2022\\\/04\\\/Pau04Infonavit.jpg\",\"contentUrl\":\"https:\\\/\\\/canal7slp.tv\\\/2022\\\/wp-content\\\/uploads\\\/2022\\\/04\\\/Pau04Infonavit.jpg\",\"width\":888,\"height\":500},{\"@type\":\"BreadcrumbList\",\"@id\":\"https:\\\/\\\/canal7slp.tv\\\/2022\\\/a-partir-del-20-de-abril-infonavit-realizara-una-feria-de-servicios\\\/#breadcrumb\",\"itemListElement\":[{\"@type\":\"ListItem\",\"position\":1,\"name\":\"Portada\",\"item\":\"https:\\\/\\\/canal7slp.tv\\\/2022\\\/\"},{\"@type\":\"ListItem\",\"position\":2,\"name\":\"A partir del 20 de abril, INFONAVIT realizar\u00e1 una Feria de Servicios.\"}]},{\"@type\":\"WebSite\",\"@id\":\"https:\\\/\\\/canal7slp.tv\\\/2022\\\/#website\",\"url\":\"https:\\\/\\\/canal7slp.tv\\\/2022\\\/\",\"name\":\"N7 - Noticieros Canal 7\",\"description\":\"Somos Televisi\u00f3n\",\"publisher\":{\"@id\":\"https:\\\/\\\/canal7slp.tv\\\/2022\\\/#organization\"},\"potentialAction\":[{\"@type\":\"SearchAction\",\"target\":{\"@type\":\"EntryPoint\",\"urlTemplate\":\"https:\\\/\\\/canal7slp.tv\\\/2022\\\/?s={search_term_string}\"},\"query-input\":{\"@type\":\"PropertyValueSpecification\",\"valueRequired\":true,\"valueName\":\"search_term_string\"}}],\"inLanguage\":\"es\"},{\"@type\":\"Organization\",\"@id\":\"https:\\\/\\\/canal7slp.tv\\\/2022\\\/#organization\",\"name\":\"Noticieros Canal 7\",\"url\":\"https:\\\/\\\/canal7slp.tv\\\/2022\\\/\",\"logo\":{\"@type\":\"ImageObject\",\"inLanguage\":\"es\",\"@id\":\"https:\\\/\\\/canal7slp.tv\\\/2022\\\/#\\\/schema\\\/logo\\\/image\\\/\",\"url\":\"https:\\\/\\\/canal7slp.tv\\\/2022\\\/wp-content\\\/uploads\\\/2021\\\/01\\\/logo-noticieros@2x.png\",\"contentUrl\":\"https:\\\/\\\/canal7slp.tv\\\/2022\\\/wp-content\\\/uploads\\\/2021\\\/01\\\/logo-noticieros@2x.png\",\"width\":1017,\"height\":268,\"caption\":\"Noticieros Canal 7\"},\"image\":{\"@id\":\"https:\\\/\\\/canal7slp.tv\\\/2022\\\/#\\\/schema\\\/logo\\\/image\\\/\"},\"sameAs\":[\"https:\\\/\\\/www.facebook.com\\\/noticieroscanalsiete\",\"https:\\\/\\\/x.com\\\/NOTICIEROS7\",\"https:\\\/\\\/www.instagram.com\\\/canal7_slp\",\"https:\\\/\\\/www.youtube.com\\\/channel\\\/UCliiYs-gP3JfJeqdPrNdd5A\"]},{\"@type\":\"Person\",\"@id\":\"https:\\\/\\\/canal7slp.tv\\\/2022\\\/#\\\/schema\\\/person\\\/429704152a21f5f856ce29aa69a238da\",\"name\":\"Edici\u00f3n Web\",\"image\":{\"@type\":\"ImageObject\",\"inLanguage\":\"es\",\"@id\":\"https:\\\/\\\/secure.gravatar.com\\\/avatar\\\/eee448fc3f7164808013b816ba91ac7e43bbe82a70bebac296f8bc6f0addaa1a?s=96&d=mm&r=g\",\"url\":\"https:\\\/\\\/secure.gravatar.com\\\/avatar\\\/eee448fc3f7164808013b816ba91ac7e43bbe82a70bebac296f8bc6f0addaa1a?s=96&d=mm&r=g\",\"contentUrl\":\"https:\\\/\\\/secure.gravatar.com\\\/avatar\\\/eee448fc3f7164808013b816ba91ac7e43bbe82a70bebac296f8bc6f0addaa1a?s=96&d=mm&r=g\",\"caption\":\"Edici\u00f3n Web\"},\"url\":\"https:\\\/\\\/canal7slp.tv\\\/2022\\\/author\\\/edicionweb\\\/\"}]}<\/script>\n<!-- \/ Yoast SEO plugin. -->","yoast_head_json":{"title":"A partir del 20 de abril, INFONAVIT realizar\u00e1 una Feria de Servicios. - Canal 7 SLP - 2022","robots":{"index":"index","follow":"follow","max-snippet":"max-snippet:-1","max-image-preview":"max-image-preview:large","max-video-preview":"max-video-preview:-1"},"canonical":"https:\/\/canal7slp.tv\/2022\/a-partir-del-20-de-abril-infonavit-realizara-una-feria-de-servicios\/","og_locale":"es_ES","og_type":"article","og_title":"A partir del 20 de abril, INFONAVIT realizar\u00e1 una Feria de Servicios. - Canal 7 SLP - 2022","og_description":"SLP.- El Instituto del Fondo Nacional de la Vivienda para los Trabajadores (INFONAVIT) realizar\u00e1 una Feria de Servicios en San Luis Potos\u00ed y Ciudad Valles del 20 al 22 de abril. Los Centros de Servicio ofrecer\u00e1n horario ampliado para brindar atenci\u00f3n. La delegada del INFONAVIT en San Luis Potos\u00ed, Nayeli Guadalupe Balam Chan habl\u00f3 al respecto. Actividades se efectuar\u00e1n mes con mes y se brindar\u00e1 asesor\u00eda sobre los diferentes tipos de cr\u00e9dito con los que se cuenta y se dar\u00e1 precalificaci\u00f3n. Por: Paulina Rodr\u00edguez","og_url":"https:\/\/canal7slp.tv\/2022\/a-partir-del-20-de-abril-infonavit-realizara-una-feria-de-servicios\/","og_site_name":"Canal 7 SLP - 2022","article_publisher":"https:\/\/www.facebook.com\/noticieroscanalsiete","article_published_time":"2022-04-19T11:23:18+00:00","og_image":[{"width":888,"height":500,"url":"https:\/\/canal7slp.tv\/2022\/wp-content\/uploads\/2022\/04\/Pau04Infonavit.jpg","type":"image\/jpeg"}],"author":"Edici\u00f3n Web","twitter_card":"summary_large_image","twitter_creator":"@NOTICIEROS7","twitter_site":"@NOTICIEROS7","twitter_misc":{"Escrito por":"Edici\u00f3n Web","Tiempo de lectura":"1 minuto"},"schema":{"@context":"https:\/\/schema.org","@graph":[{"@type":"Article","@id":"https:\/\/canal7slp.tv\/2022\/a-partir-del-20-de-abril-infonavit-realizara-una-feria-de-servicios\/#article","isPartOf":{"@id":"https:\/\/canal7slp.tv\/2022\/a-partir-del-20-de-abril-infonavit-realizara-una-feria-de-servicios\/"},"author":{"name":"Edici\u00f3n Web","@id":"https:\/\/canal7slp.tv\/2022\/#\/schema\/person\/429704152a21f5f856ce29aa69a238da"},"headline":"A partir del 20 de abril, INFONAVIT realizar\u00e1 una Feria de Servicios.","datePublished":"2022-04-19T11:23:18+00:00","mainEntityOfPage":{"@id":"https:\/\/canal7slp.tv\/2022\/a-partir-del-20-de-abril-infonavit-realizara-una-feria-de-servicios\/"},"wordCount":101,"publisher":{"@id":"https:\/\/canal7slp.tv\/2022\/#organization"},"image":{"@id":"https:\/\/canal7slp.tv\/2022\/a-partir-del-20-de-abril-infonavit-realizara-una-feria-de-servicios\/#primaryimage"},"thumbnailUrl":"https:\/\/canal7slp.tv\/2022\/wp-content\/uploads\/2022\/04\/Pau04Infonavit.jpg","articleSection":["DESTACADAS","LOCALES Y REGIONALES"],"inLanguage":"es"},{"@type":"WebPage","@id":"https:\/\/canal7slp.tv\/2022\/a-partir-del-20-de-abril-infonavit-realizara-una-feria-de-servicios\/","url":"https:\/\/canal7slp.tv\/2022\/a-partir-del-20-de-abril-infonavit-realizara-una-feria-de-servicios\/","name":"A partir del 20 de abril, INFONAVIT realizar\u00e1 una Feria de Servicios. - Canal 7 SLP - 2022","isPartOf":{"@id":"https:\/\/canal7slp.tv\/2022\/#website"},"primaryImageOfPage":{"@id":"https:\/\/canal7slp.tv\/2022\/a-partir-del-20-de-abril-infonavit-realizara-una-feria-de-servicios\/#primaryimage"},"image":{"@id":"https:\/\/canal7slp.tv\/2022\/a-partir-del-20-de-abril-infonavit-realizara-una-feria-de-servicios\/#primaryimage"},"thumbnailUrl":"https:\/\/canal7slp.tv\/2022\/wp-content\/uploads\/2022\/04\/Pau04Infonavit.jpg","datePublished":"2022-04-19T11:23:18+00:00","breadcrumb":{"@id":"https:\/\/canal7slp.tv\/2022\/a-partir-del-20-de-abril-infonavit-realizara-una-feria-de-servicios\/#breadcrumb"},"inLanguage":"es","potentialAction":[{"@type":"ReadAction","target":["https:\/\/canal7slp.tv\/2022\/a-partir-del-20-de-abril-infonavit-realizara-una-feria-de-servicios\/"]}]},{"@type":"ImageObject","inLanguage":"es","@id":"https:\/\/canal7slp.tv\/2022\/a-partir-del-20-de-abril-infonavit-realizara-una-feria-de-servicios\/#primaryimage","url":"https:\/\/canal7slp.tv\/2022\/wp-content\/uploads\/2022\/04\/Pau04Infonavit.jpg","contentUrl":"https:\/\/canal7slp.tv\/2022\/wp-content\/uploads\/2022\/04\/Pau04Infonavit.jpg","width":888,"height":500},{"@type":"BreadcrumbList","@id":"https:\/\/canal7slp.tv\/2022\/a-partir-del-20-de-abril-infonavit-realizara-una-feria-de-servicios\/#breadcrumb","itemListElement":[{"@type":"ListItem","position":1,"name":"Portada","item":"https:\/\/canal7slp.tv\/2022\/"},{"@type":"ListItem","position":2,"name":"A partir del 20 de abril, INFONAVIT realizar\u00e1 una Feria de Servicios."}]},{"@type":"WebSite","@id":"https:\/\/canal7slp.tv\/2022\/#website","url":"https:\/\/canal7slp.tv\/2022\/","name":"N7 - Noticieros Canal 7","description":"Somos Televisi\u00f3n","publisher":{"@id":"https:\/\/canal7slp.tv\/2022\/#organization"},"potentialAction":[{"@type":"SearchAction","target":{"@type":"EntryPoint","urlTemplate":"https:\/\/canal7slp.tv\/2022\/?s={search_term_string}"},"query-input":{"@type":"PropertyValueSpecification","valueRequired":true,"valueName":"search_term_string"}}],"inLanguage":"es"},{"@type":"Organization","@id":"https:\/\/canal7slp.tv\/2022\/#organization","name":"Noticieros Canal 7","url":"https:\/\/canal7slp.tv\/2022\/","logo":{"@type":"ImageObject","inLanguage":"es","@id":"https:\/\/canal7slp.tv\/2022\/#\/schema\/logo\/image\/","url":"https:\/\/canal7slp.tv\/2022\/wp-content\/uploads\/2021\/01\/logo-noticieros@2x.png","contentUrl":"https:\/\/canal7slp.tv\/2022\/wp-content\/uploads\/2021\/01\/logo-noticieros@2x.png","width":1017,"height":268,"caption":"Noticieros Canal 7"},"image":{"@id":"https:\/\/canal7slp.tv\/2022\/#\/schema\/logo\/image\/"},"sameAs":["https:\/\/www.facebook.com\/noticieroscanalsiete","https:\/\/x.com\/NOTICIEROS7","https:\/\/www.instagram.com\/canal7_slp","https:\/\/www.youtube.com\/channel\/UCliiYs-gP3JfJeqdPrNdd5A"]},{"@type":"Person","@id":"https:\/\/canal7slp.tv\/2022\/#\/schema\/person\/429704152a21f5f856ce29aa69a238da","name":"Edici\u00f3n Web","image":{"@type":"ImageObject","inLanguage":"es","@id":"https:\/\/secure.gravatar.com\/avatar\/eee448fc3f7164808013b816ba91ac7e43bbe82a70bebac296f8bc6f0addaa1a?s=96&d=mm&r=g","url":"https:\/\/secure.gravatar.com\/avatar\/eee448fc3f7164808013b816ba91ac7e43bbe82a70bebac296f8bc6f0addaa1a?s=96&d=mm&r=g","contentUrl":"https:\/\/secure.gravatar.com\/avatar\/eee448fc3f7164808013b816ba91ac7e43bbe82a70bebac296f8bc6f0addaa1a?s=96&d=mm&r=g","caption":"Edici\u00f3n Web"},"url":"https:\/\/canal7slp.tv\/2022\/author\/edicionweb\/"}]}},"amp_enabled":true,"_links":{"self":[{"href":"https:\/\/canal7slp.tv\/2022\/wp-json\/wp\/v2\/posts\/57672","targetHints":{"allow":["GET"]}}],"collection":[{"href":"https:\/\/canal7slp.tv\/2022\/wp-json\/wp\/v2\/posts"}],"about":[{"href":"https:\/\/canal7slp.tv\/2022\/wp-json\/wp\/v2\/types\/post"}],"author":[{"embeddable":true,"href":"https:\/\/canal7slp.tv\/2022\/wp-json\/wp\/v2\/users\/2"}],"replies":[{"embeddable":true,"href":"https:\/\/canal7slp.tv\/2022\/wp-json\/wp\/v2\/comments?post=57672"}],"version-history":[{"count":2,"href":"https:\/\/canal7slp.tv\/2022\/wp-json\/wp\/v2\/posts\/57672\/revisions"}],"predecessor-version":[{"id":57675,"href":"https:\/\/canal7slp.tv\/2022\/wp-json\/wp\/v2\/posts\/57672\/revisions\/57675"}],"wp:featuredmedia":[{"embeddable":true,"href":"https:\/\/canal7slp.tv\/2022\/wp-json\/wp\/v2\/media\/57673"}],"wp:attachment":[{"href":"https:\/\/canal7slp.tv\/2022\/wp-json\/wp\/v2\/media?parent=57672"}],"wp:term":[{"taxonomy":"category","embeddable":true,"href":"https:\/\/canal7slp.tv\/2022\/wp-json\/wp\/v2\/categories?post=57672"},{"taxonomy":"post_tag","embeddable":true,"href":"https:\/\/canal7slp.tv\/2022\/wp-json\/wp\/v2\/tags?post=57672"}],"curies":[{"name":"wp","href":"https:\/\/api.w.org\/{rel}","templated":true}]}}