{"id":57648,"date":"2022-04-18T16:08:30","date_gmt":"2022-04-18T22:08:30","guid":{"rendered":"https:\/\/canal7slp.tv\/2022\/?p=57648"},"modified":"2022-04-18T16:08:30","modified_gmt":"2022-04-18T22:08:30","slug":"autoridades-activan-52-sedes-de-vacunacion-anticovid-en-slp","status":"publish","type":"post","link":"https:\/\/canal7slp.tv\/2022\/autoridades-activan-52-sedes-de-vacunacion-anticovid-en-slp\/","title":{"rendered":"Autoridades activan 52 sedes de vacunaci\u00f3n anticovid en SLP."},"content":{"rendered":"<p style=\"text-align: justify;\">SLP.- El secretario de salud en el Gobierno del Estado, Daniel Acosta D\u00edaz de Le\u00f3n, inform\u00f3 que se activar\u00e1n 52 sedes de vacunaci\u00f3n contra el virus de la Covid-19 distribuidas en las siete jurisdicciones sanitarias de San Luis Potos\u00ed.<\/p>\n<p style=\"text-align: justify;\">\u00abCon el objetivo de incrementar la cobertura de vacunaci\u00f3n en personas rezagadas en su primera y segunda dosis as\u00ed como la dosis de refuerzo contra el virus Sars Cov 2 en poblaci\u00f3n de 18 a\u00f1os y m\u00e1s, se ha optado por fortalecer la estrategia correcaminos\u00bb, dijo.<\/p>\n<p style=\"text-align: justify;\">La idea, se\u00f1al\u00f3, es involucrar de una manera m\u00e1s activa a las instituciones del Sistema Nacional de Salud, considerando a las instituciones federales como el IMSS, ISSSTE, Pemex, SEDENA, la Secretar\u00eda de Marina y las propias Secretar\u00edas de Salud de los 32 estados de la Rep\u00fablica.<\/p>\n<p style=\"text-align: justify;\">\u00abDebido a ello, a partir del d\u00eda de hoy lunes 18 y hasta el 22 de abril en un horario de 9 de la ma\u00f1ana a 15:30 p.m., personal de estos servicios de salud estar\u00e1n vacunando en 52 sedes instaladas en nuestros centros de salud, jurisdicciones sanitarias y hospitales en todo lo largo y ancho del estado\u00bb, detall\u00f3.<\/p>\n<p style=\"text-align: justify;\">Las sedes de vacunaci\u00f3n en la jurisdicci\u00f3n I ser\u00e1n: el Centro de Salud Juan H. S\u00e1nchez, Centro de Salud Saucito y la Unidad de Medicina Familiar de Soledad; en la Zona II son: las instalaciones de la jurisdicci\u00f3n sanitaria 2 en Matehuala, y los centros de salud de Cedral, Vanegas, Venado y Guadalc\u00e1zar.<\/p>\n<p style=\"text-align: justify;\">Los centros de vacunaci\u00f3n que se habilitaron en la regi\u00f3n III se encuentran en los centros de salud de Ahualulco, Villa de Reyes, Santa Mar\u00eda del Rio, Villa de Arriaga, as\u00ed como tambi\u00e9n en los Hospitales B\u00e1sicos Comunitarios de Villa de Arista y Salinas.<\/p>\n<p style=\"text-align: justify;\">En cuanto a las sedes de la jurisdicci\u00f3n IV, estas se ubicar\u00e1n en el Hospital General de Rioverde, en los centros de salud de San Miguel, El Bosque, Ciudad Fern\u00e1ndez, El Refugio y C\u00e1rdenas; tambi\u00e9n en el Hospital B\u00e1sico Comunitario de Ciudad del Ma\u00edz.<\/p>\n<p style=\"text-align: justify;\">En el caso del Centro de Salud de San Nicol\u00e1s Tolentino, la vacunaci\u00f3n solo estar\u00e1 disponible el d\u00eda 20 de abril; el d\u00eda 21 en el Centro de Salud de Santa Catarina; el d\u00eda 22 en el Centro de Salud de San Ciro de Acosta; para el d\u00eda 26 las dosis se podr\u00e1n conseguir en el Centro de Salud de Cerritos, mientras que durante el d\u00eda 27 ser\u00e1 en Vila Ju\u00e1rez.<\/p>\n<p style=\"text-align: justify;\">En la zona V se podr\u00e1 acudir al Hospital General de Valles, a los Centros de Salud de San Rafael, Francisco Villa, Ponciano Arriaga, Tamasopo, Dami\u00e1n Carmona y Tamu\u00edn; as\u00ed como a los Hospitales B\u00e1sicos Comunitarios que tiene \u00c9bano y Tamu\u00edn.<\/p>\n<p style=\"text-align: justify;\">En lo que corresponde a la VI, se habilitar\u00e1n las sedes en las unidades de Medicina Familiar de Tamazunchale y Matlapa, los Hospitales B\u00e1sicos Comunitarios de Tamazunchale y Xilitla, adem\u00e1s del Centro de Salud de Chapulhuacanito.<\/p>\n<p style=\"text-align: justify;\">Mientras que en la VII las vacunas se aplicar\u00e1n en los Centros de Salud de San Vicente, Tanqui\u00e1n, Tampamol\u00f3n, Coxcatl\u00e1n, Tancanhuitz, Tanlaj\u00e1s, Huichihuay\u00e1n y San Antonio; tambi\u00e9n en el Hospital B\u00e1sico Comunitario de Aquism\u00f3n.<\/p>\n<p style=\"text-align: justify;\">Los requisitos para quienes requieran una dosis de refuerzo es tener al menos 4 meses de haber recibido la segunda dosis y 8 semanas de haberse aplicado la primera dosis para los que requieran la segunda; los interesados deber\u00e1n estar registrados en mi vacuna.salud.gob.mx, presentar el comprobante de vacunaci\u00f3n una identificaci\u00f3n con fotograf\u00eda y CURP actualizada.<\/p>\n<p style=\"text-align: justify;\">Por: Jos\u00e9 Luis V\u00e1zquez<\/p>\n","protected":false},"excerpt":{"rendered":"<p>SLP.- El secretario de salud en el Gobierno del Estado, Daniel Acosta D\u00edaz de Le\u00f3n, inform\u00f3 que se activar\u00e1n 52 sedes de vacunaci\u00f3n contra el virus de la Covid-19 distribuidas en las siete jurisdicciones sanitarias de San Luis Potos\u00ed. \u00abCon el objetivo de incrementar la cobertura de vacunaci\u00f3n en personas rezagadas en su primera y segunda dosis as\u00ed como la dosis de refuerzo contra el virus Sars Cov 2 en poblaci\u00f3n de 18 a\u00f1os y m\u00e1s, se ha optado por fortalecer la estrategia correcaminos\u00bb, dijo. La idea, se\u00f1al\u00f3, es involucrar de una manera m\u00e1s activa a las instituciones del Sistema [&hellip;]<\/p>\n","protected":false},"author":2,"featured_media":57656,"comment_status":"closed","ping_status":"closed","sticky":false,"template":"","format":"video","meta":{"footnotes":""},"categories":[4,5,510,45],"tags":[],"class_list":["post-57648","post","type-post","status-publish","format-video","has-post-thumbnail","hentry","category-covid-19","category-destacadas","category-gobedoslp","category-localesyregionales","post_format-post-format-video","post--single"],"yoast_head":"<!-- This site is optimized with the Yoast SEO plugin v27.5 - https:\/\/yoast.com\/product\/yoast-seo-wordpress\/ -->\n<title>Autoridades activan 52 sedes de vacunaci\u00f3n anticovid en SLP. - Canal 7 SLP - 2022<\/title>\n<meta name=\"robots\" content=\"index, follow, max-snippet:-1, max-image-preview:large, max-video-preview:-1\" \/>\n<link rel=\"canonical\" href=\"https:\/\/canal7slp.tv\/2022\/autoridades-activan-52-sedes-de-vacunacion-anticovid-en-slp\/\" \/>\n<meta property=\"og:locale\" content=\"es_ES\" \/>\n<meta property=\"og:type\" content=\"article\" \/>\n<meta property=\"og:title\" content=\"Autoridades activan 52 sedes de vacunaci\u00f3n anticovid en SLP. - Canal 7 SLP - 2022\" \/>\n<meta property=\"og:description\" content=\"SLP.- El secretario de salud en el Gobierno del Estado, Daniel Acosta D\u00edaz de Le\u00f3n, inform\u00f3 que se activar\u00e1n 52 sedes de vacunaci\u00f3n contra el virus de la Covid-19 distribuidas en las siete jurisdicciones sanitarias de San Luis Potos\u00ed. \u00abCon el objetivo de incrementar la cobertura de vacunaci\u00f3n en personas rezagadas en su primera y segunda dosis as\u00ed como la dosis de refuerzo contra el virus Sars Cov 2 en poblaci\u00f3n de 18 a\u00f1os y m\u00e1s, se ha optado por fortalecer la estrategia correcaminos\u00bb, dijo. La idea, se\u00f1al\u00f3, es involucrar de una manera m\u00e1s activa a las instituciones del Sistema [&hellip;]\" \/>\n<meta property=\"og:url\" content=\"https:\/\/canal7slp.tv\/2022\/autoridades-activan-52-sedes-de-vacunacion-anticovid-en-slp\/\" \/>\n<meta property=\"og:site_name\" content=\"Canal 7 SLP - 2022\" \/>\n<meta property=\"article:publisher\" content=\"https:\/\/www.facebook.com\/noticieroscanalsiete\" \/>\n<meta property=\"article:published_time\" content=\"2022-04-18T22:08:30+00:00\" \/>\n<meta property=\"og:image\" content=\"https:\/\/canal7slp.tv\/2022\/wp-content\/uploads\/2022\/04\/Vazquez04Vacunacion.jpg\" \/>\n\t<meta property=\"og:image:width\" content=\"888\" \/>\n\t<meta property=\"og:image:height\" content=\"500\" \/>\n\t<meta property=\"og:image:type\" content=\"image\/jpeg\" \/>\n<meta name=\"author\" content=\"Edici\u00f3n Web\" \/>\n<meta name=\"twitter:card\" content=\"summary_large_image\" \/>\n<meta name=\"twitter:creator\" content=\"@NOTICIEROS7\" \/>\n<meta name=\"twitter:site\" content=\"@NOTICIEROS7\" \/>\n<meta name=\"twitter:label1\" content=\"Escrito por\" \/>\n\t<meta name=\"twitter:data1\" content=\"Edici\u00f3n Web\" \/>\n\t<meta name=\"twitter:label2\" content=\"Tiempo de lectura\" \/>\n\t<meta name=\"twitter:data2\" content=\"3 minutos\" \/>\n<script type=\"application\/ld+json\" class=\"yoast-schema-graph\">{\"@context\":\"https:\\\/\\\/schema.org\",\"@graph\":[{\"@type\":\"Article\",\"@id\":\"https:\\\/\\\/canal7slp.tv\\\/2022\\\/autoridades-activan-52-sedes-de-vacunacion-anticovid-en-slp\\\/#article\",\"isPartOf\":{\"@id\":\"https:\\\/\\\/canal7slp.tv\\\/2022\\\/autoridades-activan-52-sedes-de-vacunacion-anticovid-en-slp\\\/\"},\"author\":{\"name\":\"Edici\u00f3n Web\",\"@id\":\"https:\\\/\\\/canal7slp.tv\\\/2022\\\/#\\\/schema\\\/person\\\/429704152a21f5f856ce29aa69a238da\"},\"headline\":\"Autoridades activan 52 sedes de vacunaci\u00f3n anticovid en SLP.\",\"datePublished\":\"2022-04-18T22:08:30+00:00\",\"mainEntityOfPage\":{\"@id\":\"https:\\\/\\\/canal7slp.tv\\\/2022\\\/autoridades-activan-52-sedes-de-vacunacion-anticovid-en-slp\\\/\"},\"wordCount\":633,\"publisher\":{\"@id\":\"https:\\\/\\\/canal7slp.tv\\\/2022\\\/#organization\"},\"image\":{\"@id\":\"https:\\\/\\\/canal7slp.tv\\\/2022\\\/autoridades-activan-52-sedes-de-vacunacion-anticovid-en-slp\\\/#primaryimage\"},\"thumbnailUrl\":\"https:\\\/\\\/canal7slp.tv\\\/2022\\\/wp-content\\\/uploads\\\/2022\\\/04\\\/Vazquez04Vacunacion.jpg\",\"articleSection\":[\"COVID-19\",\"DESTACADAS\",\"GOBEDOSLP\",\"LOCALES Y REGIONALES\"],\"inLanguage\":\"es\"},{\"@type\":\"WebPage\",\"@id\":\"https:\\\/\\\/canal7slp.tv\\\/2022\\\/autoridades-activan-52-sedes-de-vacunacion-anticovid-en-slp\\\/\",\"url\":\"https:\\\/\\\/canal7slp.tv\\\/2022\\\/autoridades-activan-52-sedes-de-vacunacion-anticovid-en-slp\\\/\",\"name\":\"Autoridades activan 52 sedes de vacunaci\u00f3n anticovid en SLP. - Canal 7 SLP - 2022\",\"isPartOf\":{\"@id\":\"https:\\\/\\\/canal7slp.tv\\\/2022\\\/#website\"},\"primaryImageOfPage\":{\"@id\":\"https:\\\/\\\/canal7slp.tv\\\/2022\\\/autoridades-activan-52-sedes-de-vacunacion-anticovid-en-slp\\\/#primaryimage\"},\"image\":{\"@id\":\"https:\\\/\\\/canal7slp.tv\\\/2022\\\/autoridades-activan-52-sedes-de-vacunacion-anticovid-en-slp\\\/#primaryimage\"},\"thumbnailUrl\":\"https:\\\/\\\/canal7slp.tv\\\/2022\\\/wp-content\\\/uploads\\\/2022\\\/04\\\/Vazquez04Vacunacion.jpg\",\"datePublished\":\"2022-04-18T22:08:30+00:00\",\"breadcrumb\":{\"@id\":\"https:\\\/\\\/canal7slp.tv\\\/2022\\\/autoridades-activan-52-sedes-de-vacunacion-anticovid-en-slp\\\/#breadcrumb\"},\"inLanguage\":\"es\",\"potentialAction\":[{\"@type\":\"ReadAction\",\"target\":[\"https:\\\/\\\/canal7slp.tv\\\/2022\\\/autoridades-activan-52-sedes-de-vacunacion-anticovid-en-slp\\\/\"]}]},{\"@type\":\"ImageObject\",\"inLanguage\":\"es\",\"@id\":\"https:\\\/\\\/canal7slp.tv\\\/2022\\\/autoridades-activan-52-sedes-de-vacunacion-anticovid-en-slp\\\/#primaryimage\",\"url\":\"https:\\\/\\\/canal7slp.tv\\\/2022\\\/wp-content\\\/uploads\\\/2022\\\/04\\\/Vazquez04Vacunacion.jpg\",\"contentUrl\":\"https:\\\/\\\/canal7slp.tv\\\/2022\\\/wp-content\\\/uploads\\\/2022\\\/04\\\/Vazquez04Vacunacion.jpg\",\"width\":888,\"height\":500},{\"@type\":\"BreadcrumbList\",\"@id\":\"https:\\\/\\\/canal7slp.tv\\\/2022\\\/autoridades-activan-52-sedes-de-vacunacion-anticovid-en-slp\\\/#breadcrumb\",\"itemListElement\":[{\"@type\":\"ListItem\",\"position\":1,\"name\":\"Portada\",\"item\":\"https:\\\/\\\/canal7slp.tv\\\/2022\\\/\"},{\"@type\":\"ListItem\",\"position\":2,\"name\":\"Autoridades activan 52 sedes de vacunaci\u00f3n anticovid en SLP.\"}]},{\"@type\":\"WebSite\",\"@id\":\"https:\\\/\\\/canal7slp.tv\\\/2022\\\/#website\",\"url\":\"https:\\\/\\\/canal7slp.tv\\\/2022\\\/\",\"name\":\"N7 - Noticieros Canal 7\",\"description\":\"Somos Televisi\u00f3n\",\"publisher\":{\"@id\":\"https:\\\/\\\/canal7slp.tv\\\/2022\\\/#organization\"},\"potentialAction\":[{\"@type\":\"SearchAction\",\"target\":{\"@type\":\"EntryPoint\",\"urlTemplate\":\"https:\\\/\\\/canal7slp.tv\\\/2022\\\/?s={search_term_string}\"},\"query-input\":{\"@type\":\"PropertyValueSpecification\",\"valueRequired\":true,\"valueName\":\"search_term_string\"}}],\"inLanguage\":\"es\"},{\"@type\":\"Organization\",\"@id\":\"https:\\\/\\\/canal7slp.tv\\\/2022\\\/#organization\",\"name\":\"Noticieros Canal 7\",\"url\":\"https:\\\/\\\/canal7slp.tv\\\/2022\\\/\",\"logo\":{\"@type\":\"ImageObject\",\"inLanguage\":\"es\",\"@id\":\"https:\\\/\\\/canal7slp.tv\\\/2022\\\/#\\\/schema\\\/logo\\\/image\\\/\",\"url\":\"https:\\\/\\\/canal7slp.tv\\\/2022\\\/wp-content\\\/uploads\\\/2021\\\/01\\\/logo-noticieros@2x.png\",\"contentUrl\":\"https:\\\/\\\/canal7slp.tv\\\/2022\\\/wp-content\\\/uploads\\\/2021\\\/01\\\/logo-noticieros@2x.png\",\"width\":1017,\"height\":268,\"caption\":\"Noticieros Canal 7\"},\"image\":{\"@id\":\"https:\\\/\\\/canal7slp.tv\\\/2022\\\/#\\\/schema\\\/logo\\\/image\\\/\"},\"sameAs\":[\"https:\\\/\\\/www.facebook.com\\\/noticieroscanalsiete\",\"https:\\\/\\\/x.com\\\/NOTICIEROS7\",\"https:\\\/\\\/www.instagram.com\\\/canal7_slp\",\"https:\\\/\\\/www.youtube.com\\\/channel\\\/UCliiYs-gP3JfJeqdPrNdd5A\"]},{\"@type\":\"Person\",\"@id\":\"https:\\\/\\\/canal7slp.tv\\\/2022\\\/#\\\/schema\\\/person\\\/429704152a21f5f856ce29aa69a238da\",\"name\":\"Edici\u00f3n Web\",\"image\":{\"@type\":\"ImageObject\",\"inLanguage\":\"es\",\"@id\":\"https:\\\/\\\/secure.gravatar.com\\\/avatar\\\/eee448fc3f7164808013b816ba91ac7e43bbe82a70bebac296f8bc6f0addaa1a?s=96&d=mm&r=g\",\"url\":\"https:\\\/\\\/secure.gravatar.com\\\/avatar\\\/eee448fc3f7164808013b816ba91ac7e43bbe82a70bebac296f8bc6f0addaa1a?s=96&d=mm&r=g\",\"contentUrl\":\"https:\\\/\\\/secure.gravatar.com\\\/avatar\\\/eee448fc3f7164808013b816ba91ac7e43bbe82a70bebac296f8bc6f0addaa1a?s=96&d=mm&r=g\",\"caption\":\"Edici\u00f3n Web\"},\"url\":\"https:\\\/\\\/canal7slp.tv\\\/2022\\\/author\\\/edicionweb\\\/\"}]}<\/script>\n<!-- \/ Yoast SEO plugin. -->","yoast_head_json":{"title":"Autoridades activan 52 sedes de vacunaci\u00f3n anticovid en SLP. - Canal 7 SLP - 2022","robots":{"index":"index","follow":"follow","max-snippet":"max-snippet:-1","max-image-preview":"max-image-preview:large","max-video-preview":"max-video-preview:-1"},"canonical":"https:\/\/canal7slp.tv\/2022\/autoridades-activan-52-sedes-de-vacunacion-anticovid-en-slp\/","og_locale":"es_ES","og_type":"article","og_title":"Autoridades activan 52 sedes de vacunaci\u00f3n anticovid en SLP. - Canal 7 SLP - 2022","og_description":"SLP.- El secretario de salud en el Gobierno del Estado, Daniel Acosta D\u00edaz de Le\u00f3n, inform\u00f3 que se activar\u00e1n 52 sedes de vacunaci\u00f3n contra el virus de la Covid-19 distribuidas en las siete jurisdicciones sanitarias de San Luis Potos\u00ed. \u00abCon el objetivo de incrementar la cobertura de vacunaci\u00f3n en personas rezagadas en su primera y segunda dosis as\u00ed como la dosis de refuerzo contra el virus Sars Cov 2 en poblaci\u00f3n de 18 a\u00f1os y m\u00e1s, se ha optado por fortalecer la estrategia correcaminos\u00bb, dijo. La idea, se\u00f1al\u00f3, es involucrar de una manera m\u00e1s activa a las instituciones del Sistema [&hellip;]","og_url":"https:\/\/canal7slp.tv\/2022\/autoridades-activan-52-sedes-de-vacunacion-anticovid-en-slp\/","og_site_name":"Canal 7 SLP - 2022","article_publisher":"https:\/\/www.facebook.com\/noticieroscanalsiete","article_published_time":"2022-04-18T22:08:30+00:00","og_image":[{"width":888,"height":500,"url":"https:\/\/canal7slp.tv\/2022\/wp-content\/uploads\/2022\/04\/Vazquez04Vacunacion.jpg","type":"image\/jpeg"}],"author":"Edici\u00f3n Web","twitter_card":"summary_large_image","twitter_creator":"@NOTICIEROS7","twitter_site":"@NOTICIEROS7","twitter_misc":{"Escrito por":"Edici\u00f3n Web","Tiempo de lectura":"3 minutos"},"schema":{"@context":"https:\/\/schema.org","@graph":[{"@type":"Article","@id":"https:\/\/canal7slp.tv\/2022\/autoridades-activan-52-sedes-de-vacunacion-anticovid-en-slp\/#article","isPartOf":{"@id":"https:\/\/canal7slp.tv\/2022\/autoridades-activan-52-sedes-de-vacunacion-anticovid-en-slp\/"},"author":{"name":"Edici\u00f3n Web","@id":"https:\/\/canal7slp.tv\/2022\/#\/schema\/person\/429704152a21f5f856ce29aa69a238da"},"headline":"Autoridades activan 52 sedes de vacunaci\u00f3n anticovid en SLP.","datePublished":"2022-04-18T22:08:30+00:00","mainEntityOfPage":{"@id":"https:\/\/canal7slp.tv\/2022\/autoridades-activan-52-sedes-de-vacunacion-anticovid-en-slp\/"},"wordCount":633,"publisher":{"@id":"https:\/\/canal7slp.tv\/2022\/#organization"},"image":{"@id":"https:\/\/canal7slp.tv\/2022\/autoridades-activan-52-sedes-de-vacunacion-anticovid-en-slp\/#primaryimage"},"thumbnailUrl":"https:\/\/canal7slp.tv\/2022\/wp-content\/uploads\/2022\/04\/Vazquez04Vacunacion.jpg","articleSection":["COVID-19","DESTACADAS","GOBEDOSLP","LOCALES Y REGIONALES"],"inLanguage":"es"},{"@type":"WebPage","@id":"https:\/\/canal7slp.tv\/2022\/autoridades-activan-52-sedes-de-vacunacion-anticovid-en-slp\/","url":"https:\/\/canal7slp.tv\/2022\/autoridades-activan-52-sedes-de-vacunacion-anticovid-en-slp\/","name":"Autoridades activan 52 sedes de vacunaci\u00f3n anticovid en SLP. - Canal 7 SLP - 2022","isPartOf":{"@id":"https:\/\/canal7slp.tv\/2022\/#website"},"primaryImageOfPage":{"@id":"https:\/\/canal7slp.tv\/2022\/autoridades-activan-52-sedes-de-vacunacion-anticovid-en-slp\/#primaryimage"},"image":{"@id":"https:\/\/canal7slp.tv\/2022\/autoridades-activan-52-sedes-de-vacunacion-anticovid-en-slp\/#primaryimage"},"thumbnailUrl":"https:\/\/canal7slp.tv\/2022\/wp-content\/uploads\/2022\/04\/Vazquez04Vacunacion.jpg","datePublished":"2022-04-18T22:08:30+00:00","breadcrumb":{"@id":"https:\/\/canal7slp.tv\/2022\/autoridades-activan-52-sedes-de-vacunacion-anticovid-en-slp\/#breadcrumb"},"inLanguage":"es","potentialAction":[{"@type":"ReadAction","target":["https:\/\/canal7slp.tv\/2022\/autoridades-activan-52-sedes-de-vacunacion-anticovid-en-slp\/"]}]},{"@type":"ImageObject","inLanguage":"es","@id":"https:\/\/canal7slp.tv\/2022\/autoridades-activan-52-sedes-de-vacunacion-anticovid-en-slp\/#primaryimage","url":"https:\/\/canal7slp.tv\/2022\/wp-content\/uploads\/2022\/04\/Vazquez04Vacunacion.jpg","contentUrl":"https:\/\/canal7slp.tv\/2022\/wp-content\/uploads\/2022\/04\/Vazquez04Vacunacion.jpg","width":888,"height":500},{"@type":"BreadcrumbList","@id":"https:\/\/canal7slp.tv\/2022\/autoridades-activan-52-sedes-de-vacunacion-anticovid-en-slp\/#breadcrumb","itemListElement":[{"@type":"ListItem","position":1,"name":"Portada","item":"https:\/\/canal7slp.tv\/2022\/"},{"@type":"ListItem","position":2,"name":"Autoridades activan 52 sedes de vacunaci\u00f3n anticovid en SLP."}]},{"@type":"WebSite","@id":"https:\/\/canal7slp.tv\/2022\/#website","url":"https:\/\/canal7slp.tv\/2022\/","name":"N7 - Noticieros Canal 7","description":"Somos Televisi\u00f3n","publisher":{"@id":"https:\/\/canal7slp.tv\/2022\/#organization"},"potentialAction":[{"@type":"SearchAction","target":{"@type":"EntryPoint","urlTemplate":"https:\/\/canal7slp.tv\/2022\/?s={search_term_string}"},"query-input":{"@type":"PropertyValueSpecification","valueRequired":true,"valueName":"search_term_string"}}],"inLanguage":"es"},{"@type":"Organization","@id":"https:\/\/canal7slp.tv\/2022\/#organization","name":"Noticieros Canal 7","url":"https:\/\/canal7slp.tv\/2022\/","logo":{"@type":"ImageObject","inLanguage":"es","@id":"https:\/\/canal7slp.tv\/2022\/#\/schema\/logo\/image\/","url":"https:\/\/canal7slp.tv\/2022\/wp-content\/uploads\/2021\/01\/logo-noticieros@2x.png","contentUrl":"https:\/\/canal7slp.tv\/2022\/wp-content\/uploads\/2021\/01\/logo-noticieros@2x.png","width":1017,"height":268,"caption":"Noticieros Canal 7"},"image":{"@id":"https:\/\/canal7slp.tv\/2022\/#\/schema\/logo\/image\/"},"sameAs":["https:\/\/www.facebook.com\/noticieroscanalsiete","https:\/\/x.com\/NOTICIEROS7","https:\/\/www.instagram.com\/canal7_slp","https:\/\/www.youtube.com\/channel\/UCliiYs-gP3JfJeqdPrNdd5A"]},{"@type":"Person","@id":"https:\/\/canal7slp.tv\/2022\/#\/schema\/person\/429704152a21f5f856ce29aa69a238da","name":"Edici\u00f3n Web","image":{"@type":"ImageObject","inLanguage":"es","@id":"https:\/\/secure.gravatar.com\/avatar\/eee448fc3f7164808013b816ba91ac7e43bbe82a70bebac296f8bc6f0addaa1a?s=96&d=mm&r=g","url":"https:\/\/secure.gravatar.com\/avatar\/eee448fc3f7164808013b816ba91ac7e43bbe82a70bebac296f8bc6f0addaa1a?s=96&d=mm&r=g","contentUrl":"https:\/\/secure.gravatar.com\/avatar\/eee448fc3f7164808013b816ba91ac7e43bbe82a70bebac296f8bc6f0addaa1a?s=96&d=mm&r=g","caption":"Edici\u00f3n Web"},"url":"https:\/\/canal7slp.tv\/2022\/author\/edicionweb\/"}]}},"amp_enabled":true,"_links":{"self":[{"href":"https:\/\/canal7slp.tv\/2022\/wp-json\/wp\/v2\/posts\/57648","targetHints":{"allow":["GET"]}}],"collection":[{"href":"https:\/\/canal7slp.tv\/2022\/wp-json\/wp\/v2\/posts"}],"about":[{"href":"https:\/\/canal7slp.tv\/2022\/wp-json\/wp\/v2\/types\/post"}],"author":[{"embeddable":true,"href":"https:\/\/canal7slp.tv\/2022\/wp-json\/wp\/v2\/users\/2"}],"replies":[{"embeddable":true,"href":"https:\/\/canal7slp.tv\/2022\/wp-json\/wp\/v2\/comments?post=57648"}],"version-history":[{"count":2,"href":"https:\/\/canal7slp.tv\/2022\/wp-json\/wp\/v2\/posts\/57648\/revisions"}],"predecessor-version":[{"id":57657,"href":"https:\/\/canal7slp.tv\/2022\/wp-json\/wp\/v2\/posts\/57648\/revisions\/57657"}],"wp:featuredmedia":[{"embeddable":true,"href":"https:\/\/canal7slp.tv\/2022\/wp-json\/wp\/v2\/media\/57656"}],"wp:attachment":[{"href":"https:\/\/canal7slp.tv\/2022\/wp-json\/wp\/v2\/media?parent=57648"}],"wp:term":[{"taxonomy":"category","embeddable":true,"href":"https:\/\/canal7slp.tv\/2022\/wp-json\/wp\/v2\/categories?post=57648"},{"taxonomy":"post_tag","embeddable":true,"href":"https:\/\/canal7slp.tv\/2022\/wp-json\/wp\/v2\/tags?post=57648"}],"curies":[{"name":"wp","href":"https:\/\/api.w.org\/{rel}","templated":true}]}}