{"id":57647,"date":"2022-04-18T16:38:53","date_gmt":"2022-04-18T22:38:53","guid":{"rendered":"https:\/\/canal7slp.tv\/2022\/?p=57647"},"modified":"2022-04-18T16:38:53","modified_gmt":"2022-04-18T22:38:53","slug":"superdelegado-tacha-de-traidores-a-los-que-votaron-contra-la-reforma-electrica","status":"publish","type":"post","link":"https:\/\/canal7slp.tv\/2022\/superdelegado-tacha-de-traidores-a-los-que-votaron-contra-la-reforma-electrica\/","title":{"rendered":"S\u00faperdelegado tacha de traidores a los que votaron contra la Reforma El\u00e9ctrica."},"content":{"rendered":"<p style=\"text-align: justify;\">SLP.- En entrevista, el superdelegado del Gobierno Federal en el estado, Gabino Morales Mendoza, calific\u00f3 de traidores a los diputados federales de San Luis Potos\u00ed que votaron en contra de la Reforma El\u00e9ctrica del presidente de la rep\u00fablica, Andr\u00e9s Manuel L\u00f3pez Obrador.<\/p>\n<p style=\"text-align: justify;\">\u00abAqu\u00ed tenemos tres diputados que votaron en contra Frinn\u00e9 Azuara, Xavier Azuara, y Pepe To\u00f1o, los vamos a bautizar como traidores a la patria, Xavier Azuara es la segunda vez que traiciona al pueblo potosino y ha sido diputado, entonces que la gente sepa cuando vaya a pagar su recibo de luz que es culpa de esos tres traidores y esta traidora que no aprobaron esta reforma en favor del pueblo\u00bb, dijo.<\/p>\n<p style=\"text-align: justify;\">El funcionario indic\u00f3 que la reforma ya desechada por el Congreso de la Uni\u00f3n era un escenario esperado por la cuarta transformaci\u00f3n.<\/p>\n<p style=\"text-align: justify;\">\u00abEl presidente sab\u00eda que no iba a pasar y el presidente los lleva, los arrincona y despu\u00e9s les da la sorpresa, el d\u00eda de hoy acaba de anunciar que vamos a proteger el litio y la batalla por la defensa de la soberan\u00eda es un tema permanente. No pas\u00f3 la reforma como tal, pero vamos a seguir protegiendo la soberan\u00eda de nuestros recursos naturales y el litio es estrat\u00e9gico para nosotros\u00bb, agreg\u00f3.<\/p>\n<p style=\"text-align: justify;\">Morales Mendoza se\u00f1al\u00f3 que esta acci\u00f3n por parte de la oposici\u00f3n cobrar\u00e1 factura en las elecciones que se desarrollar\u00e1n en varias entidades y en las que se avecinan para el 2024.<\/p>\n<p style=\"text-align: justify;\">\u00abNada m\u00e1s hay dos propuestas del modelo del pa\u00eds en este momento: el cambio verdadero que propone el presidente y que ha tenido muchos beneficios a la gente y la oposici\u00f3n que no ha sabido articular y de esta forma los exhibimos; ya lo hicimos con el INE, ahora lo hacemos con el PRIAN y nos vemos en las urnas en los estados donde va haber elecciones y nos vemos en el 2024 para que vean de qu\u00e9 lado est\u00e1 la gente\u00bb, termin\u00f3.+<\/p>\n<p style=\"text-align: justify;\">Por: Jos\u00e9 Luis V\u00e1zquez<\/p>\n","protected":false},"excerpt":{"rendered":"<p>SLP.- En entrevista, el superdelegado del Gobierno Federal en el estado, Gabino Morales Mendoza, calific\u00f3 de traidores a los diputados federales de San Luis Potos\u00ed que votaron en contra de la Reforma El\u00e9ctrica del presidente de la rep\u00fablica, Andr\u00e9s Manuel L\u00f3pez Obrador. \u00abAqu\u00ed tenemos tres diputados que votaron en contra Frinn\u00e9 Azuara, Xavier Azuara, y Pepe To\u00f1o, los vamos a bautizar como traidores a la patria, Xavier Azuara es la segunda vez que traiciona al pueblo potosino y ha sido diputado, entonces que la gente sepa cuando vaya a pagar su recibo de luz que es culpa de esos tres [&hellip;]<\/p>\n","protected":false},"author":2,"featured_media":57660,"comment_status":"closed","ping_status":"closed","sticky":false,"template":"","format":"video","meta":{"footnotes":""},"categories":[5,45],"tags":[],"class_list":["post-57647","post","type-post","status-publish","format-video","has-post-thumbnail","hentry","category-destacadas","category-localesyregionales","post_format-post-format-video","post--single"],"yoast_head":"<!-- This site is optimized with the Yoast SEO plugin v27.5 - https:\/\/yoast.com\/product\/yoast-seo-wordpress\/ -->\n<title>S\u00faperdelegado tacha de traidores a los que votaron contra la Reforma El\u00e9ctrica. - Canal 7 SLP - 2022<\/title>\n<meta name=\"robots\" content=\"index, follow, max-snippet:-1, max-image-preview:large, max-video-preview:-1\" \/>\n<link rel=\"canonical\" href=\"https:\/\/canal7slp.tv\/2022\/superdelegado-tacha-de-traidores-a-los-que-votaron-contra-la-reforma-electrica\/\" \/>\n<meta property=\"og:locale\" content=\"es_ES\" \/>\n<meta property=\"og:type\" content=\"article\" \/>\n<meta property=\"og:title\" content=\"S\u00faperdelegado tacha de traidores a los que votaron contra la Reforma El\u00e9ctrica. - Canal 7 SLP - 2022\" \/>\n<meta property=\"og:description\" content=\"SLP.- En entrevista, el superdelegado del Gobierno Federal en el estado, Gabino Morales Mendoza, calific\u00f3 de traidores a los diputados federales de San Luis Potos\u00ed que votaron en contra de la Reforma El\u00e9ctrica del presidente de la rep\u00fablica, Andr\u00e9s Manuel L\u00f3pez Obrador. \u00abAqu\u00ed tenemos tres diputados que votaron en contra Frinn\u00e9 Azuara, Xavier Azuara, y Pepe To\u00f1o, los vamos a bautizar como traidores a la patria, Xavier Azuara es la segunda vez que traiciona al pueblo potosino y ha sido diputado, entonces que la gente sepa cuando vaya a pagar su recibo de luz que es culpa de esos tres [&hellip;]\" \/>\n<meta property=\"og:url\" content=\"https:\/\/canal7slp.tv\/2022\/superdelegado-tacha-de-traidores-a-los-que-votaron-contra-la-reforma-electrica\/\" \/>\n<meta property=\"og:site_name\" content=\"Canal 7 SLP - 2022\" \/>\n<meta property=\"article:publisher\" content=\"https:\/\/www.facebook.com\/noticieroscanalsiete\" \/>\n<meta property=\"article:published_time\" content=\"2022-04-18T22:38:53+00:00\" \/>\n<meta property=\"og:image\" content=\"https:\/\/canal7slp.tv\/2022\/wp-content\/uploads\/2022\/04\/Vazquez03GabinoReforma.jpg\" \/>\n\t<meta property=\"og:image:width\" content=\"888\" \/>\n\t<meta property=\"og:image:height\" content=\"500\" \/>\n\t<meta property=\"og:image:type\" content=\"image\/jpeg\" \/>\n<meta name=\"author\" content=\"Edici\u00f3n Web\" \/>\n<meta name=\"twitter:card\" content=\"summary_large_image\" \/>\n<meta name=\"twitter:creator\" content=\"@NOTICIEROS7\" \/>\n<meta name=\"twitter:site\" content=\"@NOTICIEROS7\" \/>\n<meta name=\"twitter:label1\" content=\"Escrito por\" \/>\n\t<meta name=\"twitter:data1\" content=\"Edici\u00f3n Web\" \/>\n\t<meta name=\"twitter:label2\" content=\"Tiempo de lectura\" \/>\n\t<meta name=\"twitter:data2\" content=\"2 minutos\" \/>\n<script type=\"application\/ld+json\" class=\"yoast-schema-graph\">{\"@context\":\"https:\\\/\\\/schema.org\",\"@graph\":[{\"@type\":\"Article\",\"@id\":\"https:\\\/\\\/canal7slp.tv\\\/2022\\\/superdelegado-tacha-de-traidores-a-los-que-votaron-contra-la-reforma-electrica\\\/#article\",\"isPartOf\":{\"@id\":\"https:\\\/\\\/canal7slp.tv\\\/2022\\\/superdelegado-tacha-de-traidores-a-los-que-votaron-contra-la-reforma-electrica\\\/\"},\"author\":{\"name\":\"Edici\u00f3n Web\",\"@id\":\"https:\\\/\\\/canal7slp.tv\\\/2022\\\/#\\\/schema\\\/person\\\/429704152a21f5f856ce29aa69a238da\"},\"headline\":\"S\u00faperdelegado tacha de traidores a los que votaron contra la Reforma El\u00e9ctrica.\",\"datePublished\":\"2022-04-18T22:38:53+00:00\",\"mainEntityOfPage\":{\"@id\":\"https:\\\/\\\/canal7slp.tv\\\/2022\\\/superdelegado-tacha-de-traidores-a-los-que-votaron-contra-la-reforma-electrica\\\/\"},\"wordCount\":360,\"publisher\":{\"@id\":\"https:\\\/\\\/canal7slp.tv\\\/2022\\\/#organization\"},\"image\":{\"@id\":\"https:\\\/\\\/canal7slp.tv\\\/2022\\\/superdelegado-tacha-de-traidores-a-los-que-votaron-contra-la-reforma-electrica\\\/#primaryimage\"},\"thumbnailUrl\":\"https:\\\/\\\/canal7slp.tv\\\/2022\\\/wp-content\\\/uploads\\\/2022\\\/04\\\/Vazquez03GabinoReforma.jpg\",\"articleSection\":[\"DESTACADAS\",\"LOCALES Y REGIONALES\"],\"inLanguage\":\"es\"},{\"@type\":\"WebPage\",\"@id\":\"https:\\\/\\\/canal7slp.tv\\\/2022\\\/superdelegado-tacha-de-traidores-a-los-que-votaron-contra-la-reforma-electrica\\\/\",\"url\":\"https:\\\/\\\/canal7slp.tv\\\/2022\\\/superdelegado-tacha-de-traidores-a-los-que-votaron-contra-la-reforma-electrica\\\/\",\"name\":\"S\u00faperdelegado tacha de traidores a los que votaron contra la Reforma El\u00e9ctrica. - Canal 7 SLP - 2022\",\"isPartOf\":{\"@id\":\"https:\\\/\\\/canal7slp.tv\\\/2022\\\/#website\"},\"primaryImageOfPage\":{\"@id\":\"https:\\\/\\\/canal7slp.tv\\\/2022\\\/superdelegado-tacha-de-traidores-a-los-que-votaron-contra-la-reforma-electrica\\\/#primaryimage\"},\"image\":{\"@id\":\"https:\\\/\\\/canal7slp.tv\\\/2022\\\/superdelegado-tacha-de-traidores-a-los-que-votaron-contra-la-reforma-electrica\\\/#primaryimage\"},\"thumbnailUrl\":\"https:\\\/\\\/canal7slp.tv\\\/2022\\\/wp-content\\\/uploads\\\/2022\\\/04\\\/Vazquez03GabinoReforma.jpg\",\"datePublished\":\"2022-04-18T22:38:53+00:00\",\"breadcrumb\":{\"@id\":\"https:\\\/\\\/canal7slp.tv\\\/2022\\\/superdelegado-tacha-de-traidores-a-los-que-votaron-contra-la-reforma-electrica\\\/#breadcrumb\"},\"inLanguage\":\"es\",\"potentialAction\":[{\"@type\":\"ReadAction\",\"target\":[\"https:\\\/\\\/canal7slp.tv\\\/2022\\\/superdelegado-tacha-de-traidores-a-los-que-votaron-contra-la-reforma-electrica\\\/\"]}]},{\"@type\":\"ImageObject\",\"inLanguage\":\"es\",\"@id\":\"https:\\\/\\\/canal7slp.tv\\\/2022\\\/superdelegado-tacha-de-traidores-a-los-que-votaron-contra-la-reforma-electrica\\\/#primaryimage\",\"url\":\"https:\\\/\\\/canal7slp.tv\\\/2022\\\/wp-content\\\/uploads\\\/2022\\\/04\\\/Vazquez03GabinoReforma.jpg\",\"contentUrl\":\"https:\\\/\\\/canal7slp.tv\\\/2022\\\/wp-content\\\/uploads\\\/2022\\\/04\\\/Vazquez03GabinoReforma.jpg\",\"width\":888,\"height\":500},{\"@type\":\"BreadcrumbList\",\"@id\":\"https:\\\/\\\/canal7slp.tv\\\/2022\\\/superdelegado-tacha-de-traidores-a-los-que-votaron-contra-la-reforma-electrica\\\/#breadcrumb\",\"itemListElement\":[{\"@type\":\"ListItem\",\"position\":1,\"name\":\"Portada\",\"item\":\"https:\\\/\\\/canal7slp.tv\\\/2022\\\/\"},{\"@type\":\"ListItem\",\"position\":2,\"name\":\"S\u00faperdelegado tacha de traidores a los que votaron contra la Reforma El\u00e9ctrica.\"}]},{\"@type\":\"WebSite\",\"@id\":\"https:\\\/\\\/canal7slp.tv\\\/2022\\\/#website\",\"url\":\"https:\\\/\\\/canal7slp.tv\\\/2022\\\/\",\"name\":\"N7 - Noticieros Canal 7\",\"description\":\"Somos Televisi\u00f3n\",\"publisher\":{\"@id\":\"https:\\\/\\\/canal7slp.tv\\\/2022\\\/#organization\"},\"potentialAction\":[{\"@type\":\"SearchAction\",\"target\":{\"@type\":\"EntryPoint\",\"urlTemplate\":\"https:\\\/\\\/canal7slp.tv\\\/2022\\\/?s={search_term_string}\"},\"query-input\":{\"@type\":\"PropertyValueSpecification\",\"valueRequired\":true,\"valueName\":\"search_term_string\"}}],\"inLanguage\":\"es\"},{\"@type\":\"Organization\",\"@id\":\"https:\\\/\\\/canal7slp.tv\\\/2022\\\/#organization\",\"name\":\"Noticieros Canal 7\",\"url\":\"https:\\\/\\\/canal7slp.tv\\\/2022\\\/\",\"logo\":{\"@type\":\"ImageObject\",\"inLanguage\":\"es\",\"@id\":\"https:\\\/\\\/canal7slp.tv\\\/2022\\\/#\\\/schema\\\/logo\\\/image\\\/\",\"url\":\"https:\\\/\\\/canal7slp.tv\\\/2022\\\/wp-content\\\/uploads\\\/2021\\\/01\\\/logo-noticieros@2x.png\",\"contentUrl\":\"https:\\\/\\\/canal7slp.tv\\\/2022\\\/wp-content\\\/uploads\\\/2021\\\/01\\\/logo-noticieros@2x.png\",\"width\":1017,\"height\":268,\"caption\":\"Noticieros Canal 7\"},\"image\":{\"@id\":\"https:\\\/\\\/canal7slp.tv\\\/2022\\\/#\\\/schema\\\/logo\\\/image\\\/\"},\"sameAs\":[\"https:\\\/\\\/www.facebook.com\\\/noticieroscanalsiete\",\"https:\\\/\\\/x.com\\\/NOTICIEROS7\",\"https:\\\/\\\/www.instagram.com\\\/canal7_slp\",\"https:\\\/\\\/www.youtube.com\\\/channel\\\/UCliiYs-gP3JfJeqdPrNdd5A\"]},{\"@type\":\"Person\",\"@id\":\"https:\\\/\\\/canal7slp.tv\\\/2022\\\/#\\\/schema\\\/person\\\/429704152a21f5f856ce29aa69a238da\",\"name\":\"Edici\u00f3n Web\",\"image\":{\"@type\":\"ImageObject\",\"inLanguage\":\"es\",\"@id\":\"https:\\\/\\\/secure.gravatar.com\\\/avatar\\\/eee448fc3f7164808013b816ba91ac7e43bbe82a70bebac296f8bc6f0addaa1a?s=96&d=mm&r=g\",\"url\":\"https:\\\/\\\/secure.gravatar.com\\\/avatar\\\/eee448fc3f7164808013b816ba91ac7e43bbe82a70bebac296f8bc6f0addaa1a?s=96&d=mm&r=g\",\"contentUrl\":\"https:\\\/\\\/secure.gravatar.com\\\/avatar\\\/eee448fc3f7164808013b816ba91ac7e43bbe82a70bebac296f8bc6f0addaa1a?s=96&d=mm&r=g\",\"caption\":\"Edici\u00f3n Web\"},\"url\":\"https:\\\/\\\/canal7slp.tv\\\/2022\\\/author\\\/edicionweb\\\/\"}]}<\/script>\n<!-- \/ Yoast SEO plugin. -->","yoast_head_json":{"title":"S\u00faperdelegado tacha de traidores a los que votaron contra la Reforma El\u00e9ctrica. - Canal 7 SLP - 2022","robots":{"index":"index","follow":"follow","max-snippet":"max-snippet:-1","max-image-preview":"max-image-preview:large","max-video-preview":"max-video-preview:-1"},"canonical":"https:\/\/canal7slp.tv\/2022\/superdelegado-tacha-de-traidores-a-los-que-votaron-contra-la-reforma-electrica\/","og_locale":"es_ES","og_type":"article","og_title":"S\u00faperdelegado tacha de traidores a los que votaron contra la Reforma El\u00e9ctrica. - Canal 7 SLP - 2022","og_description":"SLP.- En entrevista, el superdelegado del Gobierno Federal en el estado, Gabino Morales Mendoza, calific\u00f3 de traidores a los diputados federales de San Luis Potos\u00ed que votaron en contra de la Reforma El\u00e9ctrica del presidente de la rep\u00fablica, Andr\u00e9s Manuel L\u00f3pez Obrador. \u00abAqu\u00ed tenemos tres diputados que votaron en contra Frinn\u00e9 Azuara, Xavier Azuara, y Pepe To\u00f1o, los vamos a bautizar como traidores a la patria, Xavier Azuara es la segunda vez que traiciona al pueblo potosino y ha sido diputado, entonces que la gente sepa cuando vaya a pagar su recibo de luz que es culpa de esos tres [&hellip;]","og_url":"https:\/\/canal7slp.tv\/2022\/superdelegado-tacha-de-traidores-a-los-que-votaron-contra-la-reforma-electrica\/","og_site_name":"Canal 7 SLP - 2022","article_publisher":"https:\/\/www.facebook.com\/noticieroscanalsiete","article_published_time":"2022-04-18T22:38:53+00:00","og_image":[{"width":888,"height":500,"url":"https:\/\/canal7slp.tv\/2022\/wp-content\/uploads\/2022\/04\/Vazquez03GabinoReforma.jpg","type":"image\/jpeg"}],"author":"Edici\u00f3n Web","twitter_card":"summary_large_image","twitter_creator":"@NOTICIEROS7","twitter_site":"@NOTICIEROS7","twitter_misc":{"Escrito por":"Edici\u00f3n Web","Tiempo de lectura":"2 minutos"},"schema":{"@context":"https:\/\/schema.org","@graph":[{"@type":"Article","@id":"https:\/\/canal7slp.tv\/2022\/superdelegado-tacha-de-traidores-a-los-que-votaron-contra-la-reforma-electrica\/#article","isPartOf":{"@id":"https:\/\/canal7slp.tv\/2022\/superdelegado-tacha-de-traidores-a-los-que-votaron-contra-la-reforma-electrica\/"},"author":{"name":"Edici\u00f3n Web","@id":"https:\/\/canal7slp.tv\/2022\/#\/schema\/person\/429704152a21f5f856ce29aa69a238da"},"headline":"S\u00faperdelegado tacha de traidores a los que votaron contra la Reforma El\u00e9ctrica.","datePublished":"2022-04-18T22:38:53+00:00","mainEntityOfPage":{"@id":"https:\/\/canal7slp.tv\/2022\/superdelegado-tacha-de-traidores-a-los-que-votaron-contra-la-reforma-electrica\/"},"wordCount":360,"publisher":{"@id":"https:\/\/canal7slp.tv\/2022\/#organization"},"image":{"@id":"https:\/\/canal7slp.tv\/2022\/superdelegado-tacha-de-traidores-a-los-que-votaron-contra-la-reforma-electrica\/#primaryimage"},"thumbnailUrl":"https:\/\/canal7slp.tv\/2022\/wp-content\/uploads\/2022\/04\/Vazquez03GabinoReforma.jpg","articleSection":["DESTACADAS","LOCALES Y REGIONALES"],"inLanguage":"es"},{"@type":"WebPage","@id":"https:\/\/canal7slp.tv\/2022\/superdelegado-tacha-de-traidores-a-los-que-votaron-contra-la-reforma-electrica\/","url":"https:\/\/canal7slp.tv\/2022\/superdelegado-tacha-de-traidores-a-los-que-votaron-contra-la-reforma-electrica\/","name":"S\u00faperdelegado tacha de traidores a los que votaron contra la Reforma El\u00e9ctrica. - Canal 7 SLP - 2022","isPartOf":{"@id":"https:\/\/canal7slp.tv\/2022\/#website"},"primaryImageOfPage":{"@id":"https:\/\/canal7slp.tv\/2022\/superdelegado-tacha-de-traidores-a-los-que-votaron-contra-la-reforma-electrica\/#primaryimage"},"image":{"@id":"https:\/\/canal7slp.tv\/2022\/superdelegado-tacha-de-traidores-a-los-que-votaron-contra-la-reforma-electrica\/#primaryimage"},"thumbnailUrl":"https:\/\/canal7slp.tv\/2022\/wp-content\/uploads\/2022\/04\/Vazquez03GabinoReforma.jpg","datePublished":"2022-04-18T22:38:53+00:00","breadcrumb":{"@id":"https:\/\/canal7slp.tv\/2022\/superdelegado-tacha-de-traidores-a-los-que-votaron-contra-la-reforma-electrica\/#breadcrumb"},"inLanguage":"es","potentialAction":[{"@type":"ReadAction","target":["https:\/\/canal7slp.tv\/2022\/superdelegado-tacha-de-traidores-a-los-que-votaron-contra-la-reforma-electrica\/"]}]},{"@type":"ImageObject","inLanguage":"es","@id":"https:\/\/canal7slp.tv\/2022\/superdelegado-tacha-de-traidores-a-los-que-votaron-contra-la-reforma-electrica\/#primaryimage","url":"https:\/\/canal7slp.tv\/2022\/wp-content\/uploads\/2022\/04\/Vazquez03GabinoReforma.jpg","contentUrl":"https:\/\/canal7slp.tv\/2022\/wp-content\/uploads\/2022\/04\/Vazquez03GabinoReforma.jpg","width":888,"height":500},{"@type":"BreadcrumbList","@id":"https:\/\/canal7slp.tv\/2022\/superdelegado-tacha-de-traidores-a-los-que-votaron-contra-la-reforma-electrica\/#breadcrumb","itemListElement":[{"@type":"ListItem","position":1,"name":"Portada","item":"https:\/\/canal7slp.tv\/2022\/"},{"@type":"ListItem","position":2,"name":"S\u00faperdelegado tacha de traidores a los que votaron contra la Reforma El\u00e9ctrica."}]},{"@type":"WebSite","@id":"https:\/\/canal7slp.tv\/2022\/#website","url":"https:\/\/canal7slp.tv\/2022\/","name":"N7 - Noticieros Canal 7","description":"Somos Televisi\u00f3n","publisher":{"@id":"https:\/\/canal7slp.tv\/2022\/#organization"},"potentialAction":[{"@type":"SearchAction","target":{"@type":"EntryPoint","urlTemplate":"https:\/\/canal7slp.tv\/2022\/?s={search_term_string}"},"query-input":{"@type":"PropertyValueSpecification","valueRequired":true,"valueName":"search_term_string"}}],"inLanguage":"es"},{"@type":"Organization","@id":"https:\/\/canal7slp.tv\/2022\/#organization","name":"Noticieros Canal 7","url":"https:\/\/canal7slp.tv\/2022\/","logo":{"@type":"ImageObject","inLanguage":"es","@id":"https:\/\/canal7slp.tv\/2022\/#\/schema\/logo\/image\/","url":"https:\/\/canal7slp.tv\/2022\/wp-content\/uploads\/2021\/01\/logo-noticieros@2x.png","contentUrl":"https:\/\/canal7slp.tv\/2022\/wp-content\/uploads\/2021\/01\/logo-noticieros@2x.png","width":1017,"height":268,"caption":"Noticieros Canal 7"},"image":{"@id":"https:\/\/canal7slp.tv\/2022\/#\/schema\/logo\/image\/"},"sameAs":["https:\/\/www.facebook.com\/noticieroscanalsiete","https:\/\/x.com\/NOTICIEROS7","https:\/\/www.instagram.com\/canal7_slp","https:\/\/www.youtube.com\/channel\/UCliiYs-gP3JfJeqdPrNdd5A"]},{"@type":"Person","@id":"https:\/\/canal7slp.tv\/2022\/#\/schema\/person\/429704152a21f5f856ce29aa69a238da","name":"Edici\u00f3n Web","image":{"@type":"ImageObject","inLanguage":"es","@id":"https:\/\/secure.gravatar.com\/avatar\/eee448fc3f7164808013b816ba91ac7e43bbe82a70bebac296f8bc6f0addaa1a?s=96&d=mm&r=g","url":"https:\/\/secure.gravatar.com\/avatar\/eee448fc3f7164808013b816ba91ac7e43bbe82a70bebac296f8bc6f0addaa1a?s=96&d=mm&r=g","contentUrl":"https:\/\/secure.gravatar.com\/avatar\/eee448fc3f7164808013b816ba91ac7e43bbe82a70bebac296f8bc6f0addaa1a?s=96&d=mm&r=g","caption":"Edici\u00f3n Web"},"url":"https:\/\/canal7slp.tv\/2022\/author\/edicionweb\/"}]}},"amp_enabled":true,"_links":{"self":[{"href":"https:\/\/canal7slp.tv\/2022\/wp-json\/wp\/v2\/posts\/57647","targetHints":{"allow":["GET"]}}],"collection":[{"href":"https:\/\/canal7slp.tv\/2022\/wp-json\/wp\/v2\/posts"}],"about":[{"href":"https:\/\/canal7slp.tv\/2022\/wp-json\/wp\/v2\/types\/post"}],"author":[{"embeddable":true,"href":"https:\/\/canal7slp.tv\/2022\/wp-json\/wp\/v2\/users\/2"}],"replies":[{"embeddable":true,"href":"https:\/\/canal7slp.tv\/2022\/wp-json\/wp\/v2\/comments?post=57647"}],"version-history":[{"count":2,"href":"https:\/\/canal7slp.tv\/2022\/wp-json\/wp\/v2\/posts\/57647\/revisions"}],"predecessor-version":[{"id":57661,"href":"https:\/\/canal7slp.tv\/2022\/wp-json\/wp\/v2\/posts\/57647\/revisions\/57661"}],"wp:featuredmedia":[{"embeddable":true,"href":"https:\/\/canal7slp.tv\/2022\/wp-json\/wp\/v2\/media\/57660"}],"wp:attachment":[{"href":"https:\/\/canal7slp.tv\/2022\/wp-json\/wp\/v2\/media?parent=57647"}],"wp:term":[{"taxonomy":"category","embeddable":true,"href":"https:\/\/canal7slp.tv\/2022\/wp-json\/wp\/v2\/categories?post=57647"},{"taxonomy":"post_tag","embeddable":true,"href":"https:\/\/canal7slp.tv\/2022\/wp-json\/wp\/v2\/tags?post=57647"}],"curies":[{"name":"wp","href":"https:\/\/api.w.org\/{rel}","templated":true}]}}