{"id":57627,"date":"2022-04-18T15:44:17","date_gmt":"2022-04-18T21:44:17","guid":{"rendered":"https:\/\/canal7slp.tv\/2022\/?p=57627"},"modified":"2022-04-18T15:44:17","modified_gmt":"2022-04-18T21:44:17","slug":"autoridades-capturan-a-reo-que-se-fugo-de-la-prision-de-tula","status":"publish","type":"post","link":"https:\/\/canal7slp.tv\/2022\/autoridades-capturan-a-reo-que-se-fugo-de-la-prision-de-tula\/","title":{"rendered":"Autoridades capturan a reo que se fug\u00f3 de la prisi\u00f3n de Tula"},"content":{"rendered":"<ul style=\"text-align: justify;\">\n<li>\u201cEl Michoacano\u201d escap\u00f3 del centro penitenciario con ayuda de autos bomba<\/li>\n<\/ul>\n<p style=\"text-align: justify;\">M\u00e9xico.- Elementos de la Unidad Especializada en el Combate al Secuestro detuvieron a Artemio Maldonado, alias \u00abEl Michoacano\u00bb, en la Ciudad de M\u00e9xico.<\/p>\n<p style=\"text-align: justify;\">Durante esta acci\u00f3n, se logr\u00f3 detener a otro individuo -identificado como G. M. M.-. Ambos se fugaron del penal de Tula el primero de diciembre del 2021.<\/p>\n<p style=\"text-align: justify;\">Cabe se\u00f1alar que para el escape, fueron detonados dos autos bombas y se utiliz\u00f3 una camioneta que funcion\u00f3 como tanqueta.<\/p>\n<p style=\"text-align: justify;\">De acuerdo con lo dado a conoce por la Procuradur\u00eda de Justicia, el operativo para la captura se realiz\u00f3 en conjunto con la Fiscal\u00eda General de Justicia de Michoac\u00e1n, la Coordinaci\u00f3n Nacional Antisecuestros de la Secretar\u00eda de Seguridad P\u00fablica y Atenci\u00f3n Ciudadana de la Ciudad de M\u00e9xico y con la ayuda del \u00e1rea de operaciones del Centro Nacional de Inteligencia.<\/p>\n","protected":false},"excerpt":{"rendered":"<p>\u201cEl Michoacano\u201d escap\u00f3 del centro penitenciario con ayuda de autos bomba M\u00e9xico.- Elementos de la Unidad Especializada en el Combate al Secuestro detuvieron a Artemio Maldonado, alias \u00abEl Michoacano\u00bb, en la Ciudad de M\u00e9xico. Durante esta acci\u00f3n, se logr\u00f3 detener a otro individuo -identificado como G. M. M.-. Ambos se fugaron del penal de Tula el primero de diciembre del 2021. Cabe se\u00f1alar que para el escape, fueron detonados dos autos bombas y se utiliz\u00f3 una camioneta que funcion\u00f3 como tanqueta. De acuerdo con lo dado a conoce por la Procuradur\u00eda de Justicia, el operativo para la captura se realiz\u00f3 [&hellip;]<\/p>\n","protected":false},"author":2,"featured_media":57637,"comment_status":"closed","ping_status":"closed","sticky":false,"template":"","format":"standard","meta":{"footnotes":""},"categories":[46],"tags":[],"class_list":["post-57627","post","type-post","status-publish","format-standard","has-post-thumbnail","hentry","category-nacional","post--single"],"yoast_head":"<!-- This site is optimized with the Yoast SEO plugin v27.5 - https:\/\/yoast.com\/product\/yoast-seo-wordpress\/ -->\n<title>Autoridades capturan a reo que se fug\u00f3 de la prisi\u00f3n de Tula - Canal 7 SLP - 2022<\/title>\n<meta name=\"robots\" content=\"index, follow, max-snippet:-1, max-image-preview:large, max-video-preview:-1\" \/>\n<link rel=\"canonical\" href=\"https:\/\/canal7slp.tv\/2022\/autoridades-capturan-a-reo-que-se-fugo-de-la-prision-de-tula\/\" \/>\n<meta property=\"og:locale\" content=\"es_ES\" \/>\n<meta property=\"og:type\" content=\"article\" \/>\n<meta property=\"og:title\" content=\"Autoridades capturan a reo que se fug\u00f3 de la prisi\u00f3n de Tula - Canal 7 SLP - 2022\" \/>\n<meta property=\"og:description\" content=\"\u201cEl Michoacano\u201d escap\u00f3 del centro penitenciario con ayuda de autos bomba M\u00e9xico.- Elementos de la Unidad Especializada en el Combate al Secuestro detuvieron a Artemio Maldonado, alias \u00abEl Michoacano\u00bb, en la Ciudad de M\u00e9xico. Durante esta acci\u00f3n, se logr\u00f3 detener a otro individuo -identificado como G. M. M.-. Ambos se fugaron del penal de Tula el primero de diciembre del 2021. Cabe se\u00f1alar que para el escape, fueron detonados dos autos bombas y se utiliz\u00f3 una camioneta que funcion\u00f3 como tanqueta. De acuerdo con lo dado a conoce por la Procuradur\u00eda de Justicia, el operativo para la captura se realiz\u00f3 [&hellip;]\" \/>\n<meta property=\"og:url\" content=\"https:\/\/canal7slp.tv\/2022\/autoridades-capturan-a-reo-que-se-fugo-de-la-prision-de-tula\/\" \/>\n<meta property=\"og:site_name\" content=\"Canal 7 SLP - 2022\" \/>\n<meta property=\"article:publisher\" content=\"https:\/\/www.facebook.com\/noticieroscanalsiete\" \/>\n<meta property=\"article:published_time\" content=\"2022-04-18T21:44:17+00:00\" \/>\n<meta property=\"og:image\" content=\"https:\/\/canal7slp.tv\/2022\/wp-content\/uploads\/2022\/04\/02-14.jpg\" \/>\n\t<meta property=\"og:image:width\" content=\"1140\" \/>\n\t<meta property=\"og:image:height\" content=\"712\" \/>\n\t<meta property=\"og:image:type\" content=\"image\/jpeg\" \/>\n<meta name=\"author\" content=\"Edici\u00f3n Web\" \/>\n<meta name=\"twitter:card\" content=\"summary_large_image\" \/>\n<meta name=\"twitter:creator\" content=\"@NOTICIEROS7\" \/>\n<meta name=\"twitter:site\" content=\"@NOTICIEROS7\" \/>\n<meta name=\"twitter:label1\" content=\"Escrito por\" \/>\n\t<meta name=\"twitter:data1\" content=\"Edici\u00f3n Web\" \/>\n\t<meta name=\"twitter:label2\" content=\"Tiempo de lectura\" \/>\n\t<meta name=\"twitter:data2\" content=\"1 minuto\" \/>\n<script type=\"application\/ld+json\" class=\"yoast-schema-graph\">{\"@context\":\"https:\\\/\\\/schema.org\",\"@graph\":[{\"@type\":\"Article\",\"@id\":\"https:\\\/\\\/canal7slp.tv\\\/2022\\\/autoridades-capturan-a-reo-que-se-fugo-de-la-prision-de-tula\\\/#article\",\"isPartOf\":{\"@id\":\"https:\\\/\\\/canal7slp.tv\\\/2022\\\/autoridades-capturan-a-reo-que-se-fugo-de-la-prision-de-tula\\\/\"},\"author\":{\"name\":\"Edici\u00f3n Web\",\"@id\":\"https:\\\/\\\/canal7slp.tv\\\/2022\\\/#\\\/schema\\\/person\\\/429704152a21f5f856ce29aa69a238da\"},\"headline\":\"Autoridades capturan a reo que se fug\u00f3 de la prisi\u00f3n de Tula\",\"datePublished\":\"2022-04-18T21:44:17+00:00\",\"mainEntityOfPage\":{\"@id\":\"https:\\\/\\\/canal7slp.tv\\\/2022\\\/autoridades-capturan-a-reo-que-se-fugo-de-la-prision-de-tula\\\/\"},\"wordCount\":167,\"publisher\":{\"@id\":\"https:\\\/\\\/canal7slp.tv\\\/2022\\\/#organization\"},\"image\":{\"@id\":\"https:\\\/\\\/canal7slp.tv\\\/2022\\\/autoridades-capturan-a-reo-que-se-fugo-de-la-prision-de-tula\\\/#primaryimage\"},\"thumbnailUrl\":\"https:\\\/\\\/canal7slp.tv\\\/2022\\\/wp-content\\\/uploads\\\/2022\\\/04\\\/02-14.jpg\",\"articleSection\":[\"NACIONALES\"],\"inLanguage\":\"es\"},{\"@type\":\"WebPage\",\"@id\":\"https:\\\/\\\/canal7slp.tv\\\/2022\\\/autoridades-capturan-a-reo-que-se-fugo-de-la-prision-de-tula\\\/\",\"url\":\"https:\\\/\\\/canal7slp.tv\\\/2022\\\/autoridades-capturan-a-reo-que-se-fugo-de-la-prision-de-tula\\\/\",\"name\":\"Autoridades capturan a reo que se fug\u00f3 de la prisi\u00f3n de Tula - Canal 7 SLP - 2022\",\"isPartOf\":{\"@id\":\"https:\\\/\\\/canal7slp.tv\\\/2022\\\/#website\"},\"primaryImageOfPage\":{\"@id\":\"https:\\\/\\\/canal7slp.tv\\\/2022\\\/autoridades-capturan-a-reo-que-se-fugo-de-la-prision-de-tula\\\/#primaryimage\"},\"image\":{\"@id\":\"https:\\\/\\\/canal7slp.tv\\\/2022\\\/autoridades-capturan-a-reo-que-se-fugo-de-la-prision-de-tula\\\/#primaryimage\"},\"thumbnailUrl\":\"https:\\\/\\\/canal7slp.tv\\\/2022\\\/wp-content\\\/uploads\\\/2022\\\/04\\\/02-14.jpg\",\"datePublished\":\"2022-04-18T21:44:17+00:00\",\"breadcrumb\":{\"@id\":\"https:\\\/\\\/canal7slp.tv\\\/2022\\\/autoridades-capturan-a-reo-que-se-fugo-de-la-prision-de-tula\\\/#breadcrumb\"},\"inLanguage\":\"es\",\"potentialAction\":[{\"@type\":\"ReadAction\",\"target\":[\"https:\\\/\\\/canal7slp.tv\\\/2022\\\/autoridades-capturan-a-reo-que-se-fugo-de-la-prision-de-tula\\\/\"]}]},{\"@type\":\"ImageObject\",\"inLanguage\":\"es\",\"@id\":\"https:\\\/\\\/canal7slp.tv\\\/2022\\\/autoridades-capturan-a-reo-que-se-fugo-de-la-prision-de-tula\\\/#primaryimage\",\"url\":\"https:\\\/\\\/canal7slp.tv\\\/2022\\\/wp-content\\\/uploads\\\/2022\\\/04\\\/02-14.jpg\",\"contentUrl\":\"https:\\\/\\\/canal7slp.tv\\\/2022\\\/wp-content\\\/uploads\\\/2022\\\/04\\\/02-14.jpg\",\"width\":1140,\"height\":712},{\"@type\":\"BreadcrumbList\",\"@id\":\"https:\\\/\\\/canal7slp.tv\\\/2022\\\/autoridades-capturan-a-reo-que-se-fugo-de-la-prision-de-tula\\\/#breadcrumb\",\"itemListElement\":[{\"@type\":\"ListItem\",\"position\":1,\"name\":\"Portada\",\"item\":\"https:\\\/\\\/canal7slp.tv\\\/2022\\\/\"},{\"@type\":\"ListItem\",\"position\":2,\"name\":\"Autoridades capturan a reo que se fug\u00f3 de la prisi\u00f3n de Tula\"}]},{\"@type\":\"WebSite\",\"@id\":\"https:\\\/\\\/canal7slp.tv\\\/2022\\\/#website\",\"url\":\"https:\\\/\\\/canal7slp.tv\\\/2022\\\/\",\"name\":\"N7 - Noticieros Canal 7\",\"description\":\"Somos Televisi\u00f3n\",\"publisher\":{\"@id\":\"https:\\\/\\\/canal7slp.tv\\\/2022\\\/#organization\"},\"potentialAction\":[{\"@type\":\"SearchAction\",\"target\":{\"@type\":\"EntryPoint\",\"urlTemplate\":\"https:\\\/\\\/canal7slp.tv\\\/2022\\\/?s={search_term_string}\"},\"query-input\":{\"@type\":\"PropertyValueSpecification\",\"valueRequired\":true,\"valueName\":\"search_term_string\"}}],\"inLanguage\":\"es\"},{\"@type\":\"Organization\",\"@id\":\"https:\\\/\\\/canal7slp.tv\\\/2022\\\/#organization\",\"name\":\"Noticieros Canal 7\",\"url\":\"https:\\\/\\\/canal7slp.tv\\\/2022\\\/\",\"logo\":{\"@type\":\"ImageObject\",\"inLanguage\":\"es\",\"@id\":\"https:\\\/\\\/canal7slp.tv\\\/2022\\\/#\\\/schema\\\/logo\\\/image\\\/\",\"url\":\"https:\\\/\\\/canal7slp.tv\\\/2022\\\/wp-content\\\/uploads\\\/2021\\\/01\\\/logo-noticieros@2x.png\",\"contentUrl\":\"https:\\\/\\\/canal7slp.tv\\\/2022\\\/wp-content\\\/uploads\\\/2021\\\/01\\\/logo-noticieros@2x.png\",\"width\":1017,\"height\":268,\"caption\":\"Noticieros Canal 7\"},\"image\":{\"@id\":\"https:\\\/\\\/canal7slp.tv\\\/2022\\\/#\\\/schema\\\/logo\\\/image\\\/\"},\"sameAs\":[\"https:\\\/\\\/www.facebook.com\\\/noticieroscanalsiete\",\"https:\\\/\\\/x.com\\\/NOTICIEROS7\",\"https:\\\/\\\/www.instagram.com\\\/canal7_slp\",\"https:\\\/\\\/www.youtube.com\\\/channel\\\/UCliiYs-gP3JfJeqdPrNdd5A\"]},{\"@type\":\"Person\",\"@id\":\"https:\\\/\\\/canal7slp.tv\\\/2022\\\/#\\\/schema\\\/person\\\/429704152a21f5f856ce29aa69a238da\",\"name\":\"Edici\u00f3n Web\",\"image\":{\"@type\":\"ImageObject\",\"inLanguage\":\"es\",\"@id\":\"https:\\\/\\\/secure.gravatar.com\\\/avatar\\\/eee448fc3f7164808013b816ba91ac7e43bbe82a70bebac296f8bc6f0addaa1a?s=96&d=mm&r=g\",\"url\":\"https:\\\/\\\/secure.gravatar.com\\\/avatar\\\/eee448fc3f7164808013b816ba91ac7e43bbe82a70bebac296f8bc6f0addaa1a?s=96&d=mm&r=g\",\"contentUrl\":\"https:\\\/\\\/secure.gravatar.com\\\/avatar\\\/eee448fc3f7164808013b816ba91ac7e43bbe82a70bebac296f8bc6f0addaa1a?s=96&d=mm&r=g\",\"caption\":\"Edici\u00f3n Web\"},\"url\":\"https:\\\/\\\/canal7slp.tv\\\/2022\\\/author\\\/edicionweb\\\/\"}]}<\/script>\n<!-- \/ Yoast SEO plugin. -->","yoast_head_json":{"title":"Autoridades capturan a reo que se fug\u00f3 de la prisi\u00f3n de Tula - Canal 7 SLP - 2022","robots":{"index":"index","follow":"follow","max-snippet":"max-snippet:-1","max-image-preview":"max-image-preview:large","max-video-preview":"max-video-preview:-1"},"canonical":"https:\/\/canal7slp.tv\/2022\/autoridades-capturan-a-reo-que-se-fugo-de-la-prision-de-tula\/","og_locale":"es_ES","og_type":"article","og_title":"Autoridades capturan a reo que se fug\u00f3 de la prisi\u00f3n de Tula - Canal 7 SLP - 2022","og_description":"\u201cEl Michoacano\u201d escap\u00f3 del centro penitenciario con ayuda de autos bomba M\u00e9xico.- Elementos de la Unidad Especializada en el Combate al Secuestro detuvieron a Artemio Maldonado, alias \u00abEl Michoacano\u00bb, en la Ciudad de M\u00e9xico. Durante esta acci\u00f3n, se logr\u00f3 detener a otro individuo -identificado como G. M. M.-. Ambos se fugaron del penal de Tula el primero de diciembre del 2021. Cabe se\u00f1alar que para el escape, fueron detonados dos autos bombas y se utiliz\u00f3 una camioneta que funcion\u00f3 como tanqueta. De acuerdo con lo dado a conoce por la Procuradur\u00eda de Justicia, el operativo para la captura se realiz\u00f3 [&hellip;]","og_url":"https:\/\/canal7slp.tv\/2022\/autoridades-capturan-a-reo-que-se-fugo-de-la-prision-de-tula\/","og_site_name":"Canal 7 SLP - 2022","article_publisher":"https:\/\/www.facebook.com\/noticieroscanalsiete","article_published_time":"2022-04-18T21:44:17+00:00","og_image":[{"width":1140,"height":712,"url":"https:\/\/canal7slp.tv\/2022\/wp-content\/uploads\/2022\/04\/02-14.jpg","type":"image\/jpeg"}],"author":"Edici\u00f3n Web","twitter_card":"summary_large_image","twitter_creator":"@NOTICIEROS7","twitter_site":"@NOTICIEROS7","twitter_misc":{"Escrito por":"Edici\u00f3n Web","Tiempo de lectura":"1 minuto"},"schema":{"@context":"https:\/\/schema.org","@graph":[{"@type":"Article","@id":"https:\/\/canal7slp.tv\/2022\/autoridades-capturan-a-reo-que-se-fugo-de-la-prision-de-tula\/#article","isPartOf":{"@id":"https:\/\/canal7slp.tv\/2022\/autoridades-capturan-a-reo-que-se-fugo-de-la-prision-de-tula\/"},"author":{"name":"Edici\u00f3n Web","@id":"https:\/\/canal7slp.tv\/2022\/#\/schema\/person\/429704152a21f5f856ce29aa69a238da"},"headline":"Autoridades capturan a reo que se fug\u00f3 de la prisi\u00f3n de Tula","datePublished":"2022-04-18T21:44:17+00:00","mainEntityOfPage":{"@id":"https:\/\/canal7slp.tv\/2022\/autoridades-capturan-a-reo-que-se-fugo-de-la-prision-de-tula\/"},"wordCount":167,"publisher":{"@id":"https:\/\/canal7slp.tv\/2022\/#organization"},"image":{"@id":"https:\/\/canal7slp.tv\/2022\/autoridades-capturan-a-reo-que-se-fugo-de-la-prision-de-tula\/#primaryimage"},"thumbnailUrl":"https:\/\/canal7slp.tv\/2022\/wp-content\/uploads\/2022\/04\/02-14.jpg","articleSection":["NACIONALES"],"inLanguage":"es"},{"@type":"WebPage","@id":"https:\/\/canal7slp.tv\/2022\/autoridades-capturan-a-reo-que-se-fugo-de-la-prision-de-tula\/","url":"https:\/\/canal7slp.tv\/2022\/autoridades-capturan-a-reo-que-se-fugo-de-la-prision-de-tula\/","name":"Autoridades capturan a reo que se fug\u00f3 de la prisi\u00f3n de Tula - Canal 7 SLP - 2022","isPartOf":{"@id":"https:\/\/canal7slp.tv\/2022\/#website"},"primaryImageOfPage":{"@id":"https:\/\/canal7slp.tv\/2022\/autoridades-capturan-a-reo-que-se-fugo-de-la-prision-de-tula\/#primaryimage"},"image":{"@id":"https:\/\/canal7slp.tv\/2022\/autoridades-capturan-a-reo-que-se-fugo-de-la-prision-de-tula\/#primaryimage"},"thumbnailUrl":"https:\/\/canal7slp.tv\/2022\/wp-content\/uploads\/2022\/04\/02-14.jpg","datePublished":"2022-04-18T21:44:17+00:00","breadcrumb":{"@id":"https:\/\/canal7slp.tv\/2022\/autoridades-capturan-a-reo-que-se-fugo-de-la-prision-de-tula\/#breadcrumb"},"inLanguage":"es","potentialAction":[{"@type":"ReadAction","target":["https:\/\/canal7slp.tv\/2022\/autoridades-capturan-a-reo-que-se-fugo-de-la-prision-de-tula\/"]}]},{"@type":"ImageObject","inLanguage":"es","@id":"https:\/\/canal7slp.tv\/2022\/autoridades-capturan-a-reo-que-se-fugo-de-la-prision-de-tula\/#primaryimage","url":"https:\/\/canal7slp.tv\/2022\/wp-content\/uploads\/2022\/04\/02-14.jpg","contentUrl":"https:\/\/canal7slp.tv\/2022\/wp-content\/uploads\/2022\/04\/02-14.jpg","width":1140,"height":712},{"@type":"BreadcrumbList","@id":"https:\/\/canal7slp.tv\/2022\/autoridades-capturan-a-reo-que-se-fugo-de-la-prision-de-tula\/#breadcrumb","itemListElement":[{"@type":"ListItem","position":1,"name":"Portada","item":"https:\/\/canal7slp.tv\/2022\/"},{"@type":"ListItem","position":2,"name":"Autoridades capturan a reo que se fug\u00f3 de la prisi\u00f3n de Tula"}]},{"@type":"WebSite","@id":"https:\/\/canal7slp.tv\/2022\/#website","url":"https:\/\/canal7slp.tv\/2022\/","name":"N7 - Noticieros Canal 7","description":"Somos Televisi\u00f3n","publisher":{"@id":"https:\/\/canal7slp.tv\/2022\/#organization"},"potentialAction":[{"@type":"SearchAction","target":{"@type":"EntryPoint","urlTemplate":"https:\/\/canal7slp.tv\/2022\/?s={search_term_string}"},"query-input":{"@type":"PropertyValueSpecification","valueRequired":true,"valueName":"search_term_string"}}],"inLanguage":"es"},{"@type":"Organization","@id":"https:\/\/canal7slp.tv\/2022\/#organization","name":"Noticieros Canal 7","url":"https:\/\/canal7slp.tv\/2022\/","logo":{"@type":"ImageObject","inLanguage":"es","@id":"https:\/\/canal7slp.tv\/2022\/#\/schema\/logo\/image\/","url":"https:\/\/canal7slp.tv\/2022\/wp-content\/uploads\/2021\/01\/logo-noticieros@2x.png","contentUrl":"https:\/\/canal7slp.tv\/2022\/wp-content\/uploads\/2021\/01\/logo-noticieros@2x.png","width":1017,"height":268,"caption":"Noticieros Canal 7"},"image":{"@id":"https:\/\/canal7slp.tv\/2022\/#\/schema\/logo\/image\/"},"sameAs":["https:\/\/www.facebook.com\/noticieroscanalsiete","https:\/\/x.com\/NOTICIEROS7","https:\/\/www.instagram.com\/canal7_slp","https:\/\/www.youtube.com\/channel\/UCliiYs-gP3JfJeqdPrNdd5A"]},{"@type":"Person","@id":"https:\/\/canal7slp.tv\/2022\/#\/schema\/person\/429704152a21f5f856ce29aa69a238da","name":"Edici\u00f3n Web","image":{"@type":"ImageObject","inLanguage":"es","@id":"https:\/\/secure.gravatar.com\/avatar\/eee448fc3f7164808013b816ba91ac7e43bbe82a70bebac296f8bc6f0addaa1a?s=96&d=mm&r=g","url":"https:\/\/secure.gravatar.com\/avatar\/eee448fc3f7164808013b816ba91ac7e43bbe82a70bebac296f8bc6f0addaa1a?s=96&d=mm&r=g","contentUrl":"https:\/\/secure.gravatar.com\/avatar\/eee448fc3f7164808013b816ba91ac7e43bbe82a70bebac296f8bc6f0addaa1a?s=96&d=mm&r=g","caption":"Edici\u00f3n Web"},"url":"https:\/\/canal7slp.tv\/2022\/author\/edicionweb\/"}]}},"amp_enabled":true,"_links":{"self":[{"href":"https:\/\/canal7slp.tv\/2022\/wp-json\/wp\/v2\/posts\/57627","targetHints":{"allow":["GET"]}}],"collection":[{"href":"https:\/\/canal7slp.tv\/2022\/wp-json\/wp\/v2\/posts"}],"about":[{"href":"https:\/\/canal7slp.tv\/2022\/wp-json\/wp\/v2\/types\/post"}],"author":[{"embeddable":true,"href":"https:\/\/canal7slp.tv\/2022\/wp-json\/wp\/v2\/users\/2"}],"replies":[{"embeddable":true,"href":"https:\/\/canal7slp.tv\/2022\/wp-json\/wp\/v2\/comments?post=57627"}],"version-history":[{"count":2,"href":"https:\/\/canal7slp.tv\/2022\/wp-json\/wp\/v2\/posts\/57627\/revisions"}],"predecessor-version":[{"id":57642,"href":"https:\/\/canal7slp.tv\/2022\/wp-json\/wp\/v2\/posts\/57627\/revisions\/57642"}],"wp:featuredmedia":[{"embeddable":true,"href":"https:\/\/canal7slp.tv\/2022\/wp-json\/wp\/v2\/media\/57637"}],"wp:attachment":[{"href":"https:\/\/canal7slp.tv\/2022\/wp-json\/wp\/v2\/media?parent=57627"}],"wp:term":[{"taxonomy":"category","embeddable":true,"href":"https:\/\/canal7slp.tv\/2022\/wp-json\/wp\/v2\/categories?post=57627"},{"taxonomy":"post_tag","embeddable":true,"href":"https:\/\/canal7slp.tv\/2022\/wp-json\/wp\/v2\/tags?post=57627"}],"curies":[{"name":"wp","href":"https:\/\/api.w.org\/{rel}","templated":true}]}}