{"id":57626,"date":"2022-04-18T15:44:15","date_gmt":"2022-04-18T21:44:15","guid":{"rendered":"https:\/\/canal7slp.tv\/2022\/?p=57626"},"modified":"2022-04-18T15:44:15","modified_gmt":"2022-04-18T21:44:15","slug":"sismo-de-4-5-grados-madruga-a-guerrero","status":"publish","type":"post","link":"https:\/\/canal7slp.tv\/2022\/sismo-de-4-5-grados-madruga-a-guerrero\/","title":{"rendered":"Sismo de 4.5 grados madruga a Guerrero"},"content":{"rendered":"<p style=\"text-align: justify;\">M\u00e9xico.- Alrededor de las 7:30 de la ma\u00f1ana de este 18 de abril, se registr\u00f3 un sismo de 4.5 grados de magnitud en Guerrero.<\/p>\n<p style=\"text-align: justify;\">El epicentro del movimiento tel\u00farico se localiz\u00f3 en el municipio de Arcelia, Lat 17.97 Lon -100.32, a una profundidad de 47 kil\u00f3metros.<\/p>\n<p style=\"text-align: justify;\">El terremoto no activ\u00f3 la alerta s\u00edsmica en la Ciudad de M\u00e9xico, pese a esto, usuarios de Redes Sociales reportaron que se sinti\u00f3 el temblor en varias alcald\u00edas.<\/p>\n","protected":false},"excerpt":{"rendered":"<p>M\u00e9xico.- Alrededor de las 7:30 de la ma\u00f1ana de este 18 de abril, se registr\u00f3 un sismo de 4.5 grados de magnitud en Guerrero. El epicentro del movimiento tel\u00farico se localiz\u00f3 en el municipio de Arcelia, Lat 17.97 Lon -100.32, a una profundidad de 47 kil\u00f3metros. El terremoto no activ\u00f3 la alerta s\u00edsmica en la Ciudad de M\u00e9xico, pese a esto, usuarios de Redes Sociales reportaron que se sinti\u00f3 el temblor en varias alcald\u00edas.<\/p>\n","protected":false},"author":2,"featured_media":57636,"comment_status":"closed","ping_status":"closed","sticky":false,"template":"","format":"standard","meta":{"footnotes":""},"categories":[46],"tags":[],"class_list":["post-57626","post","type-post","status-publish","format-standard","has-post-thumbnail","hentry","category-nacional","post--single"],"yoast_head":"<!-- This site is optimized with the Yoast SEO plugin v27.5 - https:\/\/yoast.com\/product\/yoast-seo-wordpress\/ -->\n<title>Sismo de 4.5 grados madruga a Guerrero - Canal 7 SLP - 2022<\/title>\n<meta name=\"robots\" content=\"index, follow, max-snippet:-1, max-image-preview:large, max-video-preview:-1\" \/>\n<link rel=\"canonical\" href=\"https:\/\/canal7slp.tv\/2022\/sismo-de-4-5-grados-madruga-a-guerrero\/\" \/>\n<meta property=\"og:locale\" content=\"es_ES\" \/>\n<meta property=\"og:type\" content=\"article\" \/>\n<meta property=\"og:title\" content=\"Sismo de 4.5 grados madruga a Guerrero - Canal 7 SLP - 2022\" \/>\n<meta property=\"og:description\" content=\"M\u00e9xico.- Alrededor de las 7:30 de la ma\u00f1ana de este 18 de abril, se registr\u00f3 un sismo de 4.5 grados de magnitud en Guerrero. El epicentro del movimiento tel\u00farico se localiz\u00f3 en el municipio de Arcelia, Lat 17.97 Lon -100.32, a una profundidad de 47 kil\u00f3metros. El terremoto no activ\u00f3 la alerta s\u00edsmica en la Ciudad de M\u00e9xico, pese a esto, usuarios de Redes Sociales reportaron que se sinti\u00f3 el temblor en varias alcald\u00edas.\" \/>\n<meta property=\"og:url\" content=\"https:\/\/canal7slp.tv\/2022\/sismo-de-4-5-grados-madruga-a-guerrero\/\" \/>\n<meta property=\"og:site_name\" content=\"Canal 7 SLP - 2022\" \/>\n<meta property=\"article:publisher\" content=\"https:\/\/www.facebook.com\/noticieroscanalsiete\" \/>\n<meta property=\"article:published_time\" content=\"2022-04-18T21:44:15+00:00\" \/>\n<meta property=\"og:image\" content=\"https:\/\/canal7slp.tv\/2022\/wp-content\/uploads\/2022\/04\/01-12.jpg\" \/>\n\t<meta property=\"og:image:width\" content=\"1200\" \/>\n\t<meta property=\"og:image:height\" content=\"854\" \/>\n\t<meta property=\"og:image:type\" content=\"image\/jpeg\" \/>\n<meta name=\"author\" content=\"Edici\u00f3n Web\" \/>\n<meta name=\"twitter:card\" content=\"summary_large_image\" \/>\n<meta name=\"twitter:creator\" content=\"@NOTICIEROS7\" \/>\n<meta name=\"twitter:site\" content=\"@NOTICIEROS7\" \/>\n<meta name=\"twitter:label1\" content=\"Escrito por\" \/>\n\t<meta name=\"twitter:data1\" content=\"Edici\u00f3n Web\" \/>\n\t<meta name=\"twitter:label2\" content=\"Tiempo de lectura\" \/>\n\t<meta name=\"twitter:data2\" content=\"1 minuto\" \/>\n<script type=\"application\/ld+json\" class=\"yoast-schema-graph\">{\"@context\":\"https:\\\/\\\/schema.org\",\"@graph\":[{\"@type\":\"Article\",\"@id\":\"https:\\\/\\\/canal7slp.tv\\\/2022\\\/sismo-de-4-5-grados-madruga-a-guerrero\\\/#article\",\"isPartOf\":{\"@id\":\"https:\\\/\\\/canal7slp.tv\\\/2022\\\/sismo-de-4-5-grados-madruga-a-guerrero\\\/\"},\"author\":{\"name\":\"Edici\u00f3n Web\",\"@id\":\"https:\\\/\\\/canal7slp.tv\\\/2022\\\/#\\\/schema\\\/person\\\/429704152a21f5f856ce29aa69a238da\"},\"headline\":\"Sismo de 4.5 grados madruga a Guerrero\",\"datePublished\":\"2022-04-18T21:44:15+00:00\",\"mainEntityOfPage\":{\"@id\":\"https:\\\/\\\/canal7slp.tv\\\/2022\\\/sismo-de-4-5-grados-madruga-a-guerrero\\\/\"},\"wordCount\":83,\"publisher\":{\"@id\":\"https:\\\/\\\/canal7slp.tv\\\/2022\\\/#organization\"},\"image\":{\"@id\":\"https:\\\/\\\/canal7slp.tv\\\/2022\\\/sismo-de-4-5-grados-madruga-a-guerrero\\\/#primaryimage\"},\"thumbnailUrl\":\"https:\\\/\\\/canal7slp.tv\\\/2022\\\/wp-content\\\/uploads\\\/2022\\\/04\\\/01-12.jpg\",\"articleSection\":[\"NACIONALES\"],\"inLanguage\":\"es\"},{\"@type\":\"WebPage\",\"@id\":\"https:\\\/\\\/canal7slp.tv\\\/2022\\\/sismo-de-4-5-grados-madruga-a-guerrero\\\/\",\"url\":\"https:\\\/\\\/canal7slp.tv\\\/2022\\\/sismo-de-4-5-grados-madruga-a-guerrero\\\/\",\"name\":\"Sismo de 4.5 grados madruga a Guerrero - Canal 7 SLP - 2022\",\"isPartOf\":{\"@id\":\"https:\\\/\\\/canal7slp.tv\\\/2022\\\/#website\"},\"primaryImageOfPage\":{\"@id\":\"https:\\\/\\\/canal7slp.tv\\\/2022\\\/sismo-de-4-5-grados-madruga-a-guerrero\\\/#primaryimage\"},\"image\":{\"@id\":\"https:\\\/\\\/canal7slp.tv\\\/2022\\\/sismo-de-4-5-grados-madruga-a-guerrero\\\/#primaryimage\"},\"thumbnailUrl\":\"https:\\\/\\\/canal7slp.tv\\\/2022\\\/wp-content\\\/uploads\\\/2022\\\/04\\\/01-12.jpg\",\"datePublished\":\"2022-04-18T21:44:15+00:00\",\"breadcrumb\":{\"@id\":\"https:\\\/\\\/canal7slp.tv\\\/2022\\\/sismo-de-4-5-grados-madruga-a-guerrero\\\/#breadcrumb\"},\"inLanguage\":\"es\",\"potentialAction\":[{\"@type\":\"ReadAction\",\"target\":[\"https:\\\/\\\/canal7slp.tv\\\/2022\\\/sismo-de-4-5-grados-madruga-a-guerrero\\\/\"]}]},{\"@type\":\"ImageObject\",\"inLanguage\":\"es\",\"@id\":\"https:\\\/\\\/canal7slp.tv\\\/2022\\\/sismo-de-4-5-grados-madruga-a-guerrero\\\/#primaryimage\",\"url\":\"https:\\\/\\\/canal7slp.tv\\\/2022\\\/wp-content\\\/uploads\\\/2022\\\/04\\\/01-12.jpg\",\"contentUrl\":\"https:\\\/\\\/canal7slp.tv\\\/2022\\\/wp-content\\\/uploads\\\/2022\\\/04\\\/01-12.jpg\",\"width\":1200,\"height\":854},{\"@type\":\"BreadcrumbList\",\"@id\":\"https:\\\/\\\/canal7slp.tv\\\/2022\\\/sismo-de-4-5-grados-madruga-a-guerrero\\\/#breadcrumb\",\"itemListElement\":[{\"@type\":\"ListItem\",\"position\":1,\"name\":\"Portada\",\"item\":\"https:\\\/\\\/canal7slp.tv\\\/2022\\\/\"},{\"@type\":\"ListItem\",\"position\":2,\"name\":\"Sismo de 4.5 grados madruga a Guerrero\"}]},{\"@type\":\"WebSite\",\"@id\":\"https:\\\/\\\/canal7slp.tv\\\/2022\\\/#website\",\"url\":\"https:\\\/\\\/canal7slp.tv\\\/2022\\\/\",\"name\":\"N7 - Noticieros Canal 7\",\"description\":\"Somos Televisi\u00f3n\",\"publisher\":{\"@id\":\"https:\\\/\\\/canal7slp.tv\\\/2022\\\/#organization\"},\"potentialAction\":[{\"@type\":\"SearchAction\",\"target\":{\"@type\":\"EntryPoint\",\"urlTemplate\":\"https:\\\/\\\/canal7slp.tv\\\/2022\\\/?s={search_term_string}\"},\"query-input\":{\"@type\":\"PropertyValueSpecification\",\"valueRequired\":true,\"valueName\":\"search_term_string\"}}],\"inLanguage\":\"es\"},{\"@type\":\"Organization\",\"@id\":\"https:\\\/\\\/canal7slp.tv\\\/2022\\\/#organization\",\"name\":\"Noticieros Canal 7\",\"url\":\"https:\\\/\\\/canal7slp.tv\\\/2022\\\/\",\"logo\":{\"@type\":\"ImageObject\",\"inLanguage\":\"es\",\"@id\":\"https:\\\/\\\/canal7slp.tv\\\/2022\\\/#\\\/schema\\\/logo\\\/image\\\/\",\"url\":\"https:\\\/\\\/canal7slp.tv\\\/2022\\\/wp-content\\\/uploads\\\/2021\\\/01\\\/logo-noticieros@2x.png\",\"contentUrl\":\"https:\\\/\\\/canal7slp.tv\\\/2022\\\/wp-content\\\/uploads\\\/2021\\\/01\\\/logo-noticieros@2x.png\",\"width\":1017,\"height\":268,\"caption\":\"Noticieros Canal 7\"},\"image\":{\"@id\":\"https:\\\/\\\/canal7slp.tv\\\/2022\\\/#\\\/schema\\\/logo\\\/image\\\/\"},\"sameAs\":[\"https:\\\/\\\/www.facebook.com\\\/noticieroscanalsiete\",\"https:\\\/\\\/x.com\\\/NOTICIEROS7\",\"https:\\\/\\\/www.instagram.com\\\/canal7_slp\",\"https:\\\/\\\/www.youtube.com\\\/channel\\\/UCliiYs-gP3JfJeqdPrNdd5A\"]},{\"@type\":\"Person\",\"@id\":\"https:\\\/\\\/canal7slp.tv\\\/2022\\\/#\\\/schema\\\/person\\\/429704152a21f5f856ce29aa69a238da\",\"name\":\"Edici\u00f3n Web\",\"image\":{\"@type\":\"ImageObject\",\"inLanguage\":\"es\",\"@id\":\"https:\\\/\\\/secure.gravatar.com\\\/avatar\\\/eee448fc3f7164808013b816ba91ac7e43bbe82a70bebac296f8bc6f0addaa1a?s=96&d=mm&r=g\",\"url\":\"https:\\\/\\\/secure.gravatar.com\\\/avatar\\\/eee448fc3f7164808013b816ba91ac7e43bbe82a70bebac296f8bc6f0addaa1a?s=96&d=mm&r=g\",\"contentUrl\":\"https:\\\/\\\/secure.gravatar.com\\\/avatar\\\/eee448fc3f7164808013b816ba91ac7e43bbe82a70bebac296f8bc6f0addaa1a?s=96&d=mm&r=g\",\"caption\":\"Edici\u00f3n Web\"},\"url\":\"https:\\\/\\\/canal7slp.tv\\\/2022\\\/author\\\/edicionweb\\\/\"}]}<\/script>\n<!-- \/ Yoast SEO plugin. -->","yoast_head_json":{"title":"Sismo de 4.5 grados madruga a Guerrero - Canal 7 SLP - 2022","robots":{"index":"index","follow":"follow","max-snippet":"max-snippet:-1","max-image-preview":"max-image-preview:large","max-video-preview":"max-video-preview:-1"},"canonical":"https:\/\/canal7slp.tv\/2022\/sismo-de-4-5-grados-madruga-a-guerrero\/","og_locale":"es_ES","og_type":"article","og_title":"Sismo de 4.5 grados madruga a Guerrero - Canal 7 SLP - 2022","og_description":"M\u00e9xico.- Alrededor de las 7:30 de la ma\u00f1ana de este 18 de abril, se registr\u00f3 un sismo de 4.5 grados de magnitud en Guerrero. El epicentro del movimiento tel\u00farico se localiz\u00f3 en el municipio de Arcelia, Lat 17.97 Lon -100.32, a una profundidad de 47 kil\u00f3metros. El terremoto no activ\u00f3 la alerta s\u00edsmica en la Ciudad de M\u00e9xico, pese a esto, usuarios de Redes Sociales reportaron que se sinti\u00f3 el temblor en varias alcald\u00edas.","og_url":"https:\/\/canal7slp.tv\/2022\/sismo-de-4-5-grados-madruga-a-guerrero\/","og_site_name":"Canal 7 SLP - 2022","article_publisher":"https:\/\/www.facebook.com\/noticieroscanalsiete","article_published_time":"2022-04-18T21:44:15+00:00","og_image":[{"width":1200,"height":854,"url":"https:\/\/canal7slp.tv\/2022\/wp-content\/uploads\/2022\/04\/01-12.jpg","type":"image\/jpeg"}],"author":"Edici\u00f3n Web","twitter_card":"summary_large_image","twitter_creator":"@NOTICIEROS7","twitter_site":"@NOTICIEROS7","twitter_misc":{"Escrito por":"Edici\u00f3n Web","Tiempo de lectura":"1 minuto"},"schema":{"@context":"https:\/\/schema.org","@graph":[{"@type":"Article","@id":"https:\/\/canal7slp.tv\/2022\/sismo-de-4-5-grados-madruga-a-guerrero\/#article","isPartOf":{"@id":"https:\/\/canal7slp.tv\/2022\/sismo-de-4-5-grados-madruga-a-guerrero\/"},"author":{"name":"Edici\u00f3n Web","@id":"https:\/\/canal7slp.tv\/2022\/#\/schema\/person\/429704152a21f5f856ce29aa69a238da"},"headline":"Sismo de 4.5 grados madruga a Guerrero","datePublished":"2022-04-18T21:44:15+00:00","mainEntityOfPage":{"@id":"https:\/\/canal7slp.tv\/2022\/sismo-de-4-5-grados-madruga-a-guerrero\/"},"wordCount":83,"publisher":{"@id":"https:\/\/canal7slp.tv\/2022\/#organization"},"image":{"@id":"https:\/\/canal7slp.tv\/2022\/sismo-de-4-5-grados-madruga-a-guerrero\/#primaryimage"},"thumbnailUrl":"https:\/\/canal7slp.tv\/2022\/wp-content\/uploads\/2022\/04\/01-12.jpg","articleSection":["NACIONALES"],"inLanguage":"es"},{"@type":"WebPage","@id":"https:\/\/canal7slp.tv\/2022\/sismo-de-4-5-grados-madruga-a-guerrero\/","url":"https:\/\/canal7slp.tv\/2022\/sismo-de-4-5-grados-madruga-a-guerrero\/","name":"Sismo de 4.5 grados madruga a Guerrero - Canal 7 SLP - 2022","isPartOf":{"@id":"https:\/\/canal7slp.tv\/2022\/#website"},"primaryImageOfPage":{"@id":"https:\/\/canal7slp.tv\/2022\/sismo-de-4-5-grados-madruga-a-guerrero\/#primaryimage"},"image":{"@id":"https:\/\/canal7slp.tv\/2022\/sismo-de-4-5-grados-madruga-a-guerrero\/#primaryimage"},"thumbnailUrl":"https:\/\/canal7slp.tv\/2022\/wp-content\/uploads\/2022\/04\/01-12.jpg","datePublished":"2022-04-18T21:44:15+00:00","breadcrumb":{"@id":"https:\/\/canal7slp.tv\/2022\/sismo-de-4-5-grados-madruga-a-guerrero\/#breadcrumb"},"inLanguage":"es","potentialAction":[{"@type":"ReadAction","target":["https:\/\/canal7slp.tv\/2022\/sismo-de-4-5-grados-madruga-a-guerrero\/"]}]},{"@type":"ImageObject","inLanguage":"es","@id":"https:\/\/canal7slp.tv\/2022\/sismo-de-4-5-grados-madruga-a-guerrero\/#primaryimage","url":"https:\/\/canal7slp.tv\/2022\/wp-content\/uploads\/2022\/04\/01-12.jpg","contentUrl":"https:\/\/canal7slp.tv\/2022\/wp-content\/uploads\/2022\/04\/01-12.jpg","width":1200,"height":854},{"@type":"BreadcrumbList","@id":"https:\/\/canal7slp.tv\/2022\/sismo-de-4-5-grados-madruga-a-guerrero\/#breadcrumb","itemListElement":[{"@type":"ListItem","position":1,"name":"Portada","item":"https:\/\/canal7slp.tv\/2022\/"},{"@type":"ListItem","position":2,"name":"Sismo de 4.5 grados madruga a Guerrero"}]},{"@type":"WebSite","@id":"https:\/\/canal7slp.tv\/2022\/#website","url":"https:\/\/canal7slp.tv\/2022\/","name":"N7 - Noticieros Canal 7","description":"Somos Televisi\u00f3n","publisher":{"@id":"https:\/\/canal7slp.tv\/2022\/#organization"},"potentialAction":[{"@type":"SearchAction","target":{"@type":"EntryPoint","urlTemplate":"https:\/\/canal7slp.tv\/2022\/?s={search_term_string}"},"query-input":{"@type":"PropertyValueSpecification","valueRequired":true,"valueName":"search_term_string"}}],"inLanguage":"es"},{"@type":"Organization","@id":"https:\/\/canal7slp.tv\/2022\/#organization","name":"Noticieros Canal 7","url":"https:\/\/canal7slp.tv\/2022\/","logo":{"@type":"ImageObject","inLanguage":"es","@id":"https:\/\/canal7slp.tv\/2022\/#\/schema\/logo\/image\/","url":"https:\/\/canal7slp.tv\/2022\/wp-content\/uploads\/2021\/01\/logo-noticieros@2x.png","contentUrl":"https:\/\/canal7slp.tv\/2022\/wp-content\/uploads\/2021\/01\/logo-noticieros@2x.png","width":1017,"height":268,"caption":"Noticieros Canal 7"},"image":{"@id":"https:\/\/canal7slp.tv\/2022\/#\/schema\/logo\/image\/"},"sameAs":["https:\/\/www.facebook.com\/noticieroscanalsiete","https:\/\/x.com\/NOTICIEROS7","https:\/\/www.instagram.com\/canal7_slp","https:\/\/www.youtube.com\/channel\/UCliiYs-gP3JfJeqdPrNdd5A"]},{"@type":"Person","@id":"https:\/\/canal7slp.tv\/2022\/#\/schema\/person\/429704152a21f5f856ce29aa69a238da","name":"Edici\u00f3n Web","image":{"@type":"ImageObject","inLanguage":"es","@id":"https:\/\/secure.gravatar.com\/avatar\/eee448fc3f7164808013b816ba91ac7e43bbe82a70bebac296f8bc6f0addaa1a?s=96&d=mm&r=g","url":"https:\/\/secure.gravatar.com\/avatar\/eee448fc3f7164808013b816ba91ac7e43bbe82a70bebac296f8bc6f0addaa1a?s=96&d=mm&r=g","contentUrl":"https:\/\/secure.gravatar.com\/avatar\/eee448fc3f7164808013b816ba91ac7e43bbe82a70bebac296f8bc6f0addaa1a?s=96&d=mm&r=g","caption":"Edici\u00f3n Web"},"url":"https:\/\/canal7slp.tv\/2022\/author\/edicionweb\/"}]}},"amp_enabled":true,"_links":{"self":[{"href":"https:\/\/canal7slp.tv\/2022\/wp-json\/wp\/v2\/posts\/57626","targetHints":{"allow":["GET"]}}],"collection":[{"href":"https:\/\/canal7slp.tv\/2022\/wp-json\/wp\/v2\/posts"}],"about":[{"href":"https:\/\/canal7slp.tv\/2022\/wp-json\/wp\/v2\/types\/post"}],"author":[{"embeddable":true,"href":"https:\/\/canal7slp.tv\/2022\/wp-json\/wp\/v2\/users\/2"}],"replies":[{"embeddable":true,"href":"https:\/\/canal7slp.tv\/2022\/wp-json\/wp\/v2\/comments?post=57626"}],"version-history":[{"count":2,"href":"https:\/\/canal7slp.tv\/2022\/wp-json\/wp\/v2\/posts\/57626\/revisions"}],"predecessor-version":[{"id":57641,"href":"https:\/\/canal7slp.tv\/2022\/wp-json\/wp\/v2\/posts\/57626\/revisions\/57641"}],"wp:featuredmedia":[{"embeddable":true,"href":"https:\/\/canal7slp.tv\/2022\/wp-json\/wp\/v2\/media\/57636"}],"wp:attachment":[{"href":"https:\/\/canal7slp.tv\/2022\/wp-json\/wp\/v2\/media?parent=57626"}],"wp:term":[{"taxonomy":"category","embeddable":true,"href":"https:\/\/canal7slp.tv\/2022\/wp-json\/wp\/v2\/categories?post=57626"},{"taxonomy":"post_tag","embeddable":true,"href":"https:\/\/canal7slp.tv\/2022\/wp-json\/wp\/v2\/tags?post=57626"}],"curies":[{"name":"wp","href":"https:\/\/api.w.org\/{rel}","templated":true}]}}