{"id":57461,"date":"2022-04-16T07:33:27","date_gmt":"2022-04-16T13:33:27","guid":{"rendered":"https:\/\/canal7slp.tv\/2022\/?p=57461"},"modified":"2022-04-16T07:33:27","modified_gmt":"2022-04-16T13:33:27","slug":"feligreses-conmemoraron-en-la-catedral-potosina-la-pasion-y-muerte-de-cristo","status":"publish","type":"post","link":"https:\/\/canal7slp.tv\/2022\/feligreses-conmemoraron-en-la-catedral-potosina-la-pasion-y-muerte-de-cristo\/","title":{"rendered":"Feligreses conmemoraron en la Catedral Potosina la pasi\u00f3n y muerte de Cristo."},"content":{"rendered":"<p style=\"text-align: justify;\">SLP.- Este viernes santo los feligreses asistieron a la Catedral Metropolitana para conmemorar la pasi\u00f3n y muerte de Cristo.<\/p>\n<p style=\"text-align: justify;\">N o fue d\u00eda de celebrar la Santa eucarist\u00eda ni otro sacramento, a excepci\u00f3n de la reconciliaci\u00f3n y unci\u00f3n de los enfermos.<\/p>\n<p style=\"text-align: justify;\">Despu\u00e9s de dar lectura al recorrido que tuvo Jes\u00fas por las casas de An\u00e1s, Caif\u00e1s, Pilatos, y Herodes, hasta ser enjuiciado y clavado en la cruz, los fieles pudieron profundizar en el sacrificio de Cristo, para despu\u00e9s escuchar el mensaje impartido por el arzobispo em\u00e9rito Jes\u00fas Carlos Cabrero Romero.<\/p>\n<p style=\"text-align: justify;\">Hizo una analog\u00eda de los personajes que que se encuentran con Jes\u00fas en su recorrido juicioso, e invita a los fieles a mirar las actitudes de estos personajes y asumirlas para escuchar las revelaciones que tomen lugar en sus corazones para entrar en los misterios de la celebraci\u00f3n de la pasi\u00f3n y muerte de Cristo.<\/p>\n<p style=\"text-align: justify;\">Al continuar su mensaje hizo un llamado a defender la verdad y justicia, a pesar de que esto sea dif\u00edcil por las circunstancias que nos rodeen en el momento.<\/p>\n<p style=\"text-align: justify;\">Al terminar su mensaje, hubo cantos y oraciones en adoraci\u00f3n y conmemoraci\u00f3n al sacrificio de Cristo.<\/p>\n<p style=\"text-align: justify;\">Se honr\u00f3 a la figura del Cristo crucificado y despu\u00e9s del arzobispo em\u00e9rito, los feligreses besaron los pies a la figura de Cristo.<\/p>\n<p>Por: Kenneth Villalpando<\/p>\n","protected":false},"excerpt":{"rendered":"<p>SLP.- Este viernes santo los feligreses asistieron a la Catedral Metropolitana para conmemorar la pasi\u00f3n y muerte de Cristo. N o fue d\u00eda de celebrar la Santa eucarist\u00eda ni otro sacramento, a excepci\u00f3n de la reconciliaci\u00f3n y unci\u00f3n de los enfermos. Despu\u00e9s de dar lectura al recorrido que tuvo Jes\u00fas por las casas de An\u00e1s, Caif\u00e1s, Pilatos, y Herodes, hasta ser enjuiciado y clavado en la cruz, los fieles pudieron profundizar en el sacrificio de Cristo, para despu\u00e9s escuchar el mensaje impartido por el arzobispo em\u00e9rito Jes\u00fas Carlos Cabrero Romero. Hizo una analog\u00eda de los personajes que que se encuentran [&hellip;]<\/p>\n","protected":false},"author":2,"featured_media":57459,"comment_status":"closed","ping_status":"closed","sticky":false,"template":"","format":"video","meta":{"footnotes":""},"categories":[5,45],"tags":[],"class_list":["post-57461","post","type-post","status-publish","format-video","has-post-thumbnail","hentry","category-destacadas","category-localesyregionales","post_format-post-format-video","post--single"],"yoast_head":"<!-- This site is optimized with the Yoast SEO plugin v27.4 - https:\/\/yoast.com\/product\/yoast-seo-wordpress\/ -->\n<title>Feligreses conmemoraron en la Catedral Potosina la pasi\u00f3n y muerte de Cristo. - Canal 7 SLP - 2022<\/title>\n<meta name=\"robots\" content=\"index, follow, max-snippet:-1, max-image-preview:large, max-video-preview:-1\" \/>\n<link rel=\"canonical\" href=\"https:\/\/canal7slp.tv\/2022\/feligreses-conmemoraron-en-la-catedral-potosina-la-pasion-y-muerte-de-cristo\/\" \/>\n<meta property=\"og:locale\" content=\"es_ES\" \/>\n<meta property=\"og:type\" content=\"article\" \/>\n<meta property=\"og:title\" content=\"Feligreses conmemoraron en la Catedral Potosina la pasi\u00f3n y muerte de Cristo. - Canal 7 SLP - 2022\" \/>\n<meta property=\"og:description\" content=\"SLP.- Este viernes santo los feligreses asistieron a la Catedral Metropolitana para conmemorar la pasi\u00f3n y muerte de Cristo. N o fue d\u00eda de celebrar la Santa eucarist\u00eda ni otro sacramento, a excepci\u00f3n de la reconciliaci\u00f3n y unci\u00f3n de los enfermos. Despu\u00e9s de dar lectura al recorrido que tuvo Jes\u00fas por las casas de An\u00e1s, Caif\u00e1s, Pilatos, y Herodes, hasta ser enjuiciado y clavado en la cruz, los fieles pudieron profundizar en el sacrificio de Cristo, para despu\u00e9s escuchar el mensaje impartido por el arzobispo em\u00e9rito Jes\u00fas Carlos Cabrero Romero. Hizo una analog\u00eda de los personajes que que se encuentran [&hellip;]\" \/>\n<meta property=\"og:url\" content=\"https:\/\/canal7slp.tv\/2022\/feligreses-conmemoraron-en-la-catedral-potosina-la-pasion-y-muerte-de-cristo\/\" \/>\n<meta property=\"og:site_name\" content=\"Canal 7 SLP - 2022\" \/>\n<meta property=\"article:publisher\" content=\"https:\/\/www.facebook.com\/noticieroscanalsiete\" \/>\n<meta property=\"article:published_time\" content=\"2022-04-16T13:33:27+00:00\" \/>\n<meta property=\"og:image\" content=\"https:\/\/canal7slp.tv\/2022\/wp-content\/uploads\/2022\/04\/Kenny02Misa-1.jpg\" \/>\n\t<meta property=\"og:image:width\" content=\"888\" \/>\n\t<meta property=\"og:image:height\" content=\"500\" \/>\n\t<meta property=\"og:image:type\" content=\"image\/jpeg\" \/>\n<meta name=\"author\" content=\"Edici\u00f3n Web\" \/>\n<meta name=\"twitter:card\" content=\"summary_large_image\" \/>\n<meta name=\"twitter:creator\" content=\"@NOTICIEROS7\" \/>\n<meta name=\"twitter:site\" content=\"@NOTICIEROS7\" \/>\n<meta name=\"twitter:label1\" content=\"Escrito por\" \/>\n\t<meta name=\"twitter:data1\" content=\"Edici\u00f3n Web\" \/>\n\t<meta name=\"twitter:label2\" content=\"Tiempo de lectura\" \/>\n\t<meta name=\"twitter:data2\" content=\"1 minuto\" \/>\n<script type=\"application\/ld+json\" class=\"yoast-schema-graph\">{\"@context\":\"https:\\\/\\\/schema.org\",\"@graph\":[{\"@type\":\"Article\",\"@id\":\"https:\\\/\\\/canal7slp.tv\\\/2022\\\/feligreses-conmemoraron-en-la-catedral-potosina-la-pasion-y-muerte-de-cristo\\\/#article\",\"isPartOf\":{\"@id\":\"https:\\\/\\\/canal7slp.tv\\\/2022\\\/feligreses-conmemoraron-en-la-catedral-potosina-la-pasion-y-muerte-de-cristo\\\/\"},\"author\":{\"name\":\"Edici\u00f3n Web\",\"@id\":\"https:\\\/\\\/canal7slp.tv\\\/2022\\\/#\\\/schema\\\/person\\\/429704152a21f5f856ce29aa69a238da\"},\"headline\":\"Feligreses conmemoraron en la Catedral Potosina la pasi\u00f3n y muerte de Cristo.\",\"datePublished\":\"2022-04-16T13:33:27+00:00\",\"mainEntityOfPage\":{\"@id\":\"https:\\\/\\\/canal7slp.tv\\\/2022\\\/feligreses-conmemoraron-en-la-catedral-potosina-la-pasion-y-muerte-de-cristo\\\/\"},\"wordCount\":252,\"publisher\":{\"@id\":\"https:\\\/\\\/canal7slp.tv\\\/2022\\\/#organization\"},\"image\":{\"@id\":\"https:\\\/\\\/canal7slp.tv\\\/2022\\\/feligreses-conmemoraron-en-la-catedral-potosina-la-pasion-y-muerte-de-cristo\\\/#primaryimage\"},\"thumbnailUrl\":\"https:\\\/\\\/canal7slp.tv\\\/2022\\\/wp-content\\\/uploads\\\/2022\\\/04\\\/Kenny02Misa-1.jpg\",\"articleSection\":[\"DESTACADAS\",\"LOCALES Y REGIONALES\"],\"inLanguage\":\"es\"},{\"@type\":\"WebPage\",\"@id\":\"https:\\\/\\\/canal7slp.tv\\\/2022\\\/feligreses-conmemoraron-en-la-catedral-potosina-la-pasion-y-muerte-de-cristo\\\/\",\"url\":\"https:\\\/\\\/canal7slp.tv\\\/2022\\\/feligreses-conmemoraron-en-la-catedral-potosina-la-pasion-y-muerte-de-cristo\\\/\",\"name\":\"Feligreses conmemoraron en la Catedral Potosina la pasi\u00f3n y muerte de Cristo. - Canal 7 SLP - 2022\",\"isPartOf\":{\"@id\":\"https:\\\/\\\/canal7slp.tv\\\/2022\\\/#website\"},\"primaryImageOfPage\":{\"@id\":\"https:\\\/\\\/canal7slp.tv\\\/2022\\\/feligreses-conmemoraron-en-la-catedral-potosina-la-pasion-y-muerte-de-cristo\\\/#primaryimage\"},\"image\":{\"@id\":\"https:\\\/\\\/canal7slp.tv\\\/2022\\\/feligreses-conmemoraron-en-la-catedral-potosina-la-pasion-y-muerte-de-cristo\\\/#primaryimage\"},\"thumbnailUrl\":\"https:\\\/\\\/canal7slp.tv\\\/2022\\\/wp-content\\\/uploads\\\/2022\\\/04\\\/Kenny02Misa-1.jpg\",\"datePublished\":\"2022-04-16T13:33:27+00:00\",\"breadcrumb\":{\"@id\":\"https:\\\/\\\/canal7slp.tv\\\/2022\\\/feligreses-conmemoraron-en-la-catedral-potosina-la-pasion-y-muerte-de-cristo\\\/#breadcrumb\"},\"inLanguage\":\"es\",\"potentialAction\":[{\"@type\":\"ReadAction\",\"target\":[\"https:\\\/\\\/canal7slp.tv\\\/2022\\\/feligreses-conmemoraron-en-la-catedral-potosina-la-pasion-y-muerte-de-cristo\\\/\"]}]},{\"@type\":\"ImageObject\",\"inLanguage\":\"es\",\"@id\":\"https:\\\/\\\/canal7slp.tv\\\/2022\\\/feligreses-conmemoraron-en-la-catedral-potosina-la-pasion-y-muerte-de-cristo\\\/#primaryimage\",\"url\":\"https:\\\/\\\/canal7slp.tv\\\/2022\\\/wp-content\\\/uploads\\\/2022\\\/04\\\/Kenny02Misa-1.jpg\",\"contentUrl\":\"https:\\\/\\\/canal7slp.tv\\\/2022\\\/wp-content\\\/uploads\\\/2022\\\/04\\\/Kenny02Misa-1.jpg\",\"width\":888,\"height\":500},{\"@type\":\"BreadcrumbList\",\"@id\":\"https:\\\/\\\/canal7slp.tv\\\/2022\\\/feligreses-conmemoraron-en-la-catedral-potosina-la-pasion-y-muerte-de-cristo\\\/#breadcrumb\",\"itemListElement\":[{\"@type\":\"ListItem\",\"position\":1,\"name\":\"Portada\",\"item\":\"https:\\\/\\\/canal7slp.tv\\\/2022\\\/\"},{\"@type\":\"ListItem\",\"position\":2,\"name\":\"Feligreses conmemoraron en la Catedral Potosina la pasi\u00f3n y muerte de Cristo.\"}]},{\"@type\":\"WebSite\",\"@id\":\"https:\\\/\\\/canal7slp.tv\\\/2022\\\/#website\",\"url\":\"https:\\\/\\\/canal7slp.tv\\\/2022\\\/\",\"name\":\"N7 - Noticieros Canal 7\",\"description\":\"Somos Televisi\u00f3n\",\"publisher\":{\"@id\":\"https:\\\/\\\/canal7slp.tv\\\/2022\\\/#organization\"},\"potentialAction\":[{\"@type\":\"SearchAction\",\"target\":{\"@type\":\"EntryPoint\",\"urlTemplate\":\"https:\\\/\\\/canal7slp.tv\\\/2022\\\/?s={search_term_string}\"},\"query-input\":{\"@type\":\"PropertyValueSpecification\",\"valueRequired\":true,\"valueName\":\"search_term_string\"}}],\"inLanguage\":\"es\"},{\"@type\":\"Organization\",\"@id\":\"https:\\\/\\\/canal7slp.tv\\\/2022\\\/#organization\",\"name\":\"Noticieros Canal 7\",\"url\":\"https:\\\/\\\/canal7slp.tv\\\/2022\\\/\",\"logo\":{\"@type\":\"ImageObject\",\"inLanguage\":\"es\",\"@id\":\"https:\\\/\\\/canal7slp.tv\\\/2022\\\/#\\\/schema\\\/logo\\\/image\\\/\",\"url\":\"https:\\\/\\\/canal7slp.tv\\\/2022\\\/wp-content\\\/uploads\\\/2021\\\/01\\\/logo-noticieros@2x.png\",\"contentUrl\":\"https:\\\/\\\/canal7slp.tv\\\/2022\\\/wp-content\\\/uploads\\\/2021\\\/01\\\/logo-noticieros@2x.png\",\"width\":1017,\"height\":268,\"caption\":\"Noticieros Canal 7\"},\"image\":{\"@id\":\"https:\\\/\\\/canal7slp.tv\\\/2022\\\/#\\\/schema\\\/logo\\\/image\\\/\"},\"sameAs\":[\"https:\\\/\\\/www.facebook.com\\\/noticieroscanalsiete\",\"https:\\\/\\\/x.com\\\/NOTICIEROS7\",\"https:\\\/\\\/www.instagram.com\\\/canal7_slp\",\"https:\\\/\\\/www.youtube.com\\\/channel\\\/UCliiYs-gP3JfJeqdPrNdd5A\"]},{\"@type\":\"Person\",\"@id\":\"https:\\\/\\\/canal7slp.tv\\\/2022\\\/#\\\/schema\\\/person\\\/429704152a21f5f856ce29aa69a238da\",\"name\":\"Edici\u00f3n Web\",\"image\":{\"@type\":\"ImageObject\",\"inLanguage\":\"es\",\"@id\":\"https:\\\/\\\/secure.gravatar.com\\\/avatar\\\/eee448fc3f7164808013b816ba91ac7e43bbe82a70bebac296f8bc6f0addaa1a?s=96&d=mm&r=g\",\"url\":\"https:\\\/\\\/secure.gravatar.com\\\/avatar\\\/eee448fc3f7164808013b816ba91ac7e43bbe82a70bebac296f8bc6f0addaa1a?s=96&d=mm&r=g\",\"contentUrl\":\"https:\\\/\\\/secure.gravatar.com\\\/avatar\\\/eee448fc3f7164808013b816ba91ac7e43bbe82a70bebac296f8bc6f0addaa1a?s=96&d=mm&r=g\",\"caption\":\"Edici\u00f3n Web\"},\"url\":\"https:\\\/\\\/canal7slp.tv\\\/2022\\\/author\\\/edicionweb\\\/\"}]}<\/script>\n<!-- \/ Yoast SEO plugin. -->","yoast_head_json":{"title":"Feligreses conmemoraron en la Catedral Potosina la pasi\u00f3n y muerte de Cristo. - Canal 7 SLP - 2022","robots":{"index":"index","follow":"follow","max-snippet":"max-snippet:-1","max-image-preview":"max-image-preview:large","max-video-preview":"max-video-preview:-1"},"canonical":"https:\/\/canal7slp.tv\/2022\/feligreses-conmemoraron-en-la-catedral-potosina-la-pasion-y-muerte-de-cristo\/","og_locale":"es_ES","og_type":"article","og_title":"Feligreses conmemoraron en la Catedral Potosina la pasi\u00f3n y muerte de Cristo. - Canal 7 SLP - 2022","og_description":"SLP.- Este viernes santo los feligreses asistieron a la Catedral Metropolitana para conmemorar la pasi\u00f3n y muerte de Cristo. N o fue d\u00eda de celebrar la Santa eucarist\u00eda ni otro sacramento, a excepci\u00f3n de la reconciliaci\u00f3n y unci\u00f3n de los enfermos. Despu\u00e9s de dar lectura al recorrido que tuvo Jes\u00fas por las casas de An\u00e1s, Caif\u00e1s, Pilatos, y Herodes, hasta ser enjuiciado y clavado en la cruz, los fieles pudieron profundizar en el sacrificio de Cristo, para despu\u00e9s escuchar el mensaje impartido por el arzobispo em\u00e9rito Jes\u00fas Carlos Cabrero Romero. Hizo una analog\u00eda de los personajes que que se encuentran [&hellip;]","og_url":"https:\/\/canal7slp.tv\/2022\/feligreses-conmemoraron-en-la-catedral-potosina-la-pasion-y-muerte-de-cristo\/","og_site_name":"Canal 7 SLP - 2022","article_publisher":"https:\/\/www.facebook.com\/noticieroscanalsiete","article_published_time":"2022-04-16T13:33:27+00:00","og_image":[{"width":888,"height":500,"url":"https:\/\/canal7slp.tv\/2022\/wp-content\/uploads\/2022\/04\/Kenny02Misa-1.jpg","type":"image\/jpeg"}],"author":"Edici\u00f3n Web","twitter_card":"summary_large_image","twitter_creator":"@NOTICIEROS7","twitter_site":"@NOTICIEROS7","twitter_misc":{"Escrito por":"Edici\u00f3n Web","Tiempo de lectura":"1 minuto"},"schema":{"@context":"https:\/\/schema.org","@graph":[{"@type":"Article","@id":"https:\/\/canal7slp.tv\/2022\/feligreses-conmemoraron-en-la-catedral-potosina-la-pasion-y-muerte-de-cristo\/#article","isPartOf":{"@id":"https:\/\/canal7slp.tv\/2022\/feligreses-conmemoraron-en-la-catedral-potosina-la-pasion-y-muerte-de-cristo\/"},"author":{"name":"Edici\u00f3n Web","@id":"https:\/\/canal7slp.tv\/2022\/#\/schema\/person\/429704152a21f5f856ce29aa69a238da"},"headline":"Feligreses conmemoraron en la Catedral Potosina la pasi\u00f3n y muerte de Cristo.","datePublished":"2022-04-16T13:33:27+00:00","mainEntityOfPage":{"@id":"https:\/\/canal7slp.tv\/2022\/feligreses-conmemoraron-en-la-catedral-potosina-la-pasion-y-muerte-de-cristo\/"},"wordCount":252,"publisher":{"@id":"https:\/\/canal7slp.tv\/2022\/#organization"},"image":{"@id":"https:\/\/canal7slp.tv\/2022\/feligreses-conmemoraron-en-la-catedral-potosina-la-pasion-y-muerte-de-cristo\/#primaryimage"},"thumbnailUrl":"https:\/\/canal7slp.tv\/2022\/wp-content\/uploads\/2022\/04\/Kenny02Misa-1.jpg","articleSection":["DESTACADAS","LOCALES Y REGIONALES"],"inLanguage":"es"},{"@type":"WebPage","@id":"https:\/\/canal7slp.tv\/2022\/feligreses-conmemoraron-en-la-catedral-potosina-la-pasion-y-muerte-de-cristo\/","url":"https:\/\/canal7slp.tv\/2022\/feligreses-conmemoraron-en-la-catedral-potosina-la-pasion-y-muerte-de-cristo\/","name":"Feligreses conmemoraron en la Catedral Potosina la pasi\u00f3n y muerte de Cristo. - Canal 7 SLP - 2022","isPartOf":{"@id":"https:\/\/canal7slp.tv\/2022\/#website"},"primaryImageOfPage":{"@id":"https:\/\/canal7slp.tv\/2022\/feligreses-conmemoraron-en-la-catedral-potosina-la-pasion-y-muerte-de-cristo\/#primaryimage"},"image":{"@id":"https:\/\/canal7slp.tv\/2022\/feligreses-conmemoraron-en-la-catedral-potosina-la-pasion-y-muerte-de-cristo\/#primaryimage"},"thumbnailUrl":"https:\/\/canal7slp.tv\/2022\/wp-content\/uploads\/2022\/04\/Kenny02Misa-1.jpg","datePublished":"2022-04-16T13:33:27+00:00","breadcrumb":{"@id":"https:\/\/canal7slp.tv\/2022\/feligreses-conmemoraron-en-la-catedral-potosina-la-pasion-y-muerte-de-cristo\/#breadcrumb"},"inLanguage":"es","potentialAction":[{"@type":"ReadAction","target":["https:\/\/canal7slp.tv\/2022\/feligreses-conmemoraron-en-la-catedral-potosina-la-pasion-y-muerte-de-cristo\/"]}]},{"@type":"ImageObject","inLanguage":"es","@id":"https:\/\/canal7slp.tv\/2022\/feligreses-conmemoraron-en-la-catedral-potosina-la-pasion-y-muerte-de-cristo\/#primaryimage","url":"https:\/\/canal7slp.tv\/2022\/wp-content\/uploads\/2022\/04\/Kenny02Misa-1.jpg","contentUrl":"https:\/\/canal7slp.tv\/2022\/wp-content\/uploads\/2022\/04\/Kenny02Misa-1.jpg","width":888,"height":500},{"@type":"BreadcrumbList","@id":"https:\/\/canal7slp.tv\/2022\/feligreses-conmemoraron-en-la-catedral-potosina-la-pasion-y-muerte-de-cristo\/#breadcrumb","itemListElement":[{"@type":"ListItem","position":1,"name":"Portada","item":"https:\/\/canal7slp.tv\/2022\/"},{"@type":"ListItem","position":2,"name":"Feligreses conmemoraron en la Catedral Potosina la pasi\u00f3n y muerte de Cristo."}]},{"@type":"WebSite","@id":"https:\/\/canal7slp.tv\/2022\/#website","url":"https:\/\/canal7slp.tv\/2022\/","name":"N7 - Noticieros Canal 7","description":"Somos Televisi\u00f3n","publisher":{"@id":"https:\/\/canal7slp.tv\/2022\/#organization"},"potentialAction":[{"@type":"SearchAction","target":{"@type":"EntryPoint","urlTemplate":"https:\/\/canal7slp.tv\/2022\/?s={search_term_string}"},"query-input":{"@type":"PropertyValueSpecification","valueRequired":true,"valueName":"search_term_string"}}],"inLanguage":"es"},{"@type":"Organization","@id":"https:\/\/canal7slp.tv\/2022\/#organization","name":"Noticieros Canal 7","url":"https:\/\/canal7slp.tv\/2022\/","logo":{"@type":"ImageObject","inLanguage":"es","@id":"https:\/\/canal7slp.tv\/2022\/#\/schema\/logo\/image\/","url":"https:\/\/canal7slp.tv\/2022\/wp-content\/uploads\/2021\/01\/logo-noticieros@2x.png","contentUrl":"https:\/\/canal7slp.tv\/2022\/wp-content\/uploads\/2021\/01\/logo-noticieros@2x.png","width":1017,"height":268,"caption":"Noticieros Canal 7"},"image":{"@id":"https:\/\/canal7slp.tv\/2022\/#\/schema\/logo\/image\/"},"sameAs":["https:\/\/www.facebook.com\/noticieroscanalsiete","https:\/\/x.com\/NOTICIEROS7","https:\/\/www.instagram.com\/canal7_slp","https:\/\/www.youtube.com\/channel\/UCliiYs-gP3JfJeqdPrNdd5A"]},{"@type":"Person","@id":"https:\/\/canal7slp.tv\/2022\/#\/schema\/person\/429704152a21f5f856ce29aa69a238da","name":"Edici\u00f3n Web","image":{"@type":"ImageObject","inLanguage":"es","@id":"https:\/\/secure.gravatar.com\/avatar\/eee448fc3f7164808013b816ba91ac7e43bbe82a70bebac296f8bc6f0addaa1a?s=96&d=mm&r=g","url":"https:\/\/secure.gravatar.com\/avatar\/eee448fc3f7164808013b816ba91ac7e43bbe82a70bebac296f8bc6f0addaa1a?s=96&d=mm&r=g","contentUrl":"https:\/\/secure.gravatar.com\/avatar\/eee448fc3f7164808013b816ba91ac7e43bbe82a70bebac296f8bc6f0addaa1a?s=96&d=mm&r=g","caption":"Edici\u00f3n Web"},"url":"https:\/\/canal7slp.tv\/2022\/author\/edicionweb\/"}]}},"amp_enabled":true,"_links":{"self":[{"href":"https:\/\/canal7slp.tv\/2022\/wp-json\/wp\/v2\/posts\/57461","targetHints":{"allow":["GET"]}}],"collection":[{"href":"https:\/\/canal7slp.tv\/2022\/wp-json\/wp\/v2\/posts"}],"about":[{"href":"https:\/\/canal7slp.tv\/2022\/wp-json\/wp\/v2\/types\/post"}],"author":[{"embeddable":true,"href":"https:\/\/canal7slp.tv\/2022\/wp-json\/wp\/v2\/users\/2"}],"replies":[{"embeddable":true,"href":"https:\/\/canal7slp.tv\/2022\/wp-json\/wp\/v2\/comments?post=57461"}],"version-history":[{"count":1,"href":"https:\/\/canal7slp.tv\/2022\/wp-json\/wp\/v2\/posts\/57461\/revisions"}],"predecessor-version":[{"id":57462,"href":"https:\/\/canal7slp.tv\/2022\/wp-json\/wp\/v2\/posts\/57461\/revisions\/57462"}],"wp:featuredmedia":[{"embeddable":true,"href":"https:\/\/canal7slp.tv\/2022\/wp-json\/wp\/v2\/media\/57459"}],"wp:attachment":[{"href":"https:\/\/canal7slp.tv\/2022\/wp-json\/wp\/v2\/media?parent=57461"}],"wp:term":[{"taxonomy":"category","embeddable":true,"href":"https:\/\/canal7slp.tv\/2022\/wp-json\/wp\/v2\/categories?post=57461"},{"taxonomy":"post_tag","embeddable":true,"href":"https:\/\/canal7slp.tv\/2022\/wp-json\/wp\/v2\/tags?post=57461"}],"curies":[{"name":"wp","href":"https:\/\/api.w.org\/{rel}","templated":true}]}}