{"id":57453,"date":"2022-04-16T08:11:40","date_gmt":"2022-04-16T14:11:40","guid":{"rendered":"https:\/\/canal7slp.tv\/2022\/?p=57453"},"modified":"2022-04-16T08:11:40","modified_gmt":"2022-04-16T14:11:40","slug":"tras-dos-anos-de-suspension-la-procesion-del-silencio-recorrio-las-calles-de-slp-en-su-edicion-69","status":"publish","type":"post","link":"https:\/\/canal7slp.tv\/2022\/tras-dos-anos-de-suspension-la-procesion-del-silencio-recorrio-las-calles-de-slp-en-su-edicion-69\/","title":{"rendered":"Tras dos a\u00f1os de suspensi\u00f3n, la Procesi\u00f3n del Silencio recorri\u00f3 las calles de SLP en su  edici\u00f3n 69."},"content":{"rendered":"<p style=\"text-align: justify;\">SLP.- Este viernes 15 de abril se llev\u00f3 a cabo la Sexag\u00e9sima Novena Procesi\u00f3n del Silencio en la capital de San Luis Potos\u00ed, una de las tradiciones m\u00e1s importantes que tiene el estado con respecto a la Semana Santa, pues es considerada la segunda m\u00e1s importante a nivel internacional.<\/p>\n<p style=\"text-align: justify;\">Seg\u00fan se tiene registro, esta celebraci\u00f3n es una de las m\u00e1s famosas de M\u00e9xico y se ven\u00eda realizando de forma anual cada viernes santo desde 1954, esto hasta hace dos a\u00f1os que surgi\u00f3 un virus nuevo y contagioso, la covid-19, que provoc\u00f3 la suspensi\u00f3n de actividades que pon\u00edan en riesgo la salud de la sociedad en general.<\/p>\n<p style=\"text-align: justify;\">De acuerdo con expertos en el tema, durante la Procesi\u00f3n del Silencio se hace una representaci\u00f3n de la pasi\u00f3n, crucifixi\u00f3n y muerte de Jesucristo, adem\u00e1s de que incluye el p\u00e9same a Nuestra Se\u00f1ora de Soledad, conocida tambi\u00e9n como Virgen Dolorosa o Nuestra Se\u00f1ora de los Dolores.<\/p>\n<p style=\"text-align: justify;\">Como es costumbre, la procesi\u00f3n comenz\u00f3 en punto de las 8 de la noche en el templo de Nuestra Se\u00f1ora del Carmen, para continuar su ruta por varias de las principales calles del Centro Hist\u00f3rico de San Luis Potos\u00ed: Viller\u00edas, Universidad, Galeana, Independencia, Carranza, Aldama, Madero y Manuel J. Oth\u00f3n.<\/p>\n<p style=\"text-align: justify;\">Este a\u00f1o, la misma estuvo dedicada a las y los potosinos que fallecieron a causa del coronavirus.<\/p>\n<p style=\"text-align: justify;\">Seg\u00fan la informaci\u00f3n proporcionada, participaron 29 de las 31 cofrad\u00edas que usualmente la integran, es decir, fueron cerca de dos mil personas las encargadas de retomar esta actividad que fue declarada patrimonio cultural en 2013.<\/p>\n<p style=\"text-align: justify;\">Cada una de las cofrad\u00edas se puede identificar por los colores de las t\u00fanicas que usan y que de alguna manera caracterizan a sus respectivas Parroquias; otras se pueden ubicar por sus emblemas o la imagen que portan.<\/p>\n<p style=\"text-align: justify;\">Aunque la Procesi\u00f3n del Silencio en San Luis Potos\u00ed se ve influenciada por la que se realiza en Sevilla, a la potosina se le ha calificado como la m\u00e1s \u00abcompleta\u00bb pues en ella se representan las 14 estaciones del Viacrucis y los 5 misterios dolorosos del Santo Rosario.<\/p>\n<p style=\"text-align: justify;\">El recorrido tuvo una duraci\u00f3n de cuatro horas donde los presentes guardaron silencio en se\u00f1al de luto y dolor; concluy\u00f3 en el mismo punto donde inici\u00f3: el Templo del Carmen, luego de que la \u00faltima cofrad\u00eda arribara a este punto de encuentro.<\/p>\n<p style=\"text-align: justify;\">Por: Jos\u00e9 Luis V\u00e1zquez<\/p>\n","protected":false},"excerpt":{"rendered":"<p>SLP.- Este viernes 15 de abril se llev\u00f3 a cabo la Sexag\u00e9sima Novena Procesi\u00f3n del Silencio en la capital de San Luis Potos\u00ed, una de las tradiciones m\u00e1s importantes que tiene el estado con respecto a la Semana Santa, pues es considerada la segunda m\u00e1s importante a nivel internacional. Seg\u00fan se tiene registro, esta celebraci\u00f3n es una de las m\u00e1s famosas de M\u00e9xico y se ven\u00eda realizando de forma anual cada viernes santo desde 1954, esto hasta hace dos a\u00f1os que surgi\u00f3 un virus nuevo y contagioso, la covid-19, que provoc\u00f3 la suspensi\u00f3n de actividades que pon\u00edan en riesgo la [&hellip;]<\/p>\n","protected":false},"author":2,"featured_media":57475,"comment_status":"closed","ping_status":"closed","sticky":false,"template":"","format":"video","meta":{"footnotes":""},"categories":[5,45],"tags":[],"class_list":["post-57453","post","type-post","status-publish","format-video","has-post-thumbnail","hentry","category-destacadas","category-localesyregionales","post_format-post-format-video","post--single"],"yoast_head":"<!-- This site is optimized with the Yoast SEO plugin v27.4 - https:\/\/yoast.com\/product\/yoast-seo-wordpress\/ -->\n<title>Tras dos a\u00f1os de suspensi\u00f3n, la Procesi\u00f3n del Silencio recorri\u00f3 las calles de SLP en su edici\u00f3n 69. - Canal 7 SLP - 2022<\/title>\n<meta name=\"robots\" content=\"index, follow, max-snippet:-1, max-image-preview:large, max-video-preview:-1\" \/>\n<link rel=\"canonical\" href=\"https:\/\/canal7slp.tv\/2022\/tras-dos-anos-de-suspension-la-procesion-del-silencio-recorrio-las-calles-de-slp-en-su-edicion-69\/\" \/>\n<meta property=\"og:locale\" content=\"es_ES\" \/>\n<meta property=\"og:type\" content=\"article\" \/>\n<meta property=\"og:title\" content=\"Tras dos a\u00f1os de suspensi\u00f3n, la Procesi\u00f3n del Silencio recorri\u00f3 las calles de SLP en su edici\u00f3n 69. - Canal 7 SLP - 2022\" \/>\n<meta property=\"og:description\" content=\"SLP.- Este viernes 15 de abril se llev\u00f3 a cabo la Sexag\u00e9sima Novena Procesi\u00f3n del Silencio en la capital de San Luis Potos\u00ed, una de las tradiciones m\u00e1s importantes que tiene el estado con respecto a la Semana Santa, pues es considerada la segunda m\u00e1s importante a nivel internacional. Seg\u00fan se tiene registro, esta celebraci\u00f3n es una de las m\u00e1s famosas de M\u00e9xico y se ven\u00eda realizando de forma anual cada viernes santo desde 1954, esto hasta hace dos a\u00f1os que surgi\u00f3 un virus nuevo y contagioso, la covid-19, que provoc\u00f3 la suspensi\u00f3n de actividades que pon\u00edan en riesgo la [&hellip;]\" \/>\n<meta property=\"og:url\" content=\"https:\/\/canal7slp.tv\/2022\/tras-dos-anos-de-suspension-la-procesion-del-silencio-recorrio-las-calles-de-slp-en-su-edicion-69\/\" \/>\n<meta property=\"og:site_name\" content=\"Canal 7 SLP - 2022\" \/>\n<meta property=\"article:publisher\" content=\"https:\/\/www.facebook.com\/noticieroscanalsiete\" \/>\n<meta property=\"article:published_time\" content=\"2022-04-16T14:11:40+00:00\" \/>\n<meta property=\"og:image\" content=\"https:\/\/canal7slp.tv\/2022\/wp-content\/uploads\/2022\/04\/Vazquez03ProcesionSilencio.jpg\" \/>\n\t<meta property=\"og:image:width\" content=\"888\" \/>\n\t<meta property=\"og:image:height\" content=\"500\" \/>\n\t<meta property=\"og:image:type\" content=\"image\/jpeg\" \/>\n<meta name=\"author\" content=\"Edici\u00f3n Web\" \/>\n<meta name=\"twitter:card\" content=\"summary_large_image\" \/>\n<meta name=\"twitter:creator\" content=\"@NOTICIEROS7\" \/>\n<meta name=\"twitter:site\" content=\"@NOTICIEROS7\" \/>\n<meta name=\"twitter:label1\" content=\"Escrito por\" \/>\n\t<meta name=\"twitter:data1\" content=\"Edici\u00f3n Web\" \/>\n\t<meta name=\"twitter:label2\" content=\"Tiempo de lectura\" \/>\n\t<meta name=\"twitter:data2\" content=\"2 minutos\" \/>\n<script type=\"application\/ld+json\" class=\"yoast-schema-graph\">{\"@context\":\"https:\\\/\\\/schema.org\",\"@graph\":[{\"@type\":\"Article\",\"@id\":\"https:\\\/\\\/canal7slp.tv\\\/2022\\\/tras-dos-anos-de-suspension-la-procesion-del-silencio-recorrio-las-calles-de-slp-en-su-edicion-69\\\/#article\",\"isPartOf\":{\"@id\":\"https:\\\/\\\/canal7slp.tv\\\/2022\\\/tras-dos-anos-de-suspension-la-procesion-del-silencio-recorrio-las-calles-de-slp-en-su-edicion-69\\\/\"},\"author\":{\"name\":\"Edici\u00f3n Web\",\"@id\":\"https:\\\/\\\/canal7slp.tv\\\/2022\\\/#\\\/schema\\\/person\\\/429704152a21f5f856ce29aa69a238da\"},\"headline\":\"Tras dos a\u00f1os de suspensi\u00f3n, la Procesi\u00f3n del Silencio recorri\u00f3 las calles de SLP en su edici\u00f3n 69.\",\"datePublished\":\"2022-04-16T14:11:40+00:00\",\"mainEntityOfPage\":{\"@id\":\"https:\\\/\\\/canal7slp.tv\\\/2022\\\/tras-dos-anos-de-suspension-la-procesion-del-silencio-recorrio-las-calles-de-slp-en-su-edicion-69\\\/\"},\"wordCount\":438,\"publisher\":{\"@id\":\"https:\\\/\\\/canal7slp.tv\\\/2022\\\/#organization\"},\"image\":{\"@id\":\"https:\\\/\\\/canal7slp.tv\\\/2022\\\/tras-dos-anos-de-suspension-la-procesion-del-silencio-recorrio-las-calles-de-slp-en-su-edicion-69\\\/#primaryimage\"},\"thumbnailUrl\":\"https:\\\/\\\/canal7slp.tv\\\/2022\\\/wp-content\\\/uploads\\\/2022\\\/04\\\/Vazquez03ProcesionSilencio.jpg\",\"articleSection\":[\"DESTACADAS\",\"LOCALES Y REGIONALES\"],\"inLanguage\":\"es\"},{\"@type\":\"WebPage\",\"@id\":\"https:\\\/\\\/canal7slp.tv\\\/2022\\\/tras-dos-anos-de-suspension-la-procesion-del-silencio-recorrio-las-calles-de-slp-en-su-edicion-69\\\/\",\"url\":\"https:\\\/\\\/canal7slp.tv\\\/2022\\\/tras-dos-anos-de-suspension-la-procesion-del-silencio-recorrio-las-calles-de-slp-en-su-edicion-69\\\/\",\"name\":\"Tras dos a\u00f1os de suspensi\u00f3n, la Procesi\u00f3n del Silencio recorri\u00f3 las calles de SLP en su edici\u00f3n 69. - Canal 7 SLP - 2022\",\"isPartOf\":{\"@id\":\"https:\\\/\\\/canal7slp.tv\\\/2022\\\/#website\"},\"primaryImageOfPage\":{\"@id\":\"https:\\\/\\\/canal7slp.tv\\\/2022\\\/tras-dos-anos-de-suspension-la-procesion-del-silencio-recorrio-las-calles-de-slp-en-su-edicion-69\\\/#primaryimage\"},\"image\":{\"@id\":\"https:\\\/\\\/canal7slp.tv\\\/2022\\\/tras-dos-anos-de-suspension-la-procesion-del-silencio-recorrio-las-calles-de-slp-en-su-edicion-69\\\/#primaryimage\"},\"thumbnailUrl\":\"https:\\\/\\\/canal7slp.tv\\\/2022\\\/wp-content\\\/uploads\\\/2022\\\/04\\\/Vazquez03ProcesionSilencio.jpg\",\"datePublished\":\"2022-04-16T14:11:40+00:00\",\"breadcrumb\":{\"@id\":\"https:\\\/\\\/canal7slp.tv\\\/2022\\\/tras-dos-anos-de-suspension-la-procesion-del-silencio-recorrio-las-calles-de-slp-en-su-edicion-69\\\/#breadcrumb\"},\"inLanguage\":\"es\",\"potentialAction\":[{\"@type\":\"ReadAction\",\"target\":[\"https:\\\/\\\/canal7slp.tv\\\/2022\\\/tras-dos-anos-de-suspension-la-procesion-del-silencio-recorrio-las-calles-de-slp-en-su-edicion-69\\\/\"]}]},{\"@type\":\"ImageObject\",\"inLanguage\":\"es\",\"@id\":\"https:\\\/\\\/canal7slp.tv\\\/2022\\\/tras-dos-anos-de-suspension-la-procesion-del-silencio-recorrio-las-calles-de-slp-en-su-edicion-69\\\/#primaryimage\",\"url\":\"https:\\\/\\\/canal7slp.tv\\\/2022\\\/wp-content\\\/uploads\\\/2022\\\/04\\\/Vazquez03ProcesionSilencio.jpg\",\"contentUrl\":\"https:\\\/\\\/canal7slp.tv\\\/2022\\\/wp-content\\\/uploads\\\/2022\\\/04\\\/Vazquez03ProcesionSilencio.jpg\",\"width\":888,\"height\":500},{\"@type\":\"BreadcrumbList\",\"@id\":\"https:\\\/\\\/canal7slp.tv\\\/2022\\\/tras-dos-anos-de-suspension-la-procesion-del-silencio-recorrio-las-calles-de-slp-en-su-edicion-69\\\/#breadcrumb\",\"itemListElement\":[{\"@type\":\"ListItem\",\"position\":1,\"name\":\"Portada\",\"item\":\"https:\\\/\\\/canal7slp.tv\\\/2022\\\/\"},{\"@type\":\"ListItem\",\"position\":2,\"name\":\"Tras dos a\u00f1os de suspensi\u00f3n, la Procesi\u00f3n del Silencio recorri\u00f3 las calles de SLP en su edici\u00f3n 69.\"}]},{\"@type\":\"WebSite\",\"@id\":\"https:\\\/\\\/canal7slp.tv\\\/2022\\\/#website\",\"url\":\"https:\\\/\\\/canal7slp.tv\\\/2022\\\/\",\"name\":\"N7 - Noticieros Canal 7\",\"description\":\"Somos Televisi\u00f3n\",\"publisher\":{\"@id\":\"https:\\\/\\\/canal7slp.tv\\\/2022\\\/#organization\"},\"potentialAction\":[{\"@type\":\"SearchAction\",\"target\":{\"@type\":\"EntryPoint\",\"urlTemplate\":\"https:\\\/\\\/canal7slp.tv\\\/2022\\\/?s={search_term_string}\"},\"query-input\":{\"@type\":\"PropertyValueSpecification\",\"valueRequired\":true,\"valueName\":\"search_term_string\"}}],\"inLanguage\":\"es\"},{\"@type\":\"Organization\",\"@id\":\"https:\\\/\\\/canal7slp.tv\\\/2022\\\/#organization\",\"name\":\"Noticieros Canal 7\",\"url\":\"https:\\\/\\\/canal7slp.tv\\\/2022\\\/\",\"logo\":{\"@type\":\"ImageObject\",\"inLanguage\":\"es\",\"@id\":\"https:\\\/\\\/canal7slp.tv\\\/2022\\\/#\\\/schema\\\/logo\\\/image\\\/\",\"url\":\"https:\\\/\\\/canal7slp.tv\\\/2022\\\/wp-content\\\/uploads\\\/2021\\\/01\\\/logo-noticieros@2x.png\",\"contentUrl\":\"https:\\\/\\\/canal7slp.tv\\\/2022\\\/wp-content\\\/uploads\\\/2021\\\/01\\\/logo-noticieros@2x.png\",\"width\":1017,\"height\":268,\"caption\":\"Noticieros Canal 7\"},\"image\":{\"@id\":\"https:\\\/\\\/canal7slp.tv\\\/2022\\\/#\\\/schema\\\/logo\\\/image\\\/\"},\"sameAs\":[\"https:\\\/\\\/www.facebook.com\\\/noticieroscanalsiete\",\"https:\\\/\\\/x.com\\\/NOTICIEROS7\",\"https:\\\/\\\/www.instagram.com\\\/canal7_slp\",\"https:\\\/\\\/www.youtube.com\\\/channel\\\/UCliiYs-gP3JfJeqdPrNdd5A\"]},{\"@type\":\"Person\",\"@id\":\"https:\\\/\\\/canal7slp.tv\\\/2022\\\/#\\\/schema\\\/person\\\/429704152a21f5f856ce29aa69a238da\",\"name\":\"Edici\u00f3n Web\",\"image\":{\"@type\":\"ImageObject\",\"inLanguage\":\"es\",\"@id\":\"https:\\\/\\\/secure.gravatar.com\\\/avatar\\\/eee448fc3f7164808013b816ba91ac7e43bbe82a70bebac296f8bc6f0addaa1a?s=96&d=mm&r=g\",\"url\":\"https:\\\/\\\/secure.gravatar.com\\\/avatar\\\/eee448fc3f7164808013b816ba91ac7e43bbe82a70bebac296f8bc6f0addaa1a?s=96&d=mm&r=g\",\"contentUrl\":\"https:\\\/\\\/secure.gravatar.com\\\/avatar\\\/eee448fc3f7164808013b816ba91ac7e43bbe82a70bebac296f8bc6f0addaa1a?s=96&d=mm&r=g\",\"caption\":\"Edici\u00f3n Web\"},\"url\":\"https:\\\/\\\/canal7slp.tv\\\/2022\\\/author\\\/edicionweb\\\/\"}]}<\/script>\n<!-- \/ Yoast SEO plugin. -->","yoast_head_json":{"title":"Tras dos a\u00f1os de suspensi\u00f3n, la Procesi\u00f3n del Silencio recorri\u00f3 las calles de SLP en su edici\u00f3n 69. - Canal 7 SLP - 2022","robots":{"index":"index","follow":"follow","max-snippet":"max-snippet:-1","max-image-preview":"max-image-preview:large","max-video-preview":"max-video-preview:-1"},"canonical":"https:\/\/canal7slp.tv\/2022\/tras-dos-anos-de-suspension-la-procesion-del-silencio-recorrio-las-calles-de-slp-en-su-edicion-69\/","og_locale":"es_ES","og_type":"article","og_title":"Tras dos a\u00f1os de suspensi\u00f3n, la Procesi\u00f3n del Silencio recorri\u00f3 las calles de SLP en su edici\u00f3n 69. - Canal 7 SLP - 2022","og_description":"SLP.- Este viernes 15 de abril se llev\u00f3 a cabo la Sexag\u00e9sima Novena Procesi\u00f3n del Silencio en la capital de San Luis Potos\u00ed, una de las tradiciones m\u00e1s importantes que tiene el estado con respecto a la Semana Santa, pues es considerada la segunda m\u00e1s importante a nivel internacional. Seg\u00fan se tiene registro, esta celebraci\u00f3n es una de las m\u00e1s famosas de M\u00e9xico y se ven\u00eda realizando de forma anual cada viernes santo desde 1954, esto hasta hace dos a\u00f1os que surgi\u00f3 un virus nuevo y contagioso, la covid-19, que provoc\u00f3 la suspensi\u00f3n de actividades que pon\u00edan en riesgo la [&hellip;]","og_url":"https:\/\/canal7slp.tv\/2022\/tras-dos-anos-de-suspension-la-procesion-del-silencio-recorrio-las-calles-de-slp-en-su-edicion-69\/","og_site_name":"Canal 7 SLP - 2022","article_publisher":"https:\/\/www.facebook.com\/noticieroscanalsiete","article_published_time":"2022-04-16T14:11:40+00:00","og_image":[{"width":888,"height":500,"url":"https:\/\/canal7slp.tv\/2022\/wp-content\/uploads\/2022\/04\/Vazquez03ProcesionSilencio.jpg","type":"image\/jpeg"}],"author":"Edici\u00f3n Web","twitter_card":"summary_large_image","twitter_creator":"@NOTICIEROS7","twitter_site":"@NOTICIEROS7","twitter_misc":{"Escrito por":"Edici\u00f3n Web","Tiempo de lectura":"2 minutos"},"schema":{"@context":"https:\/\/schema.org","@graph":[{"@type":"Article","@id":"https:\/\/canal7slp.tv\/2022\/tras-dos-anos-de-suspension-la-procesion-del-silencio-recorrio-las-calles-de-slp-en-su-edicion-69\/#article","isPartOf":{"@id":"https:\/\/canal7slp.tv\/2022\/tras-dos-anos-de-suspension-la-procesion-del-silencio-recorrio-las-calles-de-slp-en-su-edicion-69\/"},"author":{"name":"Edici\u00f3n Web","@id":"https:\/\/canal7slp.tv\/2022\/#\/schema\/person\/429704152a21f5f856ce29aa69a238da"},"headline":"Tras dos a\u00f1os de suspensi\u00f3n, la Procesi\u00f3n del Silencio recorri\u00f3 las calles de SLP en su edici\u00f3n 69.","datePublished":"2022-04-16T14:11:40+00:00","mainEntityOfPage":{"@id":"https:\/\/canal7slp.tv\/2022\/tras-dos-anos-de-suspension-la-procesion-del-silencio-recorrio-las-calles-de-slp-en-su-edicion-69\/"},"wordCount":438,"publisher":{"@id":"https:\/\/canal7slp.tv\/2022\/#organization"},"image":{"@id":"https:\/\/canal7slp.tv\/2022\/tras-dos-anos-de-suspension-la-procesion-del-silencio-recorrio-las-calles-de-slp-en-su-edicion-69\/#primaryimage"},"thumbnailUrl":"https:\/\/canal7slp.tv\/2022\/wp-content\/uploads\/2022\/04\/Vazquez03ProcesionSilencio.jpg","articleSection":["DESTACADAS","LOCALES Y REGIONALES"],"inLanguage":"es"},{"@type":"WebPage","@id":"https:\/\/canal7slp.tv\/2022\/tras-dos-anos-de-suspension-la-procesion-del-silencio-recorrio-las-calles-de-slp-en-su-edicion-69\/","url":"https:\/\/canal7slp.tv\/2022\/tras-dos-anos-de-suspension-la-procesion-del-silencio-recorrio-las-calles-de-slp-en-su-edicion-69\/","name":"Tras dos a\u00f1os de suspensi\u00f3n, la Procesi\u00f3n del Silencio recorri\u00f3 las calles de SLP en su edici\u00f3n 69. - Canal 7 SLP - 2022","isPartOf":{"@id":"https:\/\/canal7slp.tv\/2022\/#website"},"primaryImageOfPage":{"@id":"https:\/\/canal7slp.tv\/2022\/tras-dos-anos-de-suspension-la-procesion-del-silencio-recorrio-las-calles-de-slp-en-su-edicion-69\/#primaryimage"},"image":{"@id":"https:\/\/canal7slp.tv\/2022\/tras-dos-anos-de-suspension-la-procesion-del-silencio-recorrio-las-calles-de-slp-en-su-edicion-69\/#primaryimage"},"thumbnailUrl":"https:\/\/canal7slp.tv\/2022\/wp-content\/uploads\/2022\/04\/Vazquez03ProcesionSilencio.jpg","datePublished":"2022-04-16T14:11:40+00:00","breadcrumb":{"@id":"https:\/\/canal7slp.tv\/2022\/tras-dos-anos-de-suspension-la-procesion-del-silencio-recorrio-las-calles-de-slp-en-su-edicion-69\/#breadcrumb"},"inLanguage":"es","potentialAction":[{"@type":"ReadAction","target":["https:\/\/canal7slp.tv\/2022\/tras-dos-anos-de-suspension-la-procesion-del-silencio-recorrio-las-calles-de-slp-en-su-edicion-69\/"]}]},{"@type":"ImageObject","inLanguage":"es","@id":"https:\/\/canal7slp.tv\/2022\/tras-dos-anos-de-suspension-la-procesion-del-silencio-recorrio-las-calles-de-slp-en-su-edicion-69\/#primaryimage","url":"https:\/\/canal7slp.tv\/2022\/wp-content\/uploads\/2022\/04\/Vazquez03ProcesionSilencio.jpg","contentUrl":"https:\/\/canal7slp.tv\/2022\/wp-content\/uploads\/2022\/04\/Vazquez03ProcesionSilencio.jpg","width":888,"height":500},{"@type":"BreadcrumbList","@id":"https:\/\/canal7slp.tv\/2022\/tras-dos-anos-de-suspension-la-procesion-del-silencio-recorrio-las-calles-de-slp-en-su-edicion-69\/#breadcrumb","itemListElement":[{"@type":"ListItem","position":1,"name":"Portada","item":"https:\/\/canal7slp.tv\/2022\/"},{"@type":"ListItem","position":2,"name":"Tras dos a\u00f1os de suspensi\u00f3n, la Procesi\u00f3n del Silencio recorri\u00f3 las calles de SLP en su edici\u00f3n 69."}]},{"@type":"WebSite","@id":"https:\/\/canal7slp.tv\/2022\/#website","url":"https:\/\/canal7slp.tv\/2022\/","name":"N7 - Noticieros Canal 7","description":"Somos Televisi\u00f3n","publisher":{"@id":"https:\/\/canal7slp.tv\/2022\/#organization"},"potentialAction":[{"@type":"SearchAction","target":{"@type":"EntryPoint","urlTemplate":"https:\/\/canal7slp.tv\/2022\/?s={search_term_string}"},"query-input":{"@type":"PropertyValueSpecification","valueRequired":true,"valueName":"search_term_string"}}],"inLanguage":"es"},{"@type":"Organization","@id":"https:\/\/canal7slp.tv\/2022\/#organization","name":"Noticieros Canal 7","url":"https:\/\/canal7slp.tv\/2022\/","logo":{"@type":"ImageObject","inLanguage":"es","@id":"https:\/\/canal7slp.tv\/2022\/#\/schema\/logo\/image\/","url":"https:\/\/canal7slp.tv\/2022\/wp-content\/uploads\/2021\/01\/logo-noticieros@2x.png","contentUrl":"https:\/\/canal7slp.tv\/2022\/wp-content\/uploads\/2021\/01\/logo-noticieros@2x.png","width":1017,"height":268,"caption":"Noticieros Canal 7"},"image":{"@id":"https:\/\/canal7slp.tv\/2022\/#\/schema\/logo\/image\/"},"sameAs":["https:\/\/www.facebook.com\/noticieroscanalsiete","https:\/\/x.com\/NOTICIEROS7","https:\/\/www.instagram.com\/canal7_slp","https:\/\/www.youtube.com\/channel\/UCliiYs-gP3JfJeqdPrNdd5A"]},{"@type":"Person","@id":"https:\/\/canal7slp.tv\/2022\/#\/schema\/person\/429704152a21f5f856ce29aa69a238da","name":"Edici\u00f3n Web","image":{"@type":"ImageObject","inLanguage":"es","@id":"https:\/\/secure.gravatar.com\/avatar\/eee448fc3f7164808013b816ba91ac7e43bbe82a70bebac296f8bc6f0addaa1a?s=96&d=mm&r=g","url":"https:\/\/secure.gravatar.com\/avatar\/eee448fc3f7164808013b816ba91ac7e43bbe82a70bebac296f8bc6f0addaa1a?s=96&d=mm&r=g","contentUrl":"https:\/\/secure.gravatar.com\/avatar\/eee448fc3f7164808013b816ba91ac7e43bbe82a70bebac296f8bc6f0addaa1a?s=96&d=mm&r=g","caption":"Edici\u00f3n Web"},"url":"https:\/\/canal7slp.tv\/2022\/author\/edicionweb\/"}]}},"amp_enabled":true,"_links":{"self":[{"href":"https:\/\/canal7slp.tv\/2022\/wp-json\/wp\/v2\/posts\/57453","targetHints":{"allow":["GET"]}}],"collection":[{"href":"https:\/\/canal7slp.tv\/2022\/wp-json\/wp\/v2\/posts"}],"about":[{"href":"https:\/\/canal7slp.tv\/2022\/wp-json\/wp\/v2\/types\/post"}],"author":[{"embeddable":true,"href":"https:\/\/canal7slp.tv\/2022\/wp-json\/wp\/v2\/users\/2"}],"replies":[{"embeddable":true,"href":"https:\/\/canal7slp.tv\/2022\/wp-json\/wp\/v2\/comments?post=57453"}],"version-history":[{"count":2,"href":"https:\/\/canal7slp.tv\/2022\/wp-json\/wp\/v2\/posts\/57453\/revisions"}],"predecessor-version":[{"id":57476,"href":"https:\/\/canal7slp.tv\/2022\/wp-json\/wp\/v2\/posts\/57453\/revisions\/57476"}],"wp:featuredmedia":[{"embeddable":true,"href":"https:\/\/canal7slp.tv\/2022\/wp-json\/wp\/v2\/media\/57475"}],"wp:attachment":[{"href":"https:\/\/canal7slp.tv\/2022\/wp-json\/wp\/v2\/media?parent=57453"}],"wp:term":[{"taxonomy":"category","embeddable":true,"href":"https:\/\/canal7slp.tv\/2022\/wp-json\/wp\/v2\/categories?post=57453"},{"taxonomy":"post_tag","embeddable":true,"href":"https:\/\/canal7slp.tv\/2022\/wp-json\/wp\/v2\/tags?post=57453"}],"curies":[{"name":"wp","href":"https:\/\/api.w.org\/{rel}","templated":true}]}}