{"id":57431,"date":"2022-04-15T15:37:18","date_gmt":"2022-04-15T21:37:18","guid":{"rendered":"https:\/\/canal7slp.tv\/2022\/?p=57431"},"modified":"2022-04-15T15:37:18","modified_gmt":"2022-04-15T21:37:18","slug":"construccion-de-cementerio-en-villa-de-pozos-podria-comenzar-el-ultimo-trimestre-de-2022","status":"publish","type":"post","link":"https:\/\/canal7slp.tv\/2022\/construccion-de-cementerio-en-villa-de-pozos-podria-comenzar-el-ultimo-trimestre-de-2022\/","title":{"rendered":"Construcci\u00f3n de cementerio en Villa de Pozos podr\u00eda comenzar el \u00faltimo trimestre de 2022."},"content":{"rendered":"<p style=\"text-align: justify;\">SLP.- El pante\u00f3n de la Delegaci\u00f3n Villa de Pozos ha llegado al m\u00e1ximo de capacidad.<\/p>\n<p style=\"text-align: justify;\">Autoridades mantienen un proceso para construir otro cementerio.<\/p>\n<p style=\"text-align: justify;\">Mientras se aprovechan pasillos y espacios originalmente no contemplados.<\/p>\n<p style=\"text-align: justify;\">La expectativa es que la habilitaci\u00f3n del nuevo camposanto ocurra el \u00faltimo trimestre de 2022.<\/p>\n<p style=\"text-align: justify;\">En el avance de ocupaci\u00f3n ha influido la contingencia sanitaria, advirti\u00f3 el presidente municipal, Enrique Galindo Ceballos.<\/p>\n<p style=\"text-align: justify;\">Las autorizaciones requeridas obedecen a tr\u00e1mites estatales y municipales.<\/p>\n<p style=\"text-align: justify;\">El cementerio podr\u00eda costar entre 25 y 27 millones de pesos.<\/p>\n<p style=\"text-align: justify;\">Por: Paulina Rodr\u00edguez<\/p>\n","protected":false},"excerpt":{"rendered":"<p>SLP.- El pante\u00f3n de la Delegaci\u00f3n Villa de Pozos ha llegado al m\u00e1ximo de capacidad. Autoridades mantienen un proceso para construir otro cementerio. Mientras se aprovechan pasillos y espacios originalmente no contemplados. La expectativa es que la habilitaci\u00f3n del nuevo camposanto ocurra el \u00faltimo trimestre de 2022. En el avance de ocupaci\u00f3n ha influido la contingencia sanitaria, advirti\u00f3 el presidente municipal, Enrique Galindo Ceballos. Las autorizaciones requeridas obedecen a tr\u00e1mites estatales y municipales. El cementerio podr\u00eda costar entre 25 y 27 millones de pesos. Por: Paulina Rodr\u00edguez<\/p>\n","protected":false},"author":2,"featured_media":57438,"comment_status":"closed","ping_status":"closed","sticky":false,"template":"","format":"video","meta":{"footnotes":""},"categories":[66,5,45],"tags":[],"class_list":["post-57431","post","type-post","status-publish","format-video","has-post-thumbnail","hentry","category-ayoslp","category-destacadas","category-localesyregionales","post_format-post-format-video","post--single"],"yoast_head":"<!-- This site is optimized with the Yoast SEO plugin v27.4 - https:\/\/yoast.com\/product\/yoast-seo-wordpress\/ -->\n<title>Construcci\u00f3n de cementerio en Villa de Pozos podr\u00eda comenzar el \u00faltimo trimestre de 2022. - Canal 7 SLP - 2022<\/title>\n<meta name=\"robots\" content=\"index, follow, max-snippet:-1, max-image-preview:large, max-video-preview:-1\" \/>\n<link rel=\"canonical\" href=\"https:\/\/canal7slp.tv\/2022\/construccion-de-cementerio-en-villa-de-pozos-podria-comenzar-el-ultimo-trimestre-de-2022\/\" \/>\n<meta property=\"og:locale\" content=\"es_ES\" \/>\n<meta property=\"og:type\" content=\"article\" \/>\n<meta property=\"og:title\" content=\"Construcci\u00f3n de cementerio en Villa de Pozos podr\u00eda comenzar el \u00faltimo trimestre de 2022. - Canal 7 SLP - 2022\" \/>\n<meta property=\"og:description\" content=\"SLP.- El pante\u00f3n de la Delegaci\u00f3n Villa de Pozos ha llegado al m\u00e1ximo de capacidad. Autoridades mantienen un proceso para construir otro cementerio. Mientras se aprovechan pasillos y espacios originalmente no contemplados. La expectativa es que la habilitaci\u00f3n del nuevo camposanto ocurra el \u00faltimo trimestre de 2022. En el avance de ocupaci\u00f3n ha influido la contingencia sanitaria, advirti\u00f3 el presidente municipal, Enrique Galindo Ceballos. Las autorizaciones requeridas obedecen a tr\u00e1mites estatales y municipales. El cementerio podr\u00eda costar entre 25 y 27 millones de pesos. Por: Paulina Rodr\u00edguez\" \/>\n<meta property=\"og:url\" content=\"https:\/\/canal7slp.tv\/2022\/construccion-de-cementerio-en-villa-de-pozos-podria-comenzar-el-ultimo-trimestre-de-2022\/\" \/>\n<meta property=\"og:site_name\" content=\"Canal 7 SLP - 2022\" \/>\n<meta property=\"article:publisher\" content=\"https:\/\/www.facebook.com\/noticieroscanalsiete\" \/>\n<meta property=\"article:published_time\" content=\"2022-04-15T21:37:18+00:00\" \/>\n<meta property=\"og:image\" content=\"https:\/\/canal7slp.tv\/2022\/wp-content\/uploads\/2022\/04\/Pau0CementerioPozos.jpg\" \/>\n\t<meta property=\"og:image:width\" content=\"888\" \/>\n\t<meta property=\"og:image:height\" content=\"500\" \/>\n\t<meta property=\"og:image:type\" content=\"image\/jpeg\" \/>\n<meta name=\"author\" content=\"Edici\u00f3n Web\" \/>\n<meta name=\"twitter:card\" content=\"summary_large_image\" \/>\n<meta name=\"twitter:creator\" content=\"@NOTICIEROS7\" \/>\n<meta name=\"twitter:site\" content=\"@NOTICIEROS7\" \/>\n<meta name=\"twitter:label1\" content=\"Escrito por\" \/>\n\t<meta name=\"twitter:data1\" content=\"Edici\u00f3n Web\" \/>\n\t<meta name=\"twitter:label2\" content=\"Tiempo de lectura\" \/>\n\t<meta name=\"twitter:data2\" content=\"1 minuto\" \/>\n<script type=\"application\/ld+json\" class=\"yoast-schema-graph\">{\"@context\":\"https:\\\/\\\/schema.org\",\"@graph\":[{\"@type\":\"Article\",\"@id\":\"https:\\\/\\\/canal7slp.tv\\\/2022\\\/construccion-de-cementerio-en-villa-de-pozos-podria-comenzar-el-ultimo-trimestre-de-2022\\\/#article\",\"isPartOf\":{\"@id\":\"https:\\\/\\\/canal7slp.tv\\\/2022\\\/construccion-de-cementerio-en-villa-de-pozos-podria-comenzar-el-ultimo-trimestre-de-2022\\\/\"},\"author\":{\"name\":\"Edici\u00f3n Web\",\"@id\":\"https:\\\/\\\/canal7slp.tv\\\/2022\\\/#\\\/schema\\\/person\\\/429704152a21f5f856ce29aa69a238da\"},\"headline\":\"Construcci\u00f3n de cementerio en Villa de Pozos podr\u00eda comenzar el \u00faltimo trimestre de 2022.\",\"datePublished\":\"2022-04-15T21:37:18+00:00\",\"mainEntityOfPage\":{\"@id\":\"https:\\\/\\\/canal7slp.tv\\\/2022\\\/construccion-de-cementerio-en-villa-de-pozos-podria-comenzar-el-ultimo-trimestre-de-2022\\\/\"},\"wordCount\":108,\"publisher\":{\"@id\":\"https:\\\/\\\/canal7slp.tv\\\/2022\\\/#organization\"},\"image\":{\"@id\":\"https:\\\/\\\/canal7slp.tv\\\/2022\\\/construccion-de-cementerio-en-villa-de-pozos-podria-comenzar-el-ultimo-trimestre-de-2022\\\/#primaryimage\"},\"thumbnailUrl\":\"https:\\\/\\\/canal7slp.tv\\\/2022\\\/wp-content\\\/uploads\\\/2022\\\/04\\\/Pau0CementerioPozos.jpg\",\"articleSection\":[\"AYOSLP\",\"DESTACADAS\",\"LOCALES Y REGIONALES\"],\"inLanguage\":\"es\"},{\"@type\":\"WebPage\",\"@id\":\"https:\\\/\\\/canal7slp.tv\\\/2022\\\/construccion-de-cementerio-en-villa-de-pozos-podria-comenzar-el-ultimo-trimestre-de-2022\\\/\",\"url\":\"https:\\\/\\\/canal7slp.tv\\\/2022\\\/construccion-de-cementerio-en-villa-de-pozos-podria-comenzar-el-ultimo-trimestre-de-2022\\\/\",\"name\":\"Construcci\u00f3n de cementerio en Villa de Pozos podr\u00eda comenzar el \u00faltimo trimestre de 2022. - Canal 7 SLP - 2022\",\"isPartOf\":{\"@id\":\"https:\\\/\\\/canal7slp.tv\\\/2022\\\/#website\"},\"primaryImageOfPage\":{\"@id\":\"https:\\\/\\\/canal7slp.tv\\\/2022\\\/construccion-de-cementerio-en-villa-de-pozos-podria-comenzar-el-ultimo-trimestre-de-2022\\\/#primaryimage\"},\"image\":{\"@id\":\"https:\\\/\\\/canal7slp.tv\\\/2022\\\/construccion-de-cementerio-en-villa-de-pozos-podria-comenzar-el-ultimo-trimestre-de-2022\\\/#primaryimage\"},\"thumbnailUrl\":\"https:\\\/\\\/canal7slp.tv\\\/2022\\\/wp-content\\\/uploads\\\/2022\\\/04\\\/Pau0CementerioPozos.jpg\",\"datePublished\":\"2022-04-15T21:37:18+00:00\",\"breadcrumb\":{\"@id\":\"https:\\\/\\\/canal7slp.tv\\\/2022\\\/construccion-de-cementerio-en-villa-de-pozos-podria-comenzar-el-ultimo-trimestre-de-2022\\\/#breadcrumb\"},\"inLanguage\":\"es\",\"potentialAction\":[{\"@type\":\"ReadAction\",\"target\":[\"https:\\\/\\\/canal7slp.tv\\\/2022\\\/construccion-de-cementerio-en-villa-de-pozos-podria-comenzar-el-ultimo-trimestre-de-2022\\\/\"]}]},{\"@type\":\"ImageObject\",\"inLanguage\":\"es\",\"@id\":\"https:\\\/\\\/canal7slp.tv\\\/2022\\\/construccion-de-cementerio-en-villa-de-pozos-podria-comenzar-el-ultimo-trimestre-de-2022\\\/#primaryimage\",\"url\":\"https:\\\/\\\/canal7slp.tv\\\/2022\\\/wp-content\\\/uploads\\\/2022\\\/04\\\/Pau0CementerioPozos.jpg\",\"contentUrl\":\"https:\\\/\\\/canal7slp.tv\\\/2022\\\/wp-content\\\/uploads\\\/2022\\\/04\\\/Pau0CementerioPozos.jpg\",\"width\":888,\"height\":500},{\"@type\":\"BreadcrumbList\",\"@id\":\"https:\\\/\\\/canal7slp.tv\\\/2022\\\/construccion-de-cementerio-en-villa-de-pozos-podria-comenzar-el-ultimo-trimestre-de-2022\\\/#breadcrumb\",\"itemListElement\":[{\"@type\":\"ListItem\",\"position\":1,\"name\":\"Portada\",\"item\":\"https:\\\/\\\/canal7slp.tv\\\/2022\\\/\"},{\"@type\":\"ListItem\",\"position\":2,\"name\":\"Construcci\u00f3n de cementerio en Villa de Pozos podr\u00eda comenzar el \u00faltimo trimestre de 2022.\"}]},{\"@type\":\"WebSite\",\"@id\":\"https:\\\/\\\/canal7slp.tv\\\/2022\\\/#website\",\"url\":\"https:\\\/\\\/canal7slp.tv\\\/2022\\\/\",\"name\":\"N7 - Noticieros Canal 7\",\"description\":\"Somos Televisi\u00f3n\",\"publisher\":{\"@id\":\"https:\\\/\\\/canal7slp.tv\\\/2022\\\/#organization\"},\"potentialAction\":[{\"@type\":\"SearchAction\",\"target\":{\"@type\":\"EntryPoint\",\"urlTemplate\":\"https:\\\/\\\/canal7slp.tv\\\/2022\\\/?s={search_term_string}\"},\"query-input\":{\"@type\":\"PropertyValueSpecification\",\"valueRequired\":true,\"valueName\":\"search_term_string\"}}],\"inLanguage\":\"es\"},{\"@type\":\"Organization\",\"@id\":\"https:\\\/\\\/canal7slp.tv\\\/2022\\\/#organization\",\"name\":\"Noticieros Canal 7\",\"url\":\"https:\\\/\\\/canal7slp.tv\\\/2022\\\/\",\"logo\":{\"@type\":\"ImageObject\",\"inLanguage\":\"es\",\"@id\":\"https:\\\/\\\/canal7slp.tv\\\/2022\\\/#\\\/schema\\\/logo\\\/image\\\/\",\"url\":\"https:\\\/\\\/canal7slp.tv\\\/2022\\\/wp-content\\\/uploads\\\/2021\\\/01\\\/logo-noticieros@2x.png\",\"contentUrl\":\"https:\\\/\\\/canal7slp.tv\\\/2022\\\/wp-content\\\/uploads\\\/2021\\\/01\\\/logo-noticieros@2x.png\",\"width\":1017,\"height\":268,\"caption\":\"Noticieros Canal 7\"},\"image\":{\"@id\":\"https:\\\/\\\/canal7slp.tv\\\/2022\\\/#\\\/schema\\\/logo\\\/image\\\/\"},\"sameAs\":[\"https:\\\/\\\/www.facebook.com\\\/noticieroscanalsiete\",\"https:\\\/\\\/x.com\\\/NOTICIEROS7\",\"https:\\\/\\\/www.instagram.com\\\/canal7_slp\",\"https:\\\/\\\/www.youtube.com\\\/channel\\\/UCliiYs-gP3JfJeqdPrNdd5A\"]},{\"@type\":\"Person\",\"@id\":\"https:\\\/\\\/canal7slp.tv\\\/2022\\\/#\\\/schema\\\/person\\\/429704152a21f5f856ce29aa69a238da\",\"name\":\"Edici\u00f3n Web\",\"image\":{\"@type\":\"ImageObject\",\"inLanguage\":\"es\",\"@id\":\"https:\\\/\\\/secure.gravatar.com\\\/avatar\\\/eee448fc3f7164808013b816ba91ac7e43bbe82a70bebac296f8bc6f0addaa1a?s=96&d=mm&r=g\",\"url\":\"https:\\\/\\\/secure.gravatar.com\\\/avatar\\\/eee448fc3f7164808013b816ba91ac7e43bbe82a70bebac296f8bc6f0addaa1a?s=96&d=mm&r=g\",\"contentUrl\":\"https:\\\/\\\/secure.gravatar.com\\\/avatar\\\/eee448fc3f7164808013b816ba91ac7e43bbe82a70bebac296f8bc6f0addaa1a?s=96&d=mm&r=g\",\"caption\":\"Edici\u00f3n Web\"},\"url\":\"https:\\\/\\\/canal7slp.tv\\\/2022\\\/author\\\/edicionweb\\\/\"}]}<\/script>\n<!-- \/ Yoast SEO plugin. -->","yoast_head_json":{"title":"Construcci\u00f3n de cementerio en Villa de Pozos podr\u00eda comenzar el \u00faltimo trimestre de 2022. - Canal 7 SLP - 2022","robots":{"index":"index","follow":"follow","max-snippet":"max-snippet:-1","max-image-preview":"max-image-preview:large","max-video-preview":"max-video-preview:-1"},"canonical":"https:\/\/canal7slp.tv\/2022\/construccion-de-cementerio-en-villa-de-pozos-podria-comenzar-el-ultimo-trimestre-de-2022\/","og_locale":"es_ES","og_type":"article","og_title":"Construcci\u00f3n de cementerio en Villa de Pozos podr\u00eda comenzar el \u00faltimo trimestre de 2022. - Canal 7 SLP - 2022","og_description":"SLP.- El pante\u00f3n de la Delegaci\u00f3n Villa de Pozos ha llegado al m\u00e1ximo de capacidad. Autoridades mantienen un proceso para construir otro cementerio. Mientras se aprovechan pasillos y espacios originalmente no contemplados. La expectativa es que la habilitaci\u00f3n del nuevo camposanto ocurra el \u00faltimo trimestre de 2022. En el avance de ocupaci\u00f3n ha influido la contingencia sanitaria, advirti\u00f3 el presidente municipal, Enrique Galindo Ceballos. Las autorizaciones requeridas obedecen a tr\u00e1mites estatales y municipales. El cementerio podr\u00eda costar entre 25 y 27 millones de pesos. Por: Paulina Rodr\u00edguez","og_url":"https:\/\/canal7slp.tv\/2022\/construccion-de-cementerio-en-villa-de-pozos-podria-comenzar-el-ultimo-trimestre-de-2022\/","og_site_name":"Canal 7 SLP - 2022","article_publisher":"https:\/\/www.facebook.com\/noticieroscanalsiete","article_published_time":"2022-04-15T21:37:18+00:00","og_image":[{"width":888,"height":500,"url":"https:\/\/canal7slp.tv\/2022\/wp-content\/uploads\/2022\/04\/Pau0CementerioPozos.jpg","type":"image\/jpeg"}],"author":"Edici\u00f3n Web","twitter_card":"summary_large_image","twitter_creator":"@NOTICIEROS7","twitter_site":"@NOTICIEROS7","twitter_misc":{"Escrito por":"Edici\u00f3n Web","Tiempo de lectura":"1 minuto"},"schema":{"@context":"https:\/\/schema.org","@graph":[{"@type":"Article","@id":"https:\/\/canal7slp.tv\/2022\/construccion-de-cementerio-en-villa-de-pozos-podria-comenzar-el-ultimo-trimestre-de-2022\/#article","isPartOf":{"@id":"https:\/\/canal7slp.tv\/2022\/construccion-de-cementerio-en-villa-de-pozos-podria-comenzar-el-ultimo-trimestre-de-2022\/"},"author":{"name":"Edici\u00f3n Web","@id":"https:\/\/canal7slp.tv\/2022\/#\/schema\/person\/429704152a21f5f856ce29aa69a238da"},"headline":"Construcci\u00f3n de cementerio en Villa de Pozos podr\u00eda comenzar el \u00faltimo trimestre de 2022.","datePublished":"2022-04-15T21:37:18+00:00","mainEntityOfPage":{"@id":"https:\/\/canal7slp.tv\/2022\/construccion-de-cementerio-en-villa-de-pozos-podria-comenzar-el-ultimo-trimestre-de-2022\/"},"wordCount":108,"publisher":{"@id":"https:\/\/canal7slp.tv\/2022\/#organization"},"image":{"@id":"https:\/\/canal7slp.tv\/2022\/construccion-de-cementerio-en-villa-de-pozos-podria-comenzar-el-ultimo-trimestre-de-2022\/#primaryimage"},"thumbnailUrl":"https:\/\/canal7slp.tv\/2022\/wp-content\/uploads\/2022\/04\/Pau0CementerioPozos.jpg","articleSection":["AYOSLP","DESTACADAS","LOCALES Y REGIONALES"],"inLanguage":"es"},{"@type":"WebPage","@id":"https:\/\/canal7slp.tv\/2022\/construccion-de-cementerio-en-villa-de-pozos-podria-comenzar-el-ultimo-trimestre-de-2022\/","url":"https:\/\/canal7slp.tv\/2022\/construccion-de-cementerio-en-villa-de-pozos-podria-comenzar-el-ultimo-trimestre-de-2022\/","name":"Construcci\u00f3n de cementerio en Villa de Pozos podr\u00eda comenzar el \u00faltimo trimestre de 2022. - Canal 7 SLP - 2022","isPartOf":{"@id":"https:\/\/canal7slp.tv\/2022\/#website"},"primaryImageOfPage":{"@id":"https:\/\/canal7slp.tv\/2022\/construccion-de-cementerio-en-villa-de-pozos-podria-comenzar-el-ultimo-trimestre-de-2022\/#primaryimage"},"image":{"@id":"https:\/\/canal7slp.tv\/2022\/construccion-de-cementerio-en-villa-de-pozos-podria-comenzar-el-ultimo-trimestre-de-2022\/#primaryimage"},"thumbnailUrl":"https:\/\/canal7slp.tv\/2022\/wp-content\/uploads\/2022\/04\/Pau0CementerioPozos.jpg","datePublished":"2022-04-15T21:37:18+00:00","breadcrumb":{"@id":"https:\/\/canal7slp.tv\/2022\/construccion-de-cementerio-en-villa-de-pozos-podria-comenzar-el-ultimo-trimestre-de-2022\/#breadcrumb"},"inLanguage":"es","potentialAction":[{"@type":"ReadAction","target":["https:\/\/canal7slp.tv\/2022\/construccion-de-cementerio-en-villa-de-pozos-podria-comenzar-el-ultimo-trimestre-de-2022\/"]}]},{"@type":"ImageObject","inLanguage":"es","@id":"https:\/\/canal7slp.tv\/2022\/construccion-de-cementerio-en-villa-de-pozos-podria-comenzar-el-ultimo-trimestre-de-2022\/#primaryimage","url":"https:\/\/canal7slp.tv\/2022\/wp-content\/uploads\/2022\/04\/Pau0CementerioPozos.jpg","contentUrl":"https:\/\/canal7slp.tv\/2022\/wp-content\/uploads\/2022\/04\/Pau0CementerioPozos.jpg","width":888,"height":500},{"@type":"BreadcrumbList","@id":"https:\/\/canal7slp.tv\/2022\/construccion-de-cementerio-en-villa-de-pozos-podria-comenzar-el-ultimo-trimestre-de-2022\/#breadcrumb","itemListElement":[{"@type":"ListItem","position":1,"name":"Portada","item":"https:\/\/canal7slp.tv\/2022\/"},{"@type":"ListItem","position":2,"name":"Construcci\u00f3n de cementerio en Villa de Pozos podr\u00eda comenzar el \u00faltimo trimestre de 2022."}]},{"@type":"WebSite","@id":"https:\/\/canal7slp.tv\/2022\/#website","url":"https:\/\/canal7slp.tv\/2022\/","name":"N7 - Noticieros Canal 7","description":"Somos Televisi\u00f3n","publisher":{"@id":"https:\/\/canal7slp.tv\/2022\/#organization"},"potentialAction":[{"@type":"SearchAction","target":{"@type":"EntryPoint","urlTemplate":"https:\/\/canal7slp.tv\/2022\/?s={search_term_string}"},"query-input":{"@type":"PropertyValueSpecification","valueRequired":true,"valueName":"search_term_string"}}],"inLanguage":"es"},{"@type":"Organization","@id":"https:\/\/canal7slp.tv\/2022\/#organization","name":"Noticieros Canal 7","url":"https:\/\/canal7slp.tv\/2022\/","logo":{"@type":"ImageObject","inLanguage":"es","@id":"https:\/\/canal7slp.tv\/2022\/#\/schema\/logo\/image\/","url":"https:\/\/canal7slp.tv\/2022\/wp-content\/uploads\/2021\/01\/logo-noticieros@2x.png","contentUrl":"https:\/\/canal7slp.tv\/2022\/wp-content\/uploads\/2021\/01\/logo-noticieros@2x.png","width":1017,"height":268,"caption":"Noticieros Canal 7"},"image":{"@id":"https:\/\/canal7slp.tv\/2022\/#\/schema\/logo\/image\/"},"sameAs":["https:\/\/www.facebook.com\/noticieroscanalsiete","https:\/\/x.com\/NOTICIEROS7","https:\/\/www.instagram.com\/canal7_slp","https:\/\/www.youtube.com\/channel\/UCliiYs-gP3JfJeqdPrNdd5A"]},{"@type":"Person","@id":"https:\/\/canal7slp.tv\/2022\/#\/schema\/person\/429704152a21f5f856ce29aa69a238da","name":"Edici\u00f3n Web","image":{"@type":"ImageObject","inLanguage":"es","@id":"https:\/\/secure.gravatar.com\/avatar\/eee448fc3f7164808013b816ba91ac7e43bbe82a70bebac296f8bc6f0addaa1a?s=96&d=mm&r=g","url":"https:\/\/secure.gravatar.com\/avatar\/eee448fc3f7164808013b816ba91ac7e43bbe82a70bebac296f8bc6f0addaa1a?s=96&d=mm&r=g","contentUrl":"https:\/\/secure.gravatar.com\/avatar\/eee448fc3f7164808013b816ba91ac7e43bbe82a70bebac296f8bc6f0addaa1a?s=96&d=mm&r=g","caption":"Edici\u00f3n Web"},"url":"https:\/\/canal7slp.tv\/2022\/author\/edicionweb\/"}]}},"amp_enabled":true,"_links":{"self":[{"href":"https:\/\/canal7slp.tv\/2022\/wp-json\/wp\/v2\/posts\/57431","targetHints":{"allow":["GET"]}}],"collection":[{"href":"https:\/\/canal7slp.tv\/2022\/wp-json\/wp\/v2\/posts"}],"about":[{"href":"https:\/\/canal7slp.tv\/2022\/wp-json\/wp\/v2\/types\/post"}],"author":[{"embeddable":true,"href":"https:\/\/canal7slp.tv\/2022\/wp-json\/wp\/v2\/users\/2"}],"replies":[{"embeddable":true,"href":"https:\/\/canal7slp.tv\/2022\/wp-json\/wp\/v2\/comments?post=57431"}],"version-history":[{"count":1,"href":"https:\/\/canal7slp.tv\/2022\/wp-json\/wp\/v2\/posts\/57431\/revisions"}],"predecessor-version":[{"id":57432,"href":"https:\/\/canal7slp.tv\/2022\/wp-json\/wp\/v2\/posts\/57431\/revisions\/57432"}],"wp:featuredmedia":[{"embeddable":true,"href":"https:\/\/canal7slp.tv\/2022\/wp-json\/wp\/v2\/media\/57438"}],"wp:attachment":[{"href":"https:\/\/canal7slp.tv\/2022\/wp-json\/wp\/v2\/media?parent=57431"}],"wp:term":[{"taxonomy":"category","embeddable":true,"href":"https:\/\/canal7slp.tv\/2022\/wp-json\/wp\/v2\/categories?post=57431"},{"taxonomy":"post_tag","embeddable":true,"href":"https:\/\/canal7slp.tv\/2022\/wp-json\/wp\/v2\/tags?post=57431"}],"curies":[{"name":"wp","href":"https:\/\/api.w.org\/{rel}","templated":true}]}}