{"id":57415,"date":"2022-04-15T20:28:40","date_gmt":"2022-04-16T02:28:40","guid":{"rendered":"https:\/\/canal7slp.tv\/2022\/?p=57415"},"modified":"2022-04-15T20:28:40","modified_gmt":"2022-04-16T02:28:40","slug":"reportan-mas-de-150-heridos-tras-disturbios-en-jerusalen-israel","status":"publish","type":"post","link":"https:\/\/canal7slp.tv\/2022\/reportan-mas-de-150-heridos-tras-disturbios-en-jerusalen-israel\/","title":{"rendered":"Reportan m\u00e1s de 150 heridos tras disturbios en Jerusal\u00e9n, Israel"},"content":{"rendered":"<p style=\"text-align: justify;\">Jerusal\u00e9n.- La Media Luna Roja palestina, report\u00f3 un total de 153 heridos tras los enfrentamientos registrados entre manifestantes palestinos y polic\u00edas israel\u00edes en la Explanada de las Mezquitas de Jerusal\u00e9n.<\/p>\n<p style=\"text-align: justify;\">Estos incidentes, se tratar\u00edan de los primeros disturbios del inicio del mes de ramad\u00e1n, situaci\u00f3n que hacen temer un rebrote de violencia en los territorios palestinos.<\/p>\n<p style=\"text-align: justify;\">La polic\u00eda de Israel inform\u00f3 que tres de sus efectivos resultaron lesionados.<\/p>\n<p style=\"text-align: justify;\">Cabe se\u00f1alar, que una ONG -de defensa de los presos palestinos- indic\u00f3 que 400 personas fueron detenidas por estos hechos de violencia.<\/p>\n","protected":false},"excerpt":{"rendered":"<p>Jerusal\u00e9n.- La Media Luna Roja palestina, report\u00f3 un total de 153 heridos tras los enfrentamientos registrados entre manifestantes palestinos y polic\u00edas israel\u00edes en la Explanada de las Mezquitas de Jerusal\u00e9n. Estos incidentes, se tratar\u00edan de los primeros disturbios del inicio del mes de ramad\u00e1n, situaci\u00f3n que hacen temer un rebrote de violencia en los territorios palestinos. La polic\u00eda de Israel inform\u00f3 que tres de sus efectivos resultaron lesionados. Cabe se\u00f1alar, que una ONG -de defensa de los presos palestinos- indic\u00f3 que 400 personas fueron detenidas por estos hechos de violencia.<\/p>\n","protected":false},"author":2,"featured_media":57426,"comment_status":"closed","ping_status":"closed","sticky":false,"template":"","format":"standard","meta":{"footnotes":""},"categories":[44],"tags":[],"class_list":["post-57415","post","type-post","status-publish","format-standard","has-post-thumbnail","hentry","category-internacional","post--single"],"yoast_head":"<!-- This site is optimized with the Yoast SEO plugin v27.4 - https:\/\/yoast.com\/product\/yoast-seo-wordpress\/ -->\n<title>Reportan m\u00e1s de 150 heridos tras disturbios en Jerusal\u00e9n, Israel - Canal 7 SLP - 2022<\/title>\n<meta name=\"robots\" content=\"index, follow, max-snippet:-1, max-image-preview:large, max-video-preview:-1\" \/>\n<link rel=\"canonical\" href=\"https:\/\/canal7slp.tv\/2022\/reportan-mas-de-150-heridos-tras-disturbios-en-jerusalen-israel\/\" \/>\n<meta property=\"og:locale\" content=\"es_ES\" \/>\n<meta property=\"og:type\" content=\"article\" \/>\n<meta property=\"og:title\" content=\"Reportan m\u00e1s de 150 heridos tras disturbios en Jerusal\u00e9n, Israel - Canal 7 SLP - 2022\" \/>\n<meta property=\"og:description\" content=\"Jerusal\u00e9n.- La Media Luna Roja palestina, report\u00f3 un total de 153 heridos tras los enfrentamientos registrados entre manifestantes palestinos y polic\u00edas israel\u00edes en la Explanada de las Mezquitas de Jerusal\u00e9n. Estos incidentes, se tratar\u00edan de los primeros disturbios del inicio del mes de ramad\u00e1n, situaci\u00f3n que hacen temer un rebrote de violencia en los territorios palestinos. La polic\u00eda de Israel inform\u00f3 que tres de sus efectivos resultaron lesionados. Cabe se\u00f1alar, que una ONG -de defensa de los presos palestinos- indic\u00f3 que 400 personas fueron detenidas por estos hechos de violencia.\" \/>\n<meta property=\"og:url\" content=\"https:\/\/canal7slp.tv\/2022\/reportan-mas-de-150-heridos-tras-disturbios-en-jerusalen-israel\/\" \/>\n<meta property=\"og:site_name\" content=\"Canal 7 SLP - 2022\" \/>\n<meta property=\"article:publisher\" content=\"https:\/\/www.facebook.com\/noticieroscanalsiete\" \/>\n<meta property=\"article:published_time\" content=\"2022-04-16T02:28:40+00:00\" \/>\n<meta property=\"og:image\" content=\"https:\/\/canal7slp.tv\/2022\/wp-content\/uploads\/2022\/04\/05-11.jpg\" \/>\n\t<meta property=\"og:image:width\" content=\"855\" \/>\n\t<meta property=\"og:image:height\" content=\"581\" \/>\n\t<meta property=\"og:image:type\" content=\"image\/jpeg\" \/>\n<meta name=\"author\" content=\"Edici\u00f3n Web\" \/>\n<meta name=\"twitter:card\" content=\"summary_large_image\" \/>\n<meta name=\"twitter:creator\" content=\"@NOTICIEROS7\" \/>\n<meta name=\"twitter:site\" content=\"@NOTICIEROS7\" \/>\n<meta name=\"twitter:label1\" content=\"Escrito por\" \/>\n\t<meta name=\"twitter:data1\" content=\"Edici\u00f3n Web\" \/>\n\t<meta name=\"twitter:label2\" content=\"Tiempo de lectura\" \/>\n\t<meta name=\"twitter:data2\" content=\"1 minuto\" \/>\n<script type=\"application\/ld+json\" class=\"yoast-schema-graph\">{\"@context\":\"https:\\\/\\\/schema.org\",\"@graph\":[{\"@type\":\"Article\",\"@id\":\"https:\\\/\\\/canal7slp.tv\\\/2022\\\/reportan-mas-de-150-heridos-tras-disturbios-en-jerusalen-israel\\\/#article\",\"isPartOf\":{\"@id\":\"https:\\\/\\\/canal7slp.tv\\\/2022\\\/reportan-mas-de-150-heridos-tras-disturbios-en-jerusalen-israel\\\/\"},\"author\":{\"name\":\"Edici\u00f3n Web\",\"@id\":\"https:\\\/\\\/canal7slp.tv\\\/2022\\\/#\\\/schema\\\/person\\\/429704152a21f5f856ce29aa69a238da\"},\"headline\":\"Reportan m\u00e1s de 150 heridos tras disturbios en Jerusal\u00e9n, Israel\",\"datePublished\":\"2022-04-16T02:28:40+00:00\",\"mainEntityOfPage\":{\"@id\":\"https:\\\/\\\/canal7slp.tv\\\/2022\\\/reportan-mas-de-150-heridos-tras-disturbios-en-jerusalen-israel\\\/\"},\"wordCount\":109,\"publisher\":{\"@id\":\"https:\\\/\\\/canal7slp.tv\\\/2022\\\/#organization\"},\"image\":{\"@id\":\"https:\\\/\\\/canal7slp.tv\\\/2022\\\/reportan-mas-de-150-heridos-tras-disturbios-en-jerusalen-israel\\\/#primaryimage\"},\"thumbnailUrl\":\"https:\\\/\\\/canal7slp.tv\\\/2022\\\/wp-content\\\/uploads\\\/2022\\\/04\\\/05-11.jpg\",\"articleSection\":[\"INTERNACIONALES\"],\"inLanguage\":\"es\"},{\"@type\":\"WebPage\",\"@id\":\"https:\\\/\\\/canal7slp.tv\\\/2022\\\/reportan-mas-de-150-heridos-tras-disturbios-en-jerusalen-israel\\\/\",\"url\":\"https:\\\/\\\/canal7slp.tv\\\/2022\\\/reportan-mas-de-150-heridos-tras-disturbios-en-jerusalen-israel\\\/\",\"name\":\"Reportan m\u00e1s de 150 heridos tras disturbios en Jerusal\u00e9n, Israel - Canal 7 SLP - 2022\",\"isPartOf\":{\"@id\":\"https:\\\/\\\/canal7slp.tv\\\/2022\\\/#website\"},\"primaryImageOfPage\":{\"@id\":\"https:\\\/\\\/canal7slp.tv\\\/2022\\\/reportan-mas-de-150-heridos-tras-disturbios-en-jerusalen-israel\\\/#primaryimage\"},\"image\":{\"@id\":\"https:\\\/\\\/canal7slp.tv\\\/2022\\\/reportan-mas-de-150-heridos-tras-disturbios-en-jerusalen-israel\\\/#primaryimage\"},\"thumbnailUrl\":\"https:\\\/\\\/canal7slp.tv\\\/2022\\\/wp-content\\\/uploads\\\/2022\\\/04\\\/05-11.jpg\",\"datePublished\":\"2022-04-16T02:28:40+00:00\",\"breadcrumb\":{\"@id\":\"https:\\\/\\\/canal7slp.tv\\\/2022\\\/reportan-mas-de-150-heridos-tras-disturbios-en-jerusalen-israel\\\/#breadcrumb\"},\"inLanguage\":\"es\",\"potentialAction\":[{\"@type\":\"ReadAction\",\"target\":[\"https:\\\/\\\/canal7slp.tv\\\/2022\\\/reportan-mas-de-150-heridos-tras-disturbios-en-jerusalen-israel\\\/\"]}]},{\"@type\":\"ImageObject\",\"inLanguage\":\"es\",\"@id\":\"https:\\\/\\\/canal7slp.tv\\\/2022\\\/reportan-mas-de-150-heridos-tras-disturbios-en-jerusalen-israel\\\/#primaryimage\",\"url\":\"https:\\\/\\\/canal7slp.tv\\\/2022\\\/wp-content\\\/uploads\\\/2022\\\/04\\\/05-11.jpg\",\"contentUrl\":\"https:\\\/\\\/canal7slp.tv\\\/2022\\\/wp-content\\\/uploads\\\/2022\\\/04\\\/05-11.jpg\",\"width\":855,\"height\":581},{\"@type\":\"BreadcrumbList\",\"@id\":\"https:\\\/\\\/canal7slp.tv\\\/2022\\\/reportan-mas-de-150-heridos-tras-disturbios-en-jerusalen-israel\\\/#breadcrumb\",\"itemListElement\":[{\"@type\":\"ListItem\",\"position\":1,\"name\":\"Portada\",\"item\":\"https:\\\/\\\/canal7slp.tv\\\/2022\\\/\"},{\"@type\":\"ListItem\",\"position\":2,\"name\":\"Reportan m\u00e1s de 150 heridos tras disturbios en Jerusal\u00e9n, Israel\"}]},{\"@type\":\"WebSite\",\"@id\":\"https:\\\/\\\/canal7slp.tv\\\/2022\\\/#website\",\"url\":\"https:\\\/\\\/canal7slp.tv\\\/2022\\\/\",\"name\":\"N7 - Noticieros Canal 7\",\"description\":\"Somos Televisi\u00f3n\",\"publisher\":{\"@id\":\"https:\\\/\\\/canal7slp.tv\\\/2022\\\/#organization\"},\"potentialAction\":[{\"@type\":\"SearchAction\",\"target\":{\"@type\":\"EntryPoint\",\"urlTemplate\":\"https:\\\/\\\/canal7slp.tv\\\/2022\\\/?s={search_term_string}\"},\"query-input\":{\"@type\":\"PropertyValueSpecification\",\"valueRequired\":true,\"valueName\":\"search_term_string\"}}],\"inLanguage\":\"es\"},{\"@type\":\"Organization\",\"@id\":\"https:\\\/\\\/canal7slp.tv\\\/2022\\\/#organization\",\"name\":\"Noticieros Canal 7\",\"url\":\"https:\\\/\\\/canal7slp.tv\\\/2022\\\/\",\"logo\":{\"@type\":\"ImageObject\",\"inLanguage\":\"es\",\"@id\":\"https:\\\/\\\/canal7slp.tv\\\/2022\\\/#\\\/schema\\\/logo\\\/image\\\/\",\"url\":\"https:\\\/\\\/canal7slp.tv\\\/2022\\\/wp-content\\\/uploads\\\/2021\\\/01\\\/logo-noticieros@2x.png\",\"contentUrl\":\"https:\\\/\\\/canal7slp.tv\\\/2022\\\/wp-content\\\/uploads\\\/2021\\\/01\\\/logo-noticieros@2x.png\",\"width\":1017,\"height\":268,\"caption\":\"Noticieros Canal 7\"},\"image\":{\"@id\":\"https:\\\/\\\/canal7slp.tv\\\/2022\\\/#\\\/schema\\\/logo\\\/image\\\/\"},\"sameAs\":[\"https:\\\/\\\/www.facebook.com\\\/noticieroscanalsiete\",\"https:\\\/\\\/x.com\\\/NOTICIEROS7\",\"https:\\\/\\\/www.instagram.com\\\/canal7_slp\",\"https:\\\/\\\/www.youtube.com\\\/channel\\\/UCliiYs-gP3JfJeqdPrNdd5A\"]},{\"@type\":\"Person\",\"@id\":\"https:\\\/\\\/canal7slp.tv\\\/2022\\\/#\\\/schema\\\/person\\\/429704152a21f5f856ce29aa69a238da\",\"name\":\"Edici\u00f3n Web\",\"image\":{\"@type\":\"ImageObject\",\"inLanguage\":\"es\",\"@id\":\"https:\\\/\\\/secure.gravatar.com\\\/avatar\\\/eee448fc3f7164808013b816ba91ac7e43bbe82a70bebac296f8bc6f0addaa1a?s=96&d=mm&r=g\",\"url\":\"https:\\\/\\\/secure.gravatar.com\\\/avatar\\\/eee448fc3f7164808013b816ba91ac7e43bbe82a70bebac296f8bc6f0addaa1a?s=96&d=mm&r=g\",\"contentUrl\":\"https:\\\/\\\/secure.gravatar.com\\\/avatar\\\/eee448fc3f7164808013b816ba91ac7e43bbe82a70bebac296f8bc6f0addaa1a?s=96&d=mm&r=g\",\"caption\":\"Edici\u00f3n Web\"},\"url\":\"https:\\\/\\\/canal7slp.tv\\\/2022\\\/author\\\/edicionweb\\\/\"}]}<\/script>\n<!-- \/ Yoast SEO plugin. -->","yoast_head_json":{"title":"Reportan m\u00e1s de 150 heridos tras disturbios en Jerusal\u00e9n, Israel - Canal 7 SLP - 2022","robots":{"index":"index","follow":"follow","max-snippet":"max-snippet:-1","max-image-preview":"max-image-preview:large","max-video-preview":"max-video-preview:-1"},"canonical":"https:\/\/canal7slp.tv\/2022\/reportan-mas-de-150-heridos-tras-disturbios-en-jerusalen-israel\/","og_locale":"es_ES","og_type":"article","og_title":"Reportan m\u00e1s de 150 heridos tras disturbios en Jerusal\u00e9n, Israel - Canal 7 SLP - 2022","og_description":"Jerusal\u00e9n.- La Media Luna Roja palestina, report\u00f3 un total de 153 heridos tras los enfrentamientos registrados entre manifestantes palestinos y polic\u00edas israel\u00edes en la Explanada de las Mezquitas de Jerusal\u00e9n. Estos incidentes, se tratar\u00edan de los primeros disturbios del inicio del mes de ramad\u00e1n, situaci\u00f3n que hacen temer un rebrote de violencia en los territorios palestinos. La polic\u00eda de Israel inform\u00f3 que tres de sus efectivos resultaron lesionados. Cabe se\u00f1alar, que una ONG -de defensa de los presos palestinos- indic\u00f3 que 400 personas fueron detenidas por estos hechos de violencia.","og_url":"https:\/\/canal7slp.tv\/2022\/reportan-mas-de-150-heridos-tras-disturbios-en-jerusalen-israel\/","og_site_name":"Canal 7 SLP - 2022","article_publisher":"https:\/\/www.facebook.com\/noticieroscanalsiete","article_published_time":"2022-04-16T02:28:40+00:00","og_image":[{"width":855,"height":581,"url":"https:\/\/canal7slp.tv\/2022\/wp-content\/uploads\/2022\/04\/05-11.jpg","type":"image\/jpeg"}],"author":"Edici\u00f3n Web","twitter_card":"summary_large_image","twitter_creator":"@NOTICIEROS7","twitter_site":"@NOTICIEROS7","twitter_misc":{"Escrito por":"Edici\u00f3n Web","Tiempo de lectura":"1 minuto"},"schema":{"@context":"https:\/\/schema.org","@graph":[{"@type":"Article","@id":"https:\/\/canal7slp.tv\/2022\/reportan-mas-de-150-heridos-tras-disturbios-en-jerusalen-israel\/#article","isPartOf":{"@id":"https:\/\/canal7slp.tv\/2022\/reportan-mas-de-150-heridos-tras-disturbios-en-jerusalen-israel\/"},"author":{"name":"Edici\u00f3n Web","@id":"https:\/\/canal7slp.tv\/2022\/#\/schema\/person\/429704152a21f5f856ce29aa69a238da"},"headline":"Reportan m\u00e1s de 150 heridos tras disturbios en Jerusal\u00e9n, Israel","datePublished":"2022-04-16T02:28:40+00:00","mainEntityOfPage":{"@id":"https:\/\/canal7slp.tv\/2022\/reportan-mas-de-150-heridos-tras-disturbios-en-jerusalen-israel\/"},"wordCount":109,"publisher":{"@id":"https:\/\/canal7slp.tv\/2022\/#organization"},"image":{"@id":"https:\/\/canal7slp.tv\/2022\/reportan-mas-de-150-heridos-tras-disturbios-en-jerusalen-israel\/#primaryimage"},"thumbnailUrl":"https:\/\/canal7slp.tv\/2022\/wp-content\/uploads\/2022\/04\/05-11.jpg","articleSection":["INTERNACIONALES"],"inLanguage":"es"},{"@type":"WebPage","@id":"https:\/\/canal7slp.tv\/2022\/reportan-mas-de-150-heridos-tras-disturbios-en-jerusalen-israel\/","url":"https:\/\/canal7slp.tv\/2022\/reportan-mas-de-150-heridos-tras-disturbios-en-jerusalen-israel\/","name":"Reportan m\u00e1s de 150 heridos tras disturbios en Jerusal\u00e9n, Israel - Canal 7 SLP - 2022","isPartOf":{"@id":"https:\/\/canal7slp.tv\/2022\/#website"},"primaryImageOfPage":{"@id":"https:\/\/canal7slp.tv\/2022\/reportan-mas-de-150-heridos-tras-disturbios-en-jerusalen-israel\/#primaryimage"},"image":{"@id":"https:\/\/canal7slp.tv\/2022\/reportan-mas-de-150-heridos-tras-disturbios-en-jerusalen-israel\/#primaryimage"},"thumbnailUrl":"https:\/\/canal7slp.tv\/2022\/wp-content\/uploads\/2022\/04\/05-11.jpg","datePublished":"2022-04-16T02:28:40+00:00","breadcrumb":{"@id":"https:\/\/canal7slp.tv\/2022\/reportan-mas-de-150-heridos-tras-disturbios-en-jerusalen-israel\/#breadcrumb"},"inLanguage":"es","potentialAction":[{"@type":"ReadAction","target":["https:\/\/canal7slp.tv\/2022\/reportan-mas-de-150-heridos-tras-disturbios-en-jerusalen-israel\/"]}]},{"@type":"ImageObject","inLanguage":"es","@id":"https:\/\/canal7slp.tv\/2022\/reportan-mas-de-150-heridos-tras-disturbios-en-jerusalen-israel\/#primaryimage","url":"https:\/\/canal7slp.tv\/2022\/wp-content\/uploads\/2022\/04\/05-11.jpg","contentUrl":"https:\/\/canal7slp.tv\/2022\/wp-content\/uploads\/2022\/04\/05-11.jpg","width":855,"height":581},{"@type":"BreadcrumbList","@id":"https:\/\/canal7slp.tv\/2022\/reportan-mas-de-150-heridos-tras-disturbios-en-jerusalen-israel\/#breadcrumb","itemListElement":[{"@type":"ListItem","position":1,"name":"Portada","item":"https:\/\/canal7slp.tv\/2022\/"},{"@type":"ListItem","position":2,"name":"Reportan m\u00e1s de 150 heridos tras disturbios en Jerusal\u00e9n, Israel"}]},{"@type":"WebSite","@id":"https:\/\/canal7slp.tv\/2022\/#website","url":"https:\/\/canal7slp.tv\/2022\/","name":"N7 - Noticieros Canal 7","description":"Somos Televisi\u00f3n","publisher":{"@id":"https:\/\/canal7slp.tv\/2022\/#organization"},"potentialAction":[{"@type":"SearchAction","target":{"@type":"EntryPoint","urlTemplate":"https:\/\/canal7slp.tv\/2022\/?s={search_term_string}"},"query-input":{"@type":"PropertyValueSpecification","valueRequired":true,"valueName":"search_term_string"}}],"inLanguage":"es"},{"@type":"Organization","@id":"https:\/\/canal7slp.tv\/2022\/#organization","name":"Noticieros Canal 7","url":"https:\/\/canal7slp.tv\/2022\/","logo":{"@type":"ImageObject","inLanguage":"es","@id":"https:\/\/canal7slp.tv\/2022\/#\/schema\/logo\/image\/","url":"https:\/\/canal7slp.tv\/2022\/wp-content\/uploads\/2021\/01\/logo-noticieros@2x.png","contentUrl":"https:\/\/canal7slp.tv\/2022\/wp-content\/uploads\/2021\/01\/logo-noticieros@2x.png","width":1017,"height":268,"caption":"Noticieros Canal 7"},"image":{"@id":"https:\/\/canal7slp.tv\/2022\/#\/schema\/logo\/image\/"},"sameAs":["https:\/\/www.facebook.com\/noticieroscanalsiete","https:\/\/x.com\/NOTICIEROS7","https:\/\/www.instagram.com\/canal7_slp","https:\/\/www.youtube.com\/channel\/UCliiYs-gP3JfJeqdPrNdd5A"]},{"@type":"Person","@id":"https:\/\/canal7slp.tv\/2022\/#\/schema\/person\/429704152a21f5f856ce29aa69a238da","name":"Edici\u00f3n Web","image":{"@type":"ImageObject","inLanguage":"es","@id":"https:\/\/secure.gravatar.com\/avatar\/eee448fc3f7164808013b816ba91ac7e43bbe82a70bebac296f8bc6f0addaa1a?s=96&d=mm&r=g","url":"https:\/\/secure.gravatar.com\/avatar\/eee448fc3f7164808013b816ba91ac7e43bbe82a70bebac296f8bc6f0addaa1a?s=96&d=mm&r=g","contentUrl":"https:\/\/secure.gravatar.com\/avatar\/eee448fc3f7164808013b816ba91ac7e43bbe82a70bebac296f8bc6f0addaa1a?s=96&d=mm&r=g","caption":"Edici\u00f3n Web"},"url":"https:\/\/canal7slp.tv\/2022\/author\/edicionweb\/"}]}},"amp_enabled":true,"_links":{"self":[{"href":"https:\/\/canal7slp.tv\/2022\/wp-json\/wp\/v2\/posts\/57415","targetHints":{"allow":["GET"]}}],"collection":[{"href":"https:\/\/canal7slp.tv\/2022\/wp-json\/wp\/v2\/posts"}],"about":[{"href":"https:\/\/canal7slp.tv\/2022\/wp-json\/wp\/v2\/types\/post"}],"author":[{"embeddable":true,"href":"https:\/\/canal7slp.tv\/2022\/wp-json\/wp\/v2\/users\/2"}],"replies":[{"embeddable":true,"href":"https:\/\/canal7slp.tv\/2022\/wp-json\/wp\/v2\/comments?post=57415"}],"version-history":[{"count":2,"href":"https:\/\/canal7slp.tv\/2022\/wp-json\/wp\/v2\/posts\/57415\/revisions"}],"predecessor-version":[{"id":57430,"href":"https:\/\/canal7slp.tv\/2022\/wp-json\/wp\/v2\/posts\/57415\/revisions\/57430"}],"wp:featuredmedia":[{"embeddable":true,"href":"https:\/\/canal7slp.tv\/2022\/wp-json\/wp\/v2\/media\/57426"}],"wp:attachment":[{"href":"https:\/\/canal7slp.tv\/2022\/wp-json\/wp\/v2\/media?parent=57415"}],"wp:term":[{"taxonomy":"category","embeddable":true,"href":"https:\/\/canal7slp.tv\/2022\/wp-json\/wp\/v2\/categories?post=57415"},{"taxonomy":"post_tag","embeddable":true,"href":"https:\/\/canal7slp.tv\/2022\/wp-json\/wp\/v2\/tags?post=57415"}],"curies":[{"name":"wp","href":"https:\/\/api.w.org\/{rel}","templated":true}]}}