{"id":57379,"date":"2022-04-15T04:57:40","date_gmt":"2022-04-15T10:57:40","guid":{"rendered":"https:\/\/canal7slp.tv\/2022\/?p=57379"},"modified":"2022-04-15T04:59:26","modified_gmt":"2022-04-15T10:59:26","slug":"uriel-pareja-de-nayeli-alfaro-fue-capturado","status":"publish","type":"post","link":"https:\/\/canal7slp.tv\/2022\/uriel-pareja-de-nayeli-alfaro-fue-capturado\/","title":{"rendered":"Uriel, pareja de Nayeli Alfaro fue capturado"},"content":{"rendered":"<p style=\"text-align: justify;\">SLP.-\u00a0Elementos de la Polic\u00eda de Investigaci\u00f3n (PDI) detuvieron a Uriel, quien contaba con una orden de aprehensi\u00f3n por los presuntos delitos de desaparici\u00f3n cometida por particulares y delitos vinculados con la desaparici\u00f3n de personas.<\/p>\n<p style=\"text-align: justify;\">La Fiscal\u00eda General del Estado reporta que el sujeto fue se\u00f1alado como probable part\u00edcipe de la muerte de Nayeli Alfaro.<\/p>\n<p style=\"text-align: justify;\">Desde la dependencia se sostiene que son sus restos los localizados e identificados.<\/p>\n<p style=\"text-align: justify;\">La Fiscal\u00eda obtuvo una orden de captura para el imputado, quien se hab\u00eda mantenido pr\u00f3fugo hasta su detenci\u00f3n en el barrio San Sebasti\u00e1n -cerca del jard\u00edn-.<\/p>\n<p style=\"text-align: justify;\">Fue indicado que el delito del que se acusa a Uriel podr\u00eda reclasificarse por el de feminicidio.<\/p>\n<p style=\"text-align: justify;\">El indiciado ser\u00eda trasladado al penal de La Pila, en espera de enfrentar su audiencia inicial ante un Juez de Control.<\/p>\n","protected":false},"excerpt":{"rendered":"<p>SLP.-\u00a0Elementos de la Polic\u00eda de Investigaci\u00f3n (PDI) detuvieron a Uriel, quien contaba con una orden de aprehensi\u00f3n por los presuntos delitos de desaparici\u00f3n cometida por particulares y delitos vinculados con la desaparici\u00f3n de personas. La Fiscal\u00eda General del Estado reporta que el sujeto fue se\u00f1alado como probable part\u00edcipe de la muerte de Nayeli Alfaro. Desde la dependencia se sostiene que son sus restos los localizados e identificados. La Fiscal\u00eda obtuvo una orden de captura para el imputado, quien se hab\u00eda mantenido pr\u00f3fugo hasta su detenci\u00f3n en el barrio San Sebasti\u00e1n -cerca del jard\u00edn-. Fue indicado que el delito del que [&hellip;]<\/p>\n","protected":false},"author":2,"featured_media":57382,"comment_status":"closed","ping_status":"closed","sticky":false,"template":"","format":"standard","meta":{"footnotes":""},"categories":[45,48],"tags":[],"class_list":["post-57379","post","type-post","status-publish","format-standard","has-post-thumbnail","hentry","category-localesyregionales","category-reporte7","post--single"],"yoast_head":"<!-- This site is optimized with the Yoast SEO plugin v27.4 - https:\/\/yoast.com\/product\/yoast-seo-wordpress\/ -->\n<title>Uriel, pareja de Nayeli Alfaro fue capturado - Canal 7 SLP - 2022<\/title>\n<meta name=\"robots\" content=\"index, follow, max-snippet:-1, max-image-preview:large, max-video-preview:-1\" \/>\n<link rel=\"canonical\" href=\"https:\/\/canal7slp.tv\/2022\/uriel-pareja-de-nayeli-alfaro-fue-capturado\/\" \/>\n<meta property=\"og:locale\" content=\"es_ES\" \/>\n<meta property=\"og:type\" content=\"article\" \/>\n<meta property=\"og:title\" content=\"Uriel, pareja de Nayeli Alfaro fue capturado - Canal 7 SLP - 2022\" \/>\n<meta property=\"og:description\" content=\"SLP.-\u00a0Elementos de la Polic\u00eda de Investigaci\u00f3n (PDI) detuvieron a Uriel, quien contaba con una orden de aprehensi\u00f3n por los presuntos delitos de desaparici\u00f3n cometida por particulares y delitos vinculados con la desaparici\u00f3n de personas. La Fiscal\u00eda General del Estado reporta que el sujeto fue se\u00f1alado como probable part\u00edcipe de la muerte de Nayeli Alfaro. Desde la dependencia se sostiene que son sus restos los localizados e identificados. La Fiscal\u00eda obtuvo una orden de captura para el imputado, quien se hab\u00eda mantenido pr\u00f3fugo hasta su detenci\u00f3n en el barrio San Sebasti\u00e1n -cerca del jard\u00edn-. Fue indicado que el delito del que [&hellip;]\" \/>\n<meta property=\"og:url\" content=\"https:\/\/canal7slp.tv\/2022\/uriel-pareja-de-nayeli-alfaro-fue-capturado\/\" \/>\n<meta property=\"og:site_name\" content=\"Canal 7 SLP - 2022\" \/>\n<meta property=\"article:publisher\" content=\"https:\/\/www.facebook.com\/noticieroscanalsiete\" \/>\n<meta property=\"article:published_time\" content=\"2022-04-15T10:57:40+00:00\" \/>\n<meta property=\"article:modified_time\" content=\"2022-04-15T10:59:26+00:00\" \/>\n<meta property=\"og:image\" content=\"https:\/\/canal7slp.tv\/2022\/wp-content\/uploads\/2022\/04\/UrielB.png\" \/>\n\t<meta property=\"og:image:width\" content=\"673\" \/>\n\t<meta property=\"og:image:height\" content=\"429\" \/>\n\t<meta property=\"og:image:type\" content=\"image\/png\" \/>\n<meta name=\"author\" content=\"Edici\u00f3n Web\" \/>\n<meta name=\"twitter:card\" content=\"summary_large_image\" \/>\n<meta name=\"twitter:creator\" content=\"@NOTICIEROS7\" \/>\n<meta name=\"twitter:site\" content=\"@NOTICIEROS7\" \/>\n<meta name=\"twitter:label1\" content=\"Escrito por\" \/>\n\t<meta name=\"twitter:data1\" content=\"Edici\u00f3n Web\" \/>\n\t<meta name=\"twitter:label2\" content=\"Tiempo de lectura\" \/>\n\t<meta name=\"twitter:data2\" content=\"1 minuto\" \/>\n<script type=\"application\/ld+json\" class=\"yoast-schema-graph\">{\"@context\":\"https:\\\/\\\/schema.org\",\"@graph\":[{\"@type\":\"Article\",\"@id\":\"https:\\\/\\\/canal7slp.tv\\\/2022\\\/uriel-pareja-de-nayeli-alfaro-fue-capturado\\\/#article\",\"isPartOf\":{\"@id\":\"https:\\\/\\\/canal7slp.tv\\\/2022\\\/uriel-pareja-de-nayeli-alfaro-fue-capturado\\\/\"},\"author\":{\"name\":\"Edici\u00f3n Web\",\"@id\":\"https:\\\/\\\/canal7slp.tv\\\/2022\\\/#\\\/schema\\\/person\\\/429704152a21f5f856ce29aa69a238da\"},\"headline\":\"Uriel, pareja de Nayeli Alfaro fue capturado\",\"datePublished\":\"2022-04-15T10:57:40+00:00\",\"dateModified\":\"2022-04-15T10:59:26+00:00\",\"mainEntityOfPage\":{\"@id\":\"https:\\\/\\\/canal7slp.tv\\\/2022\\\/uriel-pareja-de-nayeli-alfaro-fue-capturado\\\/\"},\"wordCount\":156,\"publisher\":{\"@id\":\"https:\\\/\\\/canal7slp.tv\\\/2022\\\/#organization\"},\"image\":{\"@id\":\"https:\\\/\\\/canal7slp.tv\\\/2022\\\/uriel-pareja-de-nayeli-alfaro-fue-capturado\\\/#primaryimage\"},\"thumbnailUrl\":\"https:\\\/\\\/canal7slp.tv\\\/2022\\\/wp-content\\\/uploads\\\/2022\\\/04\\\/UrielB.png\",\"articleSection\":[\"LOCALES Y REGIONALES\",\"REPORTE 7\"],\"inLanguage\":\"es\"},{\"@type\":\"WebPage\",\"@id\":\"https:\\\/\\\/canal7slp.tv\\\/2022\\\/uriel-pareja-de-nayeli-alfaro-fue-capturado\\\/\",\"url\":\"https:\\\/\\\/canal7slp.tv\\\/2022\\\/uriel-pareja-de-nayeli-alfaro-fue-capturado\\\/\",\"name\":\"Uriel, pareja de Nayeli Alfaro fue capturado - Canal 7 SLP - 2022\",\"isPartOf\":{\"@id\":\"https:\\\/\\\/canal7slp.tv\\\/2022\\\/#website\"},\"primaryImageOfPage\":{\"@id\":\"https:\\\/\\\/canal7slp.tv\\\/2022\\\/uriel-pareja-de-nayeli-alfaro-fue-capturado\\\/#primaryimage\"},\"image\":{\"@id\":\"https:\\\/\\\/canal7slp.tv\\\/2022\\\/uriel-pareja-de-nayeli-alfaro-fue-capturado\\\/#primaryimage\"},\"thumbnailUrl\":\"https:\\\/\\\/canal7slp.tv\\\/2022\\\/wp-content\\\/uploads\\\/2022\\\/04\\\/UrielB.png\",\"datePublished\":\"2022-04-15T10:57:40+00:00\",\"dateModified\":\"2022-04-15T10:59:26+00:00\",\"breadcrumb\":{\"@id\":\"https:\\\/\\\/canal7slp.tv\\\/2022\\\/uriel-pareja-de-nayeli-alfaro-fue-capturado\\\/#breadcrumb\"},\"inLanguage\":\"es\",\"potentialAction\":[{\"@type\":\"ReadAction\",\"target\":[\"https:\\\/\\\/canal7slp.tv\\\/2022\\\/uriel-pareja-de-nayeli-alfaro-fue-capturado\\\/\"]}]},{\"@type\":\"ImageObject\",\"inLanguage\":\"es\",\"@id\":\"https:\\\/\\\/canal7slp.tv\\\/2022\\\/uriel-pareja-de-nayeli-alfaro-fue-capturado\\\/#primaryimage\",\"url\":\"https:\\\/\\\/canal7slp.tv\\\/2022\\\/wp-content\\\/uploads\\\/2022\\\/04\\\/UrielB.png\",\"contentUrl\":\"https:\\\/\\\/canal7slp.tv\\\/2022\\\/wp-content\\\/uploads\\\/2022\\\/04\\\/UrielB.png\",\"width\":673,\"height\":429},{\"@type\":\"BreadcrumbList\",\"@id\":\"https:\\\/\\\/canal7slp.tv\\\/2022\\\/uriel-pareja-de-nayeli-alfaro-fue-capturado\\\/#breadcrumb\",\"itemListElement\":[{\"@type\":\"ListItem\",\"position\":1,\"name\":\"Portada\",\"item\":\"https:\\\/\\\/canal7slp.tv\\\/2022\\\/\"},{\"@type\":\"ListItem\",\"position\":2,\"name\":\"Uriel, pareja de Nayeli Alfaro fue capturado\"}]},{\"@type\":\"WebSite\",\"@id\":\"https:\\\/\\\/canal7slp.tv\\\/2022\\\/#website\",\"url\":\"https:\\\/\\\/canal7slp.tv\\\/2022\\\/\",\"name\":\"N7 - Noticieros Canal 7\",\"description\":\"Somos Televisi\u00f3n\",\"publisher\":{\"@id\":\"https:\\\/\\\/canal7slp.tv\\\/2022\\\/#organization\"},\"potentialAction\":[{\"@type\":\"SearchAction\",\"target\":{\"@type\":\"EntryPoint\",\"urlTemplate\":\"https:\\\/\\\/canal7slp.tv\\\/2022\\\/?s={search_term_string}\"},\"query-input\":{\"@type\":\"PropertyValueSpecification\",\"valueRequired\":true,\"valueName\":\"search_term_string\"}}],\"inLanguage\":\"es\"},{\"@type\":\"Organization\",\"@id\":\"https:\\\/\\\/canal7slp.tv\\\/2022\\\/#organization\",\"name\":\"Noticieros Canal 7\",\"url\":\"https:\\\/\\\/canal7slp.tv\\\/2022\\\/\",\"logo\":{\"@type\":\"ImageObject\",\"inLanguage\":\"es\",\"@id\":\"https:\\\/\\\/canal7slp.tv\\\/2022\\\/#\\\/schema\\\/logo\\\/image\\\/\",\"url\":\"https:\\\/\\\/canal7slp.tv\\\/2022\\\/wp-content\\\/uploads\\\/2021\\\/01\\\/logo-noticieros@2x.png\",\"contentUrl\":\"https:\\\/\\\/canal7slp.tv\\\/2022\\\/wp-content\\\/uploads\\\/2021\\\/01\\\/logo-noticieros@2x.png\",\"width\":1017,\"height\":268,\"caption\":\"Noticieros Canal 7\"},\"image\":{\"@id\":\"https:\\\/\\\/canal7slp.tv\\\/2022\\\/#\\\/schema\\\/logo\\\/image\\\/\"},\"sameAs\":[\"https:\\\/\\\/www.facebook.com\\\/noticieroscanalsiete\",\"https:\\\/\\\/x.com\\\/NOTICIEROS7\",\"https:\\\/\\\/www.instagram.com\\\/canal7_slp\",\"https:\\\/\\\/www.youtube.com\\\/channel\\\/UCliiYs-gP3JfJeqdPrNdd5A\"]},{\"@type\":\"Person\",\"@id\":\"https:\\\/\\\/canal7slp.tv\\\/2022\\\/#\\\/schema\\\/person\\\/429704152a21f5f856ce29aa69a238da\",\"name\":\"Edici\u00f3n Web\",\"image\":{\"@type\":\"ImageObject\",\"inLanguage\":\"es\",\"@id\":\"https:\\\/\\\/secure.gravatar.com\\\/avatar\\\/eee448fc3f7164808013b816ba91ac7e43bbe82a70bebac296f8bc6f0addaa1a?s=96&d=mm&r=g\",\"url\":\"https:\\\/\\\/secure.gravatar.com\\\/avatar\\\/eee448fc3f7164808013b816ba91ac7e43bbe82a70bebac296f8bc6f0addaa1a?s=96&d=mm&r=g\",\"contentUrl\":\"https:\\\/\\\/secure.gravatar.com\\\/avatar\\\/eee448fc3f7164808013b816ba91ac7e43bbe82a70bebac296f8bc6f0addaa1a?s=96&d=mm&r=g\",\"caption\":\"Edici\u00f3n Web\"},\"url\":\"https:\\\/\\\/canal7slp.tv\\\/2022\\\/author\\\/edicionweb\\\/\"}]}<\/script>\n<!-- \/ Yoast SEO plugin. -->","yoast_head_json":{"title":"Uriel, pareja de Nayeli Alfaro fue capturado - Canal 7 SLP - 2022","robots":{"index":"index","follow":"follow","max-snippet":"max-snippet:-1","max-image-preview":"max-image-preview:large","max-video-preview":"max-video-preview:-1"},"canonical":"https:\/\/canal7slp.tv\/2022\/uriel-pareja-de-nayeli-alfaro-fue-capturado\/","og_locale":"es_ES","og_type":"article","og_title":"Uriel, pareja de Nayeli Alfaro fue capturado - Canal 7 SLP - 2022","og_description":"SLP.-\u00a0Elementos de la Polic\u00eda de Investigaci\u00f3n (PDI) detuvieron a Uriel, quien contaba con una orden de aprehensi\u00f3n por los presuntos delitos de desaparici\u00f3n cometida por particulares y delitos vinculados con la desaparici\u00f3n de personas. La Fiscal\u00eda General del Estado reporta que el sujeto fue se\u00f1alado como probable part\u00edcipe de la muerte de Nayeli Alfaro. Desde la dependencia se sostiene que son sus restos los localizados e identificados. La Fiscal\u00eda obtuvo una orden de captura para el imputado, quien se hab\u00eda mantenido pr\u00f3fugo hasta su detenci\u00f3n en el barrio San Sebasti\u00e1n -cerca del jard\u00edn-. Fue indicado que el delito del que [&hellip;]","og_url":"https:\/\/canal7slp.tv\/2022\/uriel-pareja-de-nayeli-alfaro-fue-capturado\/","og_site_name":"Canal 7 SLP - 2022","article_publisher":"https:\/\/www.facebook.com\/noticieroscanalsiete","article_published_time":"2022-04-15T10:57:40+00:00","article_modified_time":"2022-04-15T10:59:26+00:00","og_image":[{"width":673,"height":429,"url":"https:\/\/canal7slp.tv\/2022\/wp-content\/uploads\/2022\/04\/UrielB.png","type":"image\/png"}],"author":"Edici\u00f3n Web","twitter_card":"summary_large_image","twitter_creator":"@NOTICIEROS7","twitter_site":"@NOTICIEROS7","twitter_misc":{"Escrito por":"Edici\u00f3n Web","Tiempo de lectura":"1 minuto"},"schema":{"@context":"https:\/\/schema.org","@graph":[{"@type":"Article","@id":"https:\/\/canal7slp.tv\/2022\/uriel-pareja-de-nayeli-alfaro-fue-capturado\/#article","isPartOf":{"@id":"https:\/\/canal7slp.tv\/2022\/uriel-pareja-de-nayeli-alfaro-fue-capturado\/"},"author":{"name":"Edici\u00f3n Web","@id":"https:\/\/canal7slp.tv\/2022\/#\/schema\/person\/429704152a21f5f856ce29aa69a238da"},"headline":"Uriel, pareja de Nayeli Alfaro fue capturado","datePublished":"2022-04-15T10:57:40+00:00","dateModified":"2022-04-15T10:59:26+00:00","mainEntityOfPage":{"@id":"https:\/\/canal7slp.tv\/2022\/uriel-pareja-de-nayeli-alfaro-fue-capturado\/"},"wordCount":156,"publisher":{"@id":"https:\/\/canal7slp.tv\/2022\/#organization"},"image":{"@id":"https:\/\/canal7slp.tv\/2022\/uriel-pareja-de-nayeli-alfaro-fue-capturado\/#primaryimage"},"thumbnailUrl":"https:\/\/canal7slp.tv\/2022\/wp-content\/uploads\/2022\/04\/UrielB.png","articleSection":["LOCALES Y REGIONALES","REPORTE 7"],"inLanguage":"es"},{"@type":"WebPage","@id":"https:\/\/canal7slp.tv\/2022\/uriel-pareja-de-nayeli-alfaro-fue-capturado\/","url":"https:\/\/canal7slp.tv\/2022\/uriel-pareja-de-nayeli-alfaro-fue-capturado\/","name":"Uriel, pareja de Nayeli Alfaro fue capturado - Canal 7 SLP - 2022","isPartOf":{"@id":"https:\/\/canal7slp.tv\/2022\/#website"},"primaryImageOfPage":{"@id":"https:\/\/canal7slp.tv\/2022\/uriel-pareja-de-nayeli-alfaro-fue-capturado\/#primaryimage"},"image":{"@id":"https:\/\/canal7slp.tv\/2022\/uriel-pareja-de-nayeli-alfaro-fue-capturado\/#primaryimage"},"thumbnailUrl":"https:\/\/canal7slp.tv\/2022\/wp-content\/uploads\/2022\/04\/UrielB.png","datePublished":"2022-04-15T10:57:40+00:00","dateModified":"2022-04-15T10:59:26+00:00","breadcrumb":{"@id":"https:\/\/canal7slp.tv\/2022\/uriel-pareja-de-nayeli-alfaro-fue-capturado\/#breadcrumb"},"inLanguage":"es","potentialAction":[{"@type":"ReadAction","target":["https:\/\/canal7slp.tv\/2022\/uriel-pareja-de-nayeli-alfaro-fue-capturado\/"]}]},{"@type":"ImageObject","inLanguage":"es","@id":"https:\/\/canal7slp.tv\/2022\/uriel-pareja-de-nayeli-alfaro-fue-capturado\/#primaryimage","url":"https:\/\/canal7slp.tv\/2022\/wp-content\/uploads\/2022\/04\/UrielB.png","contentUrl":"https:\/\/canal7slp.tv\/2022\/wp-content\/uploads\/2022\/04\/UrielB.png","width":673,"height":429},{"@type":"BreadcrumbList","@id":"https:\/\/canal7slp.tv\/2022\/uriel-pareja-de-nayeli-alfaro-fue-capturado\/#breadcrumb","itemListElement":[{"@type":"ListItem","position":1,"name":"Portada","item":"https:\/\/canal7slp.tv\/2022\/"},{"@type":"ListItem","position":2,"name":"Uriel, pareja de Nayeli Alfaro fue capturado"}]},{"@type":"WebSite","@id":"https:\/\/canal7slp.tv\/2022\/#website","url":"https:\/\/canal7slp.tv\/2022\/","name":"N7 - Noticieros Canal 7","description":"Somos Televisi\u00f3n","publisher":{"@id":"https:\/\/canal7slp.tv\/2022\/#organization"},"potentialAction":[{"@type":"SearchAction","target":{"@type":"EntryPoint","urlTemplate":"https:\/\/canal7slp.tv\/2022\/?s={search_term_string}"},"query-input":{"@type":"PropertyValueSpecification","valueRequired":true,"valueName":"search_term_string"}}],"inLanguage":"es"},{"@type":"Organization","@id":"https:\/\/canal7slp.tv\/2022\/#organization","name":"Noticieros Canal 7","url":"https:\/\/canal7slp.tv\/2022\/","logo":{"@type":"ImageObject","inLanguage":"es","@id":"https:\/\/canal7slp.tv\/2022\/#\/schema\/logo\/image\/","url":"https:\/\/canal7slp.tv\/2022\/wp-content\/uploads\/2021\/01\/logo-noticieros@2x.png","contentUrl":"https:\/\/canal7slp.tv\/2022\/wp-content\/uploads\/2021\/01\/logo-noticieros@2x.png","width":1017,"height":268,"caption":"Noticieros Canal 7"},"image":{"@id":"https:\/\/canal7slp.tv\/2022\/#\/schema\/logo\/image\/"},"sameAs":["https:\/\/www.facebook.com\/noticieroscanalsiete","https:\/\/x.com\/NOTICIEROS7","https:\/\/www.instagram.com\/canal7_slp","https:\/\/www.youtube.com\/channel\/UCliiYs-gP3JfJeqdPrNdd5A"]},{"@type":"Person","@id":"https:\/\/canal7slp.tv\/2022\/#\/schema\/person\/429704152a21f5f856ce29aa69a238da","name":"Edici\u00f3n Web","image":{"@type":"ImageObject","inLanguage":"es","@id":"https:\/\/secure.gravatar.com\/avatar\/eee448fc3f7164808013b816ba91ac7e43bbe82a70bebac296f8bc6f0addaa1a?s=96&d=mm&r=g","url":"https:\/\/secure.gravatar.com\/avatar\/eee448fc3f7164808013b816ba91ac7e43bbe82a70bebac296f8bc6f0addaa1a?s=96&d=mm&r=g","contentUrl":"https:\/\/secure.gravatar.com\/avatar\/eee448fc3f7164808013b816ba91ac7e43bbe82a70bebac296f8bc6f0addaa1a?s=96&d=mm&r=g","caption":"Edici\u00f3n Web"},"url":"https:\/\/canal7slp.tv\/2022\/author\/edicionweb\/"}]}},"amp_enabled":true,"_links":{"self":[{"href":"https:\/\/canal7slp.tv\/2022\/wp-json\/wp\/v2\/posts\/57379","targetHints":{"allow":["GET"]}}],"collection":[{"href":"https:\/\/canal7slp.tv\/2022\/wp-json\/wp\/v2\/posts"}],"about":[{"href":"https:\/\/canal7slp.tv\/2022\/wp-json\/wp\/v2\/types\/post"}],"author":[{"embeddable":true,"href":"https:\/\/canal7slp.tv\/2022\/wp-json\/wp\/v2\/users\/2"}],"replies":[{"embeddable":true,"href":"https:\/\/canal7slp.tv\/2022\/wp-json\/wp\/v2\/comments?post=57379"}],"version-history":[{"count":1,"href":"https:\/\/canal7slp.tv\/2022\/wp-json\/wp\/v2\/posts\/57379\/revisions"}],"predecessor-version":[{"id":57381,"href":"https:\/\/canal7slp.tv\/2022\/wp-json\/wp\/v2\/posts\/57379\/revisions\/57381"}],"wp:featuredmedia":[{"embeddable":true,"href":"https:\/\/canal7slp.tv\/2022\/wp-json\/wp\/v2\/media\/57382"}],"wp:attachment":[{"href":"https:\/\/canal7slp.tv\/2022\/wp-json\/wp\/v2\/media?parent=57379"}],"wp:term":[{"taxonomy":"category","embeddable":true,"href":"https:\/\/canal7slp.tv\/2022\/wp-json\/wp\/v2\/categories?post=57379"},{"taxonomy":"post_tag","embeddable":true,"href":"https:\/\/canal7slp.tv\/2022\/wp-json\/wp\/v2\/tags?post=57379"}],"curies":[{"name":"wp","href":"https:\/\/api.w.org\/{rel}","templated":true}]}}