{"id":57371,"date":"2022-04-15T04:22:12","date_gmt":"2022-04-15T10:22:12","guid":{"rendered":"https:\/\/canal7slp.tv\/2022\/?p=57371"},"modified":"2022-04-15T04:22:12","modified_gmt":"2022-04-15T10:22:12","slug":"plantean-sedeco-y-sege-creacion-de-catalogo-curricular-para-la-industria","status":"publish","type":"post","link":"https:\/\/canal7slp.tv\/2022\/plantean-sedeco-y-sege-creacion-de-catalogo-curricular-para-la-industria\/","title":{"rendered":"Plantean SEDECO y SEGE creaci\u00f3n de cat\u00e1logo curricular para la industria."},"content":{"rendered":"<p style=\"text-align: justify;\">SLP.- Plantean la Secretar\u00eda de Desarrollo Econ\u00f3mico (SEDECO) y la Secretar\u00eda de Educaci\u00f3n de Gobierno del Estado (SEGE) crear un cat\u00e1logo curricular en materia educativa para atender requerimientos de la industria.<\/p>\n<p style=\"text-align: justify;\">Presentar propuestas a universidades p\u00fablicas y privadas para instaurar carreras y especialidades acorde la demanda de personal ser\u00e1 fundamental y activa.<\/p>\n<p style=\"text-align: justify;\">Encontrar espacios laborales y de desarrollo que signifiquen despegue de la entidad en materia econ\u00f3mica es importante.<\/p>\n<p style=\"text-align: justify;\">Fue mencionado que se demanda personal capacitado para la industrializaci\u00f3n.<\/p>\n<p style=\"text-align: justify;\">Se se\u00f1al\u00f3 que la curr\u00edcula educativa debe estar en constante actualizaci\u00f3n debido a las necesidades en el \u00e1mbito laboral.<\/p>\n<p style=\"text-align: justify;\">El estudio y aprendizaje de alumnado tendr\u00eda que reflejarse en competencias que atiendan necesidades de las empresas y no en cifras de desempleo -puntualizaron autoridades-.<\/p>\n<p style=\"text-align: justify;\">Por: Paulina Rodr\u00edguez<\/p>\n","protected":false},"excerpt":{"rendered":"<p>SLP.- Plantean la Secretar\u00eda de Desarrollo Econ\u00f3mico (SEDECO) y la Secretar\u00eda de Educaci\u00f3n de Gobierno del Estado (SEGE) crear un cat\u00e1logo curricular en materia educativa para atender requerimientos de la industria. Presentar propuestas a universidades p\u00fablicas y privadas para instaurar carreras y especialidades acorde la demanda de personal ser\u00e1 fundamental y activa. Encontrar espacios laborales y de desarrollo que signifiquen despegue de la entidad en materia econ\u00f3mica es importante. Fue mencionado que se demanda personal capacitado para la industrializaci\u00f3n. Se se\u00f1al\u00f3 que la curr\u00edcula educativa debe estar en constante actualizaci\u00f3n debido a las necesidades en el \u00e1mbito laboral. El estudio [&hellip;]<\/p>\n","protected":false},"author":2,"featured_media":57373,"comment_status":"closed","ping_status":"closed","sticky":false,"template":"","format":"video","meta":{"footnotes":""},"categories":[5,45],"tags":[],"class_list":["post-57371","post","type-post","status-publish","format-video","has-post-thumbnail","hentry","category-destacadas","category-localesyregionales","post_format-post-format-video","post--single"],"yoast_head":"<!-- This site is optimized with the Yoast SEO plugin v27.5 - https:\/\/yoast.com\/product\/yoast-seo-wordpress\/ -->\n<title>Plantean SEDECO y SEGE creaci\u00f3n de cat\u00e1logo curricular para la industria. - Canal 7 SLP - 2022<\/title>\n<meta name=\"robots\" content=\"index, follow, max-snippet:-1, max-image-preview:large, max-video-preview:-1\" \/>\n<link rel=\"canonical\" href=\"https:\/\/canal7slp.tv\/2022\/plantean-sedeco-y-sege-creacion-de-catalogo-curricular-para-la-industria\/\" \/>\n<meta property=\"og:locale\" content=\"es_ES\" \/>\n<meta property=\"og:type\" content=\"article\" \/>\n<meta property=\"og:title\" content=\"Plantean SEDECO y SEGE creaci\u00f3n de cat\u00e1logo curricular para la industria. - Canal 7 SLP - 2022\" \/>\n<meta property=\"og:description\" content=\"SLP.- Plantean la Secretar\u00eda de Desarrollo Econ\u00f3mico (SEDECO) y la Secretar\u00eda de Educaci\u00f3n de Gobierno del Estado (SEGE) crear un cat\u00e1logo curricular en materia educativa para atender requerimientos de la industria. Presentar propuestas a universidades p\u00fablicas y privadas para instaurar carreras y especialidades acorde la demanda de personal ser\u00e1 fundamental y activa. Encontrar espacios laborales y de desarrollo que signifiquen despegue de la entidad en materia econ\u00f3mica es importante. Fue mencionado que se demanda personal capacitado para la industrializaci\u00f3n. Se se\u00f1al\u00f3 que la curr\u00edcula educativa debe estar en constante actualizaci\u00f3n debido a las necesidades en el \u00e1mbito laboral. El estudio [&hellip;]\" \/>\n<meta property=\"og:url\" content=\"https:\/\/canal7slp.tv\/2022\/plantean-sedeco-y-sege-creacion-de-catalogo-curricular-para-la-industria\/\" \/>\n<meta property=\"og:site_name\" content=\"Canal 7 SLP - 2022\" \/>\n<meta property=\"article:publisher\" content=\"https:\/\/www.facebook.com\/noticieroscanalsiete\" \/>\n<meta property=\"article:published_time\" content=\"2022-04-15T10:22:12+00:00\" \/>\n<meta property=\"og:image\" content=\"https:\/\/canal7slp.tv\/2022\/wp-content\/uploads\/2022\/04\/Pau01SEDECO.jpg\" \/>\n\t<meta property=\"og:image:width\" content=\"888\" \/>\n\t<meta property=\"og:image:height\" content=\"500\" \/>\n\t<meta property=\"og:image:type\" content=\"image\/jpeg\" \/>\n<meta name=\"author\" content=\"Edici\u00f3n Web\" \/>\n<meta name=\"twitter:card\" content=\"summary_large_image\" \/>\n<meta name=\"twitter:creator\" content=\"@NOTICIEROS7\" \/>\n<meta name=\"twitter:site\" content=\"@NOTICIEROS7\" \/>\n<meta name=\"twitter:label1\" content=\"Escrito por\" \/>\n\t<meta name=\"twitter:data1\" content=\"Edici\u00f3n Web\" \/>\n\t<meta name=\"twitter:label2\" content=\"Tiempo de lectura\" \/>\n\t<meta name=\"twitter:data2\" content=\"1 minuto\" \/>\n<script type=\"application\/ld+json\" class=\"yoast-schema-graph\">{\"@context\":\"https:\\\/\\\/schema.org\",\"@graph\":[{\"@type\":\"Article\",\"@id\":\"https:\\\/\\\/canal7slp.tv\\\/2022\\\/plantean-sedeco-y-sege-creacion-de-catalogo-curricular-para-la-industria\\\/#article\",\"isPartOf\":{\"@id\":\"https:\\\/\\\/canal7slp.tv\\\/2022\\\/plantean-sedeco-y-sege-creacion-de-catalogo-curricular-para-la-industria\\\/\"},\"author\":{\"name\":\"Edici\u00f3n Web\",\"@id\":\"https:\\\/\\\/canal7slp.tv\\\/2022\\\/#\\\/schema\\\/person\\\/429704152a21f5f856ce29aa69a238da\"},\"headline\":\"Plantean SEDECO y SEGE creaci\u00f3n de cat\u00e1logo curricular para la industria.\",\"datePublished\":\"2022-04-15T10:22:12+00:00\",\"mainEntityOfPage\":{\"@id\":\"https:\\\/\\\/canal7slp.tv\\\/2022\\\/plantean-sedeco-y-sege-creacion-de-catalogo-curricular-para-la-industria\\\/\"},\"wordCount\":153,\"publisher\":{\"@id\":\"https:\\\/\\\/canal7slp.tv\\\/2022\\\/#organization\"},\"image\":{\"@id\":\"https:\\\/\\\/canal7slp.tv\\\/2022\\\/plantean-sedeco-y-sege-creacion-de-catalogo-curricular-para-la-industria\\\/#primaryimage\"},\"thumbnailUrl\":\"https:\\\/\\\/canal7slp.tv\\\/2022\\\/wp-content\\\/uploads\\\/2022\\\/04\\\/Pau01SEDECO.jpg\",\"articleSection\":[\"DESTACADAS\",\"LOCALES Y REGIONALES\"],\"inLanguage\":\"es\"},{\"@type\":\"WebPage\",\"@id\":\"https:\\\/\\\/canal7slp.tv\\\/2022\\\/plantean-sedeco-y-sege-creacion-de-catalogo-curricular-para-la-industria\\\/\",\"url\":\"https:\\\/\\\/canal7slp.tv\\\/2022\\\/plantean-sedeco-y-sege-creacion-de-catalogo-curricular-para-la-industria\\\/\",\"name\":\"Plantean SEDECO y SEGE creaci\u00f3n de cat\u00e1logo curricular para la industria. - Canal 7 SLP - 2022\",\"isPartOf\":{\"@id\":\"https:\\\/\\\/canal7slp.tv\\\/2022\\\/#website\"},\"primaryImageOfPage\":{\"@id\":\"https:\\\/\\\/canal7slp.tv\\\/2022\\\/plantean-sedeco-y-sege-creacion-de-catalogo-curricular-para-la-industria\\\/#primaryimage\"},\"image\":{\"@id\":\"https:\\\/\\\/canal7slp.tv\\\/2022\\\/plantean-sedeco-y-sege-creacion-de-catalogo-curricular-para-la-industria\\\/#primaryimage\"},\"thumbnailUrl\":\"https:\\\/\\\/canal7slp.tv\\\/2022\\\/wp-content\\\/uploads\\\/2022\\\/04\\\/Pau01SEDECO.jpg\",\"datePublished\":\"2022-04-15T10:22:12+00:00\",\"breadcrumb\":{\"@id\":\"https:\\\/\\\/canal7slp.tv\\\/2022\\\/plantean-sedeco-y-sege-creacion-de-catalogo-curricular-para-la-industria\\\/#breadcrumb\"},\"inLanguage\":\"es\",\"potentialAction\":[{\"@type\":\"ReadAction\",\"target\":[\"https:\\\/\\\/canal7slp.tv\\\/2022\\\/plantean-sedeco-y-sege-creacion-de-catalogo-curricular-para-la-industria\\\/\"]}]},{\"@type\":\"ImageObject\",\"inLanguage\":\"es\",\"@id\":\"https:\\\/\\\/canal7slp.tv\\\/2022\\\/plantean-sedeco-y-sege-creacion-de-catalogo-curricular-para-la-industria\\\/#primaryimage\",\"url\":\"https:\\\/\\\/canal7slp.tv\\\/2022\\\/wp-content\\\/uploads\\\/2022\\\/04\\\/Pau01SEDECO.jpg\",\"contentUrl\":\"https:\\\/\\\/canal7slp.tv\\\/2022\\\/wp-content\\\/uploads\\\/2022\\\/04\\\/Pau01SEDECO.jpg\",\"width\":888,\"height\":500},{\"@type\":\"BreadcrumbList\",\"@id\":\"https:\\\/\\\/canal7slp.tv\\\/2022\\\/plantean-sedeco-y-sege-creacion-de-catalogo-curricular-para-la-industria\\\/#breadcrumb\",\"itemListElement\":[{\"@type\":\"ListItem\",\"position\":1,\"name\":\"Portada\",\"item\":\"https:\\\/\\\/canal7slp.tv\\\/2022\\\/\"},{\"@type\":\"ListItem\",\"position\":2,\"name\":\"Plantean SEDECO y SEGE creaci\u00f3n de cat\u00e1logo curricular para la industria.\"}]},{\"@type\":\"WebSite\",\"@id\":\"https:\\\/\\\/canal7slp.tv\\\/2022\\\/#website\",\"url\":\"https:\\\/\\\/canal7slp.tv\\\/2022\\\/\",\"name\":\"N7 - Noticieros Canal 7\",\"description\":\"Somos Televisi\u00f3n\",\"publisher\":{\"@id\":\"https:\\\/\\\/canal7slp.tv\\\/2022\\\/#organization\"},\"potentialAction\":[{\"@type\":\"SearchAction\",\"target\":{\"@type\":\"EntryPoint\",\"urlTemplate\":\"https:\\\/\\\/canal7slp.tv\\\/2022\\\/?s={search_term_string}\"},\"query-input\":{\"@type\":\"PropertyValueSpecification\",\"valueRequired\":true,\"valueName\":\"search_term_string\"}}],\"inLanguage\":\"es\"},{\"@type\":\"Organization\",\"@id\":\"https:\\\/\\\/canal7slp.tv\\\/2022\\\/#organization\",\"name\":\"Noticieros Canal 7\",\"url\":\"https:\\\/\\\/canal7slp.tv\\\/2022\\\/\",\"logo\":{\"@type\":\"ImageObject\",\"inLanguage\":\"es\",\"@id\":\"https:\\\/\\\/canal7slp.tv\\\/2022\\\/#\\\/schema\\\/logo\\\/image\\\/\",\"url\":\"https:\\\/\\\/canal7slp.tv\\\/2022\\\/wp-content\\\/uploads\\\/2021\\\/01\\\/logo-noticieros@2x.png\",\"contentUrl\":\"https:\\\/\\\/canal7slp.tv\\\/2022\\\/wp-content\\\/uploads\\\/2021\\\/01\\\/logo-noticieros@2x.png\",\"width\":1017,\"height\":268,\"caption\":\"Noticieros Canal 7\"},\"image\":{\"@id\":\"https:\\\/\\\/canal7slp.tv\\\/2022\\\/#\\\/schema\\\/logo\\\/image\\\/\"},\"sameAs\":[\"https:\\\/\\\/www.facebook.com\\\/noticieroscanalsiete\",\"https:\\\/\\\/x.com\\\/NOTICIEROS7\",\"https:\\\/\\\/www.instagram.com\\\/canal7_slp\",\"https:\\\/\\\/www.youtube.com\\\/channel\\\/UCliiYs-gP3JfJeqdPrNdd5A\"]},{\"@type\":\"Person\",\"@id\":\"https:\\\/\\\/canal7slp.tv\\\/2022\\\/#\\\/schema\\\/person\\\/429704152a21f5f856ce29aa69a238da\",\"name\":\"Edici\u00f3n Web\",\"image\":{\"@type\":\"ImageObject\",\"inLanguage\":\"es\",\"@id\":\"https:\\\/\\\/secure.gravatar.com\\\/avatar\\\/eee448fc3f7164808013b816ba91ac7e43bbe82a70bebac296f8bc6f0addaa1a?s=96&d=mm&r=g\",\"url\":\"https:\\\/\\\/secure.gravatar.com\\\/avatar\\\/eee448fc3f7164808013b816ba91ac7e43bbe82a70bebac296f8bc6f0addaa1a?s=96&d=mm&r=g\",\"contentUrl\":\"https:\\\/\\\/secure.gravatar.com\\\/avatar\\\/eee448fc3f7164808013b816ba91ac7e43bbe82a70bebac296f8bc6f0addaa1a?s=96&d=mm&r=g\",\"caption\":\"Edici\u00f3n Web\"},\"url\":\"https:\\\/\\\/canal7slp.tv\\\/2022\\\/author\\\/edicionweb\\\/\"}]}<\/script>\n<!-- \/ Yoast SEO plugin. -->","yoast_head_json":{"title":"Plantean SEDECO y SEGE creaci\u00f3n de cat\u00e1logo curricular para la industria. - Canal 7 SLP - 2022","robots":{"index":"index","follow":"follow","max-snippet":"max-snippet:-1","max-image-preview":"max-image-preview:large","max-video-preview":"max-video-preview:-1"},"canonical":"https:\/\/canal7slp.tv\/2022\/plantean-sedeco-y-sege-creacion-de-catalogo-curricular-para-la-industria\/","og_locale":"es_ES","og_type":"article","og_title":"Plantean SEDECO y SEGE creaci\u00f3n de cat\u00e1logo curricular para la industria. - Canal 7 SLP - 2022","og_description":"SLP.- Plantean la Secretar\u00eda de Desarrollo Econ\u00f3mico (SEDECO) y la Secretar\u00eda de Educaci\u00f3n de Gobierno del Estado (SEGE) crear un cat\u00e1logo curricular en materia educativa para atender requerimientos de la industria. Presentar propuestas a universidades p\u00fablicas y privadas para instaurar carreras y especialidades acorde la demanda de personal ser\u00e1 fundamental y activa. Encontrar espacios laborales y de desarrollo que signifiquen despegue de la entidad en materia econ\u00f3mica es importante. Fue mencionado que se demanda personal capacitado para la industrializaci\u00f3n. Se se\u00f1al\u00f3 que la curr\u00edcula educativa debe estar en constante actualizaci\u00f3n debido a las necesidades en el \u00e1mbito laboral. El estudio [&hellip;]","og_url":"https:\/\/canal7slp.tv\/2022\/plantean-sedeco-y-sege-creacion-de-catalogo-curricular-para-la-industria\/","og_site_name":"Canal 7 SLP - 2022","article_publisher":"https:\/\/www.facebook.com\/noticieroscanalsiete","article_published_time":"2022-04-15T10:22:12+00:00","og_image":[{"width":888,"height":500,"url":"https:\/\/canal7slp.tv\/2022\/wp-content\/uploads\/2022\/04\/Pau01SEDECO.jpg","type":"image\/jpeg"}],"author":"Edici\u00f3n Web","twitter_card":"summary_large_image","twitter_creator":"@NOTICIEROS7","twitter_site":"@NOTICIEROS7","twitter_misc":{"Escrito por":"Edici\u00f3n Web","Tiempo de lectura":"1 minuto"},"schema":{"@context":"https:\/\/schema.org","@graph":[{"@type":"Article","@id":"https:\/\/canal7slp.tv\/2022\/plantean-sedeco-y-sege-creacion-de-catalogo-curricular-para-la-industria\/#article","isPartOf":{"@id":"https:\/\/canal7slp.tv\/2022\/plantean-sedeco-y-sege-creacion-de-catalogo-curricular-para-la-industria\/"},"author":{"name":"Edici\u00f3n Web","@id":"https:\/\/canal7slp.tv\/2022\/#\/schema\/person\/429704152a21f5f856ce29aa69a238da"},"headline":"Plantean SEDECO y SEGE creaci\u00f3n de cat\u00e1logo curricular para la industria.","datePublished":"2022-04-15T10:22:12+00:00","mainEntityOfPage":{"@id":"https:\/\/canal7slp.tv\/2022\/plantean-sedeco-y-sege-creacion-de-catalogo-curricular-para-la-industria\/"},"wordCount":153,"publisher":{"@id":"https:\/\/canal7slp.tv\/2022\/#organization"},"image":{"@id":"https:\/\/canal7slp.tv\/2022\/plantean-sedeco-y-sege-creacion-de-catalogo-curricular-para-la-industria\/#primaryimage"},"thumbnailUrl":"https:\/\/canal7slp.tv\/2022\/wp-content\/uploads\/2022\/04\/Pau01SEDECO.jpg","articleSection":["DESTACADAS","LOCALES Y REGIONALES"],"inLanguage":"es"},{"@type":"WebPage","@id":"https:\/\/canal7slp.tv\/2022\/plantean-sedeco-y-sege-creacion-de-catalogo-curricular-para-la-industria\/","url":"https:\/\/canal7slp.tv\/2022\/plantean-sedeco-y-sege-creacion-de-catalogo-curricular-para-la-industria\/","name":"Plantean SEDECO y SEGE creaci\u00f3n de cat\u00e1logo curricular para la industria. - Canal 7 SLP - 2022","isPartOf":{"@id":"https:\/\/canal7slp.tv\/2022\/#website"},"primaryImageOfPage":{"@id":"https:\/\/canal7slp.tv\/2022\/plantean-sedeco-y-sege-creacion-de-catalogo-curricular-para-la-industria\/#primaryimage"},"image":{"@id":"https:\/\/canal7slp.tv\/2022\/plantean-sedeco-y-sege-creacion-de-catalogo-curricular-para-la-industria\/#primaryimage"},"thumbnailUrl":"https:\/\/canal7slp.tv\/2022\/wp-content\/uploads\/2022\/04\/Pau01SEDECO.jpg","datePublished":"2022-04-15T10:22:12+00:00","breadcrumb":{"@id":"https:\/\/canal7slp.tv\/2022\/plantean-sedeco-y-sege-creacion-de-catalogo-curricular-para-la-industria\/#breadcrumb"},"inLanguage":"es","potentialAction":[{"@type":"ReadAction","target":["https:\/\/canal7slp.tv\/2022\/plantean-sedeco-y-sege-creacion-de-catalogo-curricular-para-la-industria\/"]}]},{"@type":"ImageObject","inLanguage":"es","@id":"https:\/\/canal7slp.tv\/2022\/plantean-sedeco-y-sege-creacion-de-catalogo-curricular-para-la-industria\/#primaryimage","url":"https:\/\/canal7slp.tv\/2022\/wp-content\/uploads\/2022\/04\/Pau01SEDECO.jpg","contentUrl":"https:\/\/canal7slp.tv\/2022\/wp-content\/uploads\/2022\/04\/Pau01SEDECO.jpg","width":888,"height":500},{"@type":"BreadcrumbList","@id":"https:\/\/canal7slp.tv\/2022\/plantean-sedeco-y-sege-creacion-de-catalogo-curricular-para-la-industria\/#breadcrumb","itemListElement":[{"@type":"ListItem","position":1,"name":"Portada","item":"https:\/\/canal7slp.tv\/2022\/"},{"@type":"ListItem","position":2,"name":"Plantean SEDECO y SEGE creaci\u00f3n de cat\u00e1logo curricular para la industria."}]},{"@type":"WebSite","@id":"https:\/\/canal7slp.tv\/2022\/#website","url":"https:\/\/canal7slp.tv\/2022\/","name":"N7 - Noticieros Canal 7","description":"Somos Televisi\u00f3n","publisher":{"@id":"https:\/\/canal7slp.tv\/2022\/#organization"},"potentialAction":[{"@type":"SearchAction","target":{"@type":"EntryPoint","urlTemplate":"https:\/\/canal7slp.tv\/2022\/?s={search_term_string}"},"query-input":{"@type":"PropertyValueSpecification","valueRequired":true,"valueName":"search_term_string"}}],"inLanguage":"es"},{"@type":"Organization","@id":"https:\/\/canal7slp.tv\/2022\/#organization","name":"Noticieros Canal 7","url":"https:\/\/canal7slp.tv\/2022\/","logo":{"@type":"ImageObject","inLanguage":"es","@id":"https:\/\/canal7slp.tv\/2022\/#\/schema\/logo\/image\/","url":"https:\/\/canal7slp.tv\/2022\/wp-content\/uploads\/2021\/01\/logo-noticieros@2x.png","contentUrl":"https:\/\/canal7slp.tv\/2022\/wp-content\/uploads\/2021\/01\/logo-noticieros@2x.png","width":1017,"height":268,"caption":"Noticieros Canal 7"},"image":{"@id":"https:\/\/canal7slp.tv\/2022\/#\/schema\/logo\/image\/"},"sameAs":["https:\/\/www.facebook.com\/noticieroscanalsiete","https:\/\/x.com\/NOTICIEROS7","https:\/\/www.instagram.com\/canal7_slp","https:\/\/www.youtube.com\/channel\/UCliiYs-gP3JfJeqdPrNdd5A"]},{"@type":"Person","@id":"https:\/\/canal7slp.tv\/2022\/#\/schema\/person\/429704152a21f5f856ce29aa69a238da","name":"Edici\u00f3n Web","image":{"@type":"ImageObject","inLanguage":"es","@id":"https:\/\/secure.gravatar.com\/avatar\/eee448fc3f7164808013b816ba91ac7e43bbe82a70bebac296f8bc6f0addaa1a?s=96&d=mm&r=g","url":"https:\/\/secure.gravatar.com\/avatar\/eee448fc3f7164808013b816ba91ac7e43bbe82a70bebac296f8bc6f0addaa1a?s=96&d=mm&r=g","contentUrl":"https:\/\/secure.gravatar.com\/avatar\/eee448fc3f7164808013b816ba91ac7e43bbe82a70bebac296f8bc6f0addaa1a?s=96&d=mm&r=g","caption":"Edici\u00f3n Web"},"url":"https:\/\/canal7slp.tv\/2022\/author\/edicionweb\/"}]}},"amp_enabled":true,"_links":{"self":[{"href":"https:\/\/canal7slp.tv\/2022\/wp-json\/wp\/v2\/posts\/57371","targetHints":{"allow":["GET"]}}],"collection":[{"href":"https:\/\/canal7slp.tv\/2022\/wp-json\/wp\/v2\/posts"}],"about":[{"href":"https:\/\/canal7slp.tv\/2022\/wp-json\/wp\/v2\/types\/post"}],"author":[{"embeddable":true,"href":"https:\/\/canal7slp.tv\/2022\/wp-json\/wp\/v2\/users\/2"}],"replies":[{"embeddable":true,"href":"https:\/\/canal7slp.tv\/2022\/wp-json\/wp\/v2\/comments?post=57371"}],"version-history":[{"count":1,"href":"https:\/\/canal7slp.tv\/2022\/wp-json\/wp\/v2\/posts\/57371\/revisions"}],"predecessor-version":[{"id":57374,"href":"https:\/\/canal7slp.tv\/2022\/wp-json\/wp\/v2\/posts\/57371\/revisions\/57374"}],"wp:featuredmedia":[{"embeddable":true,"href":"https:\/\/canal7slp.tv\/2022\/wp-json\/wp\/v2\/media\/57373"}],"wp:attachment":[{"href":"https:\/\/canal7slp.tv\/2022\/wp-json\/wp\/v2\/media?parent=57371"}],"wp:term":[{"taxonomy":"category","embeddable":true,"href":"https:\/\/canal7slp.tv\/2022\/wp-json\/wp\/v2\/categories?post=57371"},{"taxonomy":"post_tag","embeddable":true,"href":"https:\/\/canal7slp.tv\/2022\/wp-json\/wp\/v2\/tags?post=57371"}],"curies":[{"name":"wp","href":"https:\/\/api.w.org\/{rel}","templated":true}]}}