{"id":57358,"date":"2022-04-15T10:52:29","date_gmt":"2022-04-15T16:52:29","guid":{"rendered":"https:\/\/canal7slp.tv\/2022\/?p=57358"},"modified":"2022-04-15T10:52:29","modified_gmt":"2022-04-15T16:52:29","slug":"presentan-2022-cien-anos-de-vida-y-obra-de-james-joyce-en-centro-cultural-palacio-municipal","status":"publish","type":"post","link":"https:\/\/canal7slp.tv\/2022\/presentan-2022-cien-anos-de-vida-y-obra-de-james-joyce-en-centro-cultural-palacio-municipal\/","title":{"rendered":"Presentan \u00ab2022, cien a\u00f1os de vida y obra de James Joyce\u00bb en Centro Cultural Palacio Municipal."},"content":{"rendered":"<p style=\"text-align: justify;\">SLP.- Por motivo del Festival San Lu\u00eds en Primavera, en Palacio Municipal se llev\u00f3 a cabo la conferencia \u201c2022, 100 a\u00f1os de vida y obra de James Joyce\u201d.<\/p>\n<p style=\"text-align: justify;\">Fue impartida por el Dr. Daniel Zavala Medina -catedr\u00e1tico de la Universidad Aut\u00f3noma de San Luis Potos\u00ed-.<\/p>\n<p style=\"text-align: justify;\">Mencion\u00f3 algunos de los libros escritos por Joyce.<\/p>\n<p style=\"text-align: justify;\">Dio un resumen de la vida del escritor irland\u00e9s.<\/p>\n<p style=\"text-align: justify;\">Mencion\u00f3 datos curiosos como miedos, creencias, gustos y an\u00e9cdotas.<\/p>\n<p style=\"text-align: justify;\">Se coment\u00f3 que es importante conocer\u00a0 la vida del autor para\u00a0 contextualizar sus obras.<\/p>\n<p style=\"text-align: justify;\">Entre las an\u00e9cdotas, ahond\u00f3 en la que inspir\u00f3 la novela Ulises -obra en la que fue m\u00e1s enf\u00e1tico el Dr. Daniel Zavala Medina-.<\/p>\n<p style=\"text-align: justify;\">Al hablar de Ulises, hizo un recuento de paralelismos entre la historia de \u00e9ste y La Odisea; tales como el tiempo en que se desarrollan las historias y el contraste entre los personajes.<\/p>\n<p style=\"text-align: justify;\">Tambi\u00e9n mencion\u00f3 la singular manera en la que est\u00e1 escrito Ulises.<\/p>\n<p style=\"text-align: justify;\">Cada uno de sus cap\u00edtulos tiene un estilo literario diferente.<\/p>\n<p style=\"text-align: justify;\">Para concluir la conferencia, el Dr. Daniel Zavala Medina confes\u00f3 que a pesar que el motivo de la charla es invitar a la gente a leer Ulises, \u00e9sta es una obra bastante compleja.<\/p>\n<p style=\"text-align: justify;\">Por lo cual recomend\u00f3 el libro de cuentos Dublineses del mismo james Joyce, el cual cuenta con una lectura mas f\u00e1cil para las personas.<\/p>\n<p style=\"text-align: justify;\">Por: Kenneth Villalpando<\/p>\n","protected":false},"excerpt":{"rendered":"<p>SLP.- Por motivo del Festival San Lu\u00eds en Primavera, en Palacio Municipal se llev\u00f3 a cabo la conferencia \u201c2022, 100 a\u00f1os de vida y obra de James Joyce\u201d. Fue impartida por el Dr. Daniel Zavala Medina -catedr\u00e1tico de la Universidad Aut\u00f3noma de San Luis Potos\u00ed-. Mencion\u00f3 algunos de los libros escritos por Joyce. Dio un resumen de la vida del escritor irland\u00e9s. Mencion\u00f3 datos curiosos como miedos, creencias, gustos y an\u00e9cdotas. Se coment\u00f3 que es importante conocer\u00a0 la vida del autor para\u00a0 contextualizar sus obras. Entre las an\u00e9cdotas, ahond\u00f3 en la que inspir\u00f3 la novela Ulises -obra en la que [&hellip;]<\/p>\n","protected":false},"author":2,"featured_media":57393,"comment_status":"closed","ping_status":"closed","sticky":false,"template":"","format":"video","meta":{"footnotes":""},"categories":[5,45],"tags":[],"class_list":["post-57358","post","type-post","status-publish","format-video","has-post-thumbnail","hentry","category-destacadas","category-localesyregionales","post_format-post-format-video","post--single"],"yoast_head":"<!-- This site is optimized with the Yoast SEO plugin v27.4 - https:\/\/yoast.com\/product\/yoast-seo-wordpress\/ -->\n<title>Presentan &quot;2022, cien a\u00f1os de vida y obra de James Joyce&quot; en Centro Cultural Palacio Municipal. - Canal 7 SLP - 2022<\/title>\n<meta name=\"robots\" content=\"index, follow, max-snippet:-1, max-image-preview:large, max-video-preview:-1\" \/>\n<link rel=\"canonical\" href=\"https:\/\/canal7slp.tv\/2022\/presentan-2022-cien-anos-de-vida-y-obra-de-james-joyce-en-centro-cultural-palacio-municipal\/\" \/>\n<meta property=\"og:locale\" content=\"es_ES\" \/>\n<meta property=\"og:type\" content=\"article\" \/>\n<meta property=\"og:title\" content=\"Presentan &quot;2022, cien a\u00f1os de vida y obra de James Joyce&quot; en Centro Cultural Palacio Municipal. - Canal 7 SLP - 2022\" \/>\n<meta property=\"og:description\" content=\"SLP.- Por motivo del Festival San Lu\u00eds en Primavera, en Palacio Municipal se llev\u00f3 a cabo la conferencia \u201c2022, 100 a\u00f1os de vida y obra de James Joyce\u201d. Fue impartida por el Dr. Daniel Zavala Medina -catedr\u00e1tico de la Universidad Aut\u00f3noma de San Luis Potos\u00ed-. Mencion\u00f3 algunos de los libros escritos por Joyce. Dio un resumen de la vida del escritor irland\u00e9s. Mencion\u00f3 datos curiosos como miedos, creencias, gustos y an\u00e9cdotas. Se coment\u00f3 que es importante conocer\u00a0 la vida del autor para\u00a0 contextualizar sus obras. Entre las an\u00e9cdotas, ahond\u00f3 en la que inspir\u00f3 la novela Ulises -obra en la que [&hellip;]\" \/>\n<meta property=\"og:url\" content=\"https:\/\/canal7slp.tv\/2022\/presentan-2022-cien-anos-de-vida-y-obra-de-james-joyce-en-centro-cultural-palacio-municipal\/\" \/>\n<meta property=\"og:site_name\" content=\"Canal 7 SLP - 2022\" \/>\n<meta property=\"article:publisher\" content=\"https:\/\/www.facebook.com\/noticieroscanalsiete\" \/>\n<meta property=\"article:published_time\" content=\"2022-04-15T16:52:29+00:00\" \/>\n<meta property=\"og:image\" content=\"https:\/\/canal7slp.tv\/2022\/wp-content\/uploads\/2022\/04\/Kenny02Libro.jpg\" \/>\n\t<meta property=\"og:image:width\" content=\"888\" \/>\n\t<meta property=\"og:image:height\" content=\"500\" \/>\n\t<meta property=\"og:image:type\" content=\"image\/jpeg\" \/>\n<meta name=\"author\" content=\"Edici\u00f3n Web\" \/>\n<meta name=\"twitter:card\" content=\"summary_large_image\" \/>\n<meta name=\"twitter:creator\" content=\"@NOTICIEROS7\" \/>\n<meta name=\"twitter:site\" content=\"@NOTICIEROS7\" \/>\n<meta name=\"twitter:label1\" content=\"Escrito por\" \/>\n\t<meta name=\"twitter:data1\" content=\"Edici\u00f3n Web\" \/>\n\t<meta name=\"twitter:label2\" content=\"Tiempo de lectura\" \/>\n\t<meta name=\"twitter:data2\" content=\"2 minutos\" \/>\n<script type=\"application\/ld+json\" class=\"yoast-schema-graph\">{\"@context\":\"https:\\\/\\\/schema.org\",\"@graph\":[{\"@type\":\"Article\",\"@id\":\"https:\\\/\\\/canal7slp.tv\\\/2022\\\/presentan-2022-cien-anos-de-vida-y-obra-de-james-joyce-en-centro-cultural-palacio-municipal\\\/#article\",\"isPartOf\":{\"@id\":\"https:\\\/\\\/canal7slp.tv\\\/2022\\\/presentan-2022-cien-anos-de-vida-y-obra-de-james-joyce-en-centro-cultural-palacio-municipal\\\/\"},\"author\":{\"name\":\"Edici\u00f3n Web\",\"@id\":\"https:\\\/\\\/canal7slp.tv\\\/2022\\\/#\\\/schema\\\/person\\\/429704152a21f5f856ce29aa69a238da\"},\"headline\":\"Presentan \u00ab2022, cien a\u00f1os de vida y obra de James Joyce\u00bb en Centro Cultural Palacio Municipal.\",\"datePublished\":\"2022-04-15T16:52:29+00:00\",\"mainEntityOfPage\":{\"@id\":\"https:\\\/\\\/canal7slp.tv\\\/2022\\\/presentan-2022-cien-anos-de-vida-y-obra-de-james-joyce-en-centro-cultural-palacio-municipal\\\/\"},\"wordCount\":250,\"publisher\":{\"@id\":\"https:\\\/\\\/canal7slp.tv\\\/2022\\\/#organization\"},\"image\":{\"@id\":\"https:\\\/\\\/canal7slp.tv\\\/2022\\\/presentan-2022-cien-anos-de-vida-y-obra-de-james-joyce-en-centro-cultural-palacio-municipal\\\/#primaryimage\"},\"thumbnailUrl\":\"https:\\\/\\\/canal7slp.tv\\\/2022\\\/wp-content\\\/uploads\\\/2022\\\/04\\\/Kenny02Libro.jpg\",\"articleSection\":[\"DESTACADAS\",\"LOCALES Y REGIONALES\"],\"inLanguage\":\"es\"},{\"@type\":\"WebPage\",\"@id\":\"https:\\\/\\\/canal7slp.tv\\\/2022\\\/presentan-2022-cien-anos-de-vida-y-obra-de-james-joyce-en-centro-cultural-palacio-municipal\\\/\",\"url\":\"https:\\\/\\\/canal7slp.tv\\\/2022\\\/presentan-2022-cien-anos-de-vida-y-obra-de-james-joyce-en-centro-cultural-palacio-municipal\\\/\",\"name\":\"Presentan \\\"2022, cien a\u00f1os de vida y obra de James Joyce\\\" en Centro Cultural Palacio Municipal. - Canal 7 SLP - 2022\",\"isPartOf\":{\"@id\":\"https:\\\/\\\/canal7slp.tv\\\/2022\\\/#website\"},\"primaryImageOfPage\":{\"@id\":\"https:\\\/\\\/canal7slp.tv\\\/2022\\\/presentan-2022-cien-anos-de-vida-y-obra-de-james-joyce-en-centro-cultural-palacio-municipal\\\/#primaryimage\"},\"image\":{\"@id\":\"https:\\\/\\\/canal7slp.tv\\\/2022\\\/presentan-2022-cien-anos-de-vida-y-obra-de-james-joyce-en-centro-cultural-palacio-municipal\\\/#primaryimage\"},\"thumbnailUrl\":\"https:\\\/\\\/canal7slp.tv\\\/2022\\\/wp-content\\\/uploads\\\/2022\\\/04\\\/Kenny02Libro.jpg\",\"datePublished\":\"2022-04-15T16:52:29+00:00\",\"breadcrumb\":{\"@id\":\"https:\\\/\\\/canal7slp.tv\\\/2022\\\/presentan-2022-cien-anos-de-vida-y-obra-de-james-joyce-en-centro-cultural-palacio-municipal\\\/#breadcrumb\"},\"inLanguage\":\"es\",\"potentialAction\":[{\"@type\":\"ReadAction\",\"target\":[\"https:\\\/\\\/canal7slp.tv\\\/2022\\\/presentan-2022-cien-anos-de-vida-y-obra-de-james-joyce-en-centro-cultural-palacio-municipal\\\/\"]}]},{\"@type\":\"ImageObject\",\"inLanguage\":\"es\",\"@id\":\"https:\\\/\\\/canal7slp.tv\\\/2022\\\/presentan-2022-cien-anos-de-vida-y-obra-de-james-joyce-en-centro-cultural-palacio-municipal\\\/#primaryimage\",\"url\":\"https:\\\/\\\/canal7slp.tv\\\/2022\\\/wp-content\\\/uploads\\\/2022\\\/04\\\/Kenny02Libro.jpg\",\"contentUrl\":\"https:\\\/\\\/canal7slp.tv\\\/2022\\\/wp-content\\\/uploads\\\/2022\\\/04\\\/Kenny02Libro.jpg\",\"width\":888,\"height\":500},{\"@type\":\"BreadcrumbList\",\"@id\":\"https:\\\/\\\/canal7slp.tv\\\/2022\\\/presentan-2022-cien-anos-de-vida-y-obra-de-james-joyce-en-centro-cultural-palacio-municipal\\\/#breadcrumb\",\"itemListElement\":[{\"@type\":\"ListItem\",\"position\":1,\"name\":\"Portada\",\"item\":\"https:\\\/\\\/canal7slp.tv\\\/2022\\\/\"},{\"@type\":\"ListItem\",\"position\":2,\"name\":\"Presentan &#8220;2022, cien a\u00f1os de vida y obra de James Joyce&#8221; en Centro Cultural Palacio Municipal.\"}]},{\"@type\":\"WebSite\",\"@id\":\"https:\\\/\\\/canal7slp.tv\\\/2022\\\/#website\",\"url\":\"https:\\\/\\\/canal7slp.tv\\\/2022\\\/\",\"name\":\"N7 - Noticieros Canal 7\",\"description\":\"Somos Televisi\u00f3n\",\"publisher\":{\"@id\":\"https:\\\/\\\/canal7slp.tv\\\/2022\\\/#organization\"},\"potentialAction\":[{\"@type\":\"SearchAction\",\"target\":{\"@type\":\"EntryPoint\",\"urlTemplate\":\"https:\\\/\\\/canal7slp.tv\\\/2022\\\/?s={search_term_string}\"},\"query-input\":{\"@type\":\"PropertyValueSpecification\",\"valueRequired\":true,\"valueName\":\"search_term_string\"}}],\"inLanguage\":\"es\"},{\"@type\":\"Organization\",\"@id\":\"https:\\\/\\\/canal7slp.tv\\\/2022\\\/#organization\",\"name\":\"Noticieros Canal 7\",\"url\":\"https:\\\/\\\/canal7slp.tv\\\/2022\\\/\",\"logo\":{\"@type\":\"ImageObject\",\"inLanguage\":\"es\",\"@id\":\"https:\\\/\\\/canal7slp.tv\\\/2022\\\/#\\\/schema\\\/logo\\\/image\\\/\",\"url\":\"https:\\\/\\\/canal7slp.tv\\\/2022\\\/wp-content\\\/uploads\\\/2021\\\/01\\\/logo-noticieros@2x.png\",\"contentUrl\":\"https:\\\/\\\/canal7slp.tv\\\/2022\\\/wp-content\\\/uploads\\\/2021\\\/01\\\/logo-noticieros@2x.png\",\"width\":1017,\"height\":268,\"caption\":\"Noticieros Canal 7\"},\"image\":{\"@id\":\"https:\\\/\\\/canal7slp.tv\\\/2022\\\/#\\\/schema\\\/logo\\\/image\\\/\"},\"sameAs\":[\"https:\\\/\\\/www.facebook.com\\\/noticieroscanalsiete\",\"https:\\\/\\\/x.com\\\/NOTICIEROS7\",\"https:\\\/\\\/www.instagram.com\\\/canal7_slp\",\"https:\\\/\\\/www.youtube.com\\\/channel\\\/UCliiYs-gP3JfJeqdPrNdd5A\"]},{\"@type\":\"Person\",\"@id\":\"https:\\\/\\\/canal7slp.tv\\\/2022\\\/#\\\/schema\\\/person\\\/429704152a21f5f856ce29aa69a238da\",\"name\":\"Edici\u00f3n Web\",\"image\":{\"@type\":\"ImageObject\",\"inLanguage\":\"es\",\"@id\":\"https:\\\/\\\/secure.gravatar.com\\\/avatar\\\/eee448fc3f7164808013b816ba91ac7e43bbe82a70bebac296f8bc6f0addaa1a?s=96&d=mm&r=g\",\"url\":\"https:\\\/\\\/secure.gravatar.com\\\/avatar\\\/eee448fc3f7164808013b816ba91ac7e43bbe82a70bebac296f8bc6f0addaa1a?s=96&d=mm&r=g\",\"contentUrl\":\"https:\\\/\\\/secure.gravatar.com\\\/avatar\\\/eee448fc3f7164808013b816ba91ac7e43bbe82a70bebac296f8bc6f0addaa1a?s=96&d=mm&r=g\",\"caption\":\"Edici\u00f3n Web\"},\"url\":\"https:\\\/\\\/canal7slp.tv\\\/2022\\\/author\\\/edicionweb\\\/\"}]}<\/script>\n<!-- \/ Yoast SEO plugin. -->","yoast_head_json":{"title":"Presentan \"2022, cien a\u00f1os de vida y obra de James Joyce\" en Centro Cultural Palacio Municipal. - Canal 7 SLP - 2022","robots":{"index":"index","follow":"follow","max-snippet":"max-snippet:-1","max-image-preview":"max-image-preview:large","max-video-preview":"max-video-preview:-1"},"canonical":"https:\/\/canal7slp.tv\/2022\/presentan-2022-cien-anos-de-vida-y-obra-de-james-joyce-en-centro-cultural-palacio-municipal\/","og_locale":"es_ES","og_type":"article","og_title":"Presentan \"2022, cien a\u00f1os de vida y obra de James Joyce\" en Centro Cultural Palacio Municipal. - Canal 7 SLP - 2022","og_description":"SLP.- Por motivo del Festival San Lu\u00eds en Primavera, en Palacio Municipal se llev\u00f3 a cabo la conferencia \u201c2022, 100 a\u00f1os de vida y obra de James Joyce\u201d. Fue impartida por el Dr. Daniel Zavala Medina -catedr\u00e1tico de la Universidad Aut\u00f3noma de San Luis Potos\u00ed-. Mencion\u00f3 algunos de los libros escritos por Joyce. Dio un resumen de la vida del escritor irland\u00e9s. Mencion\u00f3 datos curiosos como miedos, creencias, gustos y an\u00e9cdotas. Se coment\u00f3 que es importante conocer\u00a0 la vida del autor para\u00a0 contextualizar sus obras. Entre las an\u00e9cdotas, ahond\u00f3 en la que inspir\u00f3 la novela Ulises -obra en la que [&hellip;]","og_url":"https:\/\/canal7slp.tv\/2022\/presentan-2022-cien-anos-de-vida-y-obra-de-james-joyce-en-centro-cultural-palacio-municipal\/","og_site_name":"Canal 7 SLP - 2022","article_publisher":"https:\/\/www.facebook.com\/noticieroscanalsiete","article_published_time":"2022-04-15T16:52:29+00:00","og_image":[{"width":888,"height":500,"url":"https:\/\/canal7slp.tv\/2022\/wp-content\/uploads\/2022\/04\/Kenny02Libro.jpg","type":"image\/jpeg"}],"author":"Edici\u00f3n Web","twitter_card":"summary_large_image","twitter_creator":"@NOTICIEROS7","twitter_site":"@NOTICIEROS7","twitter_misc":{"Escrito por":"Edici\u00f3n Web","Tiempo de lectura":"2 minutos"},"schema":{"@context":"https:\/\/schema.org","@graph":[{"@type":"Article","@id":"https:\/\/canal7slp.tv\/2022\/presentan-2022-cien-anos-de-vida-y-obra-de-james-joyce-en-centro-cultural-palacio-municipal\/#article","isPartOf":{"@id":"https:\/\/canal7slp.tv\/2022\/presentan-2022-cien-anos-de-vida-y-obra-de-james-joyce-en-centro-cultural-palacio-municipal\/"},"author":{"name":"Edici\u00f3n Web","@id":"https:\/\/canal7slp.tv\/2022\/#\/schema\/person\/429704152a21f5f856ce29aa69a238da"},"headline":"Presentan \u00ab2022, cien a\u00f1os de vida y obra de James Joyce\u00bb en Centro Cultural Palacio Municipal.","datePublished":"2022-04-15T16:52:29+00:00","mainEntityOfPage":{"@id":"https:\/\/canal7slp.tv\/2022\/presentan-2022-cien-anos-de-vida-y-obra-de-james-joyce-en-centro-cultural-palacio-municipal\/"},"wordCount":250,"publisher":{"@id":"https:\/\/canal7slp.tv\/2022\/#organization"},"image":{"@id":"https:\/\/canal7slp.tv\/2022\/presentan-2022-cien-anos-de-vida-y-obra-de-james-joyce-en-centro-cultural-palacio-municipal\/#primaryimage"},"thumbnailUrl":"https:\/\/canal7slp.tv\/2022\/wp-content\/uploads\/2022\/04\/Kenny02Libro.jpg","articleSection":["DESTACADAS","LOCALES Y REGIONALES"],"inLanguage":"es"},{"@type":"WebPage","@id":"https:\/\/canal7slp.tv\/2022\/presentan-2022-cien-anos-de-vida-y-obra-de-james-joyce-en-centro-cultural-palacio-municipal\/","url":"https:\/\/canal7slp.tv\/2022\/presentan-2022-cien-anos-de-vida-y-obra-de-james-joyce-en-centro-cultural-palacio-municipal\/","name":"Presentan \"2022, cien a\u00f1os de vida y obra de James Joyce\" en Centro Cultural Palacio Municipal. - Canal 7 SLP - 2022","isPartOf":{"@id":"https:\/\/canal7slp.tv\/2022\/#website"},"primaryImageOfPage":{"@id":"https:\/\/canal7slp.tv\/2022\/presentan-2022-cien-anos-de-vida-y-obra-de-james-joyce-en-centro-cultural-palacio-municipal\/#primaryimage"},"image":{"@id":"https:\/\/canal7slp.tv\/2022\/presentan-2022-cien-anos-de-vida-y-obra-de-james-joyce-en-centro-cultural-palacio-municipal\/#primaryimage"},"thumbnailUrl":"https:\/\/canal7slp.tv\/2022\/wp-content\/uploads\/2022\/04\/Kenny02Libro.jpg","datePublished":"2022-04-15T16:52:29+00:00","breadcrumb":{"@id":"https:\/\/canal7slp.tv\/2022\/presentan-2022-cien-anos-de-vida-y-obra-de-james-joyce-en-centro-cultural-palacio-municipal\/#breadcrumb"},"inLanguage":"es","potentialAction":[{"@type":"ReadAction","target":["https:\/\/canal7slp.tv\/2022\/presentan-2022-cien-anos-de-vida-y-obra-de-james-joyce-en-centro-cultural-palacio-municipal\/"]}]},{"@type":"ImageObject","inLanguage":"es","@id":"https:\/\/canal7slp.tv\/2022\/presentan-2022-cien-anos-de-vida-y-obra-de-james-joyce-en-centro-cultural-palacio-municipal\/#primaryimage","url":"https:\/\/canal7slp.tv\/2022\/wp-content\/uploads\/2022\/04\/Kenny02Libro.jpg","contentUrl":"https:\/\/canal7slp.tv\/2022\/wp-content\/uploads\/2022\/04\/Kenny02Libro.jpg","width":888,"height":500},{"@type":"BreadcrumbList","@id":"https:\/\/canal7slp.tv\/2022\/presentan-2022-cien-anos-de-vida-y-obra-de-james-joyce-en-centro-cultural-palacio-municipal\/#breadcrumb","itemListElement":[{"@type":"ListItem","position":1,"name":"Portada","item":"https:\/\/canal7slp.tv\/2022\/"},{"@type":"ListItem","position":2,"name":"Presentan &#8220;2022, cien a\u00f1os de vida y obra de James Joyce&#8221; en Centro Cultural Palacio Municipal."}]},{"@type":"WebSite","@id":"https:\/\/canal7slp.tv\/2022\/#website","url":"https:\/\/canal7slp.tv\/2022\/","name":"N7 - Noticieros Canal 7","description":"Somos Televisi\u00f3n","publisher":{"@id":"https:\/\/canal7slp.tv\/2022\/#organization"},"potentialAction":[{"@type":"SearchAction","target":{"@type":"EntryPoint","urlTemplate":"https:\/\/canal7slp.tv\/2022\/?s={search_term_string}"},"query-input":{"@type":"PropertyValueSpecification","valueRequired":true,"valueName":"search_term_string"}}],"inLanguage":"es"},{"@type":"Organization","@id":"https:\/\/canal7slp.tv\/2022\/#organization","name":"Noticieros Canal 7","url":"https:\/\/canal7slp.tv\/2022\/","logo":{"@type":"ImageObject","inLanguage":"es","@id":"https:\/\/canal7slp.tv\/2022\/#\/schema\/logo\/image\/","url":"https:\/\/canal7slp.tv\/2022\/wp-content\/uploads\/2021\/01\/logo-noticieros@2x.png","contentUrl":"https:\/\/canal7slp.tv\/2022\/wp-content\/uploads\/2021\/01\/logo-noticieros@2x.png","width":1017,"height":268,"caption":"Noticieros Canal 7"},"image":{"@id":"https:\/\/canal7slp.tv\/2022\/#\/schema\/logo\/image\/"},"sameAs":["https:\/\/www.facebook.com\/noticieroscanalsiete","https:\/\/x.com\/NOTICIEROS7","https:\/\/www.instagram.com\/canal7_slp","https:\/\/www.youtube.com\/channel\/UCliiYs-gP3JfJeqdPrNdd5A"]},{"@type":"Person","@id":"https:\/\/canal7slp.tv\/2022\/#\/schema\/person\/429704152a21f5f856ce29aa69a238da","name":"Edici\u00f3n Web","image":{"@type":"ImageObject","inLanguage":"es","@id":"https:\/\/secure.gravatar.com\/avatar\/eee448fc3f7164808013b816ba91ac7e43bbe82a70bebac296f8bc6f0addaa1a?s=96&d=mm&r=g","url":"https:\/\/secure.gravatar.com\/avatar\/eee448fc3f7164808013b816ba91ac7e43bbe82a70bebac296f8bc6f0addaa1a?s=96&d=mm&r=g","contentUrl":"https:\/\/secure.gravatar.com\/avatar\/eee448fc3f7164808013b816ba91ac7e43bbe82a70bebac296f8bc6f0addaa1a?s=96&d=mm&r=g","caption":"Edici\u00f3n Web"},"url":"https:\/\/canal7slp.tv\/2022\/author\/edicionweb\/"}]}},"amp_enabled":true,"_links":{"self":[{"href":"https:\/\/canal7slp.tv\/2022\/wp-json\/wp\/v2\/posts\/57358","targetHints":{"allow":["GET"]}}],"collection":[{"href":"https:\/\/canal7slp.tv\/2022\/wp-json\/wp\/v2\/posts"}],"about":[{"href":"https:\/\/canal7slp.tv\/2022\/wp-json\/wp\/v2\/types\/post"}],"author":[{"embeddable":true,"href":"https:\/\/canal7slp.tv\/2022\/wp-json\/wp\/v2\/users\/2"}],"replies":[{"embeddable":true,"href":"https:\/\/canal7slp.tv\/2022\/wp-json\/wp\/v2\/comments?post=57358"}],"version-history":[{"count":2,"href":"https:\/\/canal7slp.tv\/2022\/wp-json\/wp\/v2\/posts\/57358\/revisions"}],"predecessor-version":[{"id":57394,"href":"https:\/\/canal7slp.tv\/2022\/wp-json\/wp\/v2\/posts\/57358\/revisions\/57394"}],"wp:featuredmedia":[{"embeddable":true,"href":"https:\/\/canal7slp.tv\/2022\/wp-json\/wp\/v2\/media\/57393"}],"wp:attachment":[{"href":"https:\/\/canal7slp.tv\/2022\/wp-json\/wp\/v2\/media?parent=57358"}],"wp:term":[{"taxonomy":"category","embeddable":true,"href":"https:\/\/canal7slp.tv\/2022\/wp-json\/wp\/v2\/categories?post=57358"},{"taxonomy":"post_tag","embeddable":true,"href":"https:\/\/canal7slp.tv\/2022\/wp-json\/wp\/v2\/tags?post=57358"}],"curies":[{"name":"wp","href":"https:\/\/api.w.org\/{rel}","templated":true}]}}