{"id":57297,"date":"2022-04-14T12:53:26","date_gmt":"2022-04-14T18:53:26","guid":{"rendered":"https:\/\/canal7slp.tv\/2022\/?p=57297"},"modified":"2022-04-14T12:53:26","modified_gmt":"2022-04-14T18:53:26","slug":"se-defiende-ivan-estrada-ante-ataques-de-jano-segovia","status":"publish","type":"post","link":"https:\/\/canal7slp.tv\/2022\/se-defiende-ivan-estrada-ante-ataques-de-jano-segovia\/","title":{"rendered":"Se defiende Iv\u00e1n Estrada ante ataques de Jano Segovia."},"content":{"rendered":"<p style=\"text-align: justify;\">Matehuala.- Luego de que en un programa radiof\u00f3nico el diputado federal, Alejandro Segovia Hern\u00e1ndez, tachara de borracho y marihuano al Presidente Municipal de Matehuala, Iv\u00e1n Estrada, el edil se defendi\u00f3.<\/p>\n<p style=\"text-align: justify;\">\u201cHay que agarrar las cosas de quien vienen, gracias a Dios tenemos una buena reputaci\u00f3n ante la sociedad, no por lo que diga una persona que de repente amanece bien o mal, una persona bipolar, yo creo que no tenemos qu\u00e9 hacer caso a eso, si nos conocieran de eso, no estar\u00edamos en la Presidencia\u201d, dijo.<\/p>\n<p style=\"text-align: justify;\">Tras las declaraciones del Gobernador del Estado, Ricardo Gallardo, al asegurar que le parec\u00eda del mal gusto que se pelearan ante los medios de comunicaci\u00f3n, Iv\u00e1n Estrada, coment\u00f3 al respecto, \u201cla verdad s\u00ed es algo inc\u00f3modo para la gente, yo creo que tenemos que dejar eso a un lado y ponernos a trabajar, yo sigo trabajando y lo hice porque ten\u00eda que decir algo de la verdad\u201d.<\/p>\n<p style=\"text-align: justify;\">Estrada se\u00f1al\u00f3 que la relaci\u00f3n con el Gobierno del Estado, no se desgasta por estas pol\u00e9micas, \u201chemos platicado con el Gobernador y nos dice que no es juez ni parte, si nos pide que nos pongamos a trabajar y no se desgasta porque hemos visto la buena voluntad para trabajar por Matehuala, el Altiplano y San Luis Potos\u00ed\u201d.<\/p>\n<p style=\"text-align: justify;\">Por: Jes\u00fas Valencia<\/p>\n","protected":false},"excerpt":{"rendered":"<p>Matehuala.- Luego de que en un programa radiof\u00f3nico el diputado federal, Alejandro Segovia Hern\u00e1ndez, tachara de borracho y marihuano al Presidente Municipal de Matehuala, Iv\u00e1n Estrada, el edil se defendi\u00f3. \u201cHay que agarrar las cosas de quien vienen, gracias a Dios tenemos una buena reputaci\u00f3n ante la sociedad, no por lo que diga una persona que de repente amanece bien o mal, una persona bipolar, yo creo que no tenemos qu\u00e9 hacer caso a eso, si nos conocieran de eso, no estar\u00edamos en la Presidencia\u201d, dijo. Tras las declaraciones del Gobernador del Estado, Ricardo Gallardo, al asegurar que le parec\u00eda [&hellip;]<\/p>\n","protected":false},"author":2,"featured_media":57299,"comment_status":"closed","ping_status":"closed","sticky":false,"template":"","format":"video","meta":{"footnotes":""},"categories":[5,43],"tags":[],"class_list":["post-57297","post","type-post","status-publish","format-video","has-post-thumbnail","hentry","category-destacadas","category-interior","post_format-post-format-video","post--single"],"yoast_head":"<!-- This site is optimized with the Yoast SEO plugin v27.4 - https:\/\/yoast.com\/product\/yoast-seo-wordpress\/ -->\n<title>Se defiende Iv\u00e1n Estrada ante ataques de Jano Segovia. - Canal 7 SLP - 2022<\/title>\n<meta name=\"robots\" content=\"index, follow, max-snippet:-1, max-image-preview:large, max-video-preview:-1\" \/>\n<link rel=\"canonical\" href=\"https:\/\/canal7slp.tv\/2022\/se-defiende-ivan-estrada-ante-ataques-de-jano-segovia\/\" \/>\n<meta property=\"og:locale\" content=\"es_ES\" \/>\n<meta property=\"og:type\" content=\"article\" \/>\n<meta property=\"og:title\" content=\"Se defiende Iv\u00e1n Estrada ante ataques de Jano Segovia. - Canal 7 SLP - 2022\" \/>\n<meta property=\"og:description\" content=\"Matehuala.- Luego de que en un programa radiof\u00f3nico el diputado federal, Alejandro Segovia Hern\u00e1ndez, tachara de borracho y marihuano al Presidente Municipal de Matehuala, Iv\u00e1n Estrada, el edil se defendi\u00f3. \u201cHay que agarrar las cosas de quien vienen, gracias a Dios tenemos una buena reputaci\u00f3n ante la sociedad, no por lo que diga una persona que de repente amanece bien o mal, una persona bipolar, yo creo que no tenemos qu\u00e9 hacer caso a eso, si nos conocieran de eso, no estar\u00edamos en la Presidencia\u201d, dijo. Tras las declaraciones del Gobernador del Estado, Ricardo Gallardo, al asegurar que le parec\u00eda [&hellip;]\" \/>\n<meta property=\"og:url\" content=\"https:\/\/canal7slp.tv\/2022\/se-defiende-ivan-estrada-ante-ataques-de-jano-segovia\/\" \/>\n<meta property=\"og:site_name\" content=\"Canal 7 SLP - 2022\" \/>\n<meta property=\"article:publisher\" content=\"https:\/\/www.facebook.com\/noticieroscanalsiete\" \/>\n<meta property=\"article:published_time\" content=\"2022-04-14T18:53:26+00:00\" \/>\n<meta property=\"og:image\" content=\"https:\/\/canal7slp.tv\/2022\/wp-content\/uploads\/2022\/04\/Valencia01-2.jpg\" \/>\n\t<meta property=\"og:image:width\" content=\"909\" \/>\n\t<meta property=\"og:image:height\" content=\"500\" \/>\n\t<meta property=\"og:image:type\" content=\"image\/jpeg\" \/>\n<meta name=\"author\" content=\"Edici\u00f3n Web\" \/>\n<meta name=\"twitter:card\" content=\"summary_large_image\" \/>\n<meta name=\"twitter:creator\" content=\"@NOTICIEROS7\" \/>\n<meta name=\"twitter:site\" content=\"@NOTICIEROS7\" \/>\n<meta name=\"twitter:label1\" content=\"Escrito por\" \/>\n\t<meta name=\"twitter:data1\" content=\"Edici\u00f3n Web\" \/>\n\t<meta name=\"twitter:label2\" content=\"Tiempo de lectura\" \/>\n\t<meta name=\"twitter:data2\" content=\"1 minuto\" \/>\n<script type=\"application\/ld+json\" class=\"yoast-schema-graph\">{\"@context\":\"https:\\\/\\\/schema.org\",\"@graph\":[{\"@type\":\"Article\",\"@id\":\"https:\\\/\\\/canal7slp.tv\\\/2022\\\/se-defiende-ivan-estrada-ante-ataques-de-jano-segovia\\\/#article\",\"isPartOf\":{\"@id\":\"https:\\\/\\\/canal7slp.tv\\\/2022\\\/se-defiende-ivan-estrada-ante-ataques-de-jano-segovia\\\/\"},\"author\":{\"name\":\"Edici\u00f3n Web\",\"@id\":\"https:\\\/\\\/canal7slp.tv\\\/2022\\\/#\\\/schema\\\/person\\\/429704152a21f5f856ce29aa69a238da\"},\"headline\":\"Se defiende Iv\u00e1n Estrada ante ataques de Jano Segovia.\",\"datePublished\":\"2022-04-14T18:53:26+00:00\",\"mainEntityOfPage\":{\"@id\":\"https:\\\/\\\/canal7slp.tv\\\/2022\\\/se-defiende-ivan-estrada-ante-ataques-de-jano-segovia\\\/\"},\"wordCount\":239,\"publisher\":{\"@id\":\"https:\\\/\\\/canal7slp.tv\\\/2022\\\/#organization\"},\"image\":{\"@id\":\"https:\\\/\\\/canal7slp.tv\\\/2022\\\/se-defiende-ivan-estrada-ante-ataques-de-jano-segovia\\\/#primaryimage\"},\"thumbnailUrl\":\"https:\\\/\\\/canal7slp.tv\\\/2022\\\/wp-content\\\/uploads\\\/2022\\\/04\\\/Valencia01-2.jpg\",\"articleSection\":[\"DESTACADAS\",\"INTERIOR DEL ESTADO\"],\"inLanguage\":\"es\"},{\"@type\":\"WebPage\",\"@id\":\"https:\\\/\\\/canal7slp.tv\\\/2022\\\/se-defiende-ivan-estrada-ante-ataques-de-jano-segovia\\\/\",\"url\":\"https:\\\/\\\/canal7slp.tv\\\/2022\\\/se-defiende-ivan-estrada-ante-ataques-de-jano-segovia\\\/\",\"name\":\"Se defiende Iv\u00e1n Estrada ante ataques de Jano Segovia. - Canal 7 SLP - 2022\",\"isPartOf\":{\"@id\":\"https:\\\/\\\/canal7slp.tv\\\/2022\\\/#website\"},\"primaryImageOfPage\":{\"@id\":\"https:\\\/\\\/canal7slp.tv\\\/2022\\\/se-defiende-ivan-estrada-ante-ataques-de-jano-segovia\\\/#primaryimage\"},\"image\":{\"@id\":\"https:\\\/\\\/canal7slp.tv\\\/2022\\\/se-defiende-ivan-estrada-ante-ataques-de-jano-segovia\\\/#primaryimage\"},\"thumbnailUrl\":\"https:\\\/\\\/canal7slp.tv\\\/2022\\\/wp-content\\\/uploads\\\/2022\\\/04\\\/Valencia01-2.jpg\",\"datePublished\":\"2022-04-14T18:53:26+00:00\",\"breadcrumb\":{\"@id\":\"https:\\\/\\\/canal7slp.tv\\\/2022\\\/se-defiende-ivan-estrada-ante-ataques-de-jano-segovia\\\/#breadcrumb\"},\"inLanguage\":\"es\",\"potentialAction\":[{\"@type\":\"ReadAction\",\"target\":[\"https:\\\/\\\/canal7slp.tv\\\/2022\\\/se-defiende-ivan-estrada-ante-ataques-de-jano-segovia\\\/\"]}]},{\"@type\":\"ImageObject\",\"inLanguage\":\"es\",\"@id\":\"https:\\\/\\\/canal7slp.tv\\\/2022\\\/se-defiende-ivan-estrada-ante-ataques-de-jano-segovia\\\/#primaryimage\",\"url\":\"https:\\\/\\\/canal7slp.tv\\\/2022\\\/wp-content\\\/uploads\\\/2022\\\/04\\\/Valencia01-2.jpg\",\"contentUrl\":\"https:\\\/\\\/canal7slp.tv\\\/2022\\\/wp-content\\\/uploads\\\/2022\\\/04\\\/Valencia01-2.jpg\",\"width\":909,\"height\":500},{\"@type\":\"BreadcrumbList\",\"@id\":\"https:\\\/\\\/canal7slp.tv\\\/2022\\\/se-defiende-ivan-estrada-ante-ataques-de-jano-segovia\\\/#breadcrumb\",\"itemListElement\":[{\"@type\":\"ListItem\",\"position\":1,\"name\":\"Portada\",\"item\":\"https:\\\/\\\/canal7slp.tv\\\/2022\\\/\"},{\"@type\":\"ListItem\",\"position\":2,\"name\":\"Se defiende Iv\u00e1n Estrada ante ataques de Jano Segovia.\"}]},{\"@type\":\"WebSite\",\"@id\":\"https:\\\/\\\/canal7slp.tv\\\/2022\\\/#website\",\"url\":\"https:\\\/\\\/canal7slp.tv\\\/2022\\\/\",\"name\":\"N7 - Noticieros Canal 7\",\"description\":\"Somos Televisi\u00f3n\",\"publisher\":{\"@id\":\"https:\\\/\\\/canal7slp.tv\\\/2022\\\/#organization\"},\"potentialAction\":[{\"@type\":\"SearchAction\",\"target\":{\"@type\":\"EntryPoint\",\"urlTemplate\":\"https:\\\/\\\/canal7slp.tv\\\/2022\\\/?s={search_term_string}\"},\"query-input\":{\"@type\":\"PropertyValueSpecification\",\"valueRequired\":true,\"valueName\":\"search_term_string\"}}],\"inLanguage\":\"es\"},{\"@type\":\"Organization\",\"@id\":\"https:\\\/\\\/canal7slp.tv\\\/2022\\\/#organization\",\"name\":\"Noticieros Canal 7\",\"url\":\"https:\\\/\\\/canal7slp.tv\\\/2022\\\/\",\"logo\":{\"@type\":\"ImageObject\",\"inLanguage\":\"es\",\"@id\":\"https:\\\/\\\/canal7slp.tv\\\/2022\\\/#\\\/schema\\\/logo\\\/image\\\/\",\"url\":\"https:\\\/\\\/canal7slp.tv\\\/2022\\\/wp-content\\\/uploads\\\/2021\\\/01\\\/logo-noticieros@2x.png\",\"contentUrl\":\"https:\\\/\\\/canal7slp.tv\\\/2022\\\/wp-content\\\/uploads\\\/2021\\\/01\\\/logo-noticieros@2x.png\",\"width\":1017,\"height\":268,\"caption\":\"Noticieros Canal 7\"},\"image\":{\"@id\":\"https:\\\/\\\/canal7slp.tv\\\/2022\\\/#\\\/schema\\\/logo\\\/image\\\/\"},\"sameAs\":[\"https:\\\/\\\/www.facebook.com\\\/noticieroscanalsiete\",\"https:\\\/\\\/x.com\\\/NOTICIEROS7\",\"https:\\\/\\\/www.instagram.com\\\/canal7_slp\",\"https:\\\/\\\/www.youtube.com\\\/channel\\\/UCliiYs-gP3JfJeqdPrNdd5A\"]},{\"@type\":\"Person\",\"@id\":\"https:\\\/\\\/canal7slp.tv\\\/2022\\\/#\\\/schema\\\/person\\\/429704152a21f5f856ce29aa69a238da\",\"name\":\"Edici\u00f3n Web\",\"image\":{\"@type\":\"ImageObject\",\"inLanguage\":\"es\",\"@id\":\"https:\\\/\\\/secure.gravatar.com\\\/avatar\\\/eee448fc3f7164808013b816ba91ac7e43bbe82a70bebac296f8bc6f0addaa1a?s=96&d=mm&r=g\",\"url\":\"https:\\\/\\\/secure.gravatar.com\\\/avatar\\\/eee448fc3f7164808013b816ba91ac7e43bbe82a70bebac296f8bc6f0addaa1a?s=96&d=mm&r=g\",\"contentUrl\":\"https:\\\/\\\/secure.gravatar.com\\\/avatar\\\/eee448fc3f7164808013b816ba91ac7e43bbe82a70bebac296f8bc6f0addaa1a?s=96&d=mm&r=g\",\"caption\":\"Edici\u00f3n Web\"},\"url\":\"https:\\\/\\\/canal7slp.tv\\\/2022\\\/author\\\/edicionweb\\\/\"}]}<\/script>\n<!-- \/ Yoast SEO plugin. -->","yoast_head_json":{"title":"Se defiende Iv\u00e1n Estrada ante ataques de Jano Segovia. - Canal 7 SLP - 2022","robots":{"index":"index","follow":"follow","max-snippet":"max-snippet:-1","max-image-preview":"max-image-preview:large","max-video-preview":"max-video-preview:-1"},"canonical":"https:\/\/canal7slp.tv\/2022\/se-defiende-ivan-estrada-ante-ataques-de-jano-segovia\/","og_locale":"es_ES","og_type":"article","og_title":"Se defiende Iv\u00e1n Estrada ante ataques de Jano Segovia. - Canal 7 SLP - 2022","og_description":"Matehuala.- Luego de que en un programa radiof\u00f3nico el diputado federal, Alejandro Segovia Hern\u00e1ndez, tachara de borracho y marihuano al Presidente Municipal de Matehuala, Iv\u00e1n Estrada, el edil se defendi\u00f3. \u201cHay que agarrar las cosas de quien vienen, gracias a Dios tenemos una buena reputaci\u00f3n ante la sociedad, no por lo que diga una persona que de repente amanece bien o mal, una persona bipolar, yo creo que no tenemos qu\u00e9 hacer caso a eso, si nos conocieran de eso, no estar\u00edamos en la Presidencia\u201d, dijo. Tras las declaraciones del Gobernador del Estado, Ricardo Gallardo, al asegurar que le parec\u00eda [&hellip;]","og_url":"https:\/\/canal7slp.tv\/2022\/se-defiende-ivan-estrada-ante-ataques-de-jano-segovia\/","og_site_name":"Canal 7 SLP - 2022","article_publisher":"https:\/\/www.facebook.com\/noticieroscanalsiete","article_published_time":"2022-04-14T18:53:26+00:00","og_image":[{"width":909,"height":500,"url":"https:\/\/canal7slp.tv\/2022\/wp-content\/uploads\/2022\/04\/Valencia01-2.jpg","type":"image\/jpeg"}],"author":"Edici\u00f3n Web","twitter_card":"summary_large_image","twitter_creator":"@NOTICIEROS7","twitter_site":"@NOTICIEROS7","twitter_misc":{"Escrito por":"Edici\u00f3n Web","Tiempo de lectura":"1 minuto"},"schema":{"@context":"https:\/\/schema.org","@graph":[{"@type":"Article","@id":"https:\/\/canal7slp.tv\/2022\/se-defiende-ivan-estrada-ante-ataques-de-jano-segovia\/#article","isPartOf":{"@id":"https:\/\/canal7slp.tv\/2022\/se-defiende-ivan-estrada-ante-ataques-de-jano-segovia\/"},"author":{"name":"Edici\u00f3n Web","@id":"https:\/\/canal7slp.tv\/2022\/#\/schema\/person\/429704152a21f5f856ce29aa69a238da"},"headline":"Se defiende Iv\u00e1n Estrada ante ataques de Jano Segovia.","datePublished":"2022-04-14T18:53:26+00:00","mainEntityOfPage":{"@id":"https:\/\/canal7slp.tv\/2022\/se-defiende-ivan-estrada-ante-ataques-de-jano-segovia\/"},"wordCount":239,"publisher":{"@id":"https:\/\/canal7slp.tv\/2022\/#organization"},"image":{"@id":"https:\/\/canal7slp.tv\/2022\/se-defiende-ivan-estrada-ante-ataques-de-jano-segovia\/#primaryimage"},"thumbnailUrl":"https:\/\/canal7slp.tv\/2022\/wp-content\/uploads\/2022\/04\/Valencia01-2.jpg","articleSection":["DESTACADAS","INTERIOR DEL ESTADO"],"inLanguage":"es"},{"@type":"WebPage","@id":"https:\/\/canal7slp.tv\/2022\/se-defiende-ivan-estrada-ante-ataques-de-jano-segovia\/","url":"https:\/\/canal7slp.tv\/2022\/se-defiende-ivan-estrada-ante-ataques-de-jano-segovia\/","name":"Se defiende Iv\u00e1n Estrada ante ataques de Jano Segovia. - Canal 7 SLP - 2022","isPartOf":{"@id":"https:\/\/canal7slp.tv\/2022\/#website"},"primaryImageOfPage":{"@id":"https:\/\/canal7slp.tv\/2022\/se-defiende-ivan-estrada-ante-ataques-de-jano-segovia\/#primaryimage"},"image":{"@id":"https:\/\/canal7slp.tv\/2022\/se-defiende-ivan-estrada-ante-ataques-de-jano-segovia\/#primaryimage"},"thumbnailUrl":"https:\/\/canal7slp.tv\/2022\/wp-content\/uploads\/2022\/04\/Valencia01-2.jpg","datePublished":"2022-04-14T18:53:26+00:00","breadcrumb":{"@id":"https:\/\/canal7slp.tv\/2022\/se-defiende-ivan-estrada-ante-ataques-de-jano-segovia\/#breadcrumb"},"inLanguage":"es","potentialAction":[{"@type":"ReadAction","target":["https:\/\/canal7slp.tv\/2022\/se-defiende-ivan-estrada-ante-ataques-de-jano-segovia\/"]}]},{"@type":"ImageObject","inLanguage":"es","@id":"https:\/\/canal7slp.tv\/2022\/se-defiende-ivan-estrada-ante-ataques-de-jano-segovia\/#primaryimage","url":"https:\/\/canal7slp.tv\/2022\/wp-content\/uploads\/2022\/04\/Valencia01-2.jpg","contentUrl":"https:\/\/canal7slp.tv\/2022\/wp-content\/uploads\/2022\/04\/Valencia01-2.jpg","width":909,"height":500},{"@type":"BreadcrumbList","@id":"https:\/\/canal7slp.tv\/2022\/se-defiende-ivan-estrada-ante-ataques-de-jano-segovia\/#breadcrumb","itemListElement":[{"@type":"ListItem","position":1,"name":"Portada","item":"https:\/\/canal7slp.tv\/2022\/"},{"@type":"ListItem","position":2,"name":"Se defiende Iv\u00e1n Estrada ante ataques de Jano Segovia."}]},{"@type":"WebSite","@id":"https:\/\/canal7slp.tv\/2022\/#website","url":"https:\/\/canal7slp.tv\/2022\/","name":"N7 - Noticieros Canal 7","description":"Somos Televisi\u00f3n","publisher":{"@id":"https:\/\/canal7slp.tv\/2022\/#organization"},"potentialAction":[{"@type":"SearchAction","target":{"@type":"EntryPoint","urlTemplate":"https:\/\/canal7slp.tv\/2022\/?s={search_term_string}"},"query-input":{"@type":"PropertyValueSpecification","valueRequired":true,"valueName":"search_term_string"}}],"inLanguage":"es"},{"@type":"Organization","@id":"https:\/\/canal7slp.tv\/2022\/#organization","name":"Noticieros Canal 7","url":"https:\/\/canal7slp.tv\/2022\/","logo":{"@type":"ImageObject","inLanguage":"es","@id":"https:\/\/canal7slp.tv\/2022\/#\/schema\/logo\/image\/","url":"https:\/\/canal7slp.tv\/2022\/wp-content\/uploads\/2021\/01\/logo-noticieros@2x.png","contentUrl":"https:\/\/canal7slp.tv\/2022\/wp-content\/uploads\/2021\/01\/logo-noticieros@2x.png","width":1017,"height":268,"caption":"Noticieros Canal 7"},"image":{"@id":"https:\/\/canal7slp.tv\/2022\/#\/schema\/logo\/image\/"},"sameAs":["https:\/\/www.facebook.com\/noticieroscanalsiete","https:\/\/x.com\/NOTICIEROS7","https:\/\/www.instagram.com\/canal7_slp","https:\/\/www.youtube.com\/channel\/UCliiYs-gP3JfJeqdPrNdd5A"]},{"@type":"Person","@id":"https:\/\/canal7slp.tv\/2022\/#\/schema\/person\/429704152a21f5f856ce29aa69a238da","name":"Edici\u00f3n Web","image":{"@type":"ImageObject","inLanguage":"es","@id":"https:\/\/secure.gravatar.com\/avatar\/eee448fc3f7164808013b816ba91ac7e43bbe82a70bebac296f8bc6f0addaa1a?s=96&d=mm&r=g","url":"https:\/\/secure.gravatar.com\/avatar\/eee448fc3f7164808013b816ba91ac7e43bbe82a70bebac296f8bc6f0addaa1a?s=96&d=mm&r=g","contentUrl":"https:\/\/secure.gravatar.com\/avatar\/eee448fc3f7164808013b816ba91ac7e43bbe82a70bebac296f8bc6f0addaa1a?s=96&d=mm&r=g","caption":"Edici\u00f3n Web"},"url":"https:\/\/canal7slp.tv\/2022\/author\/edicionweb\/"}]}},"amp_enabled":true,"_links":{"self":[{"href":"https:\/\/canal7slp.tv\/2022\/wp-json\/wp\/v2\/posts\/57297","targetHints":{"allow":["GET"]}}],"collection":[{"href":"https:\/\/canal7slp.tv\/2022\/wp-json\/wp\/v2\/posts"}],"about":[{"href":"https:\/\/canal7slp.tv\/2022\/wp-json\/wp\/v2\/types\/post"}],"author":[{"embeddable":true,"href":"https:\/\/canal7slp.tv\/2022\/wp-json\/wp\/v2\/users\/2"}],"replies":[{"embeddable":true,"href":"https:\/\/canal7slp.tv\/2022\/wp-json\/wp\/v2\/comments?post=57297"}],"version-history":[{"count":1,"href":"https:\/\/canal7slp.tv\/2022\/wp-json\/wp\/v2\/posts\/57297\/revisions"}],"predecessor-version":[{"id":57300,"href":"https:\/\/canal7slp.tv\/2022\/wp-json\/wp\/v2\/posts\/57297\/revisions\/57300"}],"wp:featuredmedia":[{"embeddable":true,"href":"https:\/\/canal7slp.tv\/2022\/wp-json\/wp\/v2\/media\/57299"}],"wp:attachment":[{"href":"https:\/\/canal7slp.tv\/2022\/wp-json\/wp\/v2\/media?parent=57297"}],"wp:term":[{"taxonomy":"category","embeddable":true,"href":"https:\/\/canal7slp.tv\/2022\/wp-json\/wp\/v2\/categories?post=57297"},{"taxonomy":"post_tag","embeddable":true,"href":"https:\/\/canal7slp.tv\/2022\/wp-json\/wp\/v2\/tags?post=57297"}],"curies":[{"name":"wp","href":"https:\/\/api.w.org\/{rel}","templated":true}]}}