{"id":57283,"date":"2022-04-14T09:27:54","date_gmt":"2022-04-14T15:27:54","guid":{"rendered":"https:\/\/canal7slp.tv\/2022\/?p=57283"},"modified":"2022-04-14T09:27:54","modified_gmt":"2022-04-14T15:27:54","slug":"exsecretaria-de-salud-fue-vinculada-a-proceso","status":"publish","type":"post","link":"https:\/\/canal7slp.tv\/2022\/exsecretaria-de-salud-fue-vinculada-a-proceso\/","title":{"rendered":"Exsecretaria de Salud fue vinculada a proceso."},"content":{"rendered":"<ul>\n<li>Se le dict\u00f3 prisi\u00f3n preventiva oficiosa.<\/li>\n<\/ul>\n<p style=\"text-align: justify;\">SLP.- La Fiscal\u00eda General del Estado de San Luis Potos\u00ed confirm\u00f3 que la ex titular de los Servicios de Salud durante la gesti\u00f3n de Juan Manuel Carreras L\u00f3pez, ya fue vinculada a proceso e incluso se le dict\u00f3 prisi\u00f3n preventiva tras realizarse la audiencia inicial de su caso.<\/p>\n<p style=\"text-align: justify;\">M\u00f3nica Liliana Rangel Martinez, tambi\u00e9n ex candidata a la gubernatura por Morena, fue detenida por elementos de la Fiscal\u00eda General del Estado, junto con otras tres personas, por presuntos delitos como uso abusivo de la funci\u00f3n p\u00fablica, asociaci\u00f3n delictuosa y fraude por 22 millones de pesos.<\/p>\n<p style=\"text-align: justify;\">De acuerdo con informaci\u00f3n que circula en redes sociales, la ex funcionaria habr\u00eda acudido a la audiencia con una sonda quir\u00fargica por una cirug\u00eda ambulatoria que se practic\u00f3 durante el pasado fin de semana.<\/p>\n<p style=\"text-align: justify;\">Desde la propia Fiscal\u00eda se confirm\u00f3 que efectivamente la presunta se realiz\u00f3 una intervenci\u00f3n quir\u00fargica, se trata de una mastograf\u00eda de la mama izquierda debido a un c\u00e1ncer severo.<\/p>\n<p style=\"text-align: justify;\">Por esta situaci\u00f3n, la defensa solicit\u00f3 que la medida cautelar de prisi\u00f3n preventiva fuera modificada a prisi\u00f3n domiciliaria, sin embargo, el juez que lleva el caso neg\u00f3 la petici\u00f3n pues no se presentaron pruebas contundentes que demostraran la gravedad de su estado de salud.<\/p>\n<p style=\"text-align: justify;\">Rangel Martinez recibir\u00e1 atenci\u00f3n m\u00e9dica del Estado para monitorear su estatus de salud constantemente; desde la Fiscal\u00eda se inform\u00f3 que actualmente se encuentra \u00abbien y vigilada m\u00e9dicamente\u00bb.<\/p>\n<p style=\"text-align: justify;\">Cabe recordar que durante una rueda de prensa, el fiscal, Jos\u00e9 Luis Ru\u00edz Contreras, declar\u00f3 que la doctora podr\u00eda permanecer en prisi\u00f3n por hasta un periodo de 27 a\u00f1os por los delitos cometidos.<\/p>\n","protected":false},"excerpt":{"rendered":"<p>Se le dict\u00f3 prisi\u00f3n preventiva oficiosa. SLP.- La Fiscal\u00eda General del Estado de San Luis Potos\u00ed confirm\u00f3 que la ex titular de los Servicios de Salud durante la gesti\u00f3n de Juan Manuel Carreras L\u00f3pez, ya fue vinculada a proceso e incluso se le dict\u00f3 prisi\u00f3n preventiva tras realizarse la audiencia inicial de su caso. M\u00f3nica Liliana Rangel Martinez, tambi\u00e9n ex candidata a la gubernatura por Morena, fue detenida por elementos de la Fiscal\u00eda General del Estado, junto con otras tres personas, por presuntos delitos como uso abusivo de la funci\u00f3n p\u00fablica, asociaci\u00f3n delictuosa y fraude por 22 millones de pesos. [&hellip;]<\/p>\n","protected":false},"author":2,"featured_media":57284,"comment_status":"closed","ping_status":"closed","sticky":false,"template":"","format":"standard","meta":{"footnotes":""},"categories":[45],"tags":[],"class_list":["post-57283","post","type-post","status-publish","format-standard","has-post-thumbnail","hentry","category-localesyregionales","post--single"],"yoast_head":"<!-- This site is optimized with the Yoast SEO plugin v27.4 - https:\/\/yoast.com\/product\/yoast-seo-wordpress\/ -->\n<title>Exsecretaria de Salud fue vinculada a proceso. - Canal 7 SLP - 2022<\/title>\n<meta name=\"robots\" content=\"index, follow, max-snippet:-1, max-image-preview:large, max-video-preview:-1\" \/>\n<link rel=\"canonical\" href=\"https:\/\/canal7slp.tv\/2022\/exsecretaria-de-salud-fue-vinculada-a-proceso\/\" \/>\n<meta property=\"og:locale\" content=\"es_ES\" \/>\n<meta property=\"og:type\" content=\"article\" \/>\n<meta property=\"og:title\" content=\"Exsecretaria de Salud fue vinculada a proceso. - Canal 7 SLP - 2022\" \/>\n<meta property=\"og:description\" content=\"Se le dict\u00f3 prisi\u00f3n preventiva oficiosa. SLP.- La Fiscal\u00eda General del Estado de San Luis Potos\u00ed confirm\u00f3 que la ex titular de los Servicios de Salud durante la gesti\u00f3n de Juan Manuel Carreras L\u00f3pez, ya fue vinculada a proceso e incluso se le dict\u00f3 prisi\u00f3n preventiva tras realizarse la audiencia inicial de su caso. M\u00f3nica Liliana Rangel Martinez, tambi\u00e9n ex candidata a la gubernatura por Morena, fue detenida por elementos de la Fiscal\u00eda General del Estado, junto con otras tres personas, por presuntos delitos como uso abusivo de la funci\u00f3n p\u00fablica, asociaci\u00f3n delictuosa y fraude por 22 millones de pesos. [&hellip;]\" \/>\n<meta property=\"og:url\" content=\"https:\/\/canal7slp.tv\/2022\/exsecretaria-de-salud-fue-vinculada-a-proceso\/\" \/>\n<meta property=\"og:site_name\" content=\"Canal 7 SLP - 2022\" \/>\n<meta property=\"article:publisher\" content=\"https:\/\/www.facebook.com\/noticieroscanalsiete\" \/>\n<meta property=\"article:published_time\" content=\"2022-04-14T15:27:54+00:00\" \/>\n<meta property=\"og:image\" content=\"https:\/\/canal7slp.tv\/2022\/wp-content\/uploads\/2022\/04\/Monica-1.jpeg\" \/>\n\t<meta property=\"og:image:width\" content=\"735\" \/>\n\t<meta property=\"og:image:height\" content=\"490\" \/>\n\t<meta property=\"og:image:type\" content=\"image\/jpeg\" \/>\n<meta name=\"author\" content=\"Edici\u00f3n Web\" \/>\n<meta name=\"twitter:card\" content=\"summary_large_image\" \/>\n<meta name=\"twitter:creator\" content=\"@NOTICIEROS7\" \/>\n<meta name=\"twitter:site\" content=\"@NOTICIEROS7\" \/>\n<meta name=\"twitter:label1\" content=\"Escrito por\" \/>\n\t<meta name=\"twitter:data1\" content=\"Edici\u00f3n Web\" \/>\n\t<meta name=\"twitter:label2\" content=\"Tiempo de lectura\" \/>\n\t<meta name=\"twitter:data2\" content=\"2 minutos\" \/>\n<script type=\"application\/ld+json\" class=\"yoast-schema-graph\">{\"@context\":\"https:\\\/\\\/schema.org\",\"@graph\":[{\"@type\":\"Article\",\"@id\":\"https:\\\/\\\/canal7slp.tv\\\/2022\\\/exsecretaria-de-salud-fue-vinculada-a-proceso\\\/#article\",\"isPartOf\":{\"@id\":\"https:\\\/\\\/canal7slp.tv\\\/2022\\\/exsecretaria-de-salud-fue-vinculada-a-proceso\\\/\"},\"author\":{\"name\":\"Edici\u00f3n Web\",\"@id\":\"https:\\\/\\\/canal7slp.tv\\\/2022\\\/#\\\/schema\\\/person\\\/429704152a21f5f856ce29aa69a238da\"},\"headline\":\"Exsecretaria de Salud fue vinculada a proceso.\",\"datePublished\":\"2022-04-14T15:27:54+00:00\",\"mainEntityOfPage\":{\"@id\":\"https:\\\/\\\/canal7slp.tv\\\/2022\\\/exsecretaria-de-salud-fue-vinculada-a-proceso\\\/\"},\"wordCount\":305,\"publisher\":{\"@id\":\"https:\\\/\\\/canal7slp.tv\\\/2022\\\/#organization\"},\"image\":{\"@id\":\"https:\\\/\\\/canal7slp.tv\\\/2022\\\/exsecretaria-de-salud-fue-vinculada-a-proceso\\\/#primaryimage\"},\"thumbnailUrl\":\"https:\\\/\\\/canal7slp.tv\\\/2022\\\/wp-content\\\/uploads\\\/2022\\\/04\\\/Monica-1.jpeg\",\"articleSection\":[\"LOCALES Y REGIONALES\"],\"inLanguage\":\"es\"},{\"@type\":\"WebPage\",\"@id\":\"https:\\\/\\\/canal7slp.tv\\\/2022\\\/exsecretaria-de-salud-fue-vinculada-a-proceso\\\/\",\"url\":\"https:\\\/\\\/canal7slp.tv\\\/2022\\\/exsecretaria-de-salud-fue-vinculada-a-proceso\\\/\",\"name\":\"Exsecretaria de Salud fue vinculada a proceso. - Canal 7 SLP - 2022\",\"isPartOf\":{\"@id\":\"https:\\\/\\\/canal7slp.tv\\\/2022\\\/#website\"},\"primaryImageOfPage\":{\"@id\":\"https:\\\/\\\/canal7slp.tv\\\/2022\\\/exsecretaria-de-salud-fue-vinculada-a-proceso\\\/#primaryimage\"},\"image\":{\"@id\":\"https:\\\/\\\/canal7slp.tv\\\/2022\\\/exsecretaria-de-salud-fue-vinculada-a-proceso\\\/#primaryimage\"},\"thumbnailUrl\":\"https:\\\/\\\/canal7slp.tv\\\/2022\\\/wp-content\\\/uploads\\\/2022\\\/04\\\/Monica-1.jpeg\",\"datePublished\":\"2022-04-14T15:27:54+00:00\",\"breadcrumb\":{\"@id\":\"https:\\\/\\\/canal7slp.tv\\\/2022\\\/exsecretaria-de-salud-fue-vinculada-a-proceso\\\/#breadcrumb\"},\"inLanguage\":\"es\",\"potentialAction\":[{\"@type\":\"ReadAction\",\"target\":[\"https:\\\/\\\/canal7slp.tv\\\/2022\\\/exsecretaria-de-salud-fue-vinculada-a-proceso\\\/\"]}]},{\"@type\":\"ImageObject\",\"inLanguage\":\"es\",\"@id\":\"https:\\\/\\\/canal7slp.tv\\\/2022\\\/exsecretaria-de-salud-fue-vinculada-a-proceso\\\/#primaryimage\",\"url\":\"https:\\\/\\\/canal7slp.tv\\\/2022\\\/wp-content\\\/uploads\\\/2022\\\/04\\\/Monica-1.jpeg\",\"contentUrl\":\"https:\\\/\\\/canal7slp.tv\\\/2022\\\/wp-content\\\/uploads\\\/2022\\\/04\\\/Monica-1.jpeg\",\"width\":735,\"height\":490},{\"@type\":\"BreadcrumbList\",\"@id\":\"https:\\\/\\\/canal7slp.tv\\\/2022\\\/exsecretaria-de-salud-fue-vinculada-a-proceso\\\/#breadcrumb\",\"itemListElement\":[{\"@type\":\"ListItem\",\"position\":1,\"name\":\"Portada\",\"item\":\"https:\\\/\\\/canal7slp.tv\\\/2022\\\/\"},{\"@type\":\"ListItem\",\"position\":2,\"name\":\"Exsecretaria de Salud fue vinculada a proceso.\"}]},{\"@type\":\"WebSite\",\"@id\":\"https:\\\/\\\/canal7slp.tv\\\/2022\\\/#website\",\"url\":\"https:\\\/\\\/canal7slp.tv\\\/2022\\\/\",\"name\":\"N7 - Noticieros Canal 7\",\"description\":\"Somos Televisi\u00f3n\",\"publisher\":{\"@id\":\"https:\\\/\\\/canal7slp.tv\\\/2022\\\/#organization\"},\"potentialAction\":[{\"@type\":\"SearchAction\",\"target\":{\"@type\":\"EntryPoint\",\"urlTemplate\":\"https:\\\/\\\/canal7slp.tv\\\/2022\\\/?s={search_term_string}\"},\"query-input\":{\"@type\":\"PropertyValueSpecification\",\"valueRequired\":true,\"valueName\":\"search_term_string\"}}],\"inLanguage\":\"es\"},{\"@type\":\"Organization\",\"@id\":\"https:\\\/\\\/canal7slp.tv\\\/2022\\\/#organization\",\"name\":\"Noticieros Canal 7\",\"url\":\"https:\\\/\\\/canal7slp.tv\\\/2022\\\/\",\"logo\":{\"@type\":\"ImageObject\",\"inLanguage\":\"es\",\"@id\":\"https:\\\/\\\/canal7slp.tv\\\/2022\\\/#\\\/schema\\\/logo\\\/image\\\/\",\"url\":\"https:\\\/\\\/canal7slp.tv\\\/2022\\\/wp-content\\\/uploads\\\/2021\\\/01\\\/logo-noticieros@2x.png\",\"contentUrl\":\"https:\\\/\\\/canal7slp.tv\\\/2022\\\/wp-content\\\/uploads\\\/2021\\\/01\\\/logo-noticieros@2x.png\",\"width\":1017,\"height\":268,\"caption\":\"Noticieros Canal 7\"},\"image\":{\"@id\":\"https:\\\/\\\/canal7slp.tv\\\/2022\\\/#\\\/schema\\\/logo\\\/image\\\/\"},\"sameAs\":[\"https:\\\/\\\/www.facebook.com\\\/noticieroscanalsiete\",\"https:\\\/\\\/x.com\\\/NOTICIEROS7\",\"https:\\\/\\\/www.instagram.com\\\/canal7_slp\",\"https:\\\/\\\/www.youtube.com\\\/channel\\\/UCliiYs-gP3JfJeqdPrNdd5A\"]},{\"@type\":\"Person\",\"@id\":\"https:\\\/\\\/canal7slp.tv\\\/2022\\\/#\\\/schema\\\/person\\\/429704152a21f5f856ce29aa69a238da\",\"name\":\"Edici\u00f3n Web\",\"image\":{\"@type\":\"ImageObject\",\"inLanguage\":\"es\",\"@id\":\"https:\\\/\\\/secure.gravatar.com\\\/avatar\\\/eee448fc3f7164808013b816ba91ac7e43bbe82a70bebac296f8bc6f0addaa1a?s=96&d=mm&r=g\",\"url\":\"https:\\\/\\\/secure.gravatar.com\\\/avatar\\\/eee448fc3f7164808013b816ba91ac7e43bbe82a70bebac296f8bc6f0addaa1a?s=96&d=mm&r=g\",\"contentUrl\":\"https:\\\/\\\/secure.gravatar.com\\\/avatar\\\/eee448fc3f7164808013b816ba91ac7e43bbe82a70bebac296f8bc6f0addaa1a?s=96&d=mm&r=g\",\"caption\":\"Edici\u00f3n Web\"},\"url\":\"https:\\\/\\\/canal7slp.tv\\\/2022\\\/author\\\/edicionweb\\\/\"}]}<\/script>\n<!-- \/ Yoast SEO plugin. -->","yoast_head_json":{"title":"Exsecretaria de Salud fue vinculada a proceso. - Canal 7 SLP - 2022","robots":{"index":"index","follow":"follow","max-snippet":"max-snippet:-1","max-image-preview":"max-image-preview:large","max-video-preview":"max-video-preview:-1"},"canonical":"https:\/\/canal7slp.tv\/2022\/exsecretaria-de-salud-fue-vinculada-a-proceso\/","og_locale":"es_ES","og_type":"article","og_title":"Exsecretaria de Salud fue vinculada a proceso. - Canal 7 SLP - 2022","og_description":"Se le dict\u00f3 prisi\u00f3n preventiva oficiosa. SLP.- La Fiscal\u00eda General del Estado de San Luis Potos\u00ed confirm\u00f3 que la ex titular de los Servicios de Salud durante la gesti\u00f3n de Juan Manuel Carreras L\u00f3pez, ya fue vinculada a proceso e incluso se le dict\u00f3 prisi\u00f3n preventiva tras realizarse la audiencia inicial de su caso. M\u00f3nica Liliana Rangel Martinez, tambi\u00e9n ex candidata a la gubernatura por Morena, fue detenida por elementos de la Fiscal\u00eda General del Estado, junto con otras tres personas, por presuntos delitos como uso abusivo de la funci\u00f3n p\u00fablica, asociaci\u00f3n delictuosa y fraude por 22 millones de pesos. [&hellip;]","og_url":"https:\/\/canal7slp.tv\/2022\/exsecretaria-de-salud-fue-vinculada-a-proceso\/","og_site_name":"Canal 7 SLP - 2022","article_publisher":"https:\/\/www.facebook.com\/noticieroscanalsiete","article_published_time":"2022-04-14T15:27:54+00:00","og_image":[{"width":735,"height":490,"url":"https:\/\/canal7slp.tv\/2022\/wp-content\/uploads\/2022\/04\/Monica-1.jpeg","type":"image\/jpeg"}],"author":"Edici\u00f3n Web","twitter_card":"summary_large_image","twitter_creator":"@NOTICIEROS7","twitter_site":"@NOTICIEROS7","twitter_misc":{"Escrito por":"Edici\u00f3n Web","Tiempo de lectura":"2 minutos"},"schema":{"@context":"https:\/\/schema.org","@graph":[{"@type":"Article","@id":"https:\/\/canal7slp.tv\/2022\/exsecretaria-de-salud-fue-vinculada-a-proceso\/#article","isPartOf":{"@id":"https:\/\/canal7slp.tv\/2022\/exsecretaria-de-salud-fue-vinculada-a-proceso\/"},"author":{"name":"Edici\u00f3n Web","@id":"https:\/\/canal7slp.tv\/2022\/#\/schema\/person\/429704152a21f5f856ce29aa69a238da"},"headline":"Exsecretaria de Salud fue vinculada a proceso.","datePublished":"2022-04-14T15:27:54+00:00","mainEntityOfPage":{"@id":"https:\/\/canal7slp.tv\/2022\/exsecretaria-de-salud-fue-vinculada-a-proceso\/"},"wordCount":305,"publisher":{"@id":"https:\/\/canal7slp.tv\/2022\/#organization"},"image":{"@id":"https:\/\/canal7slp.tv\/2022\/exsecretaria-de-salud-fue-vinculada-a-proceso\/#primaryimage"},"thumbnailUrl":"https:\/\/canal7slp.tv\/2022\/wp-content\/uploads\/2022\/04\/Monica-1.jpeg","articleSection":["LOCALES Y REGIONALES"],"inLanguage":"es"},{"@type":"WebPage","@id":"https:\/\/canal7slp.tv\/2022\/exsecretaria-de-salud-fue-vinculada-a-proceso\/","url":"https:\/\/canal7slp.tv\/2022\/exsecretaria-de-salud-fue-vinculada-a-proceso\/","name":"Exsecretaria de Salud fue vinculada a proceso. - Canal 7 SLP - 2022","isPartOf":{"@id":"https:\/\/canal7slp.tv\/2022\/#website"},"primaryImageOfPage":{"@id":"https:\/\/canal7slp.tv\/2022\/exsecretaria-de-salud-fue-vinculada-a-proceso\/#primaryimage"},"image":{"@id":"https:\/\/canal7slp.tv\/2022\/exsecretaria-de-salud-fue-vinculada-a-proceso\/#primaryimage"},"thumbnailUrl":"https:\/\/canal7slp.tv\/2022\/wp-content\/uploads\/2022\/04\/Monica-1.jpeg","datePublished":"2022-04-14T15:27:54+00:00","breadcrumb":{"@id":"https:\/\/canal7slp.tv\/2022\/exsecretaria-de-salud-fue-vinculada-a-proceso\/#breadcrumb"},"inLanguage":"es","potentialAction":[{"@type":"ReadAction","target":["https:\/\/canal7slp.tv\/2022\/exsecretaria-de-salud-fue-vinculada-a-proceso\/"]}]},{"@type":"ImageObject","inLanguage":"es","@id":"https:\/\/canal7slp.tv\/2022\/exsecretaria-de-salud-fue-vinculada-a-proceso\/#primaryimage","url":"https:\/\/canal7slp.tv\/2022\/wp-content\/uploads\/2022\/04\/Monica-1.jpeg","contentUrl":"https:\/\/canal7slp.tv\/2022\/wp-content\/uploads\/2022\/04\/Monica-1.jpeg","width":735,"height":490},{"@type":"BreadcrumbList","@id":"https:\/\/canal7slp.tv\/2022\/exsecretaria-de-salud-fue-vinculada-a-proceso\/#breadcrumb","itemListElement":[{"@type":"ListItem","position":1,"name":"Portada","item":"https:\/\/canal7slp.tv\/2022\/"},{"@type":"ListItem","position":2,"name":"Exsecretaria de Salud fue vinculada a proceso."}]},{"@type":"WebSite","@id":"https:\/\/canal7slp.tv\/2022\/#website","url":"https:\/\/canal7slp.tv\/2022\/","name":"N7 - Noticieros Canal 7","description":"Somos Televisi\u00f3n","publisher":{"@id":"https:\/\/canal7slp.tv\/2022\/#organization"},"potentialAction":[{"@type":"SearchAction","target":{"@type":"EntryPoint","urlTemplate":"https:\/\/canal7slp.tv\/2022\/?s={search_term_string}"},"query-input":{"@type":"PropertyValueSpecification","valueRequired":true,"valueName":"search_term_string"}}],"inLanguage":"es"},{"@type":"Organization","@id":"https:\/\/canal7slp.tv\/2022\/#organization","name":"Noticieros Canal 7","url":"https:\/\/canal7slp.tv\/2022\/","logo":{"@type":"ImageObject","inLanguage":"es","@id":"https:\/\/canal7slp.tv\/2022\/#\/schema\/logo\/image\/","url":"https:\/\/canal7slp.tv\/2022\/wp-content\/uploads\/2021\/01\/logo-noticieros@2x.png","contentUrl":"https:\/\/canal7slp.tv\/2022\/wp-content\/uploads\/2021\/01\/logo-noticieros@2x.png","width":1017,"height":268,"caption":"Noticieros Canal 7"},"image":{"@id":"https:\/\/canal7slp.tv\/2022\/#\/schema\/logo\/image\/"},"sameAs":["https:\/\/www.facebook.com\/noticieroscanalsiete","https:\/\/x.com\/NOTICIEROS7","https:\/\/www.instagram.com\/canal7_slp","https:\/\/www.youtube.com\/channel\/UCliiYs-gP3JfJeqdPrNdd5A"]},{"@type":"Person","@id":"https:\/\/canal7slp.tv\/2022\/#\/schema\/person\/429704152a21f5f856ce29aa69a238da","name":"Edici\u00f3n Web","image":{"@type":"ImageObject","inLanguage":"es","@id":"https:\/\/secure.gravatar.com\/avatar\/eee448fc3f7164808013b816ba91ac7e43bbe82a70bebac296f8bc6f0addaa1a?s=96&d=mm&r=g","url":"https:\/\/secure.gravatar.com\/avatar\/eee448fc3f7164808013b816ba91ac7e43bbe82a70bebac296f8bc6f0addaa1a?s=96&d=mm&r=g","contentUrl":"https:\/\/secure.gravatar.com\/avatar\/eee448fc3f7164808013b816ba91ac7e43bbe82a70bebac296f8bc6f0addaa1a?s=96&d=mm&r=g","caption":"Edici\u00f3n Web"},"url":"https:\/\/canal7slp.tv\/2022\/author\/edicionweb\/"}]}},"amp_enabled":true,"_links":{"self":[{"href":"https:\/\/canal7slp.tv\/2022\/wp-json\/wp\/v2\/posts\/57283","targetHints":{"allow":["GET"]}}],"collection":[{"href":"https:\/\/canal7slp.tv\/2022\/wp-json\/wp\/v2\/posts"}],"about":[{"href":"https:\/\/canal7slp.tv\/2022\/wp-json\/wp\/v2\/types\/post"}],"author":[{"embeddable":true,"href":"https:\/\/canal7slp.tv\/2022\/wp-json\/wp\/v2\/users\/2"}],"replies":[{"embeddable":true,"href":"https:\/\/canal7slp.tv\/2022\/wp-json\/wp\/v2\/comments?post=57283"}],"version-history":[{"count":1,"href":"https:\/\/canal7slp.tv\/2022\/wp-json\/wp\/v2\/posts\/57283\/revisions"}],"predecessor-version":[{"id":57285,"href":"https:\/\/canal7slp.tv\/2022\/wp-json\/wp\/v2\/posts\/57283\/revisions\/57285"}],"wp:featuredmedia":[{"embeddable":true,"href":"https:\/\/canal7slp.tv\/2022\/wp-json\/wp\/v2\/media\/57284"}],"wp:attachment":[{"href":"https:\/\/canal7slp.tv\/2022\/wp-json\/wp\/v2\/media?parent=57283"}],"wp:term":[{"taxonomy":"category","embeddable":true,"href":"https:\/\/canal7slp.tv\/2022\/wp-json\/wp\/v2\/categories?post=57283"},{"taxonomy":"post_tag","embeddable":true,"href":"https:\/\/canal7slp.tv\/2022\/wp-json\/wp\/v2\/tags?post=57283"}],"curies":[{"name":"wp","href":"https:\/\/api.w.org\/{rel}","templated":true}]}}