{"id":57241,"date":"2022-04-14T00:17:45","date_gmt":"2022-04-14T06:17:45","guid":{"rendered":"https:\/\/canal7slp.tv\/2022\/?p=57241"},"modified":"2022-04-14T00:17:45","modified_gmt":"2022-04-14T06:17:45","slug":"con-la-consagracion-del-santo-crisma-y-la-bendicion-de-oleos-fue-celebrada-la-misa-crismal","status":"publish","type":"post","link":"https:\/\/canal7slp.tv\/2022\/con-la-consagracion-del-santo-crisma-y-la-bendicion-de-oleos-fue-celebrada-la-misa-crismal\/","title":{"rendered":"Con la consagraci\u00f3n del Santo Crisma y la bendici\u00f3n de \u00f3leos fue celebrada la Misa Crismal."},"content":{"rendered":"<p style=\"text-align: justify;\">SLP.- Este mi\u00e9rcoles santo, que trae consigo reflexi\u00f3n y servicio al pr\u00f3jimo, se llev\u00f3 a cabo la Misa Crismal, tambi\u00e9n llamada misa mayor.<\/p>\n<p style=\"text-align: justify;\">Fue en la catedral metropolitana y estuvo encabezada por \u00faltima vez por el arzobispo em\u00e9rito, Jes\u00fas Carlos Cabrero Romero.<\/p>\n<p style=\"text-align: justify;\">En esta misa el arzobispo realiz\u00f3 la renovaci\u00f3n de los votos de los sacerdotes de la di\u00f3cesis, tambi\u00e9n la bendici\u00f3n de los \u00f3leos del Santo Crisma, utilizados en bautizos, confirmaciones y en la orden sacerdotal, los \u00f3leos de los catac\u00famenos, utilizado en los bautizos, y los \u00f3leos de los enfermos.<\/p>\n<p style=\"text-align: justify;\">A esta misa asistieron sacerdotes y fieles cat\u00f3licos.<\/p>\n<p style=\"text-align: justify;\">Escucharon atentamente el mensaje de paz, amor, y fe dado por el Arzobispo Em\u00e9rito.<\/p>\n<p style=\"text-align: justify;\">La Misa Crismal forma parte de los ritos cat\u00f3licos de Semana Santa.<\/p>\n<p style=\"text-align: justify;\">\u00c9sta se solia llevar tradicionalmente los jueves, pero fue permitido adelantarlo al mi\u00e9rcoles por la iglesia cat\u00f3lica ya que algunos sacerdotes deben transportarse varias horas, lo cual imposibilitaba llegar a tiempo a la misa de jueves santo.<\/p>\n<p style=\"text-align: justify;\">Por Kenneth Villalpando<\/p>\n","protected":false},"excerpt":{"rendered":"<p>SLP.- Este mi\u00e9rcoles santo, que trae consigo reflexi\u00f3n y servicio al pr\u00f3jimo, se llev\u00f3 a cabo la Misa Crismal, tambi\u00e9n llamada misa mayor. Fue en la catedral metropolitana y estuvo encabezada por \u00faltima vez por el arzobispo em\u00e9rito, Jes\u00fas Carlos Cabrero Romero. En esta misa el arzobispo realiz\u00f3 la renovaci\u00f3n de los votos de los sacerdotes de la di\u00f3cesis, tambi\u00e9n la bendici\u00f3n de los \u00f3leos del Santo Crisma, utilizados en bautizos, confirmaciones y en la orden sacerdotal, los \u00f3leos de los catac\u00famenos, utilizado en los bautizos, y los \u00f3leos de los enfermos. A esta misa asistieron sacerdotes y fieles cat\u00f3licos. [&hellip;]<\/p>\n","protected":false},"author":2,"featured_media":57259,"comment_status":"closed","ping_status":"closed","sticky":false,"template":"","format":"video","meta":{"footnotes":""},"categories":[5,45],"tags":[],"class_list":["post-57241","post","type-post","status-publish","format-video","has-post-thumbnail","hentry","category-destacadas","category-localesyregionales","post_format-post-format-video","post--single"],"yoast_head":"<!-- This site is optimized with the Yoast SEO plugin v27.4 - https:\/\/yoast.com\/product\/yoast-seo-wordpress\/ -->\n<title>Con la consagraci\u00f3n del Santo Crisma y la bendici\u00f3n de \u00f3leos fue celebrada la Misa Crismal. - Canal 7 SLP - 2022<\/title>\n<meta name=\"robots\" content=\"index, follow, max-snippet:-1, max-image-preview:large, max-video-preview:-1\" \/>\n<link rel=\"canonical\" href=\"https:\/\/canal7slp.tv\/2022\/con-la-consagracion-del-santo-crisma-y-la-bendicion-de-oleos-fue-celebrada-la-misa-crismal\/\" \/>\n<meta property=\"og:locale\" content=\"es_ES\" \/>\n<meta property=\"og:type\" content=\"article\" \/>\n<meta property=\"og:title\" content=\"Con la consagraci\u00f3n del Santo Crisma y la bendici\u00f3n de \u00f3leos fue celebrada la Misa Crismal. - Canal 7 SLP - 2022\" \/>\n<meta property=\"og:description\" content=\"SLP.- Este mi\u00e9rcoles santo, que trae consigo reflexi\u00f3n y servicio al pr\u00f3jimo, se llev\u00f3 a cabo la Misa Crismal, tambi\u00e9n llamada misa mayor. Fue en la catedral metropolitana y estuvo encabezada por \u00faltima vez por el arzobispo em\u00e9rito, Jes\u00fas Carlos Cabrero Romero. En esta misa el arzobispo realiz\u00f3 la renovaci\u00f3n de los votos de los sacerdotes de la di\u00f3cesis, tambi\u00e9n la bendici\u00f3n de los \u00f3leos del Santo Crisma, utilizados en bautizos, confirmaciones y en la orden sacerdotal, los \u00f3leos de los catac\u00famenos, utilizado en los bautizos, y los \u00f3leos de los enfermos. A esta misa asistieron sacerdotes y fieles cat\u00f3licos. [&hellip;]\" \/>\n<meta property=\"og:url\" content=\"https:\/\/canal7slp.tv\/2022\/con-la-consagracion-del-santo-crisma-y-la-bendicion-de-oleos-fue-celebrada-la-misa-crismal\/\" \/>\n<meta property=\"og:site_name\" content=\"Canal 7 SLP - 2022\" \/>\n<meta property=\"article:publisher\" content=\"https:\/\/www.facebook.com\/noticieroscanalsiete\" \/>\n<meta property=\"article:published_time\" content=\"2022-04-14T06:17:45+00:00\" \/>\n<meta property=\"og:image\" content=\"https:\/\/canal7slp.tv\/2022\/wp-content\/uploads\/2022\/04\/Kenny02Misa.jpg\" \/>\n\t<meta property=\"og:image:width\" content=\"888\" \/>\n\t<meta property=\"og:image:height\" content=\"500\" \/>\n\t<meta property=\"og:image:type\" content=\"image\/jpeg\" \/>\n<meta name=\"author\" content=\"Edici\u00f3n Web\" \/>\n<meta name=\"twitter:card\" content=\"summary_large_image\" \/>\n<meta name=\"twitter:creator\" content=\"@NOTICIEROS7\" \/>\n<meta name=\"twitter:site\" content=\"@NOTICIEROS7\" \/>\n<meta name=\"twitter:label1\" content=\"Escrito por\" \/>\n\t<meta name=\"twitter:data1\" content=\"Edici\u00f3n Web\" \/>\n\t<meta name=\"twitter:label2\" content=\"Tiempo de lectura\" \/>\n\t<meta name=\"twitter:data2\" content=\"1 minuto\" \/>\n<script type=\"application\/ld+json\" class=\"yoast-schema-graph\">{\"@context\":\"https:\\\/\\\/schema.org\",\"@graph\":[{\"@type\":\"Article\",\"@id\":\"https:\\\/\\\/canal7slp.tv\\\/2022\\\/con-la-consagracion-del-santo-crisma-y-la-bendicion-de-oleos-fue-celebrada-la-misa-crismal\\\/#article\",\"isPartOf\":{\"@id\":\"https:\\\/\\\/canal7slp.tv\\\/2022\\\/con-la-consagracion-del-santo-crisma-y-la-bendicion-de-oleos-fue-celebrada-la-misa-crismal\\\/\"},\"author\":{\"name\":\"Edici\u00f3n Web\",\"@id\":\"https:\\\/\\\/canal7slp.tv\\\/2022\\\/#\\\/schema\\\/person\\\/429704152a21f5f856ce29aa69a238da\"},\"headline\":\"Con la consagraci\u00f3n del Santo Crisma y la bendici\u00f3n de \u00f3leos fue celebrada la Misa Crismal.\",\"datePublished\":\"2022-04-14T06:17:45+00:00\",\"mainEntityOfPage\":{\"@id\":\"https:\\\/\\\/canal7slp.tv\\\/2022\\\/con-la-consagracion-del-santo-crisma-y-la-bendicion-de-oleos-fue-celebrada-la-misa-crismal\\\/\"},\"wordCount\":201,\"publisher\":{\"@id\":\"https:\\\/\\\/canal7slp.tv\\\/2022\\\/#organization\"},\"image\":{\"@id\":\"https:\\\/\\\/canal7slp.tv\\\/2022\\\/con-la-consagracion-del-santo-crisma-y-la-bendicion-de-oleos-fue-celebrada-la-misa-crismal\\\/#primaryimage\"},\"thumbnailUrl\":\"https:\\\/\\\/canal7slp.tv\\\/2022\\\/wp-content\\\/uploads\\\/2022\\\/04\\\/Kenny02Misa.jpg\",\"articleSection\":[\"DESTACADAS\",\"LOCALES Y REGIONALES\"],\"inLanguage\":\"es\"},{\"@type\":\"WebPage\",\"@id\":\"https:\\\/\\\/canal7slp.tv\\\/2022\\\/con-la-consagracion-del-santo-crisma-y-la-bendicion-de-oleos-fue-celebrada-la-misa-crismal\\\/\",\"url\":\"https:\\\/\\\/canal7slp.tv\\\/2022\\\/con-la-consagracion-del-santo-crisma-y-la-bendicion-de-oleos-fue-celebrada-la-misa-crismal\\\/\",\"name\":\"Con la consagraci\u00f3n del Santo Crisma y la bendici\u00f3n de \u00f3leos fue celebrada la Misa Crismal. - Canal 7 SLP - 2022\",\"isPartOf\":{\"@id\":\"https:\\\/\\\/canal7slp.tv\\\/2022\\\/#website\"},\"primaryImageOfPage\":{\"@id\":\"https:\\\/\\\/canal7slp.tv\\\/2022\\\/con-la-consagracion-del-santo-crisma-y-la-bendicion-de-oleos-fue-celebrada-la-misa-crismal\\\/#primaryimage\"},\"image\":{\"@id\":\"https:\\\/\\\/canal7slp.tv\\\/2022\\\/con-la-consagracion-del-santo-crisma-y-la-bendicion-de-oleos-fue-celebrada-la-misa-crismal\\\/#primaryimage\"},\"thumbnailUrl\":\"https:\\\/\\\/canal7slp.tv\\\/2022\\\/wp-content\\\/uploads\\\/2022\\\/04\\\/Kenny02Misa.jpg\",\"datePublished\":\"2022-04-14T06:17:45+00:00\",\"breadcrumb\":{\"@id\":\"https:\\\/\\\/canal7slp.tv\\\/2022\\\/con-la-consagracion-del-santo-crisma-y-la-bendicion-de-oleos-fue-celebrada-la-misa-crismal\\\/#breadcrumb\"},\"inLanguage\":\"es\",\"potentialAction\":[{\"@type\":\"ReadAction\",\"target\":[\"https:\\\/\\\/canal7slp.tv\\\/2022\\\/con-la-consagracion-del-santo-crisma-y-la-bendicion-de-oleos-fue-celebrada-la-misa-crismal\\\/\"]}]},{\"@type\":\"ImageObject\",\"inLanguage\":\"es\",\"@id\":\"https:\\\/\\\/canal7slp.tv\\\/2022\\\/con-la-consagracion-del-santo-crisma-y-la-bendicion-de-oleos-fue-celebrada-la-misa-crismal\\\/#primaryimage\",\"url\":\"https:\\\/\\\/canal7slp.tv\\\/2022\\\/wp-content\\\/uploads\\\/2022\\\/04\\\/Kenny02Misa.jpg\",\"contentUrl\":\"https:\\\/\\\/canal7slp.tv\\\/2022\\\/wp-content\\\/uploads\\\/2022\\\/04\\\/Kenny02Misa.jpg\",\"width\":888,\"height\":500},{\"@type\":\"BreadcrumbList\",\"@id\":\"https:\\\/\\\/canal7slp.tv\\\/2022\\\/con-la-consagracion-del-santo-crisma-y-la-bendicion-de-oleos-fue-celebrada-la-misa-crismal\\\/#breadcrumb\",\"itemListElement\":[{\"@type\":\"ListItem\",\"position\":1,\"name\":\"Portada\",\"item\":\"https:\\\/\\\/canal7slp.tv\\\/2022\\\/\"},{\"@type\":\"ListItem\",\"position\":2,\"name\":\"Con la consagraci\u00f3n del Santo Crisma y la bendici\u00f3n de \u00f3leos fue celebrada la Misa Crismal.\"}]},{\"@type\":\"WebSite\",\"@id\":\"https:\\\/\\\/canal7slp.tv\\\/2022\\\/#website\",\"url\":\"https:\\\/\\\/canal7slp.tv\\\/2022\\\/\",\"name\":\"N7 - Noticieros Canal 7\",\"description\":\"Somos Televisi\u00f3n\",\"publisher\":{\"@id\":\"https:\\\/\\\/canal7slp.tv\\\/2022\\\/#organization\"},\"potentialAction\":[{\"@type\":\"SearchAction\",\"target\":{\"@type\":\"EntryPoint\",\"urlTemplate\":\"https:\\\/\\\/canal7slp.tv\\\/2022\\\/?s={search_term_string}\"},\"query-input\":{\"@type\":\"PropertyValueSpecification\",\"valueRequired\":true,\"valueName\":\"search_term_string\"}}],\"inLanguage\":\"es\"},{\"@type\":\"Organization\",\"@id\":\"https:\\\/\\\/canal7slp.tv\\\/2022\\\/#organization\",\"name\":\"Noticieros Canal 7\",\"url\":\"https:\\\/\\\/canal7slp.tv\\\/2022\\\/\",\"logo\":{\"@type\":\"ImageObject\",\"inLanguage\":\"es\",\"@id\":\"https:\\\/\\\/canal7slp.tv\\\/2022\\\/#\\\/schema\\\/logo\\\/image\\\/\",\"url\":\"https:\\\/\\\/canal7slp.tv\\\/2022\\\/wp-content\\\/uploads\\\/2021\\\/01\\\/logo-noticieros@2x.png\",\"contentUrl\":\"https:\\\/\\\/canal7slp.tv\\\/2022\\\/wp-content\\\/uploads\\\/2021\\\/01\\\/logo-noticieros@2x.png\",\"width\":1017,\"height\":268,\"caption\":\"Noticieros Canal 7\"},\"image\":{\"@id\":\"https:\\\/\\\/canal7slp.tv\\\/2022\\\/#\\\/schema\\\/logo\\\/image\\\/\"},\"sameAs\":[\"https:\\\/\\\/www.facebook.com\\\/noticieroscanalsiete\",\"https:\\\/\\\/x.com\\\/NOTICIEROS7\",\"https:\\\/\\\/www.instagram.com\\\/canal7_slp\",\"https:\\\/\\\/www.youtube.com\\\/channel\\\/UCliiYs-gP3JfJeqdPrNdd5A\"]},{\"@type\":\"Person\",\"@id\":\"https:\\\/\\\/canal7slp.tv\\\/2022\\\/#\\\/schema\\\/person\\\/429704152a21f5f856ce29aa69a238da\",\"name\":\"Edici\u00f3n Web\",\"image\":{\"@type\":\"ImageObject\",\"inLanguage\":\"es\",\"@id\":\"https:\\\/\\\/secure.gravatar.com\\\/avatar\\\/eee448fc3f7164808013b816ba91ac7e43bbe82a70bebac296f8bc6f0addaa1a?s=96&d=mm&r=g\",\"url\":\"https:\\\/\\\/secure.gravatar.com\\\/avatar\\\/eee448fc3f7164808013b816ba91ac7e43bbe82a70bebac296f8bc6f0addaa1a?s=96&d=mm&r=g\",\"contentUrl\":\"https:\\\/\\\/secure.gravatar.com\\\/avatar\\\/eee448fc3f7164808013b816ba91ac7e43bbe82a70bebac296f8bc6f0addaa1a?s=96&d=mm&r=g\",\"caption\":\"Edici\u00f3n Web\"},\"url\":\"https:\\\/\\\/canal7slp.tv\\\/2022\\\/author\\\/edicionweb\\\/\"}]}<\/script>\n<!-- \/ Yoast SEO plugin. -->","yoast_head_json":{"title":"Con la consagraci\u00f3n del Santo Crisma y la bendici\u00f3n de \u00f3leos fue celebrada la Misa Crismal. - Canal 7 SLP - 2022","robots":{"index":"index","follow":"follow","max-snippet":"max-snippet:-1","max-image-preview":"max-image-preview:large","max-video-preview":"max-video-preview:-1"},"canonical":"https:\/\/canal7slp.tv\/2022\/con-la-consagracion-del-santo-crisma-y-la-bendicion-de-oleos-fue-celebrada-la-misa-crismal\/","og_locale":"es_ES","og_type":"article","og_title":"Con la consagraci\u00f3n del Santo Crisma y la bendici\u00f3n de \u00f3leos fue celebrada la Misa Crismal. - Canal 7 SLP - 2022","og_description":"SLP.- Este mi\u00e9rcoles santo, que trae consigo reflexi\u00f3n y servicio al pr\u00f3jimo, se llev\u00f3 a cabo la Misa Crismal, tambi\u00e9n llamada misa mayor. Fue en la catedral metropolitana y estuvo encabezada por \u00faltima vez por el arzobispo em\u00e9rito, Jes\u00fas Carlos Cabrero Romero. En esta misa el arzobispo realiz\u00f3 la renovaci\u00f3n de los votos de los sacerdotes de la di\u00f3cesis, tambi\u00e9n la bendici\u00f3n de los \u00f3leos del Santo Crisma, utilizados en bautizos, confirmaciones y en la orden sacerdotal, los \u00f3leos de los catac\u00famenos, utilizado en los bautizos, y los \u00f3leos de los enfermos. A esta misa asistieron sacerdotes y fieles cat\u00f3licos. [&hellip;]","og_url":"https:\/\/canal7slp.tv\/2022\/con-la-consagracion-del-santo-crisma-y-la-bendicion-de-oleos-fue-celebrada-la-misa-crismal\/","og_site_name":"Canal 7 SLP - 2022","article_publisher":"https:\/\/www.facebook.com\/noticieroscanalsiete","article_published_time":"2022-04-14T06:17:45+00:00","og_image":[{"width":888,"height":500,"url":"https:\/\/canal7slp.tv\/2022\/wp-content\/uploads\/2022\/04\/Kenny02Misa.jpg","type":"image\/jpeg"}],"author":"Edici\u00f3n Web","twitter_card":"summary_large_image","twitter_creator":"@NOTICIEROS7","twitter_site":"@NOTICIEROS7","twitter_misc":{"Escrito por":"Edici\u00f3n Web","Tiempo de lectura":"1 minuto"},"schema":{"@context":"https:\/\/schema.org","@graph":[{"@type":"Article","@id":"https:\/\/canal7slp.tv\/2022\/con-la-consagracion-del-santo-crisma-y-la-bendicion-de-oleos-fue-celebrada-la-misa-crismal\/#article","isPartOf":{"@id":"https:\/\/canal7slp.tv\/2022\/con-la-consagracion-del-santo-crisma-y-la-bendicion-de-oleos-fue-celebrada-la-misa-crismal\/"},"author":{"name":"Edici\u00f3n Web","@id":"https:\/\/canal7slp.tv\/2022\/#\/schema\/person\/429704152a21f5f856ce29aa69a238da"},"headline":"Con la consagraci\u00f3n del Santo Crisma y la bendici\u00f3n de \u00f3leos fue celebrada la Misa Crismal.","datePublished":"2022-04-14T06:17:45+00:00","mainEntityOfPage":{"@id":"https:\/\/canal7slp.tv\/2022\/con-la-consagracion-del-santo-crisma-y-la-bendicion-de-oleos-fue-celebrada-la-misa-crismal\/"},"wordCount":201,"publisher":{"@id":"https:\/\/canal7slp.tv\/2022\/#organization"},"image":{"@id":"https:\/\/canal7slp.tv\/2022\/con-la-consagracion-del-santo-crisma-y-la-bendicion-de-oleos-fue-celebrada-la-misa-crismal\/#primaryimage"},"thumbnailUrl":"https:\/\/canal7slp.tv\/2022\/wp-content\/uploads\/2022\/04\/Kenny02Misa.jpg","articleSection":["DESTACADAS","LOCALES Y REGIONALES"],"inLanguage":"es"},{"@type":"WebPage","@id":"https:\/\/canal7slp.tv\/2022\/con-la-consagracion-del-santo-crisma-y-la-bendicion-de-oleos-fue-celebrada-la-misa-crismal\/","url":"https:\/\/canal7slp.tv\/2022\/con-la-consagracion-del-santo-crisma-y-la-bendicion-de-oleos-fue-celebrada-la-misa-crismal\/","name":"Con la consagraci\u00f3n del Santo Crisma y la bendici\u00f3n de \u00f3leos fue celebrada la Misa Crismal. - Canal 7 SLP - 2022","isPartOf":{"@id":"https:\/\/canal7slp.tv\/2022\/#website"},"primaryImageOfPage":{"@id":"https:\/\/canal7slp.tv\/2022\/con-la-consagracion-del-santo-crisma-y-la-bendicion-de-oleos-fue-celebrada-la-misa-crismal\/#primaryimage"},"image":{"@id":"https:\/\/canal7slp.tv\/2022\/con-la-consagracion-del-santo-crisma-y-la-bendicion-de-oleos-fue-celebrada-la-misa-crismal\/#primaryimage"},"thumbnailUrl":"https:\/\/canal7slp.tv\/2022\/wp-content\/uploads\/2022\/04\/Kenny02Misa.jpg","datePublished":"2022-04-14T06:17:45+00:00","breadcrumb":{"@id":"https:\/\/canal7slp.tv\/2022\/con-la-consagracion-del-santo-crisma-y-la-bendicion-de-oleos-fue-celebrada-la-misa-crismal\/#breadcrumb"},"inLanguage":"es","potentialAction":[{"@type":"ReadAction","target":["https:\/\/canal7slp.tv\/2022\/con-la-consagracion-del-santo-crisma-y-la-bendicion-de-oleos-fue-celebrada-la-misa-crismal\/"]}]},{"@type":"ImageObject","inLanguage":"es","@id":"https:\/\/canal7slp.tv\/2022\/con-la-consagracion-del-santo-crisma-y-la-bendicion-de-oleos-fue-celebrada-la-misa-crismal\/#primaryimage","url":"https:\/\/canal7slp.tv\/2022\/wp-content\/uploads\/2022\/04\/Kenny02Misa.jpg","contentUrl":"https:\/\/canal7slp.tv\/2022\/wp-content\/uploads\/2022\/04\/Kenny02Misa.jpg","width":888,"height":500},{"@type":"BreadcrumbList","@id":"https:\/\/canal7slp.tv\/2022\/con-la-consagracion-del-santo-crisma-y-la-bendicion-de-oleos-fue-celebrada-la-misa-crismal\/#breadcrumb","itemListElement":[{"@type":"ListItem","position":1,"name":"Portada","item":"https:\/\/canal7slp.tv\/2022\/"},{"@type":"ListItem","position":2,"name":"Con la consagraci\u00f3n del Santo Crisma y la bendici\u00f3n de \u00f3leos fue celebrada la Misa Crismal."}]},{"@type":"WebSite","@id":"https:\/\/canal7slp.tv\/2022\/#website","url":"https:\/\/canal7slp.tv\/2022\/","name":"N7 - Noticieros Canal 7","description":"Somos Televisi\u00f3n","publisher":{"@id":"https:\/\/canal7slp.tv\/2022\/#organization"},"potentialAction":[{"@type":"SearchAction","target":{"@type":"EntryPoint","urlTemplate":"https:\/\/canal7slp.tv\/2022\/?s={search_term_string}"},"query-input":{"@type":"PropertyValueSpecification","valueRequired":true,"valueName":"search_term_string"}}],"inLanguage":"es"},{"@type":"Organization","@id":"https:\/\/canal7slp.tv\/2022\/#organization","name":"Noticieros Canal 7","url":"https:\/\/canal7slp.tv\/2022\/","logo":{"@type":"ImageObject","inLanguage":"es","@id":"https:\/\/canal7slp.tv\/2022\/#\/schema\/logo\/image\/","url":"https:\/\/canal7slp.tv\/2022\/wp-content\/uploads\/2021\/01\/logo-noticieros@2x.png","contentUrl":"https:\/\/canal7slp.tv\/2022\/wp-content\/uploads\/2021\/01\/logo-noticieros@2x.png","width":1017,"height":268,"caption":"Noticieros Canal 7"},"image":{"@id":"https:\/\/canal7slp.tv\/2022\/#\/schema\/logo\/image\/"},"sameAs":["https:\/\/www.facebook.com\/noticieroscanalsiete","https:\/\/x.com\/NOTICIEROS7","https:\/\/www.instagram.com\/canal7_slp","https:\/\/www.youtube.com\/channel\/UCliiYs-gP3JfJeqdPrNdd5A"]},{"@type":"Person","@id":"https:\/\/canal7slp.tv\/2022\/#\/schema\/person\/429704152a21f5f856ce29aa69a238da","name":"Edici\u00f3n Web","image":{"@type":"ImageObject","inLanguage":"es","@id":"https:\/\/secure.gravatar.com\/avatar\/eee448fc3f7164808013b816ba91ac7e43bbe82a70bebac296f8bc6f0addaa1a?s=96&d=mm&r=g","url":"https:\/\/secure.gravatar.com\/avatar\/eee448fc3f7164808013b816ba91ac7e43bbe82a70bebac296f8bc6f0addaa1a?s=96&d=mm&r=g","contentUrl":"https:\/\/secure.gravatar.com\/avatar\/eee448fc3f7164808013b816ba91ac7e43bbe82a70bebac296f8bc6f0addaa1a?s=96&d=mm&r=g","caption":"Edici\u00f3n Web"},"url":"https:\/\/canal7slp.tv\/2022\/author\/edicionweb\/"}]}},"amp_enabled":true,"_links":{"self":[{"href":"https:\/\/canal7slp.tv\/2022\/wp-json\/wp\/v2\/posts\/57241","targetHints":{"allow":["GET"]}}],"collection":[{"href":"https:\/\/canal7slp.tv\/2022\/wp-json\/wp\/v2\/posts"}],"about":[{"href":"https:\/\/canal7slp.tv\/2022\/wp-json\/wp\/v2\/types\/post"}],"author":[{"embeddable":true,"href":"https:\/\/canal7slp.tv\/2022\/wp-json\/wp\/v2\/users\/2"}],"replies":[{"embeddable":true,"href":"https:\/\/canal7slp.tv\/2022\/wp-json\/wp\/v2\/comments?post=57241"}],"version-history":[{"count":2,"href":"https:\/\/canal7slp.tv\/2022\/wp-json\/wp\/v2\/posts\/57241\/revisions"}],"predecessor-version":[{"id":57260,"href":"https:\/\/canal7slp.tv\/2022\/wp-json\/wp\/v2\/posts\/57241\/revisions\/57260"}],"wp:featuredmedia":[{"embeddable":true,"href":"https:\/\/canal7slp.tv\/2022\/wp-json\/wp\/v2\/media\/57259"}],"wp:attachment":[{"href":"https:\/\/canal7slp.tv\/2022\/wp-json\/wp\/v2\/media?parent=57241"}],"wp:term":[{"taxonomy":"category","embeddable":true,"href":"https:\/\/canal7slp.tv\/2022\/wp-json\/wp\/v2\/categories?post=57241"},{"taxonomy":"post_tag","embeddable":true,"href":"https:\/\/canal7slp.tv\/2022\/wp-json\/wp\/v2\/tags?post=57241"}],"curies":[{"name":"wp","href":"https:\/\/api.w.org\/{rel}","templated":true}]}}