{"id":57226,"date":"2022-04-13T16:57:31","date_gmt":"2022-04-13T22:57:31","guid":{"rendered":"https:\/\/canal7slp.tv\/2022\/?p=57226"},"modified":"2022-04-13T16:57:31","modified_gmt":"2022-04-13T22:57:31","slug":"que-se-respete-la-presuncion-de-inocencia-dice-iglesia-de-slp-sobre-detencion-de-exsecretaria-de-salud","status":"publish","type":"post","link":"https:\/\/canal7slp.tv\/2022\/que-se-respete-la-presuncion-de-inocencia-dice-iglesia-de-slp-sobre-detencion-de-exsecretaria-de-salud\/","title":{"rendered":"Que se respete la presunci\u00f3n de inocencia, dice Iglesia de SLP sobre detenci\u00f3n de exsecretaria de Salud."},"content":{"rendered":"<p style=\"text-align: justify;\">SLP.- En rueda de prensa, el vocero de la Arquidi\u00f3cesis de San Luis Potos\u00ed, Juan Jes\u00fas Priego Rivera, hizo un llamado a las autoridades para que se respete la presunci\u00f3n de inocencia de la ex candidata a la gubernatura por Morena, M\u00f3nica Liliana Rangel Mart\u00ednez, quien fuera detenida por la Fiscal\u00eda General del Estado.<\/p>\n<p style=\"text-align: justify;\">\u00abLa postura es que ciertamente muchas cosas que est\u00e1n sucediendo en M\u00e9xico tienen este tufo pol\u00edtico como por ejemplo la detenci\u00f3n del ex gobernador de Nuevo Le\u00f3n, sin embargo, no nos toca a nosotros juzgar si es o no pol\u00edtico, pero s\u00ed nos toca decir que las autoridades deben respetar la presunci\u00f3n de inocencia de todas las personas implicadas en este caso, se deben respetar sus derechos ante la ley\u00bb, dijo.<\/p>\n<p style=\"text-align: justify;\">El eclesi\u00e1stico dijo que se tienen que esperar los resultados de las investigaciones, por lo que inst\u00f3 a las autoridades a continuar con su trabajo en este caso.<\/p>\n<p style=\"text-align: justify;\">\u00abQue se les trate con la consideraci\u00f3n que toda persona merece, ya despu\u00e9s se investigar\u00e1 si hay estos cargos, si efectivamente se dieron las cosas como dicen, sin embargo, nosotros como iglesia no estamos aqu\u00ed para ser jueces, los jueces est\u00e1n en otras instancias y yo lo \u00fanico que pedir\u00eda en nombre de la iglesia es que se cumpla con todo lo que la ley dispone\u00bb, a\u00f1adi\u00f3.<\/p>\n<p style=\"text-align: justify;\">En ese sentido, aclar\u00f3 que si la detenci\u00f3n de la ex funcionaria cerrerista se da por tintes pol\u00edticos, para la iglesia resulta un tanta extra\u00f1a la situaci\u00f3n.<\/p>\n<p style=\"text-align: justify;\">\u00abHaciendo el viraje pol\u00edtico es un tanto extra\u00f1o y an\u00f3malo este caso porque a final de cuentas M\u00f3nica fue candidata por morena y sobretodo tenemos un gobernador que es de la 4T&#8230; Incluso en el reforma sali\u00f3 una noticia acerca del acarreo que hubo o el presunto acarreo que hubo para la consulta de revocaci\u00f3n de mandato, entonces a nosotros nos resulta muy extra\u00f1o porque no logramos entender que es lo que est\u00e1 sucediendo, s\u00ed es que es pol\u00edtico\u00bb, agreg\u00f3.<\/p>\n<p style=\"text-align: justify;\">Priego Rivera hizo un llamado a la actual administraci\u00f3n para aclarar si se esta llevando a cabo una cacer\u00eda de brujas en contra de funcionarios del pasado gobierno.<\/p>\n<p style=\"text-align: justify;\">\u00abEsto lo tiene que esclarecer la autoridad correspondiente, por eso es muy importante qu\u00e9 las fiscal\u00edas sean independientes en todas partes: la Federal y la estatal; nosotros esperamos y pedimos que se vayan a conducir con un profundo respeto a los derechos y garant\u00edas individuales de los imputados\u00bb, termin\u00f3.<\/p>\n<p style=\"text-align: justify;\">Por: Jos\u00e9 Luis V\u00e1zquez<\/p>\n","protected":false},"excerpt":{"rendered":"<p>SLP.- En rueda de prensa, el vocero de la Arquidi\u00f3cesis de San Luis Potos\u00ed, Juan Jes\u00fas Priego Rivera, hizo un llamado a las autoridades para que se respete la presunci\u00f3n de inocencia de la ex candidata a la gubernatura por Morena, M\u00f3nica Liliana Rangel Mart\u00ednez, quien fuera detenida por la Fiscal\u00eda General del Estado. \u00abLa postura es que ciertamente muchas cosas que est\u00e1n sucediendo en M\u00e9xico tienen este tufo pol\u00edtico como por ejemplo la detenci\u00f3n del ex gobernador de Nuevo Le\u00f3n, sin embargo, no nos toca a nosotros juzgar si es o no pol\u00edtico, pero s\u00ed nos toca decir que [&hellip;]<\/p>\n","protected":false},"author":2,"featured_media":57248,"comment_status":"closed","ping_status":"closed","sticky":false,"template":"","format":"video","meta":{"footnotes":""},"categories":[5,45],"tags":[],"class_list":["post-57226","post","type-post","status-publish","format-video","has-post-thumbnail","hentry","category-destacadas","category-localesyregionales","post_format-post-format-video","post--single"],"yoast_head":"<!-- This site is optimized with the Yoast SEO plugin v27.4 - https:\/\/yoast.com\/product\/yoast-seo-wordpress\/ -->\n<title>Que se respete la presunci\u00f3n de inocencia, dice Iglesia de SLP sobre detenci\u00f3n de exsecretaria de Salud. - Canal 7 SLP - 2022<\/title>\n<meta name=\"robots\" content=\"index, follow, max-snippet:-1, max-image-preview:large, max-video-preview:-1\" \/>\n<link rel=\"canonical\" href=\"https:\/\/canal7slp.tv\/2022\/que-se-respete-la-presuncion-de-inocencia-dice-iglesia-de-slp-sobre-detencion-de-exsecretaria-de-salud\/\" \/>\n<meta property=\"og:locale\" content=\"es_ES\" \/>\n<meta property=\"og:type\" content=\"article\" \/>\n<meta property=\"og:title\" content=\"Que se respete la presunci\u00f3n de inocencia, dice Iglesia de SLP sobre detenci\u00f3n de exsecretaria de Salud. - Canal 7 SLP - 2022\" \/>\n<meta property=\"og:description\" content=\"SLP.- En rueda de prensa, el vocero de la Arquidi\u00f3cesis de San Luis Potos\u00ed, Juan Jes\u00fas Priego Rivera, hizo un llamado a las autoridades para que se respete la presunci\u00f3n de inocencia de la ex candidata a la gubernatura por Morena, M\u00f3nica Liliana Rangel Mart\u00ednez, quien fuera detenida por la Fiscal\u00eda General del Estado. \u00abLa postura es que ciertamente muchas cosas que est\u00e1n sucediendo en M\u00e9xico tienen este tufo pol\u00edtico como por ejemplo la detenci\u00f3n del ex gobernador de Nuevo Le\u00f3n, sin embargo, no nos toca a nosotros juzgar si es o no pol\u00edtico, pero s\u00ed nos toca decir que [&hellip;]\" \/>\n<meta property=\"og:url\" content=\"https:\/\/canal7slp.tv\/2022\/que-se-respete-la-presuncion-de-inocencia-dice-iglesia-de-slp-sobre-detencion-de-exsecretaria-de-salud\/\" \/>\n<meta property=\"og:site_name\" content=\"Canal 7 SLP - 2022\" \/>\n<meta property=\"article:publisher\" content=\"https:\/\/www.facebook.com\/noticieroscanalsiete\" \/>\n<meta property=\"article:published_time\" content=\"2022-04-13T22:57:31+00:00\" \/>\n<meta property=\"og:image\" content=\"https:\/\/canal7slp.tv\/2022\/wp-content\/uploads\/2022\/04\/Vazquez01IglesiaMonica.jpg\" \/>\n\t<meta property=\"og:image:width\" content=\"888\" \/>\n\t<meta property=\"og:image:height\" content=\"500\" \/>\n\t<meta property=\"og:image:type\" content=\"image\/jpeg\" \/>\n<meta name=\"author\" content=\"Edici\u00f3n Web\" \/>\n<meta name=\"twitter:card\" content=\"summary_large_image\" \/>\n<meta name=\"twitter:creator\" content=\"@NOTICIEROS7\" \/>\n<meta name=\"twitter:site\" content=\"@NOTICIEROS7\" \/>\n<meta name=\"twitter:label1\" content=\"Escrito por\" \/>\n\t<meta name=\"twitter:data1\" content=\"Edici\u00f3n Web\" \/>\n\t<meta name=\"twitter:label2\" content=\"Tiempo de lectura\" \/>\n\t<meta name=\"twitter:data2\" content=\"2 minutos\" \/>\n<script type=\"application\/ld+json\" class=\"yoast-schema-graph\">{\"@context\":\"https:\\\/\\\/schema.org\",\"@graph\":[{\"@type\":\"Article\",\"@id\":\"https:\\\/\\\/canal7slp.tv\\\/2022\\\/que-se-respete-la-presuncion-de-inocencia-dice-iglesia-de-slp-sobre-detencion-de-exsecretaria-de-salud\\\/#article\",\"isPartOf\":{\"@id\":\"https:\\\/\\\/canal7slp.tv\\\/2022\\\/que-se-respete-la-presuncion-de-inocencia-dice-iglesia-de-slp-sobre-detencion-de-exsecretaria-de-salud\\\/\"},\"author\":{\"name\":\"Edici\u00f3n Web\",\"@id\":\"https:\\\/\\\/canal7slp.tv\\\/2022\\\/#\\\/schema\\\/person\\\/429704152a21f5f856ce29aa69a238da\"},\"headline\":\"Que se respete la presunci\u00f3n de inocencia, dice Iglesia de SLP sobre detenci\u00f3n de exsecretaria de Salud.\",\"datePublished\":\"2022-04-13T22:57:31+00:00\",\"mainEntityOfPage\":{\"@id\":\"https:\\\/\\\/canal7slp.tv\\\/2022\\\/que-se-respete-la-presuncion-de-inocencia-dice-iglesia-de-slp-sobre-detencion-de-exsecretaria-de-salud\\\/\"},\"wordCount\":463,\"publisher\":{\"@id\":\"https:\\\/\\\/canal7slp.tv\\\/2022\\\/#organization\"},\"image\":{\"@id\":\"https:\\\/\\\/canal7slp.tv\\\/2022\\\/que-se-respete-la-presuncion-de-inocencia-dice-iglesia-de-slp-sobre-detencion-de-exsecretaria-de-salud\\\/#primaryimage\"},\"thumbnailUrl\":\"https:\\\/\\\/canal7slp.tv\\\/2022\\\/wp-content\\\/uploads\\\/2022\\\/04\\\/Vazquez01IglesiaMonica.jpg\",\"articleSection\":[\"DESTACADAS\",\"LOCALES Y REGIONALES\"],\"inLanguage\":\"es\"},{\"@type\":\"WebPage\",\"@id\":\"https:\\\/\\\/canal7slp.tv\\\/2022\\\/que-se-respete-la-presuncion-de-inocencia-dice-iglesia-de-slp-sobre-detencion-de-exsecretaria-de-salud\\\/\",\"url\":\"https:\\\/\\\/canal7slp.tv\\\/2022\\\/que-se-respete-la-presuncion-de-inocencia-dice-iglesia-de-slp-sobre-detencion-de-exsecretaria-de-salud\\\/\",\"name\":\"Que se respete la presunci\u00f3n de inocencia, dice Iglesia de SLP sobre detenci\u00f3n de exsecretaria de Salud. - Canal 7 SLP - 2022\",\"isPartOf\":{\"@id\":\"https:\\\/\\\/canal7slp.tv\\\/2022\\\/#website\"},\"primaryImageOfPage\":{\"@id\":\"https:\\\/\\\/canal7slp.tv\\\/2022\\\/que-se-respete-la-presuncion-de-inocencia-dice-iglesia-de-slp-sobre-detencion-de-exsecretaria-de-salud\\\/#primaryimage\"},\"image\":{\"@id\":\"https:\\\/\\\/canal7slp.tv\\\/2022\\\/que-se-respete-la-presuncion-de-inocencia-dice-iglesia-de-slp-sobre-detencion-de-exsecretaria-de-salud\\\/#primaryimage\"},\"thumbnailUrl\":\"https:\\\/\\\/canal7slp.tv\\\/2022\\\/wp-content\\\/uploads\\\/2022\\\/04\\\/Vazquez01IglesiaMonica.jpg\",\"datePublished\":\"2022-04-13T22:57:31+00:00\",\"breadcrumb\":{\"@id\":\"https:\\\/\\\/canal7slp.tv\\\/2022\\\/que-se-respete-la-presuncion-de-inocencia-dice-iglesia-de-slp-sobre-detencion-de-exsecretaria-de-salud\\\/#breadcrumb\"},\"inLanguage\":\"es\",\"potentialAction\":[{\"@type\":\"ReadAction\",\"target\":[\"https:\\\/\\\/canal7slp.tv\\\/2022\\\/que-se-respete-la-presuncion-de-inocencia-dice-iglesia-de-slp-sobre-detencion-de-exsecretaria-de-salud\\\/\"]}]},{\"@type\":\"ImageObject\",\"inLanguage\":\"es\",\"@id\":\"https:\\\/\\\/canal7slp.tv\\\/2022\\\/que-se-respete-la-presuncion-de-inocencia-dice-iglesia-de-slp-sobre-detencion-de-exsecretaria-de-salud\\\/#primaryimage\",\"url\":\"https:\\\/\\\/canal7slp.tv\\\/2022\\\/wp-content\\\/uploads\\\/2022\\\/04\\\/Vazquez01IglesiaMonica.jpg\",\"contentUrl\":\"https:\\\/\\\/canal7slp.tv\\\/2022\\\/wp-content\\\/uploads\\\/2022\\\/04\\\/Vazquez01IglesiaMonica.jpg\",\"width\":888,\"height\":500},{\"@type\":\"BreadcrumbList\",\"@id\":\"https:\\\/\\\/canal7slp.tv\\\/2022\\\/que-se-respete-la-presuncion-de-inocencia-dice-iglesia-de-slp-sobre-detencion-de-exsecretaria-de-salud\\\/#breadcrumb\",\"itemListElement\":[{\"@type\":\"ListItem\",\"position\":1,\"name\":\"Portada\",\"item\":\"https:\\\/\\\/canal7slp.tv\\\/2022\\\/\"},{\"@type\":\"ListItem\",\"position\":2,\"name\":\"Que se respete la presunci\u00f3n de inocencia, dice Iglesia de SLP sobre detenci\u00f3n de exsecretaria de Salud.\"}]},{\"@type\":\"WebSite\",\"@id\":\"https:\\\/\\\/canal7slp.tv\\\/2022\\\/#website\",\"url\":\"https:\\\/\\\/canal7slp.tv\\\/2022\\\/\",\"name\":\"N7 - Noticieros Canal 7\",\"description\":\"Somos Televisi\u00f3n\",\"publisher\":{\"@id\":\"https:\\\/\\\/canal7slp.tv\\\/2022\\\/#organization\"},\"potentialAction\":[{\"@type\":\"SearchAction\",\"target\":{\"@type\":\"EntryPoint\",\"urlTemplate\":\"https:\\\/\\\/canal7slp.tv\\\/2022\\\/?s={search_term_string}\"},\"query-input\":{\"@type\":\"PropertyValueSpecification\",\"valueRequired\":true,\"valueName\":\"search_term_string\"}}],\"inLanguage\":\"es\"},{\"@type\":\"Organization\",\"@id\":\"https:\\\/\\\/canal7slp.tv\\\/2022\\\/#organization\",\"name\":\"Noticieros Canal 7\",\"url\":\"https:\\\/\\\/canal7slp.tv\\\/2022\\\/\",\"logo\":{\"@type\":\"ImageObject\",\"inLanguage\":\"es\",\"@id\":\"https:\\\/\\\/canal7slp.tv\\\/2022\\\/#\\\/schema\\\/logo\\\/image\\\/\",\"url\":\"https:\\\/\\\/canal7slp.tv\\\/2022\\\/wp-content\\\/uploads\\\/2021\\\/01\\\/logo-noticieros@2x.png\",\"contentUrl\":\"https:\\\/\\\/canal7slp.tv\\\/2022\\\/wp-content\\\/uploads\\\/2021\\\/01\\\/logo-noticieros@2x.png\",\"width\":1017,\"height\":268,\"caption\":\"Noticieros Canal 7\"},\"image\":{\"@id\":\"https:\\\/\\\/canal7slp.tv\\\/2022\\\/#\\\/schema\\\/logo\\\/image\\\/\"},\"sameAs\":[\"https:\\\/\\\/www.facebook.com\\\/noticieroscanalsiete\",\"https:\\\/\\\/x.com\\\/NOTICIEROS7\",\"https:\\\/\\\/www.instagram.com\\\/canal7_slp\",\"https:\\\/\\\/www.youtube.com\\\/channel\\\/UCliiYs-gP3JfJeqdPrNdd5A\"]},{\"@type\":\"Person\",\"@id\":\"https:\\\/\\\/canal7slp.tv\\\/2022\\\/#\\\/schema\\\/person\\\/429704152a21f5f856ce29aa69a238da\",\"name\":\"Edici\u00f3n Web\",\"image\":{\"@type\":\"ImageObject\",\"inLanguage\":\"es\",\"@id\":\"https:\\\/\\\/secure.gravatar.com\\\/avatar\\\/eee448fc3f7164808013b816ba91ac7e43bbe82a70bebac296f8bc6f0addaa1a?s=96&d=mm&r=g\",\"url\":\"https:\\\/\\\/secure.gravatar.com\\\/avatar\\\/eee448fc3f7164808013b816ba91ac7e43bbe82a70bebac296f8bc6f0addaa1a?s=96&d=mm&r=g\",\"contentUrl\":\"https:\\\/\\\/secure.gravatar.com\\\/avatar\\\/eee448fc3f7164808013b816ba91ac7e43bbe82a70bebac296f8bc6f0addaa1a?s=96&d=mm&r=g\",\"caption\":\"Edici\u00f3n Web\"},\"url\":\"https:\\\/\\\/canal7slp.tv\\\/2022\\\/author\\\/edicionweb\\\/\"}]}<\/script>\n<!-- \/ Yoast SEO plugin. -->","yoast_head_json":{"title":"Que se respete la presunci\u00f3n de inocencia, dice Iglesia de SLP sobre detenci\u00f3n de exsecretaria de Salud. - Canal 7 SLP - 2022","robots":{"index":"index","follow":"follow","max-snippet":"max-snippet:-1","max-image-preview":"max-image-preview:large","max-video-preview":"max-video-preview:-1"},"canonical":"https:\/\/canal7slp.tv\/2022\/que-se-respete-la-presuncion-de-inocencia-dice-iglesia-de-slp-sobre-detencion-de-exsecretaria-de-salud\/","og_locale":"es_ES","og_type":"article","og_title":"Que se respete la presunci\u00f3n de inocencia, dice Iglesia de SLP sobre detenci\u00f3n de exsecretaria de Salud. - Canal 7 SLP - 2022","og_description":"SLP.- En rueda de prensa, el vocero de la Arquidi\u00f3cesis de San Luis Potos\u00ed, Juan Jes\u00fas Priego Rivera, hizo un llamado a las autoridades para que se respete la presunci\u00f3n de inocencia de la ex candidata a la gubernatura por Morena, M\u00f3nica Liliana Rangel Mart\u00ednez, quien fuera detenida por la Fiscal\u00eda General del Estado. \u00abLa postura es que ciertamente muchas cosas que est\u00e1n sucediendo en M\u00e9xico tienen este tufo pol\u00edtico como por ejemplo la detenci\u00f3n del ex gobernador de Nuevo Le\u00f3n, sin embargo, no nos toca a nosotros juzgar si es o no pol\u00edtico, pero s\u00ed nos toca decir que [&hellip;]","og_url":"https:\/\/canal7slp.tv\/2022\/que-se-respete-la-presuncion-de-inocencia-dice-iglesia-de-slp-sobre-detencion-de-exsecretaria-de-salud\/","og_site_name":"Canal 7 SLP - 2022","article_publisher":"https:\/\/www.facebook.com\/noticieroscanalsiete","article_published_time":"2022-04-13T22:57:31+00:00","og_image":[{"width":888,"height":500,"url":"https:\/\/canal7slp.tv\/2022\/wp-content\/uploads\/2022\/04\/Vazquez01IglesiaMonica.jpg","type":"image\/jpeg"}],"author":"Edici\u00f3n Web","twitter_card":"summary_large_image","twitter_creator":"@NOTICIEROS7","twitter_site":"@NOTICIEROS7","twitter_misc":{"Escrito por":"Edici\u00f3n Web","Tiempo de lectura":"2 minutos"},"schema":{"@context":"https:\/\/schema.org","@graph":[{"@type":"Article","@id":"https:\/\/canal7slp.tv\/2022\/que-se-respete-la-presuncion-de-inocencia-dice-iglesia-de-slp-sobre-detencion-de-exsecretaria-de-salud\/#article","isPartOf":{"@id":"https:\/\/canal7slp.tv\/2022\/que-se-respete-la-presuncion-de-inocencia-dice-iglesia-de-slp-sobre-detencion-de-exsecretaria-de-salud\/"},"author":{"name":"Edici\u00f3n Web","@id":"https:\/\/canal7slp.tv\/2022\/#\/schema\/person\/429704152a21f5f856ce29aa69a238da"},"headline":"Que se respete la presunci\u00f3n de inocencia, dice Iglesia de SLP sobre detenci\u00f3n de exsecretaria de Salud.","datePublished":"2022-04-13T22:57:31+00:00","mainEntityOfPage":{"@id":"https:\/\/canal7slp.tv\/2022\/que-se-respete-la-presuncion-de-inocencia-dice-iglesia-de-slp-sobre-detencion-de-exsecretaria-de-salud\/"},"wordCount":463,"publisher":{"@id":"https:\/\/canal7slp.tv\/2022\/#organization"},"image":{"@id":"https:\/\/canal7slp.tv\/2022\/que-se-respete-la-presuncion-de-inocencia-dice-iglesia-de-slp-sobre-detencion-de-exsecretaria-de-salud\/#primaryimage"},"thumbnailUrl":"https:\/\/canal7slp.tv\/2022\/wp-content\/uploads\/2022\/04\/Vazquez01IglesiaMonica.jpg","articleSection":["DESTACADAS","LOCALES Y REGIONALES"],"inLanguage":"es"},{"@type":"WebPage","@id":"https:\/\/canal7slp.tv\/2022\/que-se-respete-la-presuncion-de-inocencia-dice-iglesia-de-slp-sobre-detencion-de-exsecretaria-de-salud\/","url":"https:\/\/canal7slp.tv\/2022\/que-se-respete-la-presuncion-de-inocencia-dice-iglesia-de-slp-sobre-detencion-de-exsecretaria-de-salud\/","name":"Que se respete la presunci\u00f3n de inocencia, dice Iglesia de SLP sobre detenci\u00f3n de exsecretaria de Salud. - Canal 7 SLP - 2022","isPartOf":{"@id":"https:\/\/canal7slp.tv\/2022\/#website"},"primaryImageOfPage":{"@id":"https:\/\/canal7slp.tv\/2022\/que-se-respete-la-presuncion-de-inocencia-dice-iglesia-de-slp-sobre-detencion-de-exsecretaria-de-salud\/#primaryimage"},"image":{"@id":"https:\/\/canal7slp.tv\/2022\/que-se-respete-la-presuncion-de-inocencia-dice-iglesia-de-slp-sobre-detencion-de-exsecretaria-de-salud\/#primaryimage"},"thumbnailUrl":"https:\/\/canal7slp.tv\/2022\/wp-content\/uploads\/2022\/04\/Vazquez01IglesiaMonica.jpg","datePublished":"2022-04-13T22:57:31+00:00","breadcrumb":{"@id":"https:\/\/canal7slp.tv\/2022\/que-se-respete-la-presuncion-de-inocencia-dice-iglesia-de-slp-sobre-detencion-de-exsecretaria-de-salud\/#breadcrumb"},"inLanguage":"es","potentialAction":[{"@type":"ReadAction","target":["https:\/\/canal7slp.tv\/2022\/que-se-respete-la-presuncion-de-inocencia-dice-iglesia-de-slp-sobre-detencion-de-exsecretaria-de-salud\/"]}]},{"@type":"ImageObject","inLanguage":"es","@id":"https:\/\/canal7slp.tv\/2022\/que-se-respete-la-presuncion-de-inocencia-dice-iglesia-de-slp-sobre-detencion-de-exsecretaria-de-salud\/#primaryimage","url":"https:\/\/canal7slp.tv\/2022\/wp-content\/uploads\/2022\/04\/Vazquez01IglesiaMonica.jpg","contentUrl":"https:\/\/canal7slp.tv\/2022\/wp-content\/uploads\/2022\/04\/Vazquez01IglesiaMonica.jpg","width":888,"height":500},{"@type":"BreadcrumbList","@id":"https:\/\/canal7slp.tv\/2022\/que-se-respete-la-presuncion-de-inocencia-dice-iglesia-de-slp-sobre-detencion-de-exsecretaria-de-salud\/#breadcrumb","itemListElement":[{"@type":"ListItem","position":1,"name":"Portada","item":"https:\/\/canal7slp.tv\/2022\/"},{"@type":"ListItem","position":2,"name":"Que se respete la presunci\u00f3n de inocencia, dice Iglesia de SLP sobre detenci\u00f3n de exsecretaria de Salud."}]},{"@type":"WebSite","@id":"https:\/\/canal7slp.tv\/2022\/#website","url":"https:\/\/canal7slp.tv\/2022\/","name":"N7 - Noticieros Canal 7","description":"Somos Televisi\u00f3n","publisher":{"@id":"https:\/\/canal7slp.tv\/2022\/#organization"},"potentialAction":[{"@type":"SearchAction","target":{"@type":"EntryPoint","urlTemplate":"https:\/\/canal7slp.tv\/2022\/?s={search_term_string}"},"query-input":{"@type":"PropertyValueSpecification","valueRequired":true,"valueName":"search_term_string"}}],"inLanguage":"es"},{"@type":"Organization","@id":"https:\/\/canal7slp.tv\/2022\/#organization","name":"Noticieros Canal 7","url":"https:\/\/canal7slp.tv\/2022\/","logo":{"@type":"ImageObject","inLanguage":"es","@id":"https:\/\/canal7slp.tv\/2022\/#\/schema\/logo\/image\/","url":"https:\/\/canal7slp.tv\/2022\/wp-content\/uploads\/2021\/01\/logo-noticieros@2x.png","contentUrl":"https:\/\/canal7slp.tv\/2022\/wp-content\/uploads\/2021\/01\/logo-noticieros@2x.png","width":1017,"height":268,"caption":"Noticieros Canal 7"},"image":{"@id":"https:\/\/canal7slp.tv\/2022\/#\/schema\/logo\/image\/"},"sameAs":["https:\/\/www.facebook.com\/noticieroscanalsiete","https:\/\/x.com\/NOTICIEROS7","https:\/\/www.instagram.com\/canal7_slp","https:\/\/www.youtube.com\/channel\/UCliiYs-gP3JfJeqdPrNdd5A"]},{"@type":"Person","@id":"https:\/\/canal7slp.tv\/2022\/#\/schema\/person\/429704152a21f5f856ce29aa69a238da","name":"Edici\u00f3n Web","image":{"@type":"ImageObject","inLanguage":"es","@id":"https:\/\/secure.gravatar.com\/avatar\/eee448fc3f7164808013b816ba91ac7e43bbe82a70bebac296f8bc6f0addaa1a?s=96&d=mm&r=g","url":"https:\/\/secure.gravatar.com\/avatar\/eee448fc3f7164808013b816ba91ac7e43bbe82a70bebac296f8bc6f0addaa1a?s=96&d=mm&r=g","contentUrl":"https:\/\/secure.gravatar.com\/avatar\/eee448fc3f7164808013b816ba91ac7e43bbe82a70bebac296f8bc6f0addaa1a?s=96&d=mm&r=g","caption":"Edici\u00f3n Web"},"url":"https:\/\/canal7slp.tv\/2022\/author\/edicionweb\/"}]}},"amp_enabled":true,"_links":{"self":[{"href":"https:\/\/canal7slp.tv\/2022\/wp-json\/wp\/v2\/posts\/57226","targetHints":{"allow":["GET"]}}],"collection":[{"href":"https:\/\/canal7slp.tv\/2022\/wp-json\/wp\/v2\/posts"}],"about":[{"href":"https:\/\/canal7slp.tv\/2022\/wp-json\/wp\/v2\/types\/post"}],"author":[{"embeddable":true,"href":"https:\/\/canal7slp.tv\/2022\/wp-json\/wp\/v2\/users\/2"}],"replies":[{"embeddable":true,"href":"https:\/\/canal7slp.tv\/2022\/wp-json\/wp\/v2\/comments?post=57226"}],"version-history":[{"count":3,"href":"https:\/\/canal7slp.tv\/2022\/wp-json\/wp\/v2\/posts\/57226\/revisions"}],"predecessor-version":[{"id":57249,"href":"https:\/\/canal7slp.tv\/2022\/wp-json\/wp\/v2\/posts\/57226\/revisions\/57249"}],"wp:featuredmedia":[{"embeddable":true,"href":"https:\/\/canal7slp.tv\/2022\/wp-json\/wp\/v2\/media\/57248"}],"wp:attachment":[{"href":"https:\/\/canal7slp.tv\/2022\/wp-json\/wp\/v2\/media?parent=57226"}],"wp:term":[{"taxonomy":"category","embeddable":true,"href":"https:\/\/canal7slp.tv\/2022\/wp-json\/wp\/v2\/categories?post=57226"},{"taxonomy":"post_tag","embeddable":true,"href":"https:\/\/canal7slp.tv\/2022\/wp-json\/wp\/v2\/tags?post=57226"}],"curies":[{"name":"wp","href":"https:\/\/api.w.org\/{rel}","templated":true}]}}