{"id":57192,"date":"2022-04-13T14:19:12","date_gmt":"2022-04-13T20:19:12","guid":{"rendered":"https:\/\/canal7slp.tv\/2022\/?p=57192"},"modified":"2022-04-13T14:19:12","modified_gmt":"2022-04-13T20:19:12","slug":"prd-interpone-juicio-de-nulidad-contra-la-consulta-de-revocacion-de-mandato","status":"publish","type":"post","link":"https:\/\/canal7slp.tv\/2022\/prd-interpone-juicio-de-nulidad-contra-la-consulta-de-revocacion-de-mandato\/","title":{"rendered":"PRD interpone Juicio de Nulidad contra la consulta de Revocaci\u00f3n de Mandato"},"content":{"rendered":"<p style=\"text-align: justify;\">M\u00e9xico.- La dirigencia del Partido de la Revoluci\u00f3n Democr\u00e1tica (PRD), interpusieron ante el Instituto Nacional Electoral (INE) un Juicio de Nulidad en contra de la consulta de Revocaci\u00f3n de Mandato, misma que se realiz\u00f3 el 10 de abril.<\/p>\n<p style=\"text-align: justify;\">De acuerdo con documento presentado, los servidores p\u00fablicos federales y locales violaron los principios de neutralidad que deben observarse en un ejercicio de este tipo.<\/p>\n<p style=\"text-align: justify;\">Tras la entrega del recurso legal ante INE, Jos\u00e9 de Jes\u00fas Zambrano Grijalva -dirigente nacional del PRD- afirm\u00f3 que el objetivo es sentar un precedente para que no se repitan estas anomal\u00edas en 2024.<\/p>\n<p style=\"text-align: justify;\">Destac\u00f3 que la intervenci\u00f3n abierta en la promoci\u00f3n de la consulta por parte del presidente y funcionarios federales y locales, as\u00ed como el uso de recursos p\u00fablicos no puede quedar en un acto de \u201cpicard\u00eda pol\u00edtica\u201d.<\/p>\n","protected":false},"excerpt":{"rendered":"<p>M\u00e9xico.- La dirigencia del Partido de la Revoluci\u00f3n Democr\u00e1tica (PRD), interpusieron ante el Instituto Nacional Electoral (INE) un Juicio de Nulidad en contra de la consulta de Revocaci\u00f3n de Mandato, misma que se realiz\u00f3 el 10 de abril. De acuerdo con documento presentado, los servidores p\u00fablicos federales y locales violaron los principios de neutralidad que deben observarse en un ejercicio de este tipo. Tras la entrega del recurso legal ante INE, Jos\u00e9 de Jes\u00fas Zambrano Grijalva -dirigente nacional del PRD- afirm\u00f3 que el objetivo es sentar un precedente para que no se repitan estas anomal\u00edas en 2024. Destac\u00f3 que la [&hellip;]<\/p>\n","protected":false},"author":2,"featured_media":57204,"comment_status":"closed","ping_status":"closed","sticky":false,"template":"","format":"standard","meta":{"footnotes":""},"categories":[46],"tags":[],"class_list":["post-57192","post","type-post","status-publish","format-standard","has-post-thumbnail","hentry","category-nacional","post--single"],"yoast_head":"<!-- This site is optimized with the Yoast SEO plugin v27.4 - https:\/\/yoast.com\/product\/yoast-seo-wordpress\/ -->\n<title>PRD interpone Juicio de Nulidad contra la consulta de Revocaci\u00f3n de Mandato - Canal 7 SLP - 2022<\/title>\n<meta name=\"robots\" content=\"index, follow, max-snippet:-1, max-image-preview:large, max-video-preview:-1\" \/>\n<link rel=\"canonical\" href=\"https:\/\/canal7slp.tv\/2022\/prd-interpone-juicio-de-nulidad-contra-la-consulta-de-revocacion-de-mandato\/\" \/>\n<meta property=\"og:locale\" content=\"es_ES\" \/>\n<meta property=\"og:type\" content=\"article\" \/>\n<meta property=\"og:title\" content=\"PRD interpone Juicio de Nulidad contra la consulta de Revocaci\u00f3n de Mandato - Canal 7 SLP - 2022\" \/>\n<meta property=\"og:description\" content=\"M\u00e9xico.- La dirigencia del Partido de la Revoluci\u00f3n Democr\u00e1tica (PRD), interpusieron ante el Instituto Nacional Electoral (INE) un Juicio de Nulidad en contra de la consulta de Revocaci\u00f3n de Mandato, misma que se realiz\u00f3 el 10 de abril. De acuerdo con documento presentado, los servidores p\u00fablicos federales y locales violaron los principios de neutralidad que deben observarse en un ejercicio de este tipo. Tras la entrega del recurso legal ante INE, Jos\u00e9 de Jes\u00fas Zambrano Grijalva -dirigente nacional del PRD- afirm\u00f3 que el objetivo es sentar un precedente para que no se repitan estas anomal\u00edas en 2024. Destac\u00f3 que la [&hellip;]\" \/>\n<meta property=\"og:url\" content=\"https:\/\/canal7slp.tv\/2022\/prd-interpone-juicio-de-nulidad-contra-la-consulta-de-revocacion-de-mandato\/\" \/>\n<meta property=\"og:site_name\" content=\"Canal 7 SLP - 2022\" \/>\n<meta property=\"article:publisher\" content=\"https:\/\/www.facebook.com\/noticieroscanalsiete\" \/>\n<meta property=\"article:published_time\" content=\"2022-04-13T20:19:12+00:00\" \/>\n<meta property=\"og:image\" content=\"https:\/\/canal7slp.tv\/2022\/wp-content\/uploads\/2022\/04\/05-9.jpg\" \/>\n\t<meta property=\"og:image:width\" content=\"1200\" \/>\n\t<meta property=\"og:image:height\" content=\"804\" \/>\n\t<meta property=\"og:image:type\" content=\"image\/jpeg\" \/>\n<meta name=\"author\" content=\"Edici\u00f3n Web\" \/>\n<meta name=\"twitter:card\" content=\"summary_large_image\" \/>\n<meta name=\"twitter:creator\" content=\"@NOTICIEROS7\" \/>\n<meta name=\"twitter:site\" content=\"@NOTICIEROS7\" \/>\n<meta name=\"twitter:label1\" content=\"Escrito por\" \/>\n\t<meta name=\"twitter:data1\" content=\"Edici\u00f3n Web\" \/>\n\t<meta name=\"twitter:label2\" content=\"Tiempo de lectura\" \/>\n\t<meta name=\"twitter:data2\" content=\"1 minuto\" \/>\n<script type=\"application\/ld+json\" class=\"yoast-schema-graph\">{\"@context\":\"https:\\\/\\\/schema.org\",\"@graph\":[{\"@type\":\"Article\",\"@id\":\"https:\\\/\\\/canal7slp.tv\\\/2022\\\/prd-interpone-juicio-de-nulidad-contra-la-consulta-de-revocacion-de-mandato\\\/#article\",\"isPartOf\":{\"@id\":\"https:\\\/\\\/canal7slp.tv\\\/2022\\\/prd-interpone-juicio-de-nulidad-contra-la-consulta-de-revocacion-de-mandato\\\/\"},\"author\":{\"name\":\"Edici\u00f3n Web\",\"@id\":\"https:\\\/\\\/canal7slp.tv\\\/2022\\\/#\\\/schema\\\/person\\\/429704152a21f5f856ce29aa69a238da\"},\"headline\":\"PRD interpone Juicio de Nulidad contra la consulta de Revocaci\u00f3n de Mandato\",\"datePublished\":\"2022-04-13T20:19:12+00:00\",\"mainEntityOfPage\":{\"@id\":\"https:\\\/\\\/canal7slp.tv\\\/2022\\\/prd-interpone-juicio-de-nulidad-contra-la-consulta-de-revocacion-de-mandato\\\/\"},\"wordCount\":157,\"publisher\":{\"@id\":\"https:\\\/\\\/canal7slp.tv\\\/2022\\\/#organization\"},\"image\":{\"@id\":\"https:\\\/\\\/canal7slp.tv\\\/2022\\\/prd-interpone-juicio-de-nulidad-contra-la-consulta-de-revocacion-de-mandato\\\/#primaryimage\"},\"thumbnailUrl\":\"https:\\\/\\\/canal7slp.tv\\\/2022\\\/wp-content\\\/uploads\\\/2022\\\/04\\\/05-9.jpg\",\"articleSection\":[\"NACIONALES\"],\"inLanguage\":\"es\"},{\"@type\":\"WebPage\",\"@id\":\"https:\\\/\\\/canal7slp.tv\\\/2022\\\/prd-interpone-juicio-de-nulidad-contra-la-consulta-de-revocacion-de-mandato\\\/\",\"url\":\"https:\\\/\\\/canal7slp.tv\\\/2022\\\/prd-interpone-juicio-de-nulidad-contra-la-consulta-de-revocacion-de-mandato\\\/\",\"name\":\"PRD interpone Juicio de Nulidad contra la consulta de Revocaci\u00f3n de Mandato - Canal 7 SLP - 2022\",\"isPartOf\":{\"@id\":\"https:\\\/\\\/canal7slp.tv\\\/2022\\\/#website\"},\"primaryImageOfPage\":{\"@id\":\"https:\\\/\\\/canal7slp.tv\\\/2022\\\/prd-interpone-juicio-de-nulidad-contra-la-consulta-de-revocacion-de-mandato\\\/#primaryimage\"},\"image\":{\"@id\":\"https:\\\/\\\/canal7slp.tv\\\/2022\\\/prd-interpone-juicio-de-nulidad-contra-la-consulta-de-revocacion-de-mandato\\\/#primaryimage\"},\"thumbnailUrl\":\"https:\\\/\\\/canal7slp.tv\\\/2022\\\/wp-content\\\/uploads\\\/2022\\\/04\\\/05-9.jpg\",\"datePublished\":\"2022-04-13T20:19:12+00:00\",\"breadcrumb\":{\"@id\":\"https:\\\/\\\/canal7slp.tv\\\/2022\\\/prd-interpone-juicio-de-nulidad-contra-la-consulta-de-revocacion-de-mandato\\\/#breadcrumb\"},\"inLanguage\":\"es\",\"potentialAction\":[{\"@type\":\"ReadAction\",\"target\":[\"https:\\\/\\\/canal7slp.tv\\\/2022\\\/prd-interpone-juicio-de-nulidad-contra-la-consulta-de-revocacion-de-mandato\\\/\"]}]},{\"@type\":\"ImageObject\",\"inLanguage\":\"es\",\"@id\":\"https:\\\/\\\/canal7slp.tv\\\/2022\\\/prd-interpone-juicio-de-nulidad-contra-la-consulta-de-revocacion-de-mandato\\\/#primaryimage\",\"url\":\"https:\\\/\\\/canal7slp.tv\\\/2022\\\/wp-content\\\/uploads\\\/2022\\\/04\\\/05-9.jpg\",\"contentUrl\":\"https:\\\/\\\/canal7slp.tv\\\/2022\\\/wp-content\\\/uploads\\\/2022\\\/04\\\/05-9.jpg\",\"width\":1200,\"height\":804},{\"@type\":\"BreadcrumbList\",\"@id\":\"https:\\\/\\\/canal7slp.tv\\\/2022\\\/prd-interpone-juicio-de-nulidad-contra-la-consulta-de-revocacion-de-mandato\\\/#breadcrumb\",\"itemListElement\":[{\"@type\":\"ListItem\",\"position\":1,\"name\":\"Portada\",\"item\":\"https:\\\/\\\/canal7slp.tv\\\/2022\\\/\"},{\"@type\":\"ListItem\",\"position\":2,\"name\":\"PRD interpone Juicio de Nulidad contra la consulta de Revocaci\u00f3n de Mandato\"}]},{\"@type\":\"WebSite\",\"@id\":\"https:\\\/\\\/canal7slp.tv\\\/2022\\\/#website\",\"url\":\"https:\\\/\\\/canal7slp.tv\\\/2022\\\/\",\"name\":\"N7 - Noticieros Canal 7\",\"description\":\"Somos Televisi\u00f3n\",\"publisher\":{\"@id\":\"https:\\\/\\\/canal7slp.tv\\\/2022\\\/#organization\"},\"potentialAction\":[{\"@type\":\"SearchAction\",\"target\":{\"@type\":\"EntryPoint\",\"urlTemplate\":\"https:\\\/\\\/canal7slp.tv\\\/2022\\\/?s={search_term_string}\"},\"query-input\":{\"@type\":\"PropertyValueSpecification\",\"valueRequired\":true,\"valueName\":\"search_term_string\"}}],\"inLanguage\":\"es\"},{\"@type\":\"Organization\",\"@id\":\"https:\\\/\\\/canal7slp.tv\\\/2022\\\/#organization\",\"name\":\"Noticieros Canal 7\",\"url\":\"https:\\\/\\\/canal7slp.tv\\\/2022\\\/\",\"logo\":{\"@type\":\"ImageObject\",\"inLanguage\":\"es\",\"@id\":\"https:\\\/\\\/canal7slp.tv\\\/2022\\\/#\\\/schema\\\/logo\\\/image\\\/\",\"url\":\"https:\\\/\\\/canal7slp.tv\\\/2022\\\/wp-content\\\/uploads\\\/2021\\\/01\\\/logo-noticieros@2x.png\",\"contentUrl\":\"https:\\\/\\\/canal7slp.tv\\\/2022\\\/wp-content\\\/uploads\\\/2021\\\/01\\\/logo-noticieros@2x.png\",\"width\":1017,\"height\":268,\"caption\":\"Noticieros Canal 7\"},\"image\":{\"@id\":\"https:\\\/\\\/canal7slp.tv\\\/2022\\\/#\\\/schema\\\/logo\\\/image\\\/\"},\"sameAs\":[\"https:\\\/\\\/www.facebook.com\\\/noticieroscanalsiete\",\"https:\\\/\\\/x.com\\\/NOTICIEROS7\",\"https:\\\/\\\/www.instagram.com\\\/canal7_slp\",\"https:\\\/\\\/www.youtube.com\\\/channel\\\/UCliiYs-gP3JfJeqdPrNdd5A\"]},{\"@type\":\"Person\",\"@id\":\"https:\\\/\\\/canal7slp.tv\\\/2022\\\/#\\\/schema\\\/person\\\/429704152a21f5f856ce29aa69a238da\",\"name\":\"Edici\u00f3n Web\",\"image\":{\"@type\":\"ImageObject\",\"inLanguage\":\"es\",\"@id\":\"https:\\\/\\\/secure.gravatar.com\\\/avatar\\\/eee448fc3f7164808013b816ba91ac7e43bbe82a70bebac296f8bc6f0addaa1a?s=96&d=mm&r=g\",\"url\":\"https:\\\/\\\/secure.gravatar.com\\\/avatar\\\/eee448fc3f7164808013b816ba91ac7e43bbe82a70bebac296f8bc6f0addaa1a?s=96&d=mm&r=g\",\"contentUrl\":\"https:\\\/\\\/secure.gravatar.com\\\/avatar\\\/eee448fc3f7164808013b816ba91ac7e43bbe82a70bebac296f8bc6f0addaa1a?s=96&d=mm&r=g\",\"caption\":\"Edici\u00f3n Web\"},\"url\":\"https:\\\/\\\/canal7slp.tv\\\/2022\\\/author\\\/edicionweb\\\/\"}]}<\/script>\n<!-- \/ Yoast SEO plugin. -->","yoast_head_json":{"title":"PRD interpone Juicio de Nulidad contra la consulta de Revocaci\u00f3n de Mandato - Canal 7 SLP - 2022","robots":{"index":"index","follow":"follow","max-snippet":"max-snippet:-1","max-image-preview":"max-image-preview:large","max-video-preview":"max-video-preview:-1"},"canonical":"https:\/\/canal7slp.tv\/2022\/prd-interpone-juicio-de-nulidad-contra-la-consulta-de-revocacion-de-mandato\/","og_locale":"es_ES","og_type":"article","og_title":"PRD interpone Juicio de Nulidad contra la consulta de Revocaci\u00f3n de Mandato - Canal 7 SLP - 2022","og_description":"M\u00e9xico.- La dirigencia del Partido de la Revoluci\u00f3n Democr\u00e1tica (PRD), interpusieron ante el Instituto Nacional Electoral (INE) un Juicio de Nulidad en contra de la consulta de Revocaci\u00f3n de Mandato, misma que se realiz\u00f3 el 10 de abril. De acuerdo con documento presentado, los servidores p\u00fablicos federales y locales violaron los principios de neutralidad que deben observarse en un ejercicio de este tipo. Tras la entrega del recurso legal ante INE, Jos\u00e9 de Jes\u00fas Zambrano Grijalva -dirigente nacional del PRD- afirm\u00f3 que el objetivo es sentar un precedente para que no se repitan estas anomal\u00edas en 2024. Destac\u00f3 que la [&hellip;]","og_url":"https:\/\/canal7slp.tv\/2022\/prd-interpone-juicio-de-nulidad-contra-la-consulta-de-revocacion-de-mandato\/","og_site_name":"Canal 7 SLP - 2022","article_publisher":"https:\/\/www.facebook.com\/noticieroscanalsiete","article_published_time":"2022-04-13T20:19:12+00:00","og_image":[{"width":1200,"height":804,"url":"https:\/\/canal7slp.tv\/2022\/wp-content\/uploads\/2022\/04\/05-9.jpg","type":"image\/jpeg"}],"author":"Edici\u00f3n Web","twitter_card":"summary_large_image","twitter_creator":"@NOTICIEROS7","twitter_site":"@NOTICIEROS7","twitter_misc":{"Escrito por":"Edici\u00f3n Web","Tiempo de lectura":"1 minuto"},"schema":{"@context":"https:\/\/schema.org","@graph":[{"@type":"Article","@id":"https:\/\/canal7slp.tv\/2022\/prd-interpone-juicio-de-nulidad-contra-la-consulta-de-revocacion-de-mandato\/#article","isPartOf":{"@id":"https:\/\/canal7slp.tv\/2022\/prd-interpone-juicio-de-nulidad-contra-la-consulta-de-revocacion-de-mandato\/"},"author":{"name":"Edici\u00f3n Web","@id":"https:\/\/canal7slp.tv\/2022\/#\/schema\/person\/429704152a21f5f856ce29aa69a238da"},"headline":"PRD interpone Juicio de Nulidad contra la consulta de Revocaci\u00f3n de Mandato","datePublished":"2022-04-13T20:19:12+00:00","mainEntityOfPage":{"@id":"https:\/\/canal7slp.tv\/2022\/prd-interpone-juicio-de-nulidad-contra-la-consulta-de-revocacion-de-mandato\/"},"wordCount":157,"publisher":{"@id":"https:\/\/canal7slp.tv\/2022\/#organization"},"image":{"@id":"https:\/\/canal7slp.tv\/2022\/prd-interpone-juicio-de-nulidad-contra-la-consulta-de-revocacion-de-mandato\/#primaryimage"},"thumbnailUrl":"https:\/\/canal7slp.tv\/2022\/wp-content\/uploads\/2022\/04\/05-9.jpg","articleSection":["NACIONALES"],"inLanguage":"es"},{"@type":"WebPage","@id":"https:\/\/canal7slp.tv\/2022\/prd-interpone-juicio-de-nulidad-contra-la-consulta-de-revocacion-de-mandato\/","url":"https:\/\/canal7slp.tv\/2022\/prd-interpone-juicio-de-nulidad-contra-la-consulta-de-revocacion-de-mandato\/","name":"PRD interpone Juicio de Nulidad contra la consulta de Revocaci\u00f3n de Mandato - Canal 7 SLP - 2022","isPartOf":{"@id":"https:\/\/canal7slp.tv\/2022\/#website"},"primaryImageOfPage":{"@id":"https:\/\/canal7slp.tv\/2022\/prd-interpone-juicio-de-nulidad-contra-la-consulta-de-revocacion-de-mandato\/#primaryimage"},"image":{"@id":"https:\/\/canal7slp.tv\/2022\/prd-interpone-juicio-de-nulidad-contra-la-consulta-de-revocacion-de-mandato\/#primaryimage"},"thumbnailUrl":"https:\/\/canal7slp.tv\/2022\/wp-content\/uploads\/2022\/04\/05-9.jpg","datePublished":"2022-04-13T20:19:12+00:00","breadcrumb":{"@id":"https:\/\/canal7slp.tv\/2022\/prd-interpone-juicio-de-nulidad-contra-la-consulta-de-revocacion-de-mandato\/#breadcrumb"},"inLanguage":"es","potentialAction":[{"@type":"ReadAction","target":["https:\/\/canal7slp.tv\/2022\/prd-interpone-juicio-de-nulidad-contra-la-consulta-de-revocacion-de-mandato\/"]}]},{"@type":"ImageObject","inLanguage":"es","@id":"https:\/\/canal7slp.tv\/2022\/prd-interpone-juicio-de-nulidad-contra-la-consulta-de-revocacion-de-mandato\/#primaryimage","url":"https:\/\/canal7slp.tv\/2022\/wp-content\/uploads\/2022\/04\/05-9.jpg","contentUrl":"https:\/\/canal7slp.tv\/2022\/wp-content\/uploads\/2022\/04\/05-9.jpg","width":1200,"height":804},{"@type":"BreadcrumbList","@id":"https:\/\/canal7slp.tv\/2022\/prd-interpone-juicio-de-nulidad-contra-la-consulta-de-revocacion-de-mandato\/#breadcrumb","itemListElement":[{"@type":"ListItem","position":1,"name":"Portada","item":"https:\/\/canal7slp.tv\/2022\/"},{"@type":"ListItem","position":2,"name":"PRD interpone Juicio de Nulidad contra la consulta de Revocaci\u00f3n de Mandato"}]},{"@type":"WebSite","@id":"https:\/\/canal7slp.tv\/2022\/#website","url":"https:\/\/canal7slp.tv\/2022\/","name":"N7 - Noticieros Canal 7","description":"Somos Televisi\u00f3n","publisher":{"@id":"https:\/\/canal7slp.tv\/2022\/#organization"},"potentialAction":[{"@type":"SearchAction","target":{"@type":"EntryPoint","urlTemplate":"https:\/\/canal7slp.tv\/2022\/?s={search_term_string}"},"query-input":{"@type":"PropertyValueSpecification","valueRequired":true,"valueName":"search_term_string"}}],"inLanguage":"es"},{"@type":"Organization","@id":"https:\/\/canal7slp.tv\/2022\/#organization","name":"Noticieros Canal 7","url":"https:\/\/canal7slp.tv\/2022\/","logo":{"@type":"ImageObject","inLanguage":"es","@id":"https:\/\/canal7slp.tv\/2022\/#\/schema\/logo\/image\/","url":"https:\/\/canal7slp.tv\/2022\/wp-content\/uploads\/2021\/01\/logo-noticieros@2x.png","contentUrl":"https:\/\/canal7slp.tv\/2022\/wp-content\/uploads\/2021\/01\/logo-noticieros@2x.png","width":1017,"height":268,"caption":"Noticieros Canal 7"},"image":{"@id":"https:\/\/canal7slp.tv\/2022\/#\/schema\/logo\/image\/"},"sameAs":["https:\/\/www.facebook.com\/noticieroscanalsiete","https:\/\/x.com\/NOTICIEROS7","https:\/\/www.instagram.com\/canal7_slp","https:\/\/www.youtube.com\/channel\/UCliiYs-gP3JfJeqdPrNdd5A"]},{"@type":"Person","@id":"https:\/\/canal7slp.tv\/2022\/#\/schema\/person\/429704152a21f5f856ce29aa69a238da","name":"Edici\u00f3n Web","image":{"@type":"ImageObject","inLanguage":"es","@id":"https:\/\/secure.gravatar.com\/avatar\/eee448fc3f7164808013b816ba91ac7e43bbe82a70bebac296f8bc6f0addaa1a?s=96&d=mm&r=g","url":"https:\/\/secure.gravatar.com\/avatar\/eee448fc3f7164808013b816ba91ac7e43bbe82a70bebac296f8bc6f0addaa1a?s=96&d=mm&r=g","contentUrl":"https:\/\/secure.gravatar.com\/avatar\/eee448fc3f7164808013b816ba91ac7e43bbe82a70bebac296f8bc6f0addaa1a?s=96&d=mm&r=g","caption":"Edici\u00f3n Web"},"url":"https:\/\/canal7slp.tv\/2022\/author\/edicionweb\/"}]}},"amp_enabled":true,"_links":{"self":[{"href":"https:\/\/canal7slp.tv\/2022\/wp-json\/wp\/v2\/posts\/57192","targetHints":{"allow":["GET"]}}],"collection":[{"href":"https:\/\/canal7slp.tv\/2022\/wp-json\/wp\/v2\/posts"}],"about":[{"href":"https:\/\/canal7slp.tv\/2022\/wp-json\/wp\/v2\/types\/post"}],"author":[{"embeddable":true,"href":"https:\/\/canal7slp.tv\/2022\/wp-json\/wp\/v2\/users\/2"}],"replies":[{"embeddable":true,"href":"https:\/\/canal7slp.tv\/2022\/wp-json\/wp\/v2\/comments?post=57192"}],"version-history":[{"count":2,"href":"https:\/\/canal7slp.tv\/2022\/wp-json\/wp\/v2\/posts\/57192\/revisions"}],"predecessor-version":[{"id":57211,"href":"https:\/\/canal7slp.tv\/2022\/wp-json\/wp\/v2\/posts\/57192\/revisions\/57211"}],"wp:featuredmedia":[{"embeddable":true,"href":"https:\/\/canal7slp.tv\/2022\/wp-json\/wp\/v2\/media\/57204"}],"wp:attachment":[{"href":"https:\/\/canal7slp.tv\/2022\/wp-json\/wp\/v2\/media?parent=57192"}],"wp:term":[{"taxonomy":"category","embeddable":true,"href":"https:\/\/canal7slp.tv\/2022\/wp-json\/wp\/v2\/categories?post=57192"},{"taxonomy":"post_tag","embeddable":true,"href":"https:\/\/canal7slp.tv\/2022\/wp-json\/wp\/v2\/tags?post=57192"}],"curies":[{"name":"wp","href":"https:\/\/api.w.org\/{rel}","templated":true}]}}