{"id":57190,"date":"2022-04-13T14:19:24","date_gmt":"2022-04-13T20:19:24","guid":{"rendered":"https:\/\/canal7slp.tv\/2022\/?p=57190"},"modified":"2022-04-13T14:19:24","modified_gmt":"2022-04-13T20:19:24","slug":"semar-advierte-sobre-mar-de-fondo-en-seis-estados-del-pais","status":"publish","type":"post","link":"https:\/\/canal7slp.tv\/2022\/semar-advierte-sobre-mar-de-fondo-en-seis-estados-del-pais\/","title":{"rendered":"SEMAR advierte sobre mar de fondo en seis estados del pa\u00eds"},"content":{"rendered":"<p style=\"text-align: justify;\">M\u00e9xico.- Autoridades emitieron una alerta tanto a turistas como a la poblaci\u00f3n en general, por un pron\u00f3stico de mar de fondo en el Oc\u00e9ano Pac\u00edfico.<\/p>\n<p style=\"text-align: justify;\">Dicho fen\u00f3meno ocasionar\u00e1 alto oleaje en las costas de al menos seis estados durante los d\u00edas de alta afluencia de la Semana Santa 2022; es decir del 13 al 15 de abril.<\/p>\n<p style=\"text-align: justify;\">Fue la Secretar\u00eda de Marina Armada de M\u00e9xico (SEMAR), a trav\u00e9s del Centro de An\u00e1lisis y Pron\u00f3stico Meteorol\u00f3gico Mar\u00edtimo, quien emiti\u00f3 un aviso preventivo en el Oc\u00e9ano Pac\u00edfico, a fin de que se extremen las medidas de precauci\u00f3n necesarias en:<\/p>\n<ul style=\"text-align: justify;\">\n<li>Chiapas<\/li>\n<li>Colima<\/li>\n<li>Guerrero<\/li>\n<li>Jalisco<\/li>\n<li>Michoac\u00e1n<\/li>\n<li>Oaxaca<\/li>\n<\/ul>\n<p style=\"text-align: justify;\">\u201cEl fen\u00f3meno mar\u00edtimo favorecer\u00e1 alto oleaje de hasta 2.4 metros de altura a partir del mi\u00e9rcoles 13, y hasta el pr\u00f3ximo viernes 15 de abril\u201d, detall\u00f3 el comunicado.<\/p>\n","protected":false},"excerpt":{"rendered":"<p>M\u00e9xico.- Autoridades emitieron una alerta tanto a turistas como a la poblaci\u00f3n en general, por un pron\u00f3stico de mar de fondo en el Oc\u00e9ano Pac\u00edfico. Dicho fen\u00f3meno ocasionar\u00e1 alto oleaje en las costas de al menos seis estados durante los d\u00edas de alta afluencia de la Semana Santa 2022; es decir del 13 al 15 de abril. Fue la Secretar\u00eda de Marina Armada de M\u00e9xico (SEMAR), a trav\u00e9s del Centro de An\u00e1lisis y Pron\u00f3stico Meteorol\u00f3gico Mar\u00edtimo, quien emiti\u00f3 un aviso preventivo en el Oc\u00e9ano Pac\u00edfico, a fin de que se extremen las medidas de precauci\u00f3n necesarias en: Chiapas Colima Guerrero [&hellip;]<\/p>\n","protected":false},"author":2,"featured_media":57203,"comment_status":"closed","ping_status":"closed","sticky":false,"template":"","format":"standard","meta":{"footnotes":""},"categories":[46],"tags":[],"class_list":["post-57190","post","type-post","status-publish","format-standard","has-post-thumbnail","hentry","category-nacional","post--single"],"yoast_head":"<!-- This site is optimized with the Yoast SEO plugin v27.4 - https:\/\/yoast.com\/product\/yoast-seo-wordpress\/ -->\n<title>SEMAR advierte sobre mar de fondo en seis estados del pa\u00eds - Canal 7 SLP - 2022<\/title>\n<meta name=\"robots\" content=\"index, follow, max-snippet:-1, max-image-preview:large, max-video-preview:-1\" \/>\n<link rel=\"canonical\" href=\"https:\/\/canal7slp.tv\/2022\/semar-advierte-sobre-mar-de-fondo-en-seis-estados-del-pais\/\" \/>\n<meta property=\"og:locale\" content=\"es_ES\" \/>\n<meta property=\"og:type\" content=\"article\" \/>\n<meta property=\"og:title\" content=\"SEMAR advierte sobre mar de fondo en seis estados del pa\u00eds - Canal 7 SLP - 2022\" \/>\n<meta property=\"og:description\" content=\"M\u00e9xico.- Autoridades emitieron una alerta tanto a turistas como a la poblaci\u00f3n en general, por un pron\u00f3stico de mar de fondo en el Oc\u00e9ano Pac\u00edfico. Dicho fen\u00f3meno ocasionar\u00e1 alto oleaje en las costas de al menos seis estados durante los d\u00edas de alta afluencia de la Semana Santa 2022; es decir del 13 al 15 de abril. Fue la Secretar\u00eda de Marina Armada de M\u00e9xico (SEMAR), a trav\u00e9s del Centro de An\u00e1lisis y Pron\u00f3stico Meteorol\u00f3gico Mar\u00edtimo, quien emiti\u00f3 un aviso preventivo en el Oc\u00e9ano Pac\u00edfico, a fin de que se extremen las medidas de precauci\u00f3n necesarias en: Chiapas Colima Guerrero [&hellip;]\" \/>\n<meta property=\"og:url\" content=\"https:\/\/canal7slp.tv\/2022\/semar-advierte-sobre-mar-de-fondo-en-seis-estados-del-pais\/\" \/>\n<meta property=\"og:site_name\" content=\"Canal 7 SLP - 2022\" \/>\n<meta property=\"article:publisher\" content=\"https:\/\/www.facebook.com\/noticieroscanalsiete\" \/>\n<meta property=\"article:published_time\" content=\"2022-04-13T20:19:24+00:00\" \/>\n<meta property=\"og:image\" content=\"https:\/\/canal7slp.tv\/2022\/wp-content\/uploads\/2022\/04\/03-12.jpg\" \/>\n\t<meta property=\"og:image:width\" content=\"1280\" \/>\n\t<meta property=\"og:image:height\" content=\"720\" \/>\n\t<meta property=\"og:image:type\" content=\"image\/jpeg\" \/>\n<meta name=\"author\" content=\"Edici\u00f3n Web\" \/>\n<meta name=\"twitter:card\" content=\"summary_large_image\" \/>\n<meta name=\"twitter:creator\" content=\"@NOTICIEROS7\" \/>\n<meta name=\"twitter:site\" content=\"@NOTICIEROS7\" \/>\n<meta name=\"twitter:label1\" content=\"Escrito por\" \/>\n\t<meta name=\"twitter:data1\" content=\"Edici\u00f3n Web\" \/>\n\t<meta name=\"twitter:label2\" content=\"Tiempo de lectura\" \/>\n\t<meta name=\"twitter:data2\" content=\"1 minuto\" \/>\n<script type=\"application\/ld+json\" class=\"yoast-schema-graph\">{\"@context\":\"https:\\\/\\\/schema.org\",\"@graph\":[{\"@type\":\"Article\",\"@id\":\"https:\\\/\\\/canal7slp.tv\\\/2022\\\/semar-advierte-sobre-mar-de-fondo-en-seis-estados-del-pais\\\/#article\",\"isPartOf\":{\"@id\":\"https:\\\/\\\/canal7slp.tv\\\/2022\\\/semar-advierte-sobre-mar-de-fondo-en-seis-estados-del-pais\\\/\"},\"author\":{\"name\":\"Edici\u00f3n Web\",\"@id\":\"https:\\\/\\\/canal7slp.tv\\\/2022\\\/#\\\/schema\\\/person\\\/429704152a21f5f856ce29aa69a238da\"},\"headline\":\"SEMAR advierte sobre mar de fondo en seis estados del pa\u00eds\",\"datePublished\":\"2022-04-13T20:19:24+00:00\",\"mainEntityOfPage\":{\"@id\":\"https:\\\/\\\/canal7slp.tv\\\/2022\\\/semar-advierte-sobre-mar-de-fondo-en-seis-estados-del-pais\\\/\"},\"wordCount\":160,\"publisher\":{\"@id\":\"https:\\\/\\\/canal7slp.tv\\\/2022\\\/#organization\"},\"image\":{\"@id\":\"https:\\\/\\\/canal7slp.tv\\\/2022\\\/semar-advierte-sobre-mar-de-fondo-en-seis-estados-del-pais\\\/#primaryimage\"},\"thumbnailUrl\":\"https:\\\/\\\/canal7slp.tv\\\/2022\\\/wp-content\\\/uploads\\\/2022\\\/04\\\/03-12.jpg\",\"articleSection\":[\"NACIONALES\"],\"inLanguage\":\"es\"},{\"@type\":\"WebPage\",\"@id\":\"https:\\\/\\\/canal7slp.tv\\\/2022\\\/semar-advierte-sobre-mar-de-fondo-en-seis-estados-del-pais\\\/\",\"url\":\"https:\\\/\\\/canal7slp.tv\\\/2022\\\/semar-advierte-sobre-mar-de-fondo-en-seis-estados-del-pais\\\/\",\"name\":\"SEMAR advierte sobre mar de fondo en seis estados del pa\u00eds - Canal 7 SLP - 2022\",\"isPartOf\":{\"@id\":\"https:\\\/\\\/canal7slp.tv\\\/2022\\\/#website\"},\"primaryImageOfPage\":{\"@id\":\"https:\\\/\\\/canal7slp.tv\\\/2022\\\/semar-advierte-sobre-mar-de-fondo-en-seis-estados-del-pais\\\/#primaryimage\"},\"image\":{\"@id\":\"https:\\\/\\\/canal7slp.tv\\\/2022\\\/semar-advierte-sobre-mar-de-fondo-en-seis-estados-del-pais\\\/#primaryimage\"},\"thumbnailUrl\":\"https:\\\/\\\/canal7slp.tv\\\/2022\\\/wp-content\\\/uploads\\\/2022\\\/04\\\/03-12.jpg\",\"datePublished\":\"2022-04-13T20:19:24+00:00\",\"breadcrumb\":{\"@id\":\"https:\\\/\\\/canal7slp.tv\\\/2022\\\/semar-advierte-sobre-mar-de-fondo-en-seis-estados-del-pais\\\/#breadcrumb\"},\"inLanguage\":\"es\",\"potentialAction\":[{\"@type\":\"ReadAction\",\"target\":[\"https:\\\/\\\/canal7slp.tv\\\/2022\\\/semar-advierte-sobre-mar-de-fondo-en-seis-estados-del-pais\\\/\"]}]},{\"@type\":\"ImageObject\",\"inLanguage\":\"es\",\"@id\":\"https:\\\/\\\/canal7slp.tv\\\/2022\\\/semar-advierte-sobre-mar-de-fondo-en-seis-estados-del-pais\\\/#primaryimage\",\"url\":\"https:\\\/\\\/canal7slp.tv\\\/2022\\\/wp-content\\\/uploads\\\/2022\\\/04\\\/03-12.jpg\",\"contentUrl\":\"https:\\\/\\\/canal7slp.tv\\\/2022\\\/wp-content\\\/uploads\\\/2022\\\/04\\\/03-12.jpg\",\"width\":1280,\"height\":720},{\"@type\":\"BreadcrumbList\",\"@id\":\"https:\\\/\\\/canal7slp.tv\\\/2022\\\/semar-advierte-sobre-mar-de-fondo-en-seis-estados-del-pais\\\/#breadcrumb\",\"itemListElement\":[{\"@type\":\"ListItem\",\"position\":1,\"name\":\"Portada\",\"item\":\"https:\\\/\\\/canal7slp.tv\\\/2022\\\/\"},{\"@type\":\"ListItem\",\"position\":2,\"name\":\"SEMAR advierte sobre mar de fondo en seis estados del pa\u00eds\"}]},{\"@type\":\"WebSite\",\"@id\":\"https:\\\/\\\/canal7slp.tv\\\/2022\\\/#website\",\"url\":\"https:\\\/\\\/canal7slp.tv\\\/2022\\\/\",\"name\":\"N7 - Noticieros Canal 7\",\"description\":\"Somos Televisi\u00f3n\",\"publisher\":{\"@id\":\"https:\\\/\\\/canal7slp.tv\\\/2022\\\/#organization\"},\"potentialAction\":[{\"@type\":\"SearchAction\",\"target\":{\"@type\":\"EntryPoint\",\"urlTemplate\":\"https:\\\/\\\/canal7slp.tv\\\/2022\\\/?s={search_term_string}\"},\"query-input\":{\"@type\":\"PropertyValueSpecification\",\"valueRequired\":true,\"valueName\":\"search_term_string\"}}],\"inLanguage\":\"es\"},{\"@type\":\"Organization\",\"@id\":\"https:\\\/\\\/canal7slp.tv\\\/2022\\\/#organization\",\"name\":\"Noticieros Canal 7\",\"url\":\"https:\\\/\\\/canal7slp.tv\\\/2022\\\/\",\"logo\":{\"@type\":\"ImageObject\",\"inLanguage\":\"es\",\"@id\":\"https:\\\/\\\/canal7slp.tv\\\/2022\\\/#\\\/schema\\\/logo\\\/image\\\/\",\"url\":\"https:\\\/\\\/canal7slp.tv\\\/2022\\\/wp-content\\\/uploads\\\/2021\\\/01\\\/logo-noticieros@2x.png\",\"contentUrl\":\"https:\\\/\\\/canal7slp.tv\\\/2022\\\/wp-content\\\/uploads\\\/2021\\\/01\\\/logo-noticieros@2x.png\",\"width\":1017,\"height\":268,\"caption\":\"Noticieros Canal 7\"},\"image\":{\"@id\":\"https:\\\/\\\/canal7slp.tv\\\/2022\\\/#\\\/schema\\\/logo\\\/image\\\/\"},\"sameAs\":[\"https:\\\/\\\/www.facebook.com\\\/noticieroscanalsiete\",\"https:\\\/\\\/x.com\\\/NOTICIEROS7\",\"https:\\\/\\\/www.instagram.com\\\/canal7_slp\",\"https:\\\/\\\/www.youtube.com\\\/channel\\\/UCliiYs-gP3JfJeqdPrNdd5A\"]},{\"@type\":\"Person\",\"@id\":\"https:\\\/\\\/canal7slp.tv\\\/2022\\\/#\\\/schema\\\/person\\\/429704152a21f5f856ce29aa69a238da\",\"name\":\"Edici\u00f3n Web\",\"image\":{\"@type\":\"ImageObject\",\"inLanguage\":\"es\",\"@id\":\"https:\\\/\\\/secure.gravatar.com\\\/avatar\\\/eee448fc3f7164808013b816ba91ac7e43bbe82a70bebac296f8bc6f0addaa1a?s=96&d=mm&r=g\",\"url\":\"https:\\\/\\\/secure.gravatar.com\\\/avatar\\\/eee448fc3f7164808013b816ba91ac7e43bbe82a70bebac296f8bc6f0addaa1a?s=96&d=mm&r=g\",\"contentUrl\":\"https:\\\/\\\/secure.gravatar.com\\\/avatar\\\/eee448fc3f7164808013b816ba91ac7e43bbe82a70bebac296f8bc6f0addaa1a?s=96&d=mm&r=g\",\"caption\":\"Edici\u00f3n Web\"},\"url\":\"https:\\\/\\\/canal7slp.tv\\\/2022\\\/author\\\/edicionweb\\\/\"}]}<\/script>\n<!-- \/ Yoast SEO plugin. -->","yoast_head_json":{"title":"SEMAR advierte sobre mar de fondo en seis estados del pa\u00eds - Canal 7 SLP - 2022","robots":{"index":"index","follow":"follow","max-snippet":"max-snippet:-1","max-image-preview":"max-image-preview:large","max-video-preview":"max-video-preview:-1"},"canonical":"https:\/\/canal7slp.tv\/2022\/semar-advierte-sobre-mar-de-fondo-en-seis-estados-del-pais\/","og_locale":"es_ES","og_type":"article","og_title":"SEMAR advierte sobre mar de fondo en seis estados del pa\u00eds - Canal 7 SLP - 2022","og_description":"M\u00e9xico.- Autoridades emitieron una alerta tanto a turistas como a la poblaci\u00f3n en general, por un pron\u00f3stico de mar de fondo en el Oc\u00e9ano Pac\u00edfico. Dicho fen\u00f3meno ocasionar\u00e1 alto oleaje en las costas de al menos seis estados durante los d\u00edas de alta afluencia de la Semana Santa 2022; es decir del 13 al 15 de abril. Fue la Secretar\u00eda de Marina Armada de M\u00e9xico (SEMAR), a trav\u00e9s del Centro de An\u00e1lisis y Pron\u00f3stico Meteorol\u00f3gico Mar\u00edtimo, quien emiti\u00f3 un aviso preventivo en el Oc\u00e9ano Pac\u00edfico, a fin de que se extremen las medidas de precauci\u00f3n necesarias en: Chiapas Colima Guerrero [&hellip;]","og_url":"https:\/\/canal7slp.tv\/2022\/semar-advierte-sobre-mar-de-fondo-en-seis-estados-del-pais\/","og_site_name":"Canal 7 SLP - 2022","article_publisher":"https:\/\/www.facebook.com\/noticieroscanalsiete","article_published_time":"2022-04-13T20:19:24+00:00","og_image":[{"width":1280,"height":720,"url":"https:\/\/canal7slp.tv\/2022\/wp-content\/uploads\/2022\/04\/03-12.jpg","type":"image\/jpeg"}],"author":"Edici\u00f3n Web","twitter_card":"summary_large_image","twitter_creator":"@NOTICIEROS7","twitter_site":"@NOTICIEROS7","twitter_misc":{"Escrito por":"Edici\u00f3n Web","Tiempo de lectura":"1 minuto"},"schema":{"@context":"https:\/\/schema.org","@graph":[{"@type":"Article","@id":"https:\/\/canal7slp.tv\/2022\/semar-advierte-sobre-mar-de-fondo-en-seis-estados-del-pais\/#article","isPartOf":{"@id":"https:\/\/canal7slp.tv\/2022\/semar-advierte-sobre-mar-de-fondo-en-seis-estados-del-pais\/"},"author":{"name":"Edici\u00f3n Web","@id":"https:\/\/canal7slp.tv\/2022\/#\/schema\/person\/429704152a21f5f856ce29aa69a238da"},"headline":"SEMAR advierte sobre mar de fondo en seis estados del pa\u00eds","datePublished":"2022-04-13T20:19:24+00:00","mainEntityOfPage":{"@id":"https:\/\/canal7slp.tv\/2022\/semar-advierte-sobre-mar-de-fondo-en-seis-estados-del-pais\/"},"wordCount":160,"publisher":{"@id":"https:\/\/canal7slp.tv\/2022\/#organization"},"image":{"@id":"https:\/\/canal7slp.tv\/2022\/semar-advierte-sobre-mar-de-fondo-en-seis-estados-del-pais\/#primaryimage"},"thumbnailUrl":"https:\/\/canal7slp.tv\/2022\/wp-content\/uploads\/2022\/04\/03-12.jpg","articleSection":["NACIONALES"],"inLanguage":"es"},{"@type":"WebPage","@id":"https:\/\/canal7slp.tv\/2022\/semar-advierte-sobre-mar-de-fondo-en-seis-estados-del-pais\/","url":"https:\/\/canal7slp.tv\/2022\/semar-advierte-sobre-mar-de-fondo-en-seis-estados-del-pais\/","name":"SEMAR advierte sobre mar de fondo en seis estados del pa\u00eds - Canal 7 SLP - 2022","isPartOf":{"@id":"https:\/\/canal7slp.tv\/2022\/#website"},"primaryImageOfPage":{"@id":"https:\/\/canal7slp.tv\/2022\/semar-advierte-sobre-mar-de-fondo-en-seis-estados-del-pais\/#primaryimage"},"image":{"@id":"https:\/\/canal7slp.tv\/2022\/semar-advierte-sobre-mar-de-fondo-en-seis-estados-del-pais\/#primaryimage"},"thumbnailUrl":"https:\/\/canal7slp.tv\/2022\/wp-content\/uploads\/2022\/04\/03-12.jpg","datePublished":"2022-04-13T20:19:24+00:00","breadcrumb":{"@id":"https:\/\/canal7slp.tv\/2022\/semar-advierte-sobre-mar-de-fondo-en-seis-estados-del-pais\/#breadcrumb"},"inLanguage":"es","potentialAction":[{"@type":"ReadAction","target":["https:\/\/canal7slp.tv\/2022\/semar-advierte-sobre-mar-de-fondo-en-seis-estados-del-pais\/"]}]},{"@type":"ImageObject","inLanguage":"es","@id":"https:\/\/canal7slp.tv\/2022\/semar-advierte-sobre-mar-de-fondo-en-seis-estados-del-pais\/#primaryimage","url":"https:\/\/canal7slp.tv\/2022\/wp-content\/uploads\/2022\/04\/03-12.jpg","contentUrl":"https:\/\/canal7slp.tv\/2022\/wp-content\/uploads\/2022\/04\/03-12.jpg","width":1280,"height":720},{"@type":"BreadcrumbList","@id":"https:\/\/canal7slp.tv\/2022\/semar-advierte-sobre-mar-de-fondo-en-seis-estados-del-pais\/#breadcrumb","itemListElement":[{"@type":"ListItem","position":1,"name":"Portada","item":"https:\/\/canal7slp.tv\/2022\/"},{"@type":"ListItem","position":2,"name":"SEMAR advierte sobre mar de fondo en seis estados del pa\u00eds"}]},{"@type":"WebSite","@id":"https:\/\/canal7slp.tv\/2022\/#website","url":"https:\/\/canal7slp.tv\/2022\/","name":"N7 - Noticieros Canal 7","description":"Somos Televisi\u00f3n","publisher":{"@id":"https:\/\/canal7slp.tv\/2022\/#organization"},"potentialAction":[{"@type":"SearchAction","target":{"@type":"EntryPoint","urlTemplate":"https:\/\/canal7slp.tv\/2022\/?s={search_term_string}"},"query-input":{"@type":"PropertyValueSpecification","valueRequired":true,"valueName":"search_term_string"}}],"inLanguage":"es"},{"@type":"Organization","@id":"https:\/\/canal7slp.tv\/2022\/#organization","name":"Noticieros Canal 7","url":"https:\/\/canal7slp.tv\/2022\/","logo":{"@type":"ImageObject","inLanguage":"es","@id":"https:\/\/canal7slp.tv\/2022\/#\/schema\/logo\/image\/","url":"https:\/\/canal7slp.tv\/2022\/wp-content\/uploads\/2021\/01\/logo-noticieros@2x.png","contentUrl":"https:\/\/canal7slp.tv\/2022\/wp-content\/uploads\/2021\/01\/logo-noticieros@2x.png","width":1017,"height":268,"caption":"Noticieros Canal 7"},"image":{"@id":"https:\/\/canal7slp.tv\/2022\/#\/schema\/logo\/image\/"},"sameAs":["https:\/\/www.facebook.com\/noticieroscanalsiete","https:\/\/x.com\/NOTICIEROS7","https:\/\/www.instagram.com\/canal7_slp","https:\/\/www.youtube.com\/channel\/UCliiYs-gP3JfJeqdPrNdd5A"]},{"@type":"Person","@id":"https:\/\/canal7slp.tv\/2022\/#\/schema\/person\/429704152a21f5f856ce29aa69a238da","name":"Edici\u00f3n Web","image":{"@type":"ImageObject","inLanguage":"es","@id":"https:\/\/secure.gravatar.com\/avatar\/eee448fc3f7164808013b816ba91ac7e43bbe82a70bebac296f8bc6f0addaa1a?s=96&d=mm&r=g","url":"https:\/\/secure.gravatar.com\/avatar\/eee448fc3f7164808013b816ba91ac7e43bbe82a70bebac296f8bc6f0addaa1a?s=96&d=mm&r=g","contentUrl":"https:\/\/secure.gravatar.com\/avatar\/eee448fc3f7164808013b816ba91ac7e43bbe82a70bebac296f8bc6f0addaa1a?s=96&d=mm&r=g","caption":"Edici\u00f3n Web"},"url":"https:\/\/canal7slp.tv\/2022\/author\/edicionweb\/"}]}},"amp_enabled":true,"_links":{"self":[{"href":"https:\/\/canal7slp.tv\/2022\/wp-json\/wp\/v2\/posts\/57190","targetHints":{"allow":["GET"]}}],"collection":[{"href":"https:\/\/canal7slp.tv\/2022\/wp-json\/wp\/v2\/posts"}],"about":[{"href":"https:\/\/canal7slp.tv\/2022\/wp-json\/wp\/v2\/types\/post"}],"author":[{"embeddable":true,"href":"https:\/\/canal7slp.tv\/2022\/wp-json\/wp\/v2\/users\/2"}],"replies":[{"embeddable":true,"href":"https:\/\/canal7slp.tv\/2022\/wp-json\/wp\/v2\/comments?post=57190"}],"version-history":[{"count":2,"href":"https:\/\/canal7slp.tv\/2022\/wp-json\/wp\/v2\/posts\/57190\/revisions"}],"predecessor-version":[{"id":57207,"href":"https:\/\/canal7slp.tv\/2022\/wp-json\/wp\/v2\/posts\/57190\/revisions\/57207"}],"wp:featuredmedia":[{"embeddable":true,"href":"https:\/\/canal7slp.tv\/2022\/wp-json\/wp\/v2\/media\/57203"}],"wp:attachment":[{"href":"https:\/\/canal7slp.tv\/2022\/wp-json\/wp\/v2\/media?parent=57190"}],"wp:term":[{"taxonomy":"category","embeddable":true,"href":"https:\/\/canal7slp.tv\/2022\/wp-json\/wp\/v2\/categories?post=57190"},{"taxonomy":"post_tag","embeddable":true,"href":"https:\/\/canal7slp.tv\/2022\/wp-json\/wp\/v2\/tags?post=57190"}],"curies":[{"name":"wp","href":"https:\/\/api.w.org\/{rel}","templated":true}]}}