{"id":57188,"date":"2022-04-13T14:19:20","date_gmt":"2022-04-13T20:19:20","guid":{"rendered":"https:\/\/canal7slp.tv\/2022\/?p=57188"},"modified":"2022-04-13T14:19:20","modified_gmt":"2022-04-13T20:19:20","slug":"federacion-anuncia-plan-de-vacunacion-para-menores-de-14-anos","status":"publish","type":"post","link":"https:\/\/canal7slp.tv\/2022\/federacion-anuncia-plan-de-vacunacion-para-menores-de-14-anos\/","title":{"rendered":"Federaci\u00f3n anuncia plan de vacunaci\u00f3n para menores de 14 a\u00f1os"},"content":{"rendered":"<p style=\"text-align: justify;\">M\u00e9xico.- El presidente Andr\u00e9s Manuel L\u00f3pez Obrador, anunci\u00f3 durante \u201cLa Ma\u00f1anera\u201d que en breve iniciar\u00e1 una campa\u00f1a de vacunaci\u00f3n anticovid para todos los menores de 14 a\u00f1os del pa\u00eds.<\/p>\n<p style=\"text-align: justify;\">El mandatario puntualiz\u00f3 que las vacunas que M\u00e9xico ha pagado a COVAX y que est\u00e1n pendientes de ser entregadas ser\u00e1n utilizadas para inocular a los menores.<\/p>\n<p style=\"text-align: justify;\">\u201cNi\u00f1os que no tienen ning\u00fan tipo de enfermedad, tambi\u00e9n van a ser vacunados de acuerdo con el protocolo de la Organizaci\u00f3n Mundial de la Salud\u201d, declar\u00f3 AMLO.<\/p>\n<p style=\"text-align: justify;\">Pese a que L\u00f3pez Obrador no revel\u00f3 fecha alguna para iniciar con la vacunaci\u00f3n, dejo entre ver que esta podr\u00eda iniciar tras concluir el mes de abril.<\/p>\n","protected":false},"excerpt":{"rendered":"<p>M\u00e9xico.- El presidente Andr\u00e9s Manuel L\u00f3pez Obrador, anunci\u00f3 durante \u201cLa Ma\u00f1anera\u201d que en breve iniciar\u00e1 una campa\u00f1a de vacunaci\u00f3n anticovid para todos los menores de 14 a\u00f1os del pa\u00eds. El mandatario puntualiz\u00f3 que las vacunas que M\u00e9xico ha pagado a COVAX y que est\u00e1n pendientes de ser entregadas ser\u00e1n utilizadas para inocular a los menores. \u201cNi\u00f1os que no tienen ning\u00fan tipo de enfermedad, tambi\u00e9n van a ser vacunados de acuerdo con el protocolo de la Organizaci\u00f3n Mundial de la Salud\u201d, declar\u00f3 AMLO. Pese a que L\u00f3pez Obrador no revel\u00f3 fecha alguna para iniciar con la vacunaci\u00f3n, dejo entre ver que [&hellip;]<\/p>\n","protected":false},"author":2,"featured_media":57200,"comment_status":"closed","ping_status":"closed","sticky":false,"template":"","format":"standard","meta":{"footnotes":""},"categories":[4,46],"tags":[],"class_list":["post-57188","post","type-post","status-publish","format-standard","has-post-thumbnail","hentry","category-covid-19","category-nacional","post--single"],"yoast_head":"<!-- This site is optimized with the Yoast SEO plugin v27.4 - https:\/\/yoast.com\/product\/yoast-seo-wordpress\/ -->\n<title>Federaci\u00f3n anuncia plan de vacunaci\u00f3n para menores de 14 a\u00f1os - Canal 7 SLP - 2022<\/title>\n<meta name=\"robots\" content=\"index, follow, max-snippet:-1, max-image-preview:large, max-video-preview:-1\" \/>\n<link rel=\"canonical\" href=\"https:\/\/canal7slp.tv\/2022\/federacion-anuncia-plan-de-vacunacion-para-menores-de-14-anos\/\" \/>\n<meta property=\"og:locale\" content=\"es_ES\" \/>\n<meta property=\"og:type\" content=\"article\" \/>\n<meta property=\"og:title\" content=\"Federaci\u00f3n anuncia plan de vacunaci\u00f3n para menores de 14 a\u00f1os - Canal 7 SLP - 2022\" \/>\n<meta property=\"og:description\" content=\"M\u00e9xico.- El presidente Andr\u00e9s Manuel L\u00f3pez Obrador, anunci\u00f3 durante \u201cLa Ma\u00f1anera\u201d que en breve iniciar\u00e1 una campa\u00f1a de vacunaci\u00f3n anticovid para todos los menores de 14 a\u00f1os del pa\u00eds. El mandatario puntualiz\u00f3 que las vacunas que M\u00e9xico ha pagado a COVAX y que est\u00e1n pendientes de ser entregadas ser\u00e1n utilizadas para inocular a los menores. \u201cNi\u00f1os que no tienen ning\u00fan tipo de enfermedad, tambi\u00e9n van a ser vacunados de acuerdo con el protocolo de la Organizaci\u00f3n Mundial de la Salud\u201d, declar\u00f3 AMLO. Pese a que L\u00f3pez Obrador no revel\u00f3 fecha alguna para iniciar con la vacunaci\u00f3n, dejo entre ver que [&hellip;]\" \/>\n<meta property=\"og:url\" content=\"https:\/\/canal7slp.tv\/2022\/federacion-anuncia-plan-de-vacunacion-para-menores-de-14-anos\/\" \/>\n<meta property=\"og:site_name\" content=\"Canal 7 SLP - 2022\" \/>\n<meta property=\"article:publisher\" content=\"https:\/\/www.facebook.com\/noticieroscanalsiete\" \/>\n<meta property=\"article:published_time\" content=\"2022-04-13T20:19:20+00:00\" \/>\n<meta property=\"og:image\" content=\"https:\/\/canal7slp.tv\/2022\/wp-content\/uploads\/2022\/04\/01-8.jpg\" \/>\n\t<meta property=\"og:image:width\" content=\"1800\" \/>\n\t<meta property=\"og:image:height\" content=\"1200\" \/>\n\t<meta property=\"og:image:type\" content=\"image\/jpeg\" \/>\n<meta name=\"author\" content=\"Edici\u00f3n Web\" \/>\n<meta name=\"twitter:card\" content=\"summary_large_image\" \/>\n<meta name=\"twitter:creator\" content=\"@NOTICIEROS7\" \/>\n<meta name=\"twitter:site\" content=\"@NOTICIEROS7\" \/>\n<meta name=\"twitter:label1\" content=\"Escrito por\" \/>\n\t<meta name=\"twitter:data1\" content=\"Edici\u00f3n Web\" \/>\n\t<meta name=\"twitter:label2\" content=\"Tiempo de lectura\" \/>\n\t<meta name=\"twitter:data2\" content=\"1 minuto\" \/>\n<script type=\"application\/ld+json\" class=\"yoast-schema-graph\">{\"@context\":\"https:\\\/\\\/schema.org\",\"@graph\":[{\"@type\":\"Article\",\"@id\":\"https:\\\/\\\/canal7slp.tv\\\/2022\\\/federacion-anuncia-plan-de-vacunacion-para-menores-de-14-anos\\\/#article\",\"isPartOf\":{\"@id\":\"https:\\\/\\\/canal7slp.tv\\\/2022\\\/federacion-anuncia-plan-de-vacunacion-para-menores-de-14-anos\\\/\"},\"author\":{\"name\":\"Edici\u00f3n Web\",\"@id\":\"https:\\\/\\\/canal7slp.tv\\\/2022\\\/#\\\/schema\\\/person\\\/429704152a21f5f856ce29aa69a238da\"},\"headline\":\"Federaci\u00f3n anuncia plan de vacunaci\u00f3n para menores de 14 a\u00f1os\",\"datePublished\":\"2022-04-13T20:19:20+00:00\",\"mainEntityOfPage\":{\"@id\":\"https:\\\/\\\/canal7slp.tv\\\/2022\\\/federacion-anuncia-plan-de-vacunacion-para-menores-de-14-anos\\\/\"},\"wordCount\":139,\"publisher\":{\"@id\":\"https:\\\/\\\/canal7slp.tv\\\/2022\\\/#organization\"},\"image\":{\"@id\":\"https:\\\/\\\/canal7slp.tv\\\/2022\\\/federacion-anuncia-plan-de-vacunacion-para-menores-de-14-anos\\\/#primaryimage\"},\"thumbnailUrl\":\"https:\\\/\\\/canal7slp.tv\\\/2022\\\/wp-content\\\/uploads\\\/2022\\\/04\\\/01-8.jpg\",\"articleSection\":[\"COVID-19\",\"NACIONALES\"],\"inLanguage\":\"es\"},{\"@type\":\"WebPage\",\"@id\":\"https:\\\/\\\/canal7slp.tv\\\/2022\\\/federacion-anuncia-plan-de-vacunacion-para-menores-de-14-anos\\\/\",\"url\":\"https:\\\/\\\/canal7slp.tv\\\/2022\\\/federacion-anuncia-plan-de-vacunacion-para-menores-de-14-anos\\\/\",\"name\":\"Federaci\u00f3n anuncia plan de vacunaci\u00f3n para menores de 14 a\u00f1os - Canal 7 SLP - 2022\",\"isPartOf\":{\"@id\":\"https:\\\/\\\/canal7slp.tv\\\/2022\\\/#website\"},\"primaryImageOfPage\":{\"@id\":\"https:\\\/\\\/canal7slp.tv\\\/2022\\\/federacion-anuncia-plan-de-vacunacion-para-menores-de-14-anos\\\/#primaryimage\"},\"image\":{\"@id\":\"https:\\\/\\\/canal7slp.tv\\\/2022\\\/federacion-anuncia-plan-de-vacunacion-para-menores-de-14-anos\\\/#primaryimage\"},\"thumbnailUrl\":\"https:\\\/\\\/canal7slp.tv\\\/2022\\\/wp-content\\\/uploads\\\/2022\\\/04\\\/01-8.jpg\",\"datePublished\":\"2022-04-13T20:19:20+00:00\",\"breadcrumb\":{\"@id\":\"https:\\\/\\\/canal7slp.tv\\\/2022\\\/federacion-anuncia-plan-de-vacunacion-para-menores-de-14-anos\\\/#breadcrumb\"},\"inLanguage\":\"es\",\"potentialAction\":[{\"@type\":\"ReadAction\",\"target\":[\"https:\\\/\\\/canal7slp.tv\\\/2022\\\/federacion-anuncia-plan-de-vacunacion-para-menores-de-14-anos\\\/\"]}]},{\"@type\":\"ImageObject\",\"inLanguage\":\"es\",\"@id\":\"https:\\\/\\\/canal7slp.tv\\\/2022\\\/federacion-anuncia-plan-de-vacunacion-para-menores-de-14-anos\\\/#primaryimage\",\"url\":\"https:\\\/\\\/canal7slp.tv\\\/2022\\\/wp-content\\\/uploads\\\/2022\\\/04\\\/01-8.jpg\",\"contentUrl\":\"https:\\\/\\\/canal7slp.tv\\\/2022\\\/wp-content\\\/uploads\\\/2022\\\/04\\\/01-8.jpg\",\"width\":1800,\"height\":1200},{\"@type\":\"BreadcrumbList\",\"@id\":\"https:\\\/\\\/canal7slp.tv\\\/2022\\\/federacion-anuncia-plan-de-vacunacion-para-menores-de-14-anos\\\/#breadcrumb\",\"itemListElement\":[{\"@type\":\"ListItem\",\"position\":1,\"name\":\"Portada\",\"item\":\"https:\\\/\\\/canal7slp.tv\\\/2022\\\/\"},{\"@type\":\"ListItem\",\"position\":2,\"name\":\"Federaci\u00f3n anuncia plan de vacunaci\u00f3n para menores de 14 a\u00f1os\"}]},{\"@type\":\"WebSite\",\"@id\":\"https:\\\/\\\/canal7slp.tv\\\/2022\\\/#website\",\"url\":\"https:\\\/\\\/canal7slp.tv\\\/2022\\\/\",\"name\":\"N7 - Noticieros Canal 7\",\"description\":\"Somos Televisi\u00f3n\",\"publisher\":{\"@id\":\"https:\\\/\\\/canal7slp.tv\\\/2022\\\/#organization\"},\"potentialAction\":[{\"@type\":\"SearchAction\",\"target\":{\"@type\":\"EntryPoint\",\"urlTemplate\":\"https:\\\/\\\/canal7slp.tv\\\/2022\\\/?s={search_term_string}\"},\"query-input\":{\"@type\":\"PropertyValueSpecification\",\"valueRequired\":true,\"valueName\":\"search_term_string\"}}],\"inLanguage\":\"es\"},{\"@type\":\"Organization\",\"@id\":\"https:\\\/\\\/canal7slp.tv\\\/2022\\\/#organization\",\"name\":\"Noticieros Canal 7\",\"url\":\"https:\\\/\\\/canal7slp.tv\\\/2022\\\/\",\"logo\":{\"@type\":\"ImageObject\",\"inLanguage\":\"es\",\"@id\":\"https:\\\/\\\/canal7slp.tv\\\/2022\\\/#\\\/schema\\\/logo\\\/image\\\/\",\"url\":\"https:\\\/\\\/canal7slp.tv\\\/2022\\\/wp-content\\\/uploads\\\/2021\\\/01\\\/logo-noticieros@2x.png\",\"contentUrl\":\"https:\\\/\\\/canal7slp.tv\\\/2022\\\/wp-content\\\/uploads\\\/2021\\\/01\\\/logo-noticieros@2x.png\",\"width\":1017,\"height\":268,\"caption\":\"Noticieros Canal 7\"},\"image\":{\"@id\":\"https:\\\/\\\/canal7slp.tv\\\/2022\\\/#\\\/schema\\\/logo\\\/image\\\/\"},\"sameAs\":[\"https:\\\/\\\/www.facebook.com\\\/noticieroscanalsiete\",\"https:\\\/\\\/x.com\\\/NOTICIEROS7\",\"https:\\\/\\\/www.instagram.com\\\/canal7_slp\",\"https:\\\/\\\/www.youtube.com\\\/channel\\\/UCliiYs-gP3JfJeqdPrNdd5A\"]},{\"@type\":\"Person\",\"@id\":\"https:\\\/\\\/canal7slp.tv\\\/2022\\\/#\\\/schema\\\/person\\\/429704152a21f5f856ce29aa69a238da\",\"name\":\"Edici\u00f3n Web\",\"image\":{\"@type\":\"ImageObject\",\"inLanguage\":\"es\",\"@id\":\"https:\\\/\\\/secure.gravatar.com\\\/avatar\\\/eee448fc3f7164808013b816ba91ac7e43bbe82a70bebac296f8bc6f0addaa1a?s=96&d=mm&r=g\",\"url\":\"https:\\\/\\\/secure.gravatar.com\\\/avatar\\\/eee448fc3f7164808013b816ba91ac7e43bbe82a70bebac296f8bc6f0addaa1a?s=96&d=mm&r=g\",\"contentUrl\":\"https:\\\/\\\/secure.gravatar.com\\\/avatar\\\/eee448fc3f7164808013b816ba91ac7e43bbe82a70bebac296f8bc6f0addaa1a?s=96&d=mm&r=g\",\"caption\":\"Edici\u00f3n Web\"},\"url\":\"https:\\\/\\\/canal7slp.tv\\\/2022\\\/author\\\/edicionweb\\\/\"}]}<\/script>\n<!-- \/ Yoast SEO plugin. -->","yoast_head_json":{"title":"Federaci\u00f3n anuncia plan de vacunaci\u00f3n para menores de 14 a\u00f1os - Canal 7 SLP - 2022","robots":{"index":"index","follow":"follow","max-snippet":"max-snippet:-1","max-image-preview":"max-image-preview:large","max-video-preview":"max-video-preview:-1"},"canonical":"https:\/\/canal7slp.tv\/2022\/federacion-anuncia-plan-de-vacunacion-para-menores-de-14-anos\/","og_locale":"es_ES","og_type":"article","og_title":"Federaci\u00f3n anuncia plan de vacunaci\u00f3n para menores de 14 a\u00f1os - Canal 7 SLP - 2022","og_description":"M\u00e9xico.- El presidente Andr\u00e9s Manuel L\u00f3pez Obrador, anunci\u00f3 durante \u201cLa Ma\u00f1anera\u201d que en breve iniciar\u00e1 una campa\u00f1a de vacunaci\u00f3n anticovid para todos los menores de 14 a\u00f1os del pa\u00eds. El mandatario puntualiz\u00f3 que las vacunas que M\u00e9xico ha pagado a COVAX y que est\u00e1n pendientes de ser entregadas ser\u00e1n utilizadas para inocular a los menores. \u201cNi\u00f1os que no tienen ning\u00fan tipo de enfermedad, tambi\u00e9n van a ser vacunados de acuerdo con el protocolo de la Organizaci\u00f3n Mundial de la Salud\u201d, declar\u00f3 AMLO. Pese a que L\u00f3pez Obrador no revel\u00f3 fecha alguna para iniciar con la vacunaci\u00f3n, dejo entre ver que [&hellip;]","og_url":"https:\/\/canal7slp.tv\/2022\/federacion-anuncia-plan-de-vacunacion-para-menores-de-14-anos\/","og_site_name":"Canal 7 SLP - 2022","article_publisher":"https:\/\/www.facebook.com\/noticieroscanalsiete","article_published_time":"2022-04-13T20:19:20+00:00","og_image":[{"width":1800,"height":1200,"url":"https:\/\/canal7slp.tv\/2022\/wp-content\/uploads\/2022\/04\/01-8.jpg","type":"image\/jpeg"}],"author":"Edici\u00f3n Web","twitter_card":"summary_large_image","twitter_creator":"@NOTICIEROS7","twitter_site":"@NOTICIEROS7","twitter_misc":{"Escrito por":"Edici\u00f3n Web","Tiempo de lectura":"1 minuto"},"schema":{"@context":"https:\/\/schema.org","@graph":[{"@type":"Article","@id":"https:\/\/canal7slp.tv\/2022\/federacion-anuncia-plan-de-vacunacion-para-menores-de-14-anos\/#article","isPartOf":{"@id":"https:\/\/canal7slp.tv\/2022\/federacion-anuncia-plan-de-vacunacion-para-menores-de-14-anos\/"},"author":{"name":"Edici\u00f3n Web","@id":"https:\/\/canal7slp.tv\/2022\/#\/schema\/person\/429704152a21f5f856ce29aa69a238da"},"headline":"Federaci\u00f3n anuncia plan de vacunaci\u00f3n para menores de 14 a\u00f1os","datePublished":"2022-04-13T20:19:20+00:00","mainEntityOfPage":{"@id":"https:\/\/canal7slp.tv\/2022\/federacion-anuncia-plan-de-vacunacion-para-menores-de-14-anos\/"},"wordCount":139,"publisher":{"@id":"https:\/\/canal7slp.tv\/2022\/#organization"},"image":{"@id":"https:\/\/canal7slp.tv\/2022\/federacion-anuncia-plan-de-vacunacion-para-menores-de-14-anos\/#primaryimage"},"thumbnailUrl":"https:\/\/canal7slp.tv\/2022\/wp-content\/uploads\/2022\/04\/01-8.jpg","articleSection":["COVID-19","NACIONALES"],"inLanguage":"es"},{"@type":"WebPage","@id":"https:\/\/canal7slp.tv\/2022\/federacion-anuncia-plan-de-vacunacion-para-menores-de-14-anos\/","url":"https:\/\/canal7slp.tv\/2022\/federacion-anuncia-plan-de-vacunacion-para-menores-de-14-anos\/","name":"Federaci\u00f3n anuncia plan de vacunaci\u00f3n para menores de 14 a\u00f1os - Canal 7 SLP - 2022","isPartOf":{"@id":"https:\/\/canal7slp.tv\/2022\/#website"},"primaryImageOfPage":{"@id":"https:\/\/canal7slp.tv\/2022\/federacion-anuncia-plan-de-vacunacion-para-menores-de-14-anos\/#primaryimage"},"image":{"@id":"https:\/\/canal7slp.tv\/2022\/federacion-anuncia-plan-de-vacunacion-para-menores-de-14-anos\/#primaryimage"},"thumbnailUrl":"https:\/\/canal7slp.tv\/2022\/wp-content\/uploads\/2022\/04\/01-8.jpg","datePublished":"2022-04-13T20:19:20+00:00","breadcrumb":{"@id":"https:\/\/canal7slp.tv\/2022\/federacion-anuncia-plan-de-vacunacion-para-menores-de-14-anos\/#breadcrumb"},"inLanguage":"es","potentialAction":[{"@type":"ReadAction","target":["https:\/\/canal7slp.tv\/2022\/federacion-anuncia-plan-de-vacunacion-para-menores-de-14-anos\/"]}]},{"@type":"ImageObject","inLanguage":"es","@id":"https:\/\/canal7slp.tv\/2022\/federacion-anuncia-plan-de-vacunacion-para-menores-de-14-anos\/#primaryimage","url":"https:\/\/canal7slp.tv\/2022\/wp-content\/uploads\/2022\/04\/01-8.jpg","contentUrl":"https:\/\/canal7slp.tv\/2022\/wp-content\/uploads\/2022\/04\/01-8.jpg","width":1800,"height":1200},{"@type":"BreadcrumbList","@id":"https:\/\/canal7slp.tv\/2022\/federacion-anuncia-plan-de-vacunacion-para-menores-de-14-anos\/#breadcrumb","itemListElement":[{"@type":"ListItem","position":1,"name":"Portada","item":"https:\/\/canal7slp.tv\/2022\/"},{"@type":"ListItem","position":2,"name":"Federaci\u00f3n anuncia plan de vacunaci\u00f3n para menores de 14 a\u00f1os"}]},{"@type":"WebSite","@id":"https:\/\/canal7slp.tv\/2022\/#website","url":"https:\/\/canal7slp.tv\/2022\/","name":"N7 - Noticieros Canal 7","description":"Somos Televisi\u00f3n","publisher":{"@id":"https:\/\/canal7slp.tv\/2022\/#organization"},"potentialAction":[{"@type":"SearchAction","target":{"@type":"EntryPoint","urlTemplate":"https:\/\/canal7slp.tv\/2022\/?s={search_term_string}"},"query-input":{"@type":"PropertyValueSpecification","valueRequired":true,"valueName":"search_term_string"}}],"inLanguage":"es"},{"@type":"Organization","@id":"https:\/\/canal7slp.tv\/2022\/#organization","name":"Noticieros Canal 7","url":"https:\/\/canal7slp.tv\/2022\/","logo":{"@type":"ImageObject","inLanguage":"es","@id":"https:\/\/canal7slp.tv\/2022\/#\/schema\/logo\/image\/","url":"https:\/\/canal7slp.tv\/2022\/wp-content\/uploads\/2021\/01\/logo-noticieros@2x.png","contentUrl":"https:\/\/canal7slp.tv\/2022\/wp-content\/uploads\/2021\/01\/logo-noticieros@2x.png","width":1017,"height":268,"caption":"Noticieros Canal 7"},"image":{"@id":"https:\/\/canal7slp.tv\/2022\/#\/schema\/logo\/image\/"},"sameAs":["https:\/\/www.facebook.com\/noticieroscanalsiete","https:\/\/x.com\/NOTICIEROS7","https:\/\/www.instagram.com\/canal7_slp","https:\/\/www.youtube.com\/channel\/UCliiYs-gP3JfJeqdPrNdd5A"]},{"@type":"Person","@id":"https:\/\/canal7slp.tv\/2022\/#\/schema\/person\/429704152a21f5f856ce29aa69a238da","name":"Edici\u00f3n Web","image":{"@type":"ImageObject","inLanguage":"es","@id":"https:\/\/secure.gravatar.com\/avatar\/eee448fc3f7164808013b816ba91ac7e43bbe82a70bebac296f8bc6f0addaa1a?s=96&d=mm&r=g","url":"https:\/\/secure.gravatar.com\/avatar\/eee448fc3f7164808013b816ba91ac7e43bbe82a70bebac296f8bc6f0addaa1a?s=96&d=mm&r=g","contentUrl":"https:\/\/secure.gravatar.com\/avatar\/eee448fc3f7164808013b816ba91ac7e43bbe82a70bebac296f8bc6f0addaa1a?s=96&d=mm&r=g","caption":"Edici\u00f3n Web"},"url":"https:\/\/canal7slp.tv\/2022\/author\/edicionweb\/"}]}},"amp_enabled":true,"_links":{"self":[{"href":"https:\/\/canal7slp.tv\/2022\/wp-json\/wp\/v2\/posts\/57188","targetHints":{"allow":["GET"]}}],"collection":[{"href":"https:\/\/canal7slp.tv\/2022\/wp-json\/wp\/v2\/posts"}],"about":[{"href":"https:\/\/canal7slp.tv\/2022\/wp-json\/wp\/v2\/types\/post"}],"author":[{"embeddable":true,"href":"https:\/\/canal7slp.tv\/2022\/wp-json\/wp\/v2\/users\/2"}],"replies":[{"embeddable":true,"href":"https:\/\/canal7slp.tv\/2022\/wp-json\/wp\/v2\/comments?post=57188"}],"version-history":[{"count":2,"href":"https:\/\/canal7slp.tv\/2022\/wp-json\/wp\/v2\/posts\/57188\/revisions"}],"predecessor-version":[{"id":57206,"href":"https:\/\/canal7slp.tv\/2022\/wp-json\/wp\/v2\/posts\/57188\/revisions\/57206"}],"wp:featuredmedia":[{"embeddable":true,"href":"https:\/\/canal7slp.tv\/2022\/wp-json\/wp\/v2\/media\/57200"}],"wp:attachment":[{"href":"https:\/\/canal7slp.tv\/2022\/wp-json\/wp\/v2\/media?parent=57188"}],"wp:term":[{"taxonomy":"category","embeddable":true,"href":"https:\/\/canal7slp.tv\/2022\/wp-json\/wp\/v2\/categories?post=57188"},{"taxonomy":"post_tag","embeddable":true,"href":"https:\/\/canal7slp.tv\/2022\/wp-json\/wp\/v2\/tags?post=57188"}],"curies":[{"name":"wp","href":"https:\/\/api.w.org\/{rel}","templated":true}]}}