{"id":57135,"date":"2022-04-13T03:34:32","date_gmt":"2022-04-13T09:34:32","guid":{"rendered":"https:\/\/canal7slp.tv\/2022\/?p=57135"},"modified":"2022-04-13T03:34:32","modified_gmt":"2022-04-13T09:34:32","slug":"dan-patada-inicial-de-la-copa-potosi-2022-en-la-unidad-adolfo-lopez-mateo","status":"publish","type":"post","link":"https:\/\/canal7slp.tv\/2022\/dan-patada-inicial-de-la-copa-potosi-2022-en-la-unidad-adolfo-lopez-mateo\/","title":{"rendered":"Dan patada inicial de la Copa Potos\u00ed 2022 en la Unidad Adolfo L\u00f3pez Mateo."},"content":{"rendered":"<p style=\"text-align: justify;\">SLP.- En la cancha de pasto sint\u00e9tico de la unidad deportiva Adolfo L\u00f3pez Mateos se llevo a cabo la ceremonia de inauguraci\u00f3n de la copa potos\u00ed 2022<\/p>\n<p style=\"text-align: justify;\">Evento en donde estuvieron presentes la alcaldesa de Soledad de Graciano S\u00e1nchez, el director del INPODE Edmundo R\u00edos y el secretario general \u00c1ngel Gonzalo Santiago Hern\u00e1ndez, en representaci\u00f3n del Gobernador del Estado, Ricardo Gallardo Cardona, llev\u00e1ndose a cabo as\u00ed la ceremonia inaugural, el encargado de dar las palabras inaugurales fue el director del INPODE<\/p>\n<p style=\"text-align: justify;\">R\u00edos alent\u00f3 a los equipos a jugar limpio sin violencia y demostrar porque es el torneo de f\u00fatbol y el m\u00e1s importante de la semana santa<\/p>\n<p style=\"text-align: justify;\">Por ultimo lanzo la invitaci\u00f3n a las familias potosinas a asistir a los diversos compromisos que se desarrollan tanto en la rama femenil como varonil en las diversas sedes<\/p>\n<p style=\"text-align: justify;\">Cabe destacar que el recinto cont\u00f3 con un lleno total en su primer d\u00eda de actividades desde el primer hasta el \u00faltimo compromiso en las tres canchas de la unidad deportiva Adolfo L\u00f3pez Mateos<\/p>\n","protected":false},"excerpt":{"rendered":"<p>SLP.- En la cancha de pasto sint\u00e9tico de la unidad deportiva Adolfo L\u00f3pez Mateos se llevo a cabo la ceremonia de inauguraci\u00f3n de la copa potos\u00ed 2022 Evento en donde estuvieron presentes la alcaldesa de Soledad de Graciano S\u00e1nchez, el director del INPODE Edmundo R\u00edos y el secretario general \u00c1ngel Gonzalo Santiago Hern\u00e1ndez, en representaci\u00f3n del Gobernador del Estado, Ricardo Gallardo Cardona, llev\u00e1ndose a cabo as\u00ed la ceremonia inaugural, el encargado de dar las palabras inaugurales fue el director del INPODE R\u00edos alent\u00f3 a los equipos a jugar limpio sin violencia y demostrar porque es el torneo de f\u00fatbol y [&hellip;]<\/p>\n","protected":false},"author":2,"featured_media":57136,"comment_status":"closed","ping_status":"closed","sticky":false,"template":"","format":"video","meta":{"footnotes":""},"categories":[7,5],"tags":[],"class_list":["post-57135","post","type-post","status-publish","format-video","has-post-thumbnail","hentry","category-deportes","category-destacadas","post_format-post-format-video","post--single"],"yoast_head":"<!-- This site is optimized with the Yoast SEO plugin v27.4 - https:\/\/yoast.com\/product\/yoast-seo-wordpress\/ -->\n<title>Dan patada inicial de la Copa Potos\u00ed 2022 en la Unidad Adolfo L\u00f3pez Mateo. - Canal 7 SLP - 2022<\/title>\n<meta name=\"robots\" content=\"index, follow, max-snippet:-1, max-image-preview:large, max-video-preview:-1\" \/>\n<link rel=\"canonical\" href=\"https:\/\/canal7slp.tv\/2022\/dan-patada-inicial-de-la-copa-potosi-2022-en-la-unidad-adolfo-lopez-mateo\/\" \/>\n<meta property=\"og:locale\" content=\"es_ES\" \/>\n<meta property=\"og:type\" content=\"article\" \/>\n<meta property=\"og:title\" content=\"Dan patada inicial de la Copa Potos\u00ed 2022 en la Unidad Adolfo L\u00f3pez Mateo. - Canal 7 SLP - 2022\" \/>\n<meta property=\"og:description\" content=\"SLP.- En la cancha de pasto sint\u00e9tico de la unidad deportiva Adolfo L\u00f3pez Mateos se llevo a cabo la ceremonia de inauguraci\u00f3n de la copa potos\u00ed 2022 Evento en donde estuvieron presentes la alcaldesa de Soledad de Graciano S\u00e1nchez, el director del INPODE Edmundo R\u00edos y el secretario general \u00c1ngel Gonzalo Santiago Hern\u00e1ndez, en representaci\u00f3n del Gobernador del Estado, Ricardo Gallardo Cardona, llev\u00e1ndose a cabo as\u00ed la ceremonia inaugural, el encargado de dar las palabras inaugurales fue el director del INPODE R\u00edos alent\u00f3 a los equipos a jugar limpio sin violencia y demostrar porque es el torneo de f\u00fatbol y [&hellip;]\" \/>\n<meta property=\"og:url\" content=\"https:\/\/canal7slp.tv\/2022\/dan-patada-inicial-de-la-copa-potosi-2022-en-la-unidad-adolfo-lopez-mateo\/\" \/>\n<meta property=\"og:site_name\" content=\"Canal 7 SLP - 2022\" \/>\n<meta property=\"article:publisher\" content=\"https:\/\/www.facebook.com\/noticieroscanalsiete\" \/>\n<meta property=\"article:published_time\" content=\"2022-04-13T09:34:32+00:00\" \/>\n<meta property=\"og:image\" content=\"https:\/\/canal7slp.tv\/2022\/wp-content\/uploads\/2022\/04\/Froi0Copa.jpg\" \/>\n\t<meta property=\"og:image:width\" content=\"888\" \/>\n\t<meta property=\"og:image:height\" content=\"500\" \/>\n\t<meta property=\"og:image:type\" content=\"image\/jpeg\" \/>\n<meta name=\"author\" content=\"Edici\u00f3n Web\" \/>\n<meta name=\"twitter:card\" content=\"summary_large_image\" \/>\n<meta name=\"twitter:creator\" content=\"@NOTICIEROS7\" \/>\n<meta name=\"twitter:site\" content=\"@NOTICIEROS7\" \/>\n<meta name=\"twitter:label1\" content=\"Escrito por\" \/>\n\t<meta name=\"twitter:data1\" content=\"Edici\u00f3n Web\" \/>\n\t<meta name=\"twitter:label2\" content=\"Tiempo de lectura\" \/>\n\t<meta name=\"twitter:data2\" content=\"1 minuto\" \/>\n<script type=\"application\/ld+json\" class=\"yoast-schema-graph\">{\"@context\":\"https:\\\/\\\/schema.org\",\"@graph\":[{\"@type\":\"Article\",\"@id\":\"https:\\\/\\\/canal7slp.tv\\\/2022\\\/dan-patada-inicial-de-la-copa-potosi-2022-en-la-unidad-adolfo-lopez-mateo\\\/#article\",\"isPartOf\":{\"@id\":\"https:\\\/\\\/canal7slp.tv\\\/2022\\\/dan-patada-inicial-de-la-copa-potosi-2022-en-la-unidad-adolfo-lopez-mateo\\\/\"},\"author\":{\"name\":\"Edici\u00f3n Web\",\"@id\":\"https:\\\/\\\/canal7slp.tv\\\/2022\\\/#\\\/schema\\\/person\\\/429704152a21f5f856ce29aa69a238da\"},\"headline\":\"Dan patada inicial de la Copa Potos\u00ed 2022 en la Unidad Adolfo L\u00f3pez Mateo.\",\"datePublished\":\"2022-04-13T09:34:32+00:00\",\"mainEntityOfPage\":{\"@id\":\"https:\\\/\\\/canal7slp.tv\\\/2022\\\/dan-patada-inicial-de-la-copa-potosi-2022-en-la-unidad-adolfo-lopez-mateo\\\/\"},\"wordCount\":198,\"publisher\":{\"@id\":\"https:\\\/\\\/canal7slp.tv\\\/2022\\\/#organization\"},\"image\":{\"@id\":\"https:\\\/\\\/canal7slp.tv\\\/2022\\\/dan-patada-inicial-de-la-copa-potosi-2022-en-la-unidad-adolfo-lopez-mateo\\\/#primaryimage\"},\"thumbnailUrl\":\"https:\\\/\\\/canal7slp.tv\\\/2022\\\/wp-content\\\/uploads\\\/2022\\\/04\\\/Froi0Copa.jpg\",\"articleSection\":[\"DEPORTES\",\"DESTACADAS\"],\"inLanguage\":\"es\"},{\"@type\":\"WebPage\",\"@id\":\"https:\\\/\\\/canal7slp.tv\\\/2022\\\/dan-patada-inicial-de-la-copa-potosi-2022-en-la-unidad-adolfo-lopez-mateo\\\/\",\"url\":\"https:\\\/\\\/canal7slp.tv\\\/2022\\\/dan-patada-inicial-de-la-copa-potosi-2022-en-la-unidad-adolfo-lopez-mateo\\\/\",\"name\":\"Dan patada inicial de la Copa Potos\u00ed 2022 en la Unidad Adolfo L\u00f3pez Mateo. - Canal 7 SLP - 2022\",\"isPartOf\":{\"@id\":\"https:\\\/\\\/canal7slp.tv\\\/2022\\\/#website\"},\"primaryImageOfPage\":{\"@id\":\"https:\\\/\\\/canal7slp.tv\\\/2022\\\/dan-patada-inicial-de-la-copa-potosi-2022-en-la-unidad-adolfo-lopez-mateo\\\/#primaryimage\"},\"image\":{\"@id\":\"https:\\\/\\\/canal7slp.tv\\\/2022\\\/dan-patada-inicial-de-la-copa-potosi-2022-en-la-unidad-adolfo-lopez-mateo\\\/#primaryimage\"},\"thumbnailUrl\":\"https:\\\/\\\/canal7slp.tv\\\/2022\\\/wp-content\\\/uploads\\\/2022\\\/04\\\/Froi0Copa.jpg\",\"datePublished\":\"2022-04-13T09:34:32+00:00\",\"breadcrumb\":{\"@id\":\"https:\\\/\\\/canal7slp.tv\\\/2022\\\/dan-patada-inicial-de-la-copa-potosi-2022-en-la-unidad-adolfo-lopez-mateo\\\/#breadcrumb\"},\"inLanguage\":\"es\",\"potentialAction\":[{\"@type\":\"ReadAction\",\"target\":[\"https:\\\/\\\/canal7slp.tv\\\/2022\\\/dan-patada-inicial-de-la-copa-potosi-2022-en-la-unidad-adolfo-lopez-mateo\\\/\"]}]},{\"@type\":\"ImageObject\",\"inLanguage\":\"es\",\"@id\":\"https:\\\/\\\/canal7slp.tv\\\/2022\\\/dan-patada-inicial-de-la-copa-potosi-2022-en-la-unidad-adolfo-lopez-mateo\\\/#primaryimage\",\"url\":\"https:\\\/\\\/canal7slp.tv\\\/2022\\\/wp-content\\\/uploads\\\/2022\\\/04\\\/Froi0Copa.jpg\",\"contentUrl\":\"https:\\\/\\\/canal7slp.tv\\\/2022\\\/wp-content\\\/uploads\\\/2022\\\/04\\\/Froi0Copa.jpg\",\"width\":888,\"height\":500},{\"@type\":\"BreadcrumbList\",\"@id\":\"https:\\\/\\\/canal7slp.tv\\\/2022\\\/dan-patada-inicial-de-la-copa-potosi-2022-en-la-unidad-adolfo-lopez-mateo\\\/#breadcrumb\",\"itemListElement\":[{\"@type\":\"ListItem\",\"position\":1,\"name\":\"Portada\",\"item\":\"https:\\\/\\\/canal7slp.tv\\\/2022\\\/\"},{\"@type\":\"ListItem\",\"position\":2,\"name\":\"Dan patada inicial de la Copa Potos\u00ed 2022 en la Unidad Adolfo L\u00f3pez Mateo.\"}]},{\"@type\":\"WebSite\",\"@id\":\"https:\\\/\\\/canal7slp.tv\\\/2022\\\/#website\",\"url\":\"https:\\\/\\\/canal7slp.tv\\\/2022\\\/\",\"name\":\"N7 - Noticieros Canal 7\",\"description\":\"Somos Televisi\u00f3n\",\"publisher\":{\"@id\":\"https:\\\/\\\/canal7slp.tv\\\/2022\\\/#organization\"},\"potentialAction\":[{\"@type\":\"SearchAction\",\"target\":{\"@type\":\"EntryPoint\",\"urlTemplate\":\"https:\\\/\\\/canal7slp.tv\\\/2022\\\/?s={search_term_string}\"},\"query-input\":{\"@type\":\"PropertyValueSpecification\",\"valueRequired\":true,\"valueName\":\"search_term_string\"}}],\"inLanguage\":\"es\"},{\"@type\":\"Organization\",\"@id\":\"https:\\\/\\\/canal7slp.tv\\\/2022\\\/#organization\",\"name\":\"Noticieros Canal 7\",\"url\":\"https:\\\/\\\/canal7slp.tv\\\/2022\\\/\",\"logo\":{\"@type\":\"ImageObject\",\"inLanguage\":\"es\",\"@id\":\"https:\\\/\\\/canal7slp.tv\\\/2022\\\/#\\\/schema\\\/logo\\\/image\\\/\",\"url\":\"https:\\\/\\\/canal7slp.tv\\\/2022\\\/wp-content\\\/uploads\\\/2021\\\/01\\\/logo-noticieros@2x.png\",\"contentUrl\":\"https:\\\/\\\/canal7slp.tv\\\/2022\\\/wp-content\\\/uploads\\\/2021\\\/01\\\/logo-noticieros@2x.png\",\"width\":1017,\"height\":268,\"caption\":\"Noticieros Canal 7\"},\"image\":{\"@id\":\"https:\\\/\\\/canal7slp.tv\\\/2022\\\/#\\\/schema\\\/logo\\\/image\\\/\"},\"sameAs\":[\"https:\\\/\\\/www.facebook.com\\\/noticieroscanalsiete\",\"https:\\\/\\\/x.com\\\/NOTICIEROS7\",\"https:\\\/\\\/www.instagram.com\\\/canal7_slp\",\"https:\\\/\\\/www.youtube.com\\\/channel\\\/UCliiYs-gP3JfJeqdPrNdd5A\"]},{\"@type\":\"Person\",\"@id\":\"https:\\\/\\\/canal7slp.tv\\\/2022\\\/#\\\/schema\\\/person\\\/429704152a21f5f856ce29aa69a238da\",\"name\":\"Edici\u00f3n Web\",\"image\":{\"@type\":\"ImageObject\",\"inLanguage\":\"es\",\"@id\":\"https:\\\/\\\/secure.gravatar.com\\\/avatar\\\/eee448fc3f7164808013b816ba91ac7e43bbe82a70bebac296f8bc6f0addaa1a?s=96&d=mm&r=g\",\"url\":\"https:\\\/\\\/secure.gravatar.com\\\/avatar\\\/eee448fc3f7164808013b816ba91ac7e43bbe82a70bebac296f8bc6f0addaa1a?s=96&d=mm&r=g\",\"contentUrl\":\"https:\\\/\\\/secure.gravatar.com\\\/avatar\\\/eee448fc3f7164808013b816ba91ac7e43bbe82a70bebac296f8bc6f0addaa1a?s=96&d=mm&r=g\",\"caption\":\"Edici\u00f3n Web\"},\"url\":\"https:\\\/\\\/canal7slp.tv\\\/2022\\\/author\\\/edicionweb\\\/\"}]}<\/script>\n<!-- \/ Yoast SEO plugin. -->","yoast_head_json":{"title":"Dan patada inicial de la Copa Potos\u00ed 2022 en la Unidad Adolfo L\u00f3pez Mateo. - Canal 7 SLP - 2022","robots":{"index":"index","follow":"follow","max-snippet":"max-snippet:-1","max-image-preview":"max-image-preview:large","max-video-preview":"max-video-preview:-1"},"canonical":"https:\/\/canal7slp.tv\/2022\/dan-patada-inicial-de-la-copa-potosi-2022-en-la-unidad-adolfo-lopez-mateo\/","og_locale":"es_ES","og_type":"article","og_title":"Dan patada inicial de la Copa Potos\u00ed 2022 en la Unidad Adolfo L\u00f3pez Mateo. - Canal 7 SLP - 2022","og_description":"SLP.- En la cancha de pasto sint\u00e9tico de la unidad deportiva Adolfo L\u00f3pez Mateos se llevo a cabo la ceremonia de inauguraci\u00f3n de la copa potos\u00ed 2022 Evento en donde estuvieron presentes la alcaldesa de Soledad de Graciano S\u00e1nchez, el director del INPODE Edmundo R\u00edos y el secretario general \u00c1ngel Gonzalo Santiago Hern\u00e1ndez, en representaci\u00f3n del Gobernador del Estado, Ricardo Gallardo Cardona, llev\u00e1ndose a cabo as\u00ed la ceremonia inaugural, el encargado de dar las palabras inaugurales fue el director del INPODE R\u00edos alent\u00f3 a los equipos a jugar limpio sin violencia y demostrar porque es el torneo de f\u00fatbol y [&hellip;]","og_url":"https:\/\/canal7slp.tv\/2022\/dan-patada-inicial-de-la-copa-potosi-2022-en-la-unidad-adolfo-lopez-mateo\/","og_site_name":"Canal 7 SLP - 2022","article_publisher":"https:\/\/www.facebook.com\/noticieroscanalsiete","article_published_time":"2022-04-13T09:34:32+00:00","og_image":[{"width":888,"height":500,"url":"https:\/\/canal7slp.tv\/2022\/wp-content\/uploads\/2022\/04\/Froi0Copa.jpg","type":"image\/jpeg"}],"author":"Edici\u00f3n Web","twitter_card":"summary_large_image","twitter_creator":"@NOTICIEROS7","twitter_site":"@NOTICIEROS7","twitter_misc":{"Escrito por":"Edici\u00f3n Web","Tiempo de lectura":"1 minuto"},"schema":{"@context":"https:\/\/schema.org","@graph":[{"@type":"Article","@id":"https:\/\/canal7slp.tv\/2022\/dan-patada-inicial-de-la-copa-potosi-2022-en-la-unidad-adolfo-lopez-mateo\/#article","isPartOf":{"@id":"https:\/\/canal7slp.tv\/2022\/dan-patada-inicial-de-la-copa-potosi-2022-en-la-unidad-adolfo-lopez-mateo\/"},"author":{"name":"Edici\u00f3n Web","@id":"https:\/\/canal7slp.tv\/2022\/#\/schema\/person\/429704152a21f5f856ce29aa69a238da"},"headline":"Dan patada inicial de la Copa Potos\u00ed 2022 en la Unidad Adolfo L\u00f3pez Mateo.","datePublished":"2022-04-13T09:34:32+00:00","mainEntityOfPage":{"@id":"https:\/\/canal7slp.tv\/2022\/dan-patada-inicial-de-la-copa-potosi-2022-en-la-unidad-adolfo-lopez-mateo\/"},"wordCount":198,"publisher":{"@id":"https:\/\/canal7slp.tv\/2022\/#organization"},"image":{"@id":"https:\/\/canal7slp.tv\/2022\/dan-patada-inicial-de-la-copa-potosi-2022-en-la-unidad-adolfo-lopez-mateo\/#primaryimage"},"thumbnailUrl":"https:\/\/canal7slp.tv\/2022\/wp-content\/uploads\/2022\/04\/Froi0Copa.jpg","articleSection":["DEPORTES","DESTACADAS"],"inLanguage":"es"},{"@type":"WebPage","@id":"https:\/\/canal7slp.tv\/2022\/dan-patada-inicial-de-la-copa-potosi-2022-en-la-unidad-adolfo-lopez-mateo\/","url":"https:\/\/canal7slp.tv\/2022\/dan-patada-inicial-de-la-copa-potosi-2022-en-la-unidad-adolfo-lopez-mateo\/","name":"Dan patada inicial de la Copa Potos\u00ed 2022 en la Unidad Adolfo L\u00f3pez Mateo. - Canal 7 SLP - 2022","isPartOf":{"@id":"https:\/\/canal7slp.tv\/2022\/#website"},"primaryImageOfPage":{"@id":"https:\/\/canal7slp.tv\/2022\/dan-patada-inicial-de-la-copa-potosi-2022-en-la-unidad-adolfo-lopez-mateo\/#primaryimage"},"image":{"@id":"https:\/\/canal7slp.tv\/2022\/dan-patada-inicial-de-la-copa-potosi-2022-en-la-unidad-adolfo-lopez-mateo\/#primaryimage"},"thumbnailUrl":"https:\/\/canal7slp.tv\/2022\/wp-content\/uploads\/2022\/04\/Froi0Copa.jpg","datePublished":"2022-04-13T09:34:32+00:00","breadcrumb":{"@id":"https:\/\/canal7slp.tv\/2022\/dan-patada-inicial-de-la-copa-potosi-2022-en-la-unidad-adolfo-lopez-mateo\/#breadcrumb"},"inLanguage":"es","potentialAction":[{"@type":"ReadAction","target":["https:\/\/canal7slp.tv\/2022\/dan-patada-inicial-de-la-copa-potosi-2022-en-la-unidad-adolfo-lopez-mateo\/"]}]},{"@type":"ImageObject","inLanguage":"es","@id":"https:\/\/canal7slp.tv\/2022\/dan-patada-inicial-de-la-copa-potosi-2022-en-la-unidad-adolfo-lopez-mateo\/#primaryimage","url":"https:\/\/canal7slp.tv\/2022\/wp-content\/uploads\/2022\/04\/Froi0Copa.jpg","contentUrl":"https:\/\/canal7slp.tv\/2022\/wp-content\/uploads\/2022\/04\/Froi0Copa.jpg","width":888,"height":500},{"@type":"BreadcrumbList","@id":"https:\/\/canal7slp.tv\/2022\/dan-patada-inicial-de-la-copa-potosi-2022-en-la-unidad-adolfo-lopez-mateo\/#breadcrumb","itemListElement":[{"@type":"ListItem","position":1,"name":"Portada","item":"https:\/\/canal7slp.tv\/2022\/"},{"@type":"ListItem","position":2,"name":"Dan patada inicial de la Copa Potos\u00ed 2022 en la Unidad Adolfo L\u00f3pez Mateo."}]},{"@type":"WebSite","@id":"https:\/\/canal7slp.tv\/2022\/#website","url":"https:\/\/canal7slp.tv\/2022\/","name":"N7 - Noticieros Canal 7","description":"Somos Televisi\u00f3n","publisher":{"@id":"https:\/\/canal7slp.tv\/2022\/#organization"},"potentialAction":[{"@type":"SearchAction","target":{"@type":"EntryPoint","urlTemplate":"https:\/\/canal7slp.tv\/2022\/?s={search_term_string}"},"query-input":{"@type":"PropertyValueSpecification","valueRequired":true,"valueName":"search_term_string"}}],"inLanguage":"es"},{"@type":"Organization","@id":"https:\/\/canal7slp.tv\/2022\/#organization","name":"Noticieros Canal 7","url":"https:\/\/canal7slp.tv\/2022\/","logo":{"@type":"ImageObject","inLanguage":"es","@id":"https:\/\/canal7slp.tv\/2022\/#\/schema\/logo\/image\/","url":"https:\/\/canal7slp.tv\/2022\/wp-content\/uploads\/2021\/01\/logo-noticieros@2x.png","contentUrl":"https:\/\/canal7slp.tv\/2022\/wp-content\/uploads\/2021\/01\/logo-noticieros@2x.png","width":1017,"height":268,"caption":"Noticieros Canal 7"},"image":{"@id":"https:\/\/canal7slp.tv\/2022\/#\/schema\/logo\/image\/"},"sameAs":["https:\/\/www.facebook.com\/noticieroscanalsiete","https:\/\/x.com\/NOTICIEROS7","https:\/\/www.instagram.com\/canal7_slp","https:\/\/www.youtube.com\/channel\/UCliiYs-gP3JfJeqdPrNdd5A"]},{"@type":"Person","@id":"https:\/\/canal7slp.tv\/2022\/#\/schema\/person\/429704152a21f5f856ce29aa69a238da","name":"Edici\u00f3n Web","image":{"@type":"ImageObject","inLanguage":"es","@id":"https:\/\/secure.gravatar.com\/avatar\/eee448fc3f7164808013b816ba91ac7e43bbe82a70bebac296f8bc6f0addaa1a?s=96&d=mm&r=g","url":"https:\/\/secure.gravatar.com\/avatar\/eee448fc3f7164808013b816ba91ac7e43bbe82a70bebac296f8bc6f0addaa1a?s=96&d=mm&r=g","contentUrl":"https:\/\/secure.gravatar.com\/avatar\/eee448fc3f7164808013b816ba91ac7e43bbe82a70bebac296f8bc6f0addaa1a?s=96&d=mm&r=g","caption":"Edici\u00f3n Web"},"url":"https:\/\/canal7slp.tv\/2022\/author\/edicionweb\/"}]}},"amp_enabled":true,"_links":{"self":[{"href":"https:\/\/canal7slp.tv\/2022\/wp-json\/wp\/v2\/posts\/57135","targetHints":{"allow":["GET"]}}],"collection":[{"href":"https:\/\/canal7slp.tv\/2022\/wp-json\/wp\/v2\/posts"}],"about":[{"href":"https:\/\/canal7slp.tv\/2022\/wp-json\/wp\/v2\/types\/post"}],"author":[{"embeddable":true,"href":"https:\/\/canal7slp.tv\/2022\/wp-json\/wp\/v2\/users\/2"}],"replies":[{"embeddable":true,"href":"https:\/\/canal7slp.tv\/2022\/wp-json\/wp\/v2\/comments?post=57135"}],"version-history":[{"count":1,"href":"https:\/\/canal7slp.tv\/2022\/wp-json\/wp\/v2\/posts\/57135\/revisions"}],"predecessor-version":[{"id":57137,"href":"https:\/\/canal7slp.tv\/2022\/wp-json\/wp\/v2\/posts\/57135\/revisions\/57137"}],"wp:featuredmedia":[{"embeddable":true,"href":"https:\/\/canal7slp.tv\/2022\/wp-json\/wp\/v2\/media\/57136"}],"wp:attachment":[{"href":"https:\/\/canal7slp.tv\/2022\/wp-json\/wp\/v2\/media?parent=57135"}],"wp:term":[{"taxonomy":"category","embeddable":true,"href":"https:\/\/canal7slp.tv\/2022\/wp-json\/wp\/v2\/categories?post=57135"},{"taxonomy":"post_tag","embeddable":true,"href":"https:\/\/canal7slp.tv\/2022\/wp-json\/wp\/v2\/tags?post=57135"}],"curies":[{"name":"wp","href":"https:\/\/api.w.org\/{rel}","templated":true}]}}