{"id":57124,"date":"2022-04-12T16:45:06","date_gmt":"2022-04-12T22:45:06","guid":{"rendered":"https:\/\/canal7slp.tv\/2022\/?p=57124"},"modified":"2022-04-12T16:45:06","modified_gmt":"2022-04-12T22:45:06","slug":"captura-fiscalia-de-slp-a-exsecretaria-de-salud","status":"publish","type":"post","link":"https:\/\/canal7slp.tv\/2022\/captura-fiscalia-de-slp-a-exsecretaria-de-salud\/","title":{"rendered":"Captura Fiscal\u00eda de SLP a exsecretaria de Salud."},"content":{"rendered":"<ul>\n<li style=\"text-align: justify;\">La aprehensi\u00f3n tuvo lugar en el Estado de M\u00e9xico. En tanto, en Monterrey, Nuevo Le\u00f3n se registr\u00f3 la detenci\u00f3n de otras dos personas por el mismo caso.<\/li>\n<\/ul>\n<p style=\"text-align: justify;\">SLP.- La Fiscal\u00eda General del Estado de San Luis Potos\u00ed (FGESLP) confirm\u00f3 la captura de quien se desempe\u00f1\u00f3 como Secretaria de Salud de la entidad, en la pasada administraci\u00f3n.<\/p>\n<p style=\"text-align: justify;\">M\u00f3nica \u201cN\u201d fue detenida por agentes de la Polic\u00eda de Investigaci\u00f3n de la FGESLP y por elementos de la Fiscal\u00eda del Estado de M\u00e9xico, mediante un convenio de colaboraci\u00f3n entre ambas instituciones de procuraci\u00f3n de justicia.<\/p>\n<p style=\"text-align: justify;\">La ejecuci\u00f3n de la orden de aprehensi\u00f3n contra la ex funcionaria tuvo lugar en el Estado de M\u00e9xico, este martes 12 de abril.<\/p>\n<p style=\"text-align: justify;\">Igual ocurri\u00f3 con otros dos sujetos que fueron aprehendidos en Monterrey, y que est\u00e1n relacionados con los delitos que se le imputan a la citada exfuncionaria.<\/p>\n<p style=\"text-align: justify;\">M\u00f3nica \u00abN\u00bb y sus presuntos c\u00f3mplices ser\u00e1n trasladados a la capital potosina para que enfrenten los cargos que se les imputan, ante la autoridad judicial.<\/p>\n<p style=\"text-align: justify;\">De esa manera, los tres implicados quedar\u00e1n a disposici\u00f3n de un juez de control, qui\u00e9n ser\u00e1 el encargado de llevar a cabo la audiencia inicial.<\/p>\n","protected":false},"excerpt":{"rendered":"<p>La aprehensi\u00f3n tuvo lugar en el Estado de M\u00e9xico. En tanto, en Monterrey, Nuevo Le\u00f3n se registr\u00f3 la detenci\u00f3n de otras dos personas por el mismo caso. SLP.- La Fiscal\u00eda General del Estado de San Luis Potos\u00ed (FGESLP) confirm\u00f3 la captura de quien se desempe\u00f1\u00f3 como Secretaria de Salud de la entidad, en la pasada administraci\u00f3n. M\u00f3nica \u201cN\u201d fue detenida por agentes de la Polic\u00eda de Investigaci\u00f3n de la FGESLP y por elementos de la Fiscal\u00eda del Estado de M\u00e9xico, mediante un convenio de colaboraci\u00f3n entre ambas instituciones de procuraci\u00f3n de justicia. La ejecuci\u00f3n de la orden de aprehensi\u00f3n contra [&hellip;]<\/p>\n","protected":false},"author":2,"featured_media":57125,"comment_status":"closed","ping_status":"closed","sticky":false,"template":"","format":"standard","meta":{"footnotes":""},"categories":[45],"tags":[],"class_list":["post-57124","post","type-post","status-publish","format-standard","has-post-thumbnail","hentry","category-localesyregionales","post--single"],"yoast_head":"<!-- This site is optimized with the Yoast SEO plugin v27.4 - https:\/\/yoast.com\/product\/yoast-seo-wordpress\/ -->\n<title>Captura Fiscal\u00eda de SLP a exsecretaria de Salud. - Canal 7 SLP - 2022<\/title>\n<meta name=\"robots\" content=\"index, follow, max-snippet:-1, max-image-preview:large, max-video-preview:-1\" \/>\n<link rel=\"canonical\" href=\"https:\/\/canal7slp.tv\/2022\/captura-fiscalia-de-slp-a-exsecretaria-de-salud\/\" \/>\n<meta property=\"og:locale\" content=\"es_ES\" \/>\n<meta property=\"og:type\" content=\"article\" \/>\n<meta property=\"og:title\" content=\"Captura Fiscal\u00eda de SLP a exsecretaria de Salud. - Canal 7 SLP - 2022\" \/>\n<meta property=\"og:description\" content=\"La aprehensi\u00f3n tuvo lugar en el Estado de M\u00e9xico. En tanto, en Monterrey, Nuevo Le\u00f3n se registr\u00f3 la detenci\u00f3n de otras dos personas por el mismo caso. SLP.- La Fiscal\u00eda General del Estado de San Luis Potos\u00ed (FGESLP) confirm\u00f3 la captura de quien se desempe\u00f1\u00f3 como Secretaria de Salud de la entidad, en la pasada administraci\u00f3n. M\u00f3nica \u201cN\u201d fue detenida por agentes de la Polic\u00eda de Investigaci\u00f3n de la FGESLP y por elementos de la Fiscal\u00eda del Estado de M\u00e9xico, mediante un convenio de colaboraci\u00f3n entre ambas instituciones de procuraci\u00f3n de justicia. La ejecuci\u00f3n de la orden de aprehensi\u00f3n contra [&hellip;]\" \/>\n<meta property=\"og:url\" content=\"https:\/\/canal7slp.tv\/2022\/captura-fiscalia-de-slp-a-exsecretaria-de-salud\/\" \/>\n<meta property=\"og:site_name\" content=\"Canal 7 SLP - 2022\" \/>\n<meta property=\"article:publisher\" content=\"https:\/\/www.facebook.com\/noticieroscanalsiete\" \/>\n<meta property=\"article:published_time\" content=\"2022-04-12T22:45:06+00:00\" \/>\n<meta property=\"og:image\" content=\"https:\/\/canal7slp.tv\/2022\/wp-content\/uploads\/2022\/04\/MonicaRangel.jpeg\" \/>\n\t<meta property=\"og:image:width\" content=\"805\" \/>\n\t<meta property=\"og:image:height\" content=\"500\" \/>\n\t<meta property=\"og:image:type\" content=\"image\/jpeg\" \/>\n<meta name=\"author\" content=\"Edici\u00f3n Web\" \/>\n<meta name=\"twitter:card\" content=\"summary_large_image\" \/>\n<meta name=\"twitter:creator\" content=\"@NOTICIEROS7\" \/>\n<meta name=\"twitter:site\" content=\"@NOTICIEROS7\" \/>\n<meta name=\"twitter:label1\" content=\"Escrito por\" \/>\n\t<meta name=\"twitter:data1\" content=\"Edici\u00f3n Web\" \/>\n\t<meta name=\"twitter:label2\" content=\"Tiempo de lectura\" \/>\n\t<meta name=\"twitter:data2\" content=\"1 minuto\" \/>\n<script type=\"application\/ld+json\" class=\"yoast-schema-graph\">{\"@context\":\"https:\\\/\\\/schema.org\",\"@graph\":[{\"@type\":\"Article\",\"@id\":\"https:\\\/\\\/canal7slp.tv\\\/2022\\\/captura-fiscalia-de-slp-a-exsecretaria-de-salud\\\/#article\",\"isPartOf\":{\"@id\":\"https:\\\/\\\/canal7slp.tv\\\/2022\\\/captura-fiscalia-de-slp-a-exsecretaria-de-salud\\\/\"},\"author\":{\"name\":\"Edici\u00f3n Web\",\"@id\":\"https:\\\/\\\/canal7slp.tv\\\/2022\\\/#\\\/schema\\\/person\\\/429704152a21f5f856ce29aa69a238da\"},\"headline\":\"Captura Fiscal\u00eda de SLP a exsecretaria de Salud.\",\"datePublished\":\"2022-04-12T22:45:06+00:00\",\"mainEntityOfPage\":{\"@id\":\"https:\\\/\\\/canal7slp.tv\\\/2022\\\/captura-fiscalia-de-slp-a-exsecretaria-de-salud\\\/\"},\"wordCount\":223,\"publisher\":{\"@id\":\"https:\\\/\\\/canal7slp.tv\\\/2022\\\/#organization\"},\"image\":{\"@id\":\"https:\\\/\\\/canal7slp.tv\\\/2022\\\/captura-fiscalia-de-slp-a-exsecretaria-de-salud\\\/#primaryimage\"},\"thumbnailUrl\":\"https:\\\/\\\/canal7slp.tv\\\/2022\\\/wp-content\\\/uploads\\\/2022\\\/04\\\/MonicaRangel.jpeg\",\"articleSection\":[\"LOCALES Y REGIONALES\"],\"inLanguage\":\"es\"},{\"@type\":\"WebPage\",\"@id\":\"https:\\\/\\\/canal7slp.tv\\\/2022\\\/captura-fiscalia-de-slp-a-exsecretaria-de-salud\\\/\",\"url\":\"https:\\\/\\\/canal7slp.tv\\\/2022\\\/captura-fiscalia-de-slp-a-exsecretaria-de-salud\\\/\",\"name\":\"Captura Fiscal\u00eda de SLP a exsecretaria de Salud. - Canal 7 SLP - 2022\",\"isPartOf\":{\"@id\":\"https:\\\/\\\/canal7slp.tv\\\/2022\\\/#website\"},\"primaryImageOfPage\":{\"@id\":\"https:\\\/\\\/canal7slp.tv\\\/2022\\\/captura-fiscalia-de-slp-a-exsecretaria-de-salud\\\/#primaryimage\"},\"image\":{\"@id\":\"https:\\\/\\\/canal7slp.tv\\\/2022\\\/captura-fiscalia-de-slp-a-exsecretaria-de-salud\\\/#primaryimage\"},\"thumbnailUrl\":\"https:\\\/\\\/canal7slp.tv\\\/2022\\\/wp-content\\\/uploads\\\/2022\\\/04\\\/MonicaRangel.jpeg\",\"datePublished\":\"2022-04-12T22:45:06+00:00\",\"breadcrumb\":{\"@id\":\"https:\\\/\\\/canal7slp.tv\\\/2022\\\/captura-fiscalia-de-slp-a-exsecretaria-de-salud\\\/#breadcrumb\"},\"inLanguage\":\"es\",\"potentialAction\":[{\"@type\":\"ReadAction\",\"target\":[\"https:\\\/\\\/canal7slp.tv\\\/2022\\\/captura-fiscalia-de-slp-a-exsecretaria-de-salud\\\/\"]}]},{\"@type\":\"ImageObject\",\"inLanguage\":\"es\",\"@id\":\"https:\\\/\\\/canal7slp.tv\\\/2022\\\/captura-fiscalia-de-slp-a-exsecretaria-de-salud\\\/#primaryimage\",\"url\":\"https:\\\/\\\/canal7slp.tv\\\/2022\\\/wp-content\\\/uploads\\\/2022\\\/04\\\/MonicaRangel.jpeg\",\"contentUrl\":\"https:\\\/\\\/canal7slp.tv\\\/2022\\\/wp-content\\\/uploads\\\/2022\\\/04\\\/MonicaRangel.jpeg\",\"width\":805,\"height\":500},{\"@type\":\"BreadcrumbList\",\"@id\":\"https:\\\/\\\/canal7slp.tv\\\/2022\\\/captura-fiscalia-de-slp-a-exsecretaria-de-salud\\\/#breadcrumb\",\"itemListElement\":[{\"@type\":\"ListItem\",\"position\":1,\"name\":\"Portada\",\"item\":\"https:\\\/\\\/canal7slp.tv\\\/2022\\\/\"},{\"@type\":\"ListItem\",\"position\":2,\"name\":\"Captura Fiscal\u00eda de SLP a exsecretaria de Salud.\"}]},{\"@type\":\"WebSite\",\"@id\":\"https:\\\/\\\/canal7slp.tv\\\/2022\\\/#website\",\"url\":\"https:\\\/\\\/canal7slp.tv\\\/2022\\\/\",\"name\":\"N7 - Noticieros Canal 7\",\"description\":\"Somos Televisi\u00f3n\",\"publisher\":{\"@id\":\"https:\\\/\\\/canal7slp.tv\\\/2022\\\/#organization\"},\"potentialAction\":[{\"@type\":\"SearchAction\",\"target\":{\"@type\":\"EntryPoint\",\"urlTemplate\":\"https:\\\/\\\/canal7slp.tv\\\/2022\\\/?s={search_term_string}\"},\"query-input\":{\"@type\":\"PropertyValueSpecification\",\"valueRequired\":true,\"valueName\":\"search_term_string\"}}],\"inLanguage\":\"es\"},{\"@type\":\"Organization\",\"@id\":\"https:\\\/\\\/canal7slp.tv\\\/2022\\\/#organization\",\"name\":\"Noticieros Canal 7\",\"url\":\"https:\\\/\\\/canal7slp.tv\\\/2022\\\/\",\"logo\":{\"@type\":\"ImageObject\",\"inLanguage\":\"es\",\"@id\":\"https:\\\/\\\/canal7slp.tv\\\/2022\\\/#\\\/schema\\\/logo\\\/image\\\/\",\"url\":\"https:\\\/\\\/canal7slp.tv\\\/2022\\\/wp-content\\\/uploads\\\/2021\\\/01\\\/logo-noticieros@2x.png\",\"contentUrl\":\"https:\\\/\\\/canal7slp.tv\\\/2022\\\/wp-content\\\/uploads\\\/2021\\\/01\\\/logo-noticieros@2x.png\",\"width\":1017,\"height\":268,\"caption\":\"Noticieros Canal 7\"},\"image\":{\"@id\":\"https:\\\/\\\/canal7slp.tv\\\/2022\\\/#\\\/schema\\\/logo\\\/image\\\/\"},\"sameAs\":[\"https:\\\/\\\/www.facebook.com\\\/noticieroscanalsiete\",\"https:\\\/\\\/x.com\\\/NOTICIEROS7\",\"https:\\\/\\\/www.instagram.com\\\/canal7_slp\",\"https:\\\/\\\/www.youtube.com\\\/channel\\\/UCliiYs-gP3JfJeqdPrNdd5A\"]},{\"@type\":\"Person\",\"@id\":\"https:\\\/\\\/canal7slp.tv\\\/2022\\\/#\\\/schema\\\/person\\\/429704152a21f5f856ce29aa69a238da\",\"name\":\"Edici\u00f3n Web\",\"image\":{\"@type\":\"ImageObject\",\"inLanguage\":\"es\",\"@id\":\"https:\\\/\\\/secure.gravatar.com\\\/avatar\\\/eee448fc3f7164808013b816ba91ac7e43bbe82a70bebac296f8bc6f0addaa1a?s=96&d=mm&r=g\",\"url\":\"https:\\\/\\\/secure.gravatar.com\\\/avatar\\\/eee448fc3f7164808013b816ba91ac7e43bbe82a70bebac296f8bc6f0addaa1a?s=96&d=mm&r=g\",\"contentUrl\":\"https:\\\/\\\/secure.gravatar.com\\\/avatar\\\/eee448fc3f7164808013b816ba91ac7e43bbe82a70bebac296f8bc6f0addaa1a?s=96&d=mm&r=g\",\"caption\":\"Edici\u00f3n Web\"},\"url\":\"https:\\\/\\\/canal7slp.tv\\\/2022\\\/author\\\/edicionweb\\\/\"}]}<\/script>\n<!-- \/ Yoast SEO plugin. -->","yoast_head_json":{"title":"Captura Fiscal\u00eda de SLP a exsecretaria de Salud. - Canal 7 SLP - 2022","robots":{"index":"index","follow":"follow","max-snippet":"max-snippet:-1","max-image-preview":"max-image-preview:large","max-video-preview":"max-video-preview:-1"},"canonical":"https:\/\/canal7slp.tv\/2022\/captura-fiscalia-de-slp-a-exsecretaria-de-salud\/","og_locale":"es_ES","og_type":"article","og_title":"Captura Fiscal\u00eda de SLP a exsecretaria de Salud. - Canal 7 SLP - 2022","og_description":"La aprehensi\u00f3n tuvo lugar en el Estado de M\u00e9xico. En tanto, en Monterrey, Nuevo Le\u00f3n se registr\u00f3 la detenci\u00f3n de otras dos personas por el mismo caso. SLP.- La Fiscal\u00eda General del Estado de San Luis Potos\u00ed (FGESLP) confirm\u00f3 la captura de quien se desempe\u00f1\u00f3 como Secretaria de Salud de la entidad, en la pasada administraci\u00f3n. M\u00f3nica \u201cN\u201d fue detenida por agentes de la Polic\u00eda de Investigaci\u00f3n de la FGESLP y por elementos de la Fiscal\u00eda del Estado de M\u00e9xico, mediante un convenio de colaboraci\u00f3n entre ambas instituciones de procuraci\u00f3n de justicia. La ejecuci\u00f3n de la orden de aprehensi\u00f3n contra [&hellip;]","og_url":"https:\/\/canal7slp.tv\/2022\/captura-fiscalia-de-slp-a-exsecretaria-de-salud\/","og_site_name":"Canal 7 SLP - 2022","article_publisher":"https:\/\/www.facebook.com\/noticieroscanalsiete","article_published_time":"2022-04-12T22:45:06+00:00","og_image":[{"width":805,"height":500,"url":"https:\/\/canal7slp.tv\/2022\/wp-content\/uploads\/2022\/04\/MonicaRangel.jpeg","type":"image\/jpeg"}],"author":"Edici\u00f3n Web","twitter_card":"summary_large_image","twitter_creator":"@NOTICIEROS7","twitter_site":"@NOTICIEROS7","twitter_misc":{"Escrito por":"Edici\u00f3n Web","Tiempo de lectura":"1 minuto"},"schema":{"@context":"https:\/\/schema.org","@graph":[{"@type":"Article","@id":"https:\/\/canal7slp.tv\/2022\/captura-fiscalia-de-slp-a-exsecretaria-de-salud\/#article","isPartOf":{"@id":"https:\/\/canal7slp.tv\/2022\/captura-fiscalia-de-slp-a-exsecretaria-de-salud\/"},"author":{"name":"Edici\u00f3n Web","@id":"https:\/\/canal7slp.tv\/2022\/#\/schema\/person\/429704152a21f5f856ce29aa69a238da"},"headline":"Captura Fiscal\u00eda de SLP a exsecretaria de Salud.","datePublished":"2022-04-12T22:45:06+00:00","mainEntityOfPage":{"@id":"https:\/\/canal7slp.tv\/2022\/captura-fiscalia-de-slp-a-exsecretaria-de-salud\/"},"wordCount":223,"publisher":{"@id":"https:\/\/canal7slp.tv\/2022\/#organization"},"image":{"@id":"https:\/\/canal7slp.tv\/2022\/captura-fiscalia-de-slp-a-exsecretaria-de-salud\/#primaryimage"},"thumbnailUrl":"https:\/\/canal7slp.tv\/2022\/wp-content\/uploads\/2022\/04\/MonicaRangel.jpeg","articleSection":["LOCALES Y REGIONALES"],"inLanguage":"es"},{"@type":"WebPage","@id":"https:\/\/canal7slp.tv\/2022\/captura-fiscalia-de-slp-a-exsecretaria-de-salud\/","url":"https:\/\/canal7slp.tv\/2022\/captura-fiscalia-de-slp-a-exsecretaria-de-salud\/","name":"Captura Fiscal\u00eda de SLP a exsecretaria de Salud. - Canal 7 SLP - 2022","isPartOf":{"@id":"https:\/\/canal7slp.tv\/2022\/#website"},"primaryImageOfPage":{"@id":"https:\/\/canal7slp.tv\/2022\/captura-fiscalia-de-slp-a-exsecretaria-de-salud\/#primaryimage"},"image":{"@id":"https:\/\/canal7slp.tv\/2022\/captura-fiscalia-de-slp-a-exsecretaria-de-salud\/#primaryimage"},"thumbnailUrl":"https:\/\/canal7slp.tv\/2022\/wp-content\/uploads\/2022\/04\/MonicaRangel.jpeg","datePublished":"2022-04-12T22:45:06+00:00","breadcrumb":{"@id":"https:\/\/canal7slp.tv\/2022\/captura-fiscalia-de-slp-a-exsecretaria-de-salud\/#breadcrumb"},"inLanguage":"es","potentialAction":[{"@type":"ReadAction","target":["https:\/\/canal7slp.tv\/2022\/captura-fiscalia-de-slp-a-exsecretaria-de-salud\/"]}]},{"@type":"ImageObject","inLanguage":"es","@id":"https:\/\/canal7slp.tv\/2022\/captura-fiscalia-de-slp-a-exsecretaria-de-salud\/#primaryimage","url":"https:\/\/canal7slp.tv\/2022\/wp-content\/uploads\/2022\/04\/MonicaRangel.jpeg","contentUrl":"https:\/\/canal7slp.tv\/2022\/wp-content\/uploads\/2022\/04\/MonicaRangel.jpeg","width":805,"height":500},{"@type":"BreadcrumbList","@id":"https:\/\/canal7slp.tv\/2022\/captura-fiscalia-de-slp-a-exsecretaria-de-salud\/#breadcrumb","itemListElement":[{"@type":"ListItem","position":1,"name":"Portada","item":"https:\/\/canal7slp.tv\/2022\/"},{"@type":"ListItem","position":2,"name":"Captura Fiscal\u00eda de SLP a exsecretaria de Salud."}]},{"@type":"WebSite","@id":"https:\/\/canal7slp.tv\/2022\/#website","url":"https:\/\/canal7slp.tv\/2022\/","name":"N7 - Noticieros Canal 7","description":"Somos Televisi\u00f3n","publisher":{"@id":"https:\/\/canal7slp.tv\/2022\/#organization"},"potentialAction":[{"@type":"SearchAction","target":{"@type":"EntryPoint","urlTemplate":"https:\/\/canal7slp.tv\/2022\/?s={search_term_string}"},"query-input":{"@type":"PropertyValueSpecification","valueRequired":true,"valueName":"search_term_string"}}],"inLanguage":"es"},{"@type":"Organization","@id":"https:\/\/canal7slp.tv\/2022\/#organization","name":"Noticieros Canal 7","url":"https:\/\/canal7slp.tv\/2022\/","logo":{"@type":"ImageObject","inLanguage":"es","@id":"https:\/\/canal7slp.tv\/2022\/#\/schema\/logo\/image\/","url":"https:\/\/canal7slp.tv\/2022\/wp-content\/uploads\/2021\/01\/logo-noticieros@2x.png","contentUrl":"https:\/\/canal7slp.tv\/2022\/wp-content\/uploads\/2021\/01\/logo-noticieros@2x.png","width":1017,"height":268,"caption":"Noticieros Canal 7"},"image":{"@id":"https:\/\/canal7slp.tv\/2022\/#\/schema\/logo\/image\/"},"sameAs":["https:\/\/www.facebook.com\/noticieroscanalsiete","https:\/\/x.com\/NOTICIEROS7","https:\/\/www.instagram.com\/canal7_slp","https:\/\/www.youtube.com\/channel\/UCliiYs-gP3JfJeqdPrNdd5A"]},{"@type":"Person","@id":"https:\/\/canal7slp.tv\/2022\/#\/schema\/person\/429704152a21f5f856ce29aa69a238da","name":"Edici\u00f3n Web","image":{"@type":"ImageObject","inLanguage":"es","@id":"https:\/\/secure.gravatar.com\/avatar\/eee448fc3f7164808013b816ba91ac7e43bbe82a70bebac296f8bc6f0addaa1a?s=96&d=mm&r=g","url":"https:\/\/secure.gravatar.com\/avatar\/eee448fc3f7164808013b816ba91ac7e43bbe82a70bebac296f8bc6f0addaa1a?s=96&d=mm&r=g","contentUrl":"https:\/\/secure.gravatar.com\/avatar\/eee448fc3f7164808013b816ba91ac7e43bbe82a70bebac296f8bc6f0addaa1a?s=96&d=mm&r=g","caption":"Edici\u00f3n Web"},"url":"https:\/\/canal7slp.tv\/2022\/author\/edicionweb\/"}]}},"amp_enabled":true,"_links":{"self":[{"href":"https:\/\/canal7slp.tv\/2022\/wp-json\/wp\/v2\/posts\/57124","targetHints":{"allow":["GET"]}}],"collection":[{"href":"https:\/\/canal7slp.tv\/2022\/wp-json\/wp\/v2\/posts"}],"about":[{"href":"https:\/\/canal7slp.tv\/2022\/wp-json\/wp\/v2\/types\/post"}],"author":[{"embeddable":true,"href":"https:\/\/canal7slp.tv\/2022\/wp-json\/wp\/v2\/users\/2"}],"replies":[{"embeddable":true,"href":"https:\/\/canal7slp.tv\/2022\/wp-json\/wp\/v2\/comments?post=57124"}],"version-history":[{"count":1,"href":"https:\/\/canal7slp.tv\/2022\/wp-json\/wp\/v2\/posts\/57124\/revisions"}],"predecessor-version":[{"id":57126,"href":"https:\/\/canal7slp.tv\/2022\/wp-json\/wp\/v2\/posts\/57124\/revisions\/57126"}],"wp:featuredmedia":[{"embeddable":true,"href":"https:\/\/canal7slp.tv\/2022\/wp-json\/wp\/v2\/media\/57125"}],"wp:attachment":[{"href":"https:\/\/canal7slp.tv\/2022\/wp-json\/wp\/v2\/media?parent=57124"}],"wp:term":[{"taxonomy":"category","embeddable":true,"href":"https:\/\/canal7slp.tv\/2022\/wp-json\/wp\/v2\/categories?post=57124"},{"taxonomy":"post_tag","embeddable":true,"href":"https:\/\/canal7slp.tv\/2022\/wp-json\/wp\/v2\/tags?post=57124"}],"curies":[{"name":"wp","href":"https:\/\/api.w.org\/{rel}","templated":true}]}}