{"id":57098,"date":"2022-04-13T06:33:20","date_gmt":"2022-04-13T12:33:20","guid":{"rendered":"https:\/\/canal7slp.tv\/2022\/?p=57098"},"modified":"2022-04-13T06:33:20","modified_gmt":"2022-04-13T12:33:20","slug":"el-arzobispo-emerito-de-slp-celebro-el-50-aniversario-de-su-ordenacion-sacerdotal","status":"publish","type":"post","link":"https:\/\/canal7slp.tv\/2022\/el-arzobispo-emerito-de-slp-celebro-el-50-aniversario-de-su-ordenacion-sacerdotal\/","title":{"rendered":"El Arzobispo Em\u00e9rito de SLP celebr\u00f3 el 50 aniversario de su ordenaci\u00f3n sacerdotal."},"content":{"rendered":"<p style=\"text-align: justify;\">SLP.- Por la ma\u00f1ana de este martes, el Arzobispo Em\u00e9rito de San Luis Potos\u00ed, Jes\u00fas Carlos Cabrero Romero, celebr\u00f3 el aniversario n\u00famero 50 de su ordenaci\u00f3n sacerdotal.<\/p>\n<p style=\"text-align: justify;\">Sus bodas de oro sacerdotales fueron oficiadas en la Catedral Metropolitana de la capital, d\u00f3nde estuvieron presentes varios personajes de la vida pol\u00edtica, as\u00ed como miembros eclesi\u00e1sticos y feligreses.<\/p>\n<p style=\"text-align: justify;\">Antes de la celebraci\u00f3n, se pudo entrevistar a Cabrero Romero, qui\u00e9n record\u00f3 algunas de sus vivencias como sacerdote.<\/p>\n<p style=\"text-align: justify;\">\u00abSiendo vicario de la Parroquia de Charcas, hubo un accidente en la mina, donde murieron 14 mineros, y nos toc\u00f3 ir a atenderlos, porque la calesa donde bajaban los mineros se rompieron los cables, se trozaron, y ah\u00ed hubo muerte grande\u2026 Todo lo que implic\u00f3 para las familias y para uno, para darle el aliento a las familias, eso para mi fue muy significativo\u00bb, dijo.<\/p>\n<p style=\"text-align: justify;\">Tambi\u00e9n destac\u00f3 su paso por el municipio de Matehuala, d\u00f3nde gracias a la edificaci\u00f3n de un centro vocacional, se promovi\u00f3 la fe cat\u00f3lica entre la poblaci\u00f3n camelense.<\/p>\n<p style=\"text-align: justify;\">Actualmente, Jes\u00fas Carlos Cabrero Romero se desempe\u00f1a como Administrador Apost\u00f3lico en la Arquidi\u00f3cesis de San Luis Potos\u00ed, en espera de la llegada del nuevo Arzobispo Jorge Alberto Cavazos Arispe, luego de haber presentado su renuncia.<\/p>\n<p style=\"text-align: justify;\">De manera resumida, se sabe que recibi\u00f3 la ordenaci\u00f3n sacerdotal en 1972; fue vicario de la ahora Catedral de Matehuala; en 1974 fue enviado a Roma donde curs\u00f3 la Licenciatura en Teolog\u00eda Espiritual; de 1980 a 1995 se desempe\u00f1\u00f3 en varios cargos: profesor, prefecto, director, vicerrector y ec\u00f3nomo general.<\/p>\n<p style=\"text-align: justify;\">A partir de 1996 hasta el a\u00f1o 2001, fue p\u00e1rroco de la Parroquia de San Miguel Arc\u00e1ngel; en 2008, su santidad Benedicto XVI lo nombr\u00f3 obispo de la Di\u00f3cesis de Zacatecas; cuatro a\u00f1os despu\u00e9s (2012) se convirti\u00f3 en el tercer Arzobispo de San Luis Potos\u00ed.<\/p>\n<p style=\"text-align: justify;\">El d\u00eda de hoy es Arzobispo Em\u00e9rito luego de que el Papa Francisco acept\u00f3 su renuncia al llegar a la edad de jubilaci\u00f3n.<\/p>\n<p style=\"text-align: justify;\">Por: Jos\u00e9 Luis V\u00e1zquez<\/p>\n","protected":false},"excerpt":{"rendered":"<p>SLP.- Por la ma\u00f1ana de este martes, el Arzobispo Em\u00e9rito de San Luis Potos\u00ed, Jes\u00fas Carlos Cabrero Romero, celebr\u00f3 el aniversario n\u00famero 50 de su ordenaci\u00f3n sacerdotal. Sus bodas de oro sacerdotales fueron oficiadas en la Catedral Metropolitana de la capital, d\u00f3nde estuvieron presentes varios personajes de la vida pol\u00edtica, as\u00ed como miembros eclesi\u00e1sticos y feligreses. Antes de la celebraci\u00f3n, se pudo entrevistar a Cabrero Romero, qui\u00e9n record\u00f3 algunas de sus vivencias como sacerdote. \u00abSiendo vicario de la Parroquia de Charcas, hubo un accidente en la mina, donde murieron 14 mineros, y nos toc\u00f3 ir a atenderlos, porque la calesa [&hellip;]<\/p>\n","protected":false},"author":2,"featured_media":57140,"comment_status":"closed","ping_status":"closed","sticky":false,"template":"","format":"video","meta":{"footnotes":""},"categories":[5,45],"tags":[],"class_list":["post-57098","post","type-post","status-publish","format-video","has-post-thumbnail","hentry","category-destacadas","category-localesyregionales","post_format-post-format-video","post--single"],"yoast_head":"<!-- This site is optimized with the Yoast SEO plugin v27.4 - https:\/\/yoast.com\/product\/yoast-seo-wordpress\/ -->\n<title>El Arzobispo Em\u00e9rito de SLP celebr\u00f3 el 50 aniversario de su ordenaci\u00f3n sacerdotal. - Canal 7 SLP - 2022<\/title>\n<meta name=\"robots\" content=\"index, follow, max-snippet:-1, max-image-preview:large, max-video-preview:-1\" \/>\n<link rel=\"canonical\" href=\"https:\/\/canal7slp.tv\/2022\/el-arzobispo-emerito-de-slp-celebro-el-50-aniversario-de-su-ordenacion-sacerdotal\/\" \/>\n<meta property=\"og:locale\" content=\"es_ES\" \/>\n<meta property=\"og:type\" content=\"article\" \/>\n<meta property=\"og:title\" content=\"El Arzobispo Em\u00e9rito de SLP celebr\u00f3 el 50 aniversario de su ordenaci\u00f3n sacerdotal. - Canal 7 SLP - 2022\" \/>\n<meta property=\"og:description\" content=\"SLP.- Por la ma\u00f1ana de este martes, el Arzobispo Em\u00e9rito de San Luis Potos\u00ed, Jes\u00fas Carlos Cabrero Romero, celebr\u00f3 el aniversario n\u00famero 50 de su ordenaci\u00f3n sacerdotal. Sus bodas de oro sacerdotales fueron oficiadas en la Catedral Metropolitana de la capital, d\u00f3nde estuvieron presentes varios personajes de la vida pol\u00edtica, as\u00ed como miembros eclesi\u00e1sticos y feligreses. Antes de la celebraci\u00f3n, se pudo entrevistar a Cabrero Romero, qui\u00e9n record\u00f3 algunas de sus vivencias como sacerdote. \u00abSiendo vicario de la Parroquia de Charcas, hubo un accidente en la mina, donde murieron 14 mineros, y nos toc\u00f3 ir a atenderlos, porque la calesa [&hellip;]\" \/>\n<meta property=\"og:url\" content=\"https:\/\/canal7slp.tv\/2022\/el-arzobispo-emerito-de-slp-celebro-el-50-aniversario-de-su-ordenacion-sacerdotal\/\" \/>\n<meta property=\"og:site_name\" content=\"Canal 7 SLP - 2022\" \/>\n<meta property=\"article:publisher\" content=\"https:\/\/www.facebook.com\/noticieroscanalsiete\" \/>\n<meta property=\"article:published_time\" content=\"2022-04-13T12:33:20+00:00\" \/>\n<meta property=\"og:image\" content=\"https:\/\/canal7slp.tv\/2022\/wp-content\/uploads\/2022\/04\/Vazquez02BodasOro.jpg\" \/>\n\t<meta property=\"og:image:width\" content=\"888\" \/>\n\t<meta property=\"og:image:height\" content=\"500\" \/>\n\t<meta property=\"og:image:type\" content=\"image\/jpeg\" \/>\n<meta name=\"author\" content=\"Edici\u00f3n Web\" \/>\n<meta name=\"twitter:card\" content=\"summary_large_image\" \/>\n<meta name=\"twitter:creator\" content=\"@NOTICIEROS7\" \/>\n<meta name=\"twitter:site\" content=\"@NOTICIEROS7\" \/>\n<meta name=\"twitter:label1\" content=\"Escrito por\" \/>\n\t<meta name=\"twitter:data1\" content=\"Edici\u00f3n Web\" \/>\n\t<meta name=\"twitter:label2\" content=\"Tiempo de lectura\" \/>\n\t<meta name=\"twitter:data2\" content=\"2 minutos\" \/>\n<script type=\"application\/ld+json\" class=\"yoast-schema-graph\">{\"@context\":\"https:\\\/\\\/schema.org\",\"@graph\":[{\"@type\":\"Article\",\"@id\":\"https:\\\/\\\/canal7slp.tv\\\/2022\\\/el-arzobispo-emerito-de-slp-celebro-el-50-aniversario-de-su-ordenacion-sacerdotal\\\/#article\",\"isPartOf\":{\"@id\":\"https:\\\/\\\/canal7slp.tv\\\/2022\\\/el-arzobispo-emerito-de-slp-celebro-el-50-aniversario-de-su-ordenacion-sacerdotal\\\/\"},\"author\":{\"name\":\"Edici\u00f3n Web\",\"@id\":\"https:\\\/\\\/canal7slp.tv\\\/2022\\\/#\\\/schema\\\/person\\\/429704152a21f5f856ce29aa69a238da\"},\"headline\":\"El Arzobispo Em\u00e9rito de SLP celebr\u00f3 el 50 aniversario de su ordenaci\u00f3n sacerdotal.\",\"datePublished\":\"2022-04-13T12:33:20+00:00\",\"mainEntityOfPage\":{\"@id\":\"https:\\\/\\\/canal7slp.tv\\\/2022\\\/el-arzobispo-emerito-de-slp-celebro-el-50-aniversario-de-su-ordenacion-sacerdotal\\\/\"},\"wordCount\":359,\"publisher\":{\"@id\":\"https:\\\/\\\/canal7slp.tv\\\/2022\\\/#organization\"},\"image\":{\"@id\":\"https:\\\/\\\/canal7slp.tv\\\/2022\\\/el-arzobispo-emerito-de-slp-celebro-el-50-aniversario-de-su-ordenacion-sacerdotal\\\/#primaryimage\"},\"thumbnailUrl\":\"https:\\\/\\\/canal7slp.tv\\\/2022\\\/wp-content\\\/uploads\\\/2022\\\/04\\\/Vazquez02BodasOro.jpg\",\"articleSection\":[\"DESTACADAS\",\"LOCALES Y REGIONALES\"],\"inLanguage\":\"es\"},{\"@type\":\"WebPage\",\"@id\":\"https:\\\/\\\/canal7slp.tv\\\/2022\\\/el-arzobispo-emerito-de-slp-celebro-el-50-aniversario-de-su-ordenacion-sacerdotal\\\/\",\"url\":\"https:\\\/\\\/canal7slp.tv\\\/2022\\\/el-arzobispo-emerito-de-slp-celebro-el-50-aniversario-de-su-ordenacion-sacerdotal\\\/\",\"name\":\"El Arzobispo Em\u00e9rito de SLP celebr\u00f3 el 50 aniversario de su ordenaci\u00f3n sacerdotal. - Canal 7 SLP - 2022\",\"isPartOf\":{\"@id\":\"https:\\\/\\\/canal7slp.tv\\\/2022\\\/#website\"},\"primaryImageOfPage\":{\"@id\":\"https:\\\/\\\/canal7slp.tv\\\/2022\\\/el-arzobispo-emerito-de-slp-celebro-el-50-aniversario-de-su-ordenacion-sacerdotal\\\/#primaryimage\"},\"image\":{\"@id\":\"https:\\\/\\\/canal7slp.tv\\\/2022\\\/el-arzobispo-emerito-de-slp-celebro-el-50-aniversario-de-su-ordenacion-sacerdotal\\\/#primaryimage\"},\"thumbnailUrl\":\"https:\\\/\\\/canal7slp.tv\\\/2022\\\/wp-content\\\/uploads\\\/2022\\\/04\\\/Vazquez02BodasOro.jpg\",\"datePublished\":\"2022-04-13T12:33:20+00:00\",\"breadcrumb\":{\"@id\":\"https:\\\/\\\/canal7slp.tv\\\/2022\\\/el-arzobispo-emerito-de-slp-celebro-el-50-aniversario-de-su-ordenacion-sacerdotal\\\/#breadcrumb\"},\"inLanguage\":\"es\",\"potentialAction\":[{\"@type\":\"ReadAction\",\"target\":[\"https:\\\/\\\/canal7slp.tv\\\/2022\\\/el-arzobispo-emerito-de-slp-celebro-el-50-aniversario-de-su-ordenacion-sacerdotal\\\/\"]}]},{\"@type\":\"ImageObject\",\"inLanguage\":\"es\",\"@id\":\"https:\\\/\\\/canal7slp.tv\\\/2022\\\/el-arzobispo-emerito-de-slp-celebro-el-50-aniversario-de-su-ordenacion-sacerdotal\\\/#primaryimage\",\"url\":\"https:\\\/\\\/canal7slp.tv\\\/2022\\\/wp-content\\\/uploads\\\/2022\\\/04\\\/Vazquez02BodasOro.jpg\",\"contentUrl\":\"https:\\\/\\\/canal7slp.tv\\\/2022\\\/wp-content\\\/uploads\\\/2022\\\/04\\\/Vazquez02BodasOro.jpg\",\"width\":888,\"height\":500},{\"@type\":\"BreadcrumbList\",\"@id\":\"https:\\\/\\\/canal7slp.tv\\\/2022\\\/el-arzobispo-emerito-de-slp-celebro-el-50-aniversario-de-su-ordenacion-sacerdotal\\\/#breadcrumb\",\"itemListElement\":[{\"@type\":\"ListItem\",\"position\":1,\"name\":\"Portada\",\"item\":\"https:\\\/\\\/canal7slp.tv\\\/2022\\\/\"},{\"@type\":\"ListItem\",\"position\":2,\"name\":\"El Arzobispo Em\u00e9rito de SLP celebr\u00f3 el 50 aniversario de su ordenaci\u00f3n sacerdotal.\"}]},{\"@type\":\"WebSite\",\"@id\":\"https:\\\/\\\/canal7slp.tv\\\/2022\\\/#website\",\"url\":\"https:\\\/\\\/canal7slp.tv\\\/2022\\\/\",\"name\":\"N7 - Noticieros Canal 7\",\"description\":\"Somos Televisi\u00f3n\",\"publisher\":{\"@id\":\"https:\\\/\\\/canal7slp.tv\\\/2022\\\/#organization\"},\"potentialAction\":[{\"@type\":\"SearchAction\",\"target\":{\"@type\":\"EntryPoint\",\"urlTemplate\":\"https:\\\/\\\/canal7slp.tv\\\/2022\\\/?s={search_term_string}\"},\"query-input\":{\"@type\":\"PropertyValueSpecification\",\"valueRequired\":true,\"valueName\":\"search_term_string\"}}],\"inLanguage\":\"es\"},{\"@type\":\"Organization\",\"@id\":\"https:\\\/\\\/canal7slp.tv\\\/2022\\\/#organization\",\"name\":\"Noticieros Canal 7\",\"url\":\"https:\\\/\\\/canal7slp.tv\\\/2022\\\/\",\"logo\":{\"@type\":\"ImageObject\",\"inLanguage\":\"es\",\"@id\":\"https:\\\/\\\/canal7slp.tv\\\/2022\\\/#\\\/schema\\\/logo\\\/image\\\/\",\"url\":\"https:\\\/\\\/canal7slp.tv\\\/2022\\\/wp-content\\\/uploads\\\/2021\\\/01\\\/logo-noticieros@2x.png\",\"contentUrl\":\"https:\\\/\\\/canal7slp.tv\\\/2022\\\/wp-content\\\/uploads\\\/2021\\\/01\\\/logo-noticieros@2x.png\",\"width\":1017,\"height\":268,\"caption\":\"Noticieros Canal 7\"},\"image\":{\"@id\":\"https:\\\/\\\/canal7slp.tv\\\/2022\\\/#\\\/schema\\\/logo\\\/image\\\/\"},\"sameAs\":[\"https:\\\/\\\/www.facebook.com\\\/noticieroscanalsiete\",\"https:\\\/\\\/x.com\\\/NOTICIEROS7\",\"https:\\\/\\\/www.instagram.com\\\/canal7_slp\",\"https:\\\/\\\/www.youtube.com\\\/channel\\\/UCliiYs-gP3JfJeqdPrNdd5A\"]},{\"@type\":\"Person\",\"@id\":\"https:\\\/\\\/canal7slp.tv\\\/2022\\\/#\\\/schema\\\/person\\\/429704152a21f5f856ce29aa69a238da\",\"name\":\"Edici\u00f3n Web\",\"image\":{\"@type\":\"ImageObject\",\"inLanguage\":\"es\",\"@id\":\"https:\\\/\\\/secure.gravatar.com\\\/avatar\\\/eee448fc3f7164808013b816ba91ac7e43bbe82a70bebac296f8bc6f0addaa1a?s=96&d=mm&r=g\",\"url\":\"https:\\\/\\\/secure.gravatar.com\\\/avatar\\\/eee448fc3f7164808013b816ba91ac7e43bbe82a70bebac296f8bc6f0addaa1a?s=96&d=mm&r=g\",\"contentUrl\":\"https:\\\/\\\/secure.gravatar.com\\\/avatar\\\/eee448fc3f7164808013b816ba91ac7e43bbe82a70bebac296f8bc6f0addaa1a?s=96&d=mm&r=g\",\"caption\":\"Edici\u00f3n Web\"},\"url\":\"https:\\\/\\\/canal7slp.tv\\\/2022\\\/author\\\/edicionweb\\\/\"}]}<\/script>\n<!-- \/ Yoast SEO plugin. -->","yoast_head_json":{"title":"El Arzobispo Em\u00e9rito de SLP celebr\u00f3 el 50 aniversario de su ordenaci\u00f3n sacerdotal. - Canal 7 SLP - 2022","robots":{"index":"index","follow":"follow","max-snippet":"max-snippet:-1","max-image-preview":"max-image-preview:large","max-video-preview":"max-video-preview:-1"},"canonical":"https:\/\/canal7slp.tv\/2022\/el-arzobispo-emerito-de-slp-celebro-el-50-aniversario-de-su-ordenacion-sacerdotal\/","og_locale":"es_ES","og_type":"article","og_title":"El Arzobispo Em\u00e9rito de SLP celebr\u00f3 el 50 aniversario de su ordenaci\u00f3n sacerdotal. - Canal 7 SLP - 2022","og_description":"SLP.- Por la ma\u00f1ana de este martes, el Arzobispo Em\u00e9rito de San Luis Potos\u00ed, Jes\u00fas Carlos Cabrero Romero, celebr\u00f3 el aniversario n\u00famero 50 de su ordenaci\u00f3n sacerdotal. Sus bodas de oro sacerdotales fueron oficiadas en la Catedral Metropolitana de la capital, d\u00f3nde estuvieron presentes varios personajes de la vida pol\u00edtica, as\u00ed como miembros eclesi\u00e1sticos y feligreses. Antes de la celebraci\u00f3n, se pudo entrevistar a Cabrero Romero, qui\u00e9n record\u00f3 algunas de sus vivencias como sacerdote. \u00abSiendo vicario de la Parroquia de Charcas, hubo un accidente en la mina, donde murieron 14 mineros, y nos toc\u00f3 ir a atenderlos, porque la calesa [&hellip;]","og_url":"https:\/\/canal7slp.tv\/2022\/el-arzobispo-emerito-de-slp-celebro-el-50-aniversario-de-su-ordenacion-sacerdotal\/","og_site_name":"Canal 7 SLP - 2022","article_publisher":"https:\/\/www.facebook.com\/noticieroscanalsiete","article_published_time":"2022-04-13T12:33:20+00:00","og_image":[{"width":888,"height":500,"url":"https:\/\/canal7slp.tv\/2022\/wp-content\/uploads\/2022\/04\/Vazquez02BodasOro.jpg","type":"image\/jpeg"}],"author":"Edici\u00f3n Web","twitter_card":"summary_large_image","twitter_creator":"@NOTICIEROS7","twitter_site":"@NOTICIEROS7","twitter_misc":{"Escrito por":"Edici\u00f3n Web","Tiempo de lectura":"2 minutos"},"schema":{"@context":"https:\/\/schema.org","@graph":[{"@type":"Article","@id":"https:\/\/canal7slp.tv\/2022\/el-arzobispo-emerito-de-slp-celebro-el-50-aniversario-de-su-ordenacion-sacerdotal\/#article","isPartOf":{"@id":"https:\/\/canal7slp.tv\/2022\/el-arzobispo-emerito-de-slp-celebro-el-50-aniversario-de-su-ordenacion-sacerdotal\/"},"author":{"name":"Edici\u00f3n Web","@id":"https:\/\/canal7slp.tv\/2022\/#\/schema\/person\/429704152a21f5f856ce29aa69a238da"},"headline":"El Arzobispo Em\u00e9rito de SLP celebr\u00f3 el 50 aniversario de su ordenaci\u00f3n sacerdotal.","datePublished":"2022-04-13T12:33:20+00:00","mainEntityOfPage":{"@id":"https:\/\/canal7slp.tv\/2022\/el-arzobispo-emerito-de-slp-celebro-el-50-aniversario-de-su-ordenacion-sacerdotal\/"},"wordCount":359,"publisher":{"@id":"https:\/\/canal7slp.tv\/2022\/#organization"},"image":{"@id":"https:\/\/canal7slp.tv\/2022\/el-arzobispo-emerito-de-slp-celebro-el-50-aniversario-de-su-ordenacion-sacerdotal\/#primaryimage"},"thumbnailUrl":"https:\/\/canal7slp.tv\/2022\/wp-content\/uploads\/2022\/04\/Vazquez02BodasOro.jpg","articleSection":["DESTACADAS","LOCALES Y REGIONALES"],"inLanguage":"es"},{"@type":"WebPage","@id":"https:\/\/canal7slp.tv\/2022\/el-arzobispo-emerito-de-slp-celebro-el-50-aniversario-de-su-ordenacion-sacerdotal\/","url":"https:\/\/canal7slp.tv\/2022\/el-arzobispo-emerito-de-slp-celebro-el-50-aniversario-de-su-ordenacion-sacerdotal\/","name":"El Arzobispo Em\u00e9rito de SLP celebr\u00f3 el 50 aniversario de su ordenaci\u00f3n sacerdotal. - Canal 7 SLP - 2022","isPartOf":{"@id":"https:\/\/canal7slp.tv\/2022\/#website"},"primaryImageOfPage":{"@id":"https:\/\/canal7slp.tv\/2022\/el-arzobispo-emerito-de-slp-celebro-el-50-aniversario-de-su-ordenacion-sacerdotal\/#primaryimage"},"image":{"@id":"https:\/\/canal7slp.tv\/2022\/el-arzobispo-emerito-de-slp-celebro-el-50-aniversario-de-su-ordenacion-sacerdotal\/#primaryimage"},"thumbnailUrl":"https:\/\/canal7slp.tv\/2022\/wp-content\/uploads\/2022\/04\/Vazquez02BodasOro.jpg","datePublished":"2022-04-13T12:33:20+00:00","breadcrumb":{"@id":"https:\/\/canal7slp.tv\/2022\/el-arzobispo-emerito-de-slp-celebro-el-50-aniversario-de-su-ordenacion-sacerdotal\/#breadcrumb"},"inLanguage":"es","potentialAction":[{"@type":"ReadAction","target":["https:\/\/canal7slp.tv\/2022\/el-arzobispo-emerito-de-slp-celebro-el-50-aniversario-de-su-ordenacion-sacerdotal\/"]}]},{"@type":"ImageObject","inLanguage":"es","@id":"https:\/\/canal7slp.tv\/2022\/el-arzobispo-emerito-de-slp-celebro-el-50-aniversario-de-su-ordenacion-sacerdotal\/#primaryimage","url":"https:\/\/canal7slp.tv\/2022\/wp-content\/uploads\/2022\/04\/Vazquez02BodasOro.jpg","contentUrl":"https:\/\/canal7slp.tv\/2022\/wp-content\/uploads\/2022\/04\/Vazquez02BodasOro.jpg","width":888,"height":500},{"@type":"BreadcrumbList","@id":"https:\/\/canal7slp.tv\/2022\/el-arzobispo-emerito-de-slp-celebro-el-50-aniversario-de-su-ordenacion-sacerdotal\/#breadcrumb","itemListElement":[{"@type":"ListItem","position":1,"name":"Portada","item":"https:\/\/canal7slp.tv\/2022\/"},{"@type":"ListItem","position":2,"name":"El Arzobispo Em\u00e9rito de SLP celebr\u00f3 el 50 aniversario de su ordenaci\u00f3n sacerdotal."}]},{"@type":"WebSite","@id":"https:\/\/canal7slp.tv\/2022\/#website","url":"https:\/\/canal7slp.tv\/2022\/","name":"N7 - Noticieros Canal 7","description":"Somos Televisi\u00f3n","publisher":{"@id":"https:\/\/canal7slp.tv\/2022\/#organization"},"potentialAction":[{"@type":"SearchAction","target":{"@type":"EntryPoint","urlTemplate":"https:\/\/canal7slp.tv\/2022\/?s={search_term_string}"},"query-input":{"@type":"PropertyValueSpecification","valueRequired":true,"valueName":"search_term_string"}}],"inLanguage":"es"},{"@type":"Organization","@id":"https:\/\/canal7slp.tv\/2022\/#organization","name":"Noticieros Canal 7","url":"https:\/\/canal7slp.tv\/2022\/","logo":{"@type":"ImageObject","inLanguage":"es","@id":"https:\/\/canal7slp.tv\/2022\/#\/schema\/logo\/image\/","url":"https:\/\/canal7slp.tv\/2022\/wp-content\/uploads\/2021\/01\/logo-noticieros@2x.png","contentUrl":"https:\/\/canal7slp.tv\/2022\/wp-content\/uploads\/2021\/01\/logo-noticieros@2x.png","width":1017,"height":268,"caption":"Noticieros Canal 7"},"image":{"@id":"https:\/\/canal7slp.tv\/2022\/#\/schema\/logo\/image\/"},"sameAs":["https:\/\/www.facebook.com\/noticieroscanalsiete","https:\/\/x.com\/NOTICIEROS7","https:\/\/www.instagram.com\/canal7_slp","https:\/\/www.youtube.com\/channel\/UCliiYs-gP3JfJeqdPrNdd5A"]},{"@type":"Person","@id":"https:\/\/canal7slp.tv\/2022\/#\/schema\/person\/429704152a21f5f856ce29aa69a238da","name":"Edici\u00f3n Web","image":{"@type":"ImageObject","inLanguage":"es","@id":"https:\/\/secure.gravatar.com\/avatar\/eee448fc3f7164808013b816ba91ac7e43bbe82a70bebac296f8bc6f0addaa1a?s=96&d=mm&r=g","url":"https:\/\/secure.gravatar.com\/avatar\/eee448fc3f7164808013b816ba91ac7e43bbe82a70bebac296f8bc6f0addaa1a?s=96&d=mm&r=g","contentUrl":"https:\/\/secure.gravatar.com\/avatar\/eee448fc3f7164808013b816ba91ac7e43bbe82a70bebac296f8bc6f0addaa1a?s=96&d=mm&r=g","caption":"Edici\u00f3n Web"},"url":"https:\/\/canal7slp.tv\/2022\/author\/edicionweb\/"}]}},"amp_enabled":true,"_links":{"self":[{"href":"https:\/\/canal7slp.tv\/2022\/wp-json\/wp\/v2\/posts\/57098","targetHints":{"allow":["GET"]}}],"collection":[{"href":"https:\/\/canal7slp.tv\/2022\/wp-json\/wp\/v2\/posts"}],"about":[{"href":"https:\/\/canal7slp.tv\/2022\/wp-json\/wp\/v2\/types\/post"}],"author":[{"embeddable":true,"href":"https:\/\/canal7slp.tv\/2022\/wp-json\/wp\/v2\/users\/2"}],"replies":[{"embeddable":true,"href":"https:\/\/canal7slp.tv\/2022\/wp-json\/wp\/v2\/comments?post=57098"}],"version-history":[{"count":3,"href":"https:\/\/canal7slp.tv\/2022\/wp-json\/wp\/v2\/posts\/57098\/revisions"}],"predecessor-version":[{"id":57141,"href":"https:\/\/canal7slp.tv\/2022\/wp-json\/wp\/v2\/posts\/57098\/revisions\/57141"}],"wp:featuredmedia":[{"embeddable":true,"href":"https:\/\/canal7slp.tv\/2022\/wp-json\/wp\/v2\/media\/57140"}],"wp:attachment":[{"href":"https:\/\/canal7slp.tv\/2022\/wp-json\/wp\/v2\/media?parent=57098"}],"wp:term":[{"taxonomy":"category","embeddable":true,"href":"https:\/\/canal7slp.tv\/2022\/wp-json\/wp\/v2\/categories?post=57098"},{"taxonomy":"post_tag","embeddable":true,"href":"https:\/\/canal7slp.tv\/2022\/wp-json\/wp\/v2\/tags?post=57098"}],"curies":[{"name":"wp","href":"https:\/\/api.w.org\/{rel}","templated":true}]}}