{"id":57097,"date":"2022-04-13T06:31:16","date_gmt":"2022-04-13T12:31:16","guid":{"rendered":"https:\/\/canal7slp.tv\/2022\/?p=57097"},"modified":"2022-04-13T06:31:16","modified_gmt":"2022-04-13T12:31:16","slug":"trabajadores-del-supremo-tribunal-de-justicia-inicia-periodo-vacacional-a-partir-de-este-13-de-abril","status":"publish","type":"post","link":"https:\/\/canal7slp.tv\/2022\/trabajadores-del-supremo-tribunal-de-justicia-inicia-periodo-vacacional-a-partir-de-este-13-de-abril\/","title":{"rendered":"Trabajadores del Supremo Tribunal de Justicia inicia periodo vacacional a partir de este 13 de abril."},"content":{"rendered":"<ul>\n<li>Habr\u00e1 guardias para atender casos de materia penal y familiar.<\/li>\n<\/ul>\n<p style=\"text-align: justify;\">SLP.- La presidenta del Supr}emo Tribunal de Justicia, Olga Regina Garc\u00eda L\u00f3pez, inform\u00f3 que este martes 11 de abril es el \u00faltimo d\u00eda en que los trabajadores del poder judicial laborar\u00e1n antes de iniciar un periodo vacacional con motivo de los d\u00edas santos.<\/p>\n<p style=\"text-align: justify;\">Durante estos d\u00edas en cuesti\u00f3n se dejar\u00e1 una plantilla m\u00ednima de trabajadores que estar\u00e1n al pendiente de cualquier situaci\u00f3n que pudiera presentarse para su pronta atenci\u00f3n.<\/p>\n<p style=\"text-align: justify;\">\u201cSe van a dejar guardias, una guardia en materia familiar, los de penal no pueden cerrar, tienen que estar permanentemente abiertos para los asuntos que surjan en estos d\u00edas, y las salas tambi\u00e9n dejamos una guardia por si hubiera un asunto penal pendiente\u201d, se\u00f1al\u00f3.<\/p>\n<p style=\"text-align: justify;\">La funcionaria especific\u00f3 que estar\u00e1n disponibles varios perfiles como el de un juez, un secretario e incluso un capturista<\/p>\n<p style=\"text-align: justify;\">\u00abEst\u00e1n disponibles por si hay alg\u00fan asunto urgente en materia familiar y en materia penal, que son en los que pueden surgir alguna situaci\u00f3n\u201d, reiter\u00f3.<\/p>\n<p style=\"text-align: justify;\">Por: Jos\u00e9 Luis V\u00e1zquez<\/p>\n","protected":false},"excerpt":{"rendered":"<p>Habr\u00e1 guardias para atender casos de materia penal y familiar. SLP.- La presidenta del Supr}emo Tribunal de Justicia, Olga Regina Garc\u00eda L\u00f3pez, inform\u00f3 que este martes 11 de abril es el \u00faltimo d\u00eda en que los trabajadores del poder judicial laborar\u00e1n antes de iniciar un periodo vacacional con motivo de los d\u00edas santos. Durante estos d\u00edas en cuesti\u00f3n se dejar\u00e1 una plantilla m\u00ednima de trabajadores que estar\u00e1n al pendiente de cualquier situaci\u00f3n que pudiera presentarse para su pronta atenci\u00f3n. \u201cSe van a dejar guardias, una guardia en materia familiar, los de penal no pueden cerrar, tienen que estar permanentemente abiertos [&hellip;]<\/p>\n","protected":false},"author":2,"featured_media":57138,"comment_status":"closed","ping_status":"closed","sticky":false,"template":"","format":"video","meta":{"footnotes":""},"categories":[5,45],"tags":[],"class_list":["post-57097","post","type-post","status-publish","format-video","has-post-thumbnail","hentry","category-destacadas","category-localesyregionales","post_format-post-format-video","post--single"],"yoast_head":"<!-- This site is optimized with the Yoast SEO plugin v27.4 - https:\/\/yoast.com\/product\/yoast-seo-wordpress\/ -->\n<title>Trabajadores del Supremo Tribunal de Justicia inicia periodo vacacional a partir de este 13 de abril. - Canal 7 SLP - 2022<\/title>\n<meta name=\"robots\" content=\"index, follow, max-snippet:-1, max-image-preview:large, max-video-preview:-1\" \/>\n<link rel=\"canonical\" href=\"https:\/\/canal7slp.tv\/2022\/trabajadores-del-supremo-tribunal-de-justicia-inicia-periodo-vacacional-a-partir-de-este-13-de-abril\/\" \/>\n<meta property=\"og:locale\" content=\"es_ES\" \/>\n<meta property=\"og:type\" content=\"article\" \/>\n<meta property=\"og:title\" content=\"Trabajadores del Supremo Tribunal de Justicia inicia periodo vacacional a partir de este 13 de abril. - Canal 7 SLP - 2022\" \/>\n<meta property=\"og:description\" content=\"Habr\u00e1 guardias para atender casos de materia penal y familiar. SLP.- La presidenta del Supr}emo Tribunal de Justicia, Olga Regina Garc\u00eda L\u00f3pez, inform\u00f3 que este martes 11 de abril es el \u00faltimo d\u00eda en que los trabajadores del poder judicial laborar\u00e1n antes de iniciar un periodo vacacional con motivo de los d\u00edas santos. Durante estos d\u00edas en cuesti\u00f3n se dejar\u00e1 una plantilla m\u00ednima de trabajadores que estar\u00e1n al pendiente de cualquier situaci\u00f3n que pudiera presentarse para su pronta atenci\u00f3n. \u201cSe van a dejar guardias, una guardia en materia familiar, los de penal no pueden cerrar, tienen que estar permanentemente abiertos [&hellip;]\" \/>\n<meta property=\"og:url\" content=\"https:\/\/canal7slp.tv\/2022\/trabajadores-del-supremo-tribunal-de-justicia-inicia-periodo-vacacional-a-partir-de-este-13-de-abril\/\" \/>\n<meta property=\"og:site_name\" content=\"Canal 7 SLP - 2022\" \/>\n<meta property=\"article:publisher\" content=\"https:\/\/www.facebook.com\/noticieroscanalsiete\" \/>\n<meta property=\"article:published_time\" content=\"2022-04-13T12:31:16+00:00\" \/>\n<meta property=\"og:image\" content=\"https:\/\/canal7slp.tv\/2022\/wp-content\/uploads\/2022\/04\/Vazquez01VacacionesPoderJudicial.jpg\" \/>\n\t<meta property=\"og:image:width\" content=\"888\" \/>\n\t<meta property=\"og:image:height\" content=\"500\" \/>\n\t<meta property=\"og:image:type\" content=\"image\/jpeg\" \/>\n<meta name=\"author\" content=\"Edici\u00f3n Web\" \/>\n<meta name=\"twitter:card\" content=\"summary_large_image\" \/>\n<meta name=\"twitter:creator\" content=\"@NOTICIEROS7\" \/>\n<meta name=\"twitter:site\" content=\"@NOTICIEROS7\" \/>\n<meta name=\"twitter:label1\" content=\"Escrito por\" \/>\n\t<meta name=\"twitter:data1\" content=\"Edici\u00f3n Web\" \/>\n\t<meta name=\"twitter:label2\" content=\"Tiempo de lectura\" \/>\n\t<meta name=\"twitter:data2\" content=\"1 minuto\" \/>\n<script type=\"application\/ld+json\" class=\"yoast-schema-graph\">{\"@context\":\"https:\\\/\\\/schema.org\",\"@graph\":[{\"@type\":\"Article\",\"@id\":\"https:\\\/\\\/canal7slp.tv\\\/2022\\\/trabajadores-del-supremo-tribunal-de-justicia-inicia-periodo-vacacional-a-partir-de-este-13-de-abril\\\/#article\",\"isPartOf\":{\"@id\":\"https:\\\/\\\/canal7slp.tv\\\/2022\\\/trabajadores-del-supremo-tribunal-de-justicia-inicia-periodo-vacacional-a-partir-de-este-13-de-abril\\\/\"},\"author\":{\"name\":\"Edici\u00f3n Web\",\"@id\":\"https:\\\/\\\/canal7slp.tv\\\/2022\\\/#\\\/schema\\\/person\\\/429704152a21f5f856ce29aa69a238da\"},\"headline\":\"Trabajadores del Supremo Tribunal de Justicia inicia periodo vacacional a partir de este 13 de abril.\",\"datePublished\":\"2022-04-13T12:31:16+00:00\",\"mainEntityOfPage\":{\"@id\":\"https:\\\/\\\/canal7slp.tv\\\/2022\\\/trabajadores-del-supremo-tribunal-de-justicia-inicia-periodo-vacacional-a-partir-de-este-13-de-abril\\\/\"},\"wordCount\":206,\"publisher\":{\"@id\":\"https:\\\/\\\/canal7slp.tv\\\/2022\\\/#organization\"},\"image\":{\"@id\":\"https:\\\/\\\/canal7slp.tv\\\/2022\\\/trabajadores-del-supremo-tribunal-de-justicia-inicia-periodo-vacacional-a-partir-de-este-13-de-abril\\\/#primaryimage\"},\"thumbnailUrl\":\"https:\\\/\\\/canal7slp.tv\\\/2022\\\/wp-content\\\/uploads\\\/2022\\\/04\\\/Vazquez01VacacionesPoderJudicial.jpg\",\"articleSection\":[\"DESTACADAS\",\"LOCALES Y REGIONALES\"],\"inLanguage\":\"es\"},{\"@type\":\"WebPage\",\"@id\":\"https:\\\/\\\/canal7slp.tv\\\/2022\\\/trabajadores-del-supremo-tribunal-de-justicia-inicia-periodo-vacacional-a-partir-de-este-13-de-abril\\\/\",\"url\":\"https:\\\/\\\/canal7slp.tv\\\/2022\\\/trabajadores-del-supremo-tribunal-de-justicia-inicia-periodo-vacacional-a-partir-de-este-13-de-abril\\\/\",\"name\":\"Trabajadores del Supremo Tribunal de Justicia inicia periodo vacacional a partir de este 13 de abril. - Canal 7 SLP - 2022\",\"isPartOf\":{\"@id\":\"https:\\\/\\\/canal7slp.tv\\\/2022\\\/#website\"},\"primaryImageOfPage\":{\"@id\":\"https:\\\/\\\/canal7slp.tv\\\/2022\\\/trabajadores-del-supremo-tribunal-de-justicia-inicia-periodo-vacacional-a-partir-de-este-13-de-abril\\\/#primaryimage\"},\"image\":{\"@id\":\"https:\\\/\\\/canal7slp.tv\\\/2022\\\/trabajadores-del-supremo-tribunal-de-justicia-inicia-periodo-vacacional-a-partir-de-este-13-de-abril\\\/#primaryimage\"},\"thumbnailUrl\":\"https:\\\/\\\/canal7slp.tv\\\/2022\\\/wp-content\\\/uploads\\\/2022\\\/04\\\/Vazquez01VacacionesPoderJudicial.jpg\",\"datePublished\":\"2022-04-13T12:31:16+00:00\",\"breadcrumb\":{\"@id\":\"https:\\\/\\\/canal7slp.tv\\\/2022\\\/trabajadores-del-supremo-tribunal-de-justicia-inicia-periodo-vacacional-a-partir-de-este-13-de-abril\\\/#breadcrumb\"},\"inLanguage\":\"es\",\"potentialAction\":[{\"@type\":\"ReadAction\",\"target\":[\"https:\\\/\\\/canal7slp.tv\\\/2022\\\/trabajadores-del-supremo-tribunal-de-justicia-inicia-periodo-vacacional-a-partir-de-este-13-de-abril\\\/\"]}]},{\"@type\":\"ImageObject\",\"inLanguage\":\"es\",\"@id\":\"https:\\\/\\\/canal7slp.tv\\\/2022\\\/trabajadores-del-supremo-tribunal-de-justicia-inicia-periodo-vacacional-a-partir-de-este-13-de-abril\\\/#primaryimage\",\"url\":\"https:\\\/\\\/canal7slp.tv\\\/2022\\\/wp-content\\\/uploads\\\/2022\\\/04\\\/Vazquez01VacacionesPoderJudicial.jpg\",\"contentUrl\":\"https:\\\/\\\/canal7slp.tv\\\/2022\\\/wp-content\\\/uploads\\\/2022\\\/04\\\/Vazquez01VacacionesPoderJudicial.jpg\",\"width\":888,\"height\":500},{\"@type\":\"BreadcrumbList\",\"@id\":\"https:\\\/\\\/canal7slp.tv\\\/2022\\\/trabajadores-del-supremo-tribunal-de-justicia-inicia-periodo-vacacional-a-partir-de-este-13-de-abril\\\/#breadcrumb\",\"itemListElement\":[{\"@type\":\"ListItem\",\"position\":1,\"name\":\"Portada\",\"item\":\"https:\\\/\\\/canal7slp.tv\\\/2022\\\/\"},{\"@type\":\"ListItem\",\"position\":2,\"name\":\"Trabajadores del Supremo Tribunal de Justicia inicia periodo vacacional a partir de este 13 de abril.\"}]},{\"@type\":\"WebSite\",\"@id\":\"https:\\\/\\\/canal7slp.tv\\\/2022\\\/#website\",\"url\":\"https:\\\/\\\/canal7slp.tv\\\/2022\\\/\",\"name\":\"N7 - Noticieros Canal 7\",\"description\":\"Somos Televisi\u00f3n\",\"publisher\":{\"@id\":\"https:\\\/\\\/canal7slp.tv\\\/2022\\\/#organization\"},\"potentialAction\":[{\"@type\":\"SearchAction\",\"target\":{\"@type\":\"EntryPoint\",\"urlTemplate\":\"https:\\\/\\\/canal7slp.tv\\\/2022\\\/?s={search_term_string}\"},\"query-input\":{\"@type\":\"PropertyValueSpecification\",\"valueRequired\":true,\"valueName\":\"search_term_string\"}}],\"inLanguage\":\"es\"},{\"@type\":\"Organization\",\"@id\":\"https:\\\/\\\/canal7slp.tv\\\/2022\\\/#organization\",\"name\":\"Noticieros Canal 7\",\"url\":\"https:\\\/\\\/canal7slp.tv\\\/2022\\\/\",\"logo\":{\"@type\":\"ImageObject\",\"inLanguage\":\"es\",\"@id\":\"https:\\\/\\\/canal7slp.tv\\\/2022\\\/#\\\/schema\\\/logo\\\/image\\\/\",\"url\":\"https:\\\/\\\/canal7slp.tv\\\/2022\\\/wp-content\\\/uploads\\\/2021\\\/01\\\/logo-noticieros@2x.png\",\"contentUrl\":\"https:\\\/\\\/canal7slp.tv\\\/2022\\\/wp-content\\\/uploads\\\/2021\\\/01\\\/logo-noticieros@2x.png\",\"width\":1017,\"height\":268,\"caption\":\"Noticieros Canal 7\"},\"image\":{\"@id\":\"https:\\\/\\\/canal7slp.tv\\\/2022\\\/#\\\/schema\\\/logo\\\/image\\\/\"},\"sameAs\":[\"https:\\\/\\\/www.facebook.com\\\/noticieroscanalsiete\",\"https:\\\/\\\/x.com\\\/NOTICIEROS7\",\"https:\\\/\\\/www.instagram.com\\\/canal7_slp\",\"https:\\\/\\\/www.youtube.com\\\/channel\\\/UCliiYs-gP3JfJeqdPrNdd5A\"]},{\"@type\":\"Person\",\"@id\":\"https:\\\/\\\/canal7slp.tv\\\/2022\\\/#\\\/schema\\\/person\\\/429704152a21f5f856ce29aa69a238da\",\"name\":\"Edici\u00f3n Web\",\"image\":{\"@type\":\"ImageObject\",\"inLanguage\":\"es\",\"@id\":\"https:\\\/\\\/secure.gravatar.com\\\/avatar\\\/eee448fc3f7164808013b816ba91ac7e43bbe82a70bebac296f8bc6f0addaa1a?s=96&d=mm&r=g\",\"url\":\"https:\\\/\\\/secure.gravatar.com\\\/avatar\\\/eee448fc3f7164808013b816ba91ac7e43bbe82a70bebac296f8bc6f0addaa1a?s=96&d=mm&r=g\",\"contentUrl\":\"https:\\\/\\\/secure.gravatar.com\\\/avatar\\\/eee448fc3f7164808013b816ba91ac7e43bbe82a70bebac296f8bc6f0addaa1a?s=96&d=mm&r=g\",\"caption\":\"Edici\u00f3n Web\"},\"url\":\"https:\\\/\\\/canal7slp.tv\\\/2022\\\/author\\\/edicionweb\\\/\"}]}<\/script>\n<!-- \/ Yoast SEO plugin. -->","yoast_head_json":{"title":"Trabajadores del Supremo Tribunal de Justicia inicia periodo vacacional a partir de este 13 de abril. - Canal 7 SLP - 2022","robots":{"index":"index","follow":"follow","max-snippet":"max-snippet:-1","max-image-preview":"max-image-preview:large","max-video-preview":"max-video-preview:-1"},"canonical":"https:\/\/canal7slp.tv\/2022\/trabajadores-del-supremo-tribunal-de-justicia-inicia-periodo-vacacional-a-partir-de-este-13-de-abril\/","og_locale":"es_ES","og_type":"article","og_title":"Trabajadores del Supremo Tribunal de Justicia inicia periodo vacacional a partir de este 13 de abril. - Canal 7 SLP - 2022","og_description":"Habr\u00e1 guardias para atender casos de materia penal y familiar. SLP.- La presidenta del Supr}emo Tribunal de Justicia, Olga Regina Garc\u00eda L\u00f3pez, inform\u00f3 que este martes 11 de abril es el \u00faltimo d\u00eda en que los trabajadores del poder judicial laborar\u00e1n antes de iniciar un periodo vacacional con motivo de los d\u00edas santos. Durante estos d\u00edas en cuesti\u00f3n se dejar\u00e1 una plantilla m\u00ednima de trabajadores que estar\u00e1n al pendiente de cualquier situaci\u00f3n que pudiera presentarse para su pronta atenci\u00f3n. \u201cSe van a dejar guardias, una guardia en materia familiar, los de penal no pueden cerrar, tienen que estar permanentemente abiertos [&hellip;]","og_url":"https:\/\/canal7slp.tv\/2022\/trabajadores-del-supremo-tribunal-de-justicia-inicia-periodo-vacacional-a-partir-de-este-13-de-abril\/","og_site_name":"Canal 7 SLP - 2022","article_publisher":"https:\/\/www.facebook.com\/noticieroscanalsiete","article_published_time":"2022-04-13T12:31:16+00:00","og_image":[{"width":888,"height":500,"url":"https:\/\/canal7slp.tv\/2022\/wp-content\/uploads\/2022\/04\/Vazquez01VacacionesPoderJudicial.jpg","type":"image\/jpeg"}],"author":"Edici\u00f3n Web","twitter_card":"summary_large_image","twitter_creator":"@NOTICIEROS7","twitter_site":"@NOTICIEROS7","twitter_misc":{"Escrito por":"Edici\u00f3n Web","Tiempo de lectura":"1 minuto"},"schema":{"@context":"https:\/\/schema.org","@graph":[{"@type":"Article","@id":"https:\/\/canal7slp.tv\/2022\/trabajadores-del-supremo-tribunal-de-justicia-inicia-periodo-vacacional-a-partir-de-este-13-de-abril\/#article","isPartOf":{"@id":"https:\/\/canal7slp.tv\/2022\/trabajadores-del-supremo-tribunal-de-justicia-inicia-periodo-vacacional-a-partir-de-este-13-de-abril\/"},"author":{"name":"Edici\u00f3n Web","@id":"https:\/\/canal7slp.tv\/2022\/#\/schema\/person\/429704152a21f5f856ce29aa69a238da"},"headline":"Trabajadores del Supremo Tribunal de Justicia inicia periodo vacacional a partir de este 13 de abril.","datePublished":"2022-04-13T12:31:16+00:00","mainEntityOfPage":{"@id":"https:\/\/canal7slp.tv\/2022\/trabajadores-del-supremo-tribunal-de-justicia-inicia-periodo-vacacional-a-partir-de-este-13-de-abril\/"},"wordCount":206,"publisher":{"@id":"https:\/\/canal7slp.tv\/2022\/#organization"},"image":{"@id":"https:\/\/canal7slp.tv\/2022\/trabajadores-del-supremo-tribunal-de-justicia-inicia-periodo-vacacional-a-partir-de-este-13-de-abril\/#primaryimage"},"thumbnailUrl":"https:\/\/canal7slp.tv\/2022\/wp-content\/uploads\/2022\/04\/Vazquez01VacacionesPoderJudicial.jpg","articleSection":["DESTACADAS","LOCALES Y REGIONALES"],"inLanguage":"es"},{"@type":"WebPage","@id":"https:\/\/canal7slp.tv\/2022\/trabajadores-del-supremo-tribunal-de-justicia-inicia-periodo-vacacional-a-partir-de-este-13-de-abril\/","url":"https:\/\/canal7slp.tv\/2022\/trabajadores-del-supremo-tribunal-de-justicia-inicia-periodo-vacacional-a-partir-de-este-13-de-abril\/","name":"Trabajadores del Supremo Tribunal de Justicia inicia periodo vacacional a partir de este 13 de abril. - Canal 7 SLP - 2022","isPartOf":{"@id":"https:\/\/canal7slp.tv\/2022\/#website"},"primaryImageOfPage":{"@id":"https:\/\/canal7slp.tv\/2022\/trabajadores-del-supremo-tribunal-de-justicia-inicia-periodo-vacacional-a-partir-de-este-13-de-abril\/#primaryimage"},"image":{"@id":"https:\/\/canal7slp.tv\/2022\/trabajadores-del-supremo-tribunal-de-justicia-inicia-periodo-vacacional-a-partir-de-este-13-de-abril\/#primaryimage"},"thumbnailUrl":"https:\/\/canal7slp.tv\/2022\/wp-content\/uploads\/2022\/04\/Vazquez01VacacionesPoderJudicial.jpg","datePublished":"2022-04-13T12:31:16+00:00","breadcrumb":{"@id":"https:\/\/canal7slp.tv\/2022\/trabajadores-del-supremo-tribunal-de-justicia-inicia-periodo-vacacional-a-partir-de-este-13-de-abril\/#breadcrumb"},"inLanguage":"es","potentialAction":[{"@type":"ReadAction","target":["https:\/\/canal7slp.tv\/2022\/trabajadores-del-supremo-tribunal-de-justicia-inicia-periodo-vacacional-a-partir-de-este-13-de-abril\/"]}]},{"@type":"ImageObject","inLanguage":"es","@id":"https:\/\/canal7slp.tv\/2022\/trabajadores-del-supremo-tribunal-de-justicia-inicia-periodo-vacacional-a-partir-de-este-13-de-abril\/#primaryimage","url":"https:\/\/canal7slp.tv\/2022\/wp-content\/uploads\/2022\/04\/Vazquez01VacacionesPoderJudicial.jpg","contentUrl":"https:\/\/canal7slp.tv\/2022\/wp-content\/uploads\/2022\/04\/Vazquez01VacacionesPoderJudicial.jpg","width":888,"height":500},{"@type":"BreadcrumbList","@id":"https:\/\/canal7slp.tv\/2022\/trabajadores-del-supremo-tribunal-de-justicia-inicia-periodo-vacacional-a-partir-de-este-13-de-abril\/#breadcrumb","itemListElement":[{"@type":"ListItem","position":1,"name":"Portada","item":"https:\/\/canal7slp.tv\/2022\/"},{"@type":"ListItem","position":2,"name":"Trabajadores del Supremo Tribunal de Justicia inicia periodo vacacional a partir de este 13 de abril."}]},{"@type":"WebSite","@id":"https:\/\/canal7slp.tv\/2022\/#website","url":"https:\/\/canal7slp.tv\/2022\/","name":"N7 - Noticieros Canal 7","description":"Somos Televisi\u00f3n","publisher":{"@id":"https:\/\/canal7slp.tv\/2022\/#organization"},"potentialAction":[{"@type":"SearchAction","target":{"@type":"EntryPoint","urlTemplate":"https:\/\/canal7slp.tv\/2022\/?s={search_term_string}"},"query-input":{"@type":"PropertyValueSpecification","valueRequired":true,"valueName":"search_term_string"}}],"inLanguage":"es"},{"@type":"Organization","@id":"https:\/\/canal7slp.tv\/2022\/#organization","name":"Noticieros Canal 7","url":"https:\/\/canal7slp.tv\/2022\/","logo":{"@type":"ImageObject","inLanguage":"es","@id":"https:\/\/canal7slp.tv\/2022\/#\/schema\/logo\/image\/","url":"https:\/\/canal7slp.tv\/2022\/wp-content\/uploads\/2021\/01\/logo-noticieros@2x.png","contentUrl":"https:\/\/canal7slp.tv\/2022\/wp-content\/uploads\/2021\/01\/logo-noticieros@2x.png","width":1017,"height":268,"caption":"Noticieros Canal 7"},"image":{"@id":"https:\/\/canal7slp.tv\/2022\/#\/schema\/logo\/image\/"},"sameAs":["https:\/\/www.facebook.com\/noticieroscanalsiete","https:\/\/x.com\/NOTICIEROS7","https:\/\/www.instagram.com\/canal7_slp","https:\/\/www.youtube.com\/channel\/UCliiYs-gP3JfJeqdPrNdd5A"]},{"@type":"Person","@id":"https:\/\/canal7slp.tv\/2022\/#\/schema\/person\/429704152a21f5f856ce29aa69a238da","name":"Edici\u00f3n Web","image":{"@type":"ImageObject","inLanguage":"es","@id":"https:\/\/secure.gravatar.com\/avatar\/eee448fc3f7164808013b816ba91ac7e43bbe82a70bebac296f8bc6f0addaa1a?s=96&d=mm&r=g","url":"https:\/\/secure.gravatar.com\/avatar\/eee448fc3f7164808013b816ba91ac7e43bbe82a70bebac296f8bc6f0addaa1a?s=96&d=mm&r=g","contentUrl":"https:\/\/secure.gravatar.com\/avatar\/eee448fc3f7164808013b816ba91ac7e43bbe82a70bebac296f8bc6f0addaa1a?s=96&d=mm&r=g","caption":"Edici\u00f3n Web"},"url":"https:\/\/canal7slp.tv\/2022\/author\/edicionweb\/"}]}},"amp_enabled":true,"_links":{"self":[{"href":"https:\/\/canal7slp.tv\/2022\/wp-json\/wp\/v2\/posts\/57097","targetHints":{"allow":["GET"]}}],"collection":[{"href":"https:\/\/canal7slp.tv\/2022\/wp-json\/wp\/v2\/posts"}],"about":[{"href":"https:\/\/canal7slp.tv\/2022\/wp-json\/wp\/v2\/types\/post"}],"author":[{"embeddable":true,"href":"https:\/\/canal7slp.tv\/2022\/wp-json\/wp\/v2\/users\/2"}],"replies":[{"embeddable":true,"href":"https:\/\/canal7slp.tv\/2022\/wp-json\/wp\/v2\/comments?post=57097"}],"version-history":[{"count":3,"href":"https:\/\/canal7slp.tv\/2022\/wp-json\/wp\/v2\/posts\/57097\/revisions"}],"predecessor-version":[{"id":57139,"href":"https:\/\/canal7slp.tv\/2022\/wp-json\/wp\/v2\/posts\/57097\/revisions\/57139"}],"wp:featuredmedia":[{"embeddable":true,"href":"https:\/\/canal7slp.tv\/2022\/wp-json\/wp\/v2\/media\/57138"}],"wp:attachment":[{"href":"https:\/\/canal7slp.tv\/2022\/wp-json\/wp\/v2\/media?parent=57097"}],"wp:term":[{"taxonomy":"category","embeddable":true,"href":"https:\/\/canal7slp.tv\/2022\/wp-json\/wp\/v2\/categories?post=57097"},{"taxonomy":"post_tag","embeddable":true,"href":"https:\/\/canal7slp.tv\/2022\/wp-json\/wp\/v2\/tags?post=57097"}],"curies":[{"name":"wp","href":"https:\/\/api.w.org\/{rel}","templated":true}]}}