{"id":57074,"date":"2022-04-12T15:31:10","date_gmt":"2022-04-12T21:31:10","guid":{"rendered":"https:\/\/canal7slp.tv\/2022\/?p=57074"},"modified":"2022-04-12T15:35:14","modified_gmt":"2022-04-12T21:35:14","slug":"onu-emplaza-a-mexico-a-prevenir-y-erradicar-las-desapariciones-forzadas-en-el-pais","status":"publish","type":"post","link":"https:\/\/canal7slp.tv\/2022\/onu-emplaza-a-mexico-a-prevenir-y-erradicar-las-desapariciones-forzadas-en-el-pais\/","title":{"rendered":"ONU emplaza a M\u00e9xico a prevenir y erradicar las desapariciones forzadas en el pa\u00eds"},"content":{"rendered":"<p style=\"text-align: justify;\">M\u00e9xico.- En la presentaci\u00f3n del informe sobre la visita que el Comit\u00e9 contra las Desapariciones Forzadas (CED) de la Organizaci\u00f3n de las Naciones Unidas (ONU), se advirti\u00f3 la necesidad de que el Gobierno de M\u00e9xico adopte una pol\u00edtica nacional de prevenci\u00f3n y erradicaci\u00f3n de las desapariciones forzadas, misma que deber\u00e1 ser eficaz y efectiva,.<\/p>\n<p style=\"text-align: justify;\">Asimismo, se tendr\u00e1 que dar prioridad a la atenci\u00f3n de este fen\u00f3meno.<\/p>\n<p style=\"text-align: justify;\">El CED demanda el fortalecimiento de las instituciones nacionales y los procesos de b\u00fasqueda e investigaci\u00f3n.<\/p>\n<p style=\"text-align: justify;\">Entre otras solicitudes, se pide garantizar la coordinaci\u00f3n sistem\u00e1tica y efectiva de las instituciones.<\/p>\n<p style=\"text-align: justify;\">Aunado a esto, se deber\u00e1n remover obst\u00e1culos en la judicializaci\u00f3n y crisis forense.<\/p>\n<p style=\"text-align: justify;\">A su vez que se deber\u00e1 facilitar el acceso a la b\u00fasqueda, verdad, justicia y reparaci\u00f3n con enfoque diferencial, y reconocer el papel de las v\u00edctimas.<\/p>\n<p style=\"text-align: justify;\">Por su parte, la Secretar\u00eda de Gobernaci\u00f3n (SEGOB) se\u00f1al\u00f3 que en su informe, el comit\u00e9 reconoce importantes avances normativos, institucionales y jurisprudencia, aunque advierte que los esfuerzos realizados hasta ahora han sido insuficientes.<\/p>\n","protected":false},"excerpt":{"rendered":"<p>M\u00e9xico.- En la presentaci\u00f3n del informe sobre la visita que el Comit\u00e9 contra las Desapariciones Forzadas (CED) de la Organizaci\u00f3n de las Naciones Unidas (ONU), se advirti\u00f3 la necesidad de que el Gobierno de M\u00e9xico adopte una pol\u00edtica nacional de prevenci\u00f3n y erradicaci\u00f3n de las desapariciones forzadas, misma que deber\u00e1 ser eficaz y efectiva,. Asimismo, se tendr\u00e1 que dar prioridad a la atenci\u00f3n de este fen\u00f3meno. El CED demanda el fortalecimiento de las instituciones nacionales y los procesos de b\u00fasqueda e investigaci\u00f3n. Entre otras solicitudes, se pide garantizar la coordinaci\u00f3n sistem\u00e1tica y efectiva de las instituciones. Aunado a esto, se [&hellip;]<\/p>\n","protected":false},"author":2,"featured_media":57085,"comment_status":"closed","ping_status":"closed","sticky":false,"template":"","format":"standard","meta":{"footnotes":""},"categories":[46],"tags":[],"class_list":["post-57074","post","type-post","status-publish","format-standard","has-post-thumbnail","hentry","category-nacional","post--single"],"yoast_head":"<!-- This site is optimized with the Yoast SEO plugin v27.5 - https:\/\/yoast.com\/product\/yoast-seo-wordpress\/ -->\n<title>ONU emplaza a M\u00e9xico a prevenir y erradicar las desapariciones forzadas en el pa\u00eds - Canal 7 SLP - 2022<\/title>\n<meta name=\"robots\" content=\"index, follow, max-snippet:-1, max-image-preview:large, max-video-preview:-1\" \/>\n<link rel=\"canonical\" href=\"https:\/\/canal7slp.tv\/2022\/onu-emplaza-a-mexico-a-prevenir-y-erradicar-las-desapariciones-forzadas-en-el-pais\/\" \/>\n<meta property=\"og:locale\" content=\"es_ES\" \/>\n<meta property=\"og:type\" content=\"article\" \/>\n<meta property=\"og:title\" content=\"ONU emplaza a M\u00e9xico a prevenir y erradicar las desapariciones forzadas en el pa\u00eds - Canal 7 SLP - 2022\" \/>\n<meta property=\"og:description\" content=\"M\u00e9xico.- En la presentaci\u00f3n del informe sobre la visita que el Comit\u00e9 contra las Desapariciones Forzadas (CED) de la Organizaci\u00f3n de las Naciones Unidas (ONU), se advirti\u00f3 la necesidad de que el Gobierno de M\u00e9xico adopte una pol\u00edtica nacional de prevenci\u00f3n y erradicaci\u00f3n de las desapariciones forzadas, misma que deber\u00e1 ser eficaz y efectiva,. Asimismo, se tendr\u00e1 que dar prioridad a la atenci\u00f3n de este fen\u00f3meno. El CED demanda el fortalecimiento de las instituciones nacionales y los procesos de b\u00fasqueda e investigaci\u00f3n. Entre otras solicitudes, se pide garantizar la coordinaci\u00f3n sistem\u00e1tica y efectiva de las instituciones. Aunado a esto, se [&hellip;]\" \/>\n<meta property=\"og:url\" content=\"https:\/\/canal7slp.tv\/2022\/onu-emplaza-a-mexico-a-prevenir-y-erradicar-las-desapariciones-forzadas-en-el-pais\/\" \/>\n<meta property=\"og:site_name\" content=\"Canal 7 SLP - 2022\" \/>\n<meta property=\"article:publisher\" content=\"https:\/\/www.facebook.com\/noticieroscanalsiete\" \/>\n<meta property=\"article:published_time\" content=\"2022-04-12T21:31:10+00:00\" \/>\n<meta property=\"article:modified_time\" content=\"2022-04-12T21:35:14+00:00\" \/>\n<meta property=\"og:image\" content=\"https:\/\/canal7slp.tv\/2022\/wp-content\/uploads\/2022\/04\/04-9.jpg\" \/>\n\t<meta property=\"og:image:width\" content=\"1200\" \/>\n\t<meta property=\"og:image:height\" content=\"800\" \/>\n\t<meta property=\"og:image:type\" content=\"image\/jpeg\" \/>\n<meta name=\"author\" content=\"Edici\u00f3n Web\" \/>\n<meta name=\"twitter:card\" content=\"summary_large_image\" \/>\n<meta name=\"twitter:creator\" content=\"@NOTICIEROS7\" \/>\n<meta name=\"twitter:site\" content=\"@NOTICIEROS7\" \/>\n<meta name=\"twitter:label1\" content=\"Escrito por\" \/>\n\t<meta name=\"twitter:data1\" content=\"Edici\u00f3n Web\" \/>\n\t<meta name=\"twitter:label2\" content=\"Tiempo de lectura\" \/>\n\t<meta name=\"twitter:data2\" content=\"2 minutos\" \/>\n<script type=\"application\/ld+json\" class=\"yoast-schema-graph\">{\"@context\":\"https:\\\/\\\/schema.org\",\"@graph\":[{\"@type\":\"Article\",\"@id\":\"https:\\\/\\\/canal7slp.tv\\\/2022\\\/onu-emplaza-a-mexico-a-prevenir-y-erradicar-las-desapariciones-forzadas-en-el-pais\\\/#article\",\"isPartOf\":{\"@id\":\"https:\\\/\\\/canal7slp.tv\\\/2022\\\/onu-emplaza-a-mexico-a-prevenir-y-erradicar-las-desapariciones-forzadas-en-el-pais\\\/\"},\"author\":{\"name\":\"Edici\u00f3n Web\",\"@id\":\"https:\\\/\\\/canal7slp.tv\\\/2022\\\/#\\\/schema\\\/person\\\/429704152a21f5f856ce29aa69a238da\"},\"headline\":\"ONU emplaza a M\u00e9xico a prevenir y erradicar las desapariciones forzadas en el pa\u00eds\",\"datePublished\":\"2022-04-12T21:31:10+00:00\",\"dateModified\":\"2022-04-12T21:35:14+00:00\",\"mainEntityOfPage\":{\"@id\":\"https:\\\/\\\/canal7slp.tv\\\/2022\\\/onu-emplaza-a-mexico-a-prevenir-y-erradicar-las-desapariciones-forzadas-en-el-pais\\\/\"},\"wordCount\":207,\"publisher\":{\"@id\":\"https:\\\/\\\/canal7slp.tv\\\/2022\\\/#organization\"},\"image\":{\"@id\":\"https:\\\/\\\/canal7slp.tv\\\/2022\\\/onu-emplaza-a-mexico-a-prevenir-y-erradicar-las-desapariciones-forzadas-en-el-pais\\\/#primaryimage\"},\"thumbnailUrl\":\"https:\\\/\\\/canal7slp.tv\\\/2022\\\/wp-content\\\/uploads\\\/2022\\\/04\\\/04-9.jpg\",\"articleSection\":[\"NACIONALES\"],\"inLanguage\":\"es\"},{\"@type\":\"WebPage\",\"@id\":\"https:\\\/\\\/canal7slp.tv\\\/2022\\\/onu-emplaza-a-mexico-a-prevenir-y-erradicar-las-desapariciones-forzadas-en-el-pais\\\/\",\"url\":\"https:\\\/\\\/canal7slp.tv\\\/2022\\\/onu-emplaza-a-mexico-a-prevenir-y-erradicar-las-desapariciones-forzadas-en-el-pais\\\/\",\"name\":\"ONU emplaza a M\u00e9xico a prevenir y erradicar las desapariciones forzadas en el pa\u00eds - Canal 7 SLP - 2022\",\"isPartOf\":{\"@id\":\"https:\\\/\\\/canal7slp.tv\\\/2022\\\/#website\"},\"primaryImageOfPage\":{\"@id\":\"https:\\\/\\\/canal7slp.tv\\\/2022\\\/onu-emplaza-a-mexico-a-prevenir-y-erradicar-las-desapariciones-forzadas-en-el-pais\\\/#primaryimage\"},\"image\":{\"@id\":\"https:\\\/\\\/canal7slp.tv\\\/2022\\\/onu-emplaza-a-mexico-a-prevenir-y-erradicar-las-desapariciones-forzadas-en-el-pais\\\/#primaryimage\"},\"thumbnailUrl\":\"https:\\\/\\\/canal7slp.tv\\\/2022\\\/wp-content\\\/uploads\\\/2022\\\/04\\\/04-9.jpg\",\"datePublished\":\"2022-04-12T21:31:10+00:00\",\"dateModified\":\"2022-04-12T21:35:14+00:00\",\"breadcrumb\":{\"@id\":\"https:\\\/\\\/canal7slp.tv\\\/2022\\\/onu-emplaza-a-mexico-a-prevenir-y-erradicar-las-desapariciones-forzadas-en-el-pais\\\/#breadcrumb\"},\"inLanguage\":\"es\",\"potentialAction\":[{\"@type\":\"ReadAction\",\"target\":[\"https:\\\/\\\/canal7slp.tv\\\/2022\\\/onu-emplaza-a-mexico-a-prevenir-y-erradicar-las-desapariciones-forzadas-en-el-pais\\\/\"]}]},{\"@type\":\"ImageObject\",\"inLanguage\":\"es\",\"@id\":\"https:\\\/\\\/canal7slp.tv\\\/2022\\\/onu-emplaza-a-mexico-a-prevenir-y-erradicar-las-desapariciones-forzadas-en-el-pais\\\/#primaryimage\",\"url\":\"https:\\\/\\\/canal7slp.tv\\\/2022\\\/wp-content\\\/uploads\\\/2022\\\/04\\\/04-9.jpg\",\"contentUrl\":\"https:\\\/\\\/canal7slp.tv\\\/2022\\\/wp-content\\\/uploads\\\/2022\\\/04\\\/04-9.jpg\",\"width\":1200,\"height\":800,\"caption\":\"17-02-2020 Retratos de los desaparecidos en M\u00e9xico. POLITICA INTERNACIONAL -\\\/El Universal via ZUMA Wire\\\/dpa\"},{\"@type\":\"BreadcrumbList\",\"@id\":\"https:\\\/\\\/canal7slp.tv\\\/2022\\\/onu-emplaza-a-mexico-a-prevenir-y-erradicar-las-desapariciones-forzadas-en-el-pais\\\/#breadcrumb\",\"itemListElement\":[{\"@type\":\"ListItem\",\"position\":1,\"name\":\"Portada\",\"item\":\"https:\\\/\\\/canal7slp.tv\\\/2022\\\/\"},{\"@type\":\"ListItem\",\"position\":2,\"name\":\"ONU emplaza a M\u00e9xico a prevenir y erradicar las desapariciones forzadas en el pa\u00eds\"}]},{\"@type\":\"WebSite\",\"@id\":\"https:\\\/\\\/canal7slp.tv\\\/2022\\\/#website\",\"url\":\"https:\\\/\\\/canal7slp.tv\\\/2022\\\/\",\"name\":\"N7 - Noticieros Canal 7\",\"description\":\"Somos Televisi\u00f3n\",\"publisher\":{\"@id\":\"https:\\\/\\\/canal7slp.tv\\\/2022\\\/#organization\"},\"potentialAction\":[{\"@type\":\"SearchAction\",\"target\":{\"@type\":\"EntryPoint\",\"urlTemplate\":\"https:\\\/\\\/canal7slp.tv\\\/2022\\\/?s={search_term_string}\"},\"query-input\":{\"@type\":\"PropertyValueSpecification\",\"valueRequired\":true,\"valueName\":\"search_term_string\"}}],\"inLanguage\":\"es\"},{\"@type\":\"Organization\",\"@id\":\"https:\\\/\\\/canal7slp.tv\\\/2022\\\/#organization\",\"name\":\"Noticieros Canal 7\",\"url\":\"https:\\\/\\\/canal7slp.tv\\\/2022\\\/\",\"logo\":{\"@type\":\"ImageObject\",\"inLanguage\":\"es\",\"@id\":\"https:\\\/\\\/canal7slp.tv\\\/2022\\\/#\\\/schema\\\/logo\\\/image\\\/\",\"url\":\"https:\\\/\\\/canal7slp.tv\\\/2022\\\/wp-content\\\/uploads\\\/2021\\\/01\\\/logo-noticieros@2x.png\",\"contentUrl\":\"https:\\\/\\\/canal7slp.tv\\\/2022\\\/wp-content\\\/uploads\\\/2021\\\/01\\\/logo-noticieros@2x.png\",\"width\":1017,\"height\":268,\"caption\":\"Noticieros Canal 7\"},\"image\":{\"@id\":\"https:\\\/\\\/canal7slp.tv\\\/2022\\\/#\\\/schema\\\/logo\\\/image\\\/\"},\"sameAs\":[\"https:\\\/\\\/www.facebook.com\\\/noticieroscanalsiete\",\"https:\\\/\\\/x.com\\\/NOTICIEROS7\",\"https:\\\/\\\/www.instagram.com\\\/canal7_slp\",\"https:\\\/\\\/www.youtube.com\\\/channel\\\/UCliiYs-gP3JfJeqdPrNdd5A\"]},{\"@type\":\"Person\",\"@id\":\"https:\\\/\\\/canal7slp.tv\\\/2022\\\/#\\\/schema\\\/person\\\/429704152a21f5f856ce29aa69a238da\",\"name\":\"Edici\u00f3n Web\",\"image\":{\"@type\":\"ImageObject\",\"inLanguage\":\"es\",\"@id\":\"https:\\\/\\\/secure.gravatar.com\\\/avatar\\\/eee448fc3f7164808013b816ba91ac7e43bbe82a70bebac296f8bc6f0addaa1a?s=96&d=mm&r=g\",\"url\":\"https:\\\/\\\/secure.gravatar.com\\\/avatar\\\/eee448fc3f7164808013b816ba91ac7e43bbe82a70bebac296f8bc6f0addaa1a?s=96&d=mm&r=g\",\"contentUrl\":\"https:\\\/\\\/secure.gravatar.com\\\/avatar\\\/eee448fc3f7164808013b816ba91ac7e43bbe82a70bebac296f8bc6f0addaa1a?s=96&d=mm&r=g\",\"caption\":\"Edici\u00f3n Web\"},\"url\":\"https:\\\/\\\/canal7slp.tv\\\/2022\\\/author\\\/edicionweb\\\/\"}]}<\/script>\n<!-- \/ Yoast SEO plugin. -->","yoast_head_json":{"title":"ONU emplaza a M\u00e9xico a prevenir y erradicar las desapariciones forzadas en el pa\u00eds - Canal 7 SLP - 2022","robots":{"index":"index","follow":"follow","max-snippet":"max-snippet:-1","max-image-preview":"max-image-preview:large","max-video-preview":"max-video-preview:-1"},"canonical":"https:\/\/canal7slp.tv\/2022\/onu-emplaza-a-mexico-a-prevenir-y-erradicar-las-desapariciones-forzadas-en-el-pais\/","og_locale":"es_ES","og_type":"article","og_title":"ONU emplaza a M\u00e9xico a prevenir y erradicar las desapariciones forzadas en el pa\u00eds - Canal 7 SLP - 2022","og_description":"M\u00e9xico.- En la presentaci\u00f3n del informe sobre la visita que el Comit\u00e9 contra las Desapariciones Forzadas (CED) de la Organizaci\u00f3n de las Naciones Unidas (ONU), se advirti\u00f3 la necesidad de que el Gobierno de M\u00e9xico adopte una pol\u00edtica nacional de prevenci\u00f3n y erradicaci\u00f3n de las desapariciones forzadas, misma que deber\u00e1 ser eficaz y efectiva,. Asimismo, se tendr\u00e1 que dar prioridad a la atenci\u00f3n de este fen\u00f3meno. El CED demanda el fortalecimiento de las instituciones nacionales y los procesos de b\u00fasqueda e investigaci\u00f3n. Entre otras solicitudes, se pide garantizar la coordinaci\u00f3n sistem\u00e1tica y efectiva de las instituciones. Aunado a esto, se [&hellip;]","og_url":"https:\/\/canal7slp.tv\/2022\/onu-emplaza-a-mexico-a-prevenir-y-erradicar-las-desapariciones-forzadas-en-el-pais\/","og_site_name":"Canal 7 SLP - 2022","article_publisher":"https:\/\/www.facebook.com\/noticieroscanalsiete","article_published_time":"2022-04-12T21:31:10+00:00","article_modified_time":"2022-04-12T21:35:14+00:00","og_image":[{"width":1200,"height":800,"url":"https:\/\/canal7slp.tv\/2022\/wp-content\/uploads\/2022\/04\/04-9.jpg","type":"image\/jpeg"}],"author":"Edici\u00f3n Web","twitter_card":"summary_large_image","twitter_creator":"@NOTICIEROS7","twitter_site":"@NOTICIEROS7","twitter_misc":{"Escrito por":"Edici\u00f3n Web","Tiempo de lectura":"2 minutos"},"schema":{"@context":"https:\/\/schema.org","@graph":[{"@type":"Article","@id":"https:\/\/canal7slp.tv\/2022\/onu-emplaza-a-mexico-a-prevenir-y-erradicar-las-desapariciones-forzadas-en-el-pais\/#article","isPartOf":{"@id":"https:\/\/canal7slp.tv\/2022\/onu-emplaza-a-mexico-a-prevenir-y-erradicar-las-desapariciones-forzadas-en-el-pais\/"},"author":{"name":"Edici\u00f3n Web","@id":"https:\/\/canal7slp.tv\/2022\/#\/schema\/person\/429704152a21f5f856ce29aa69a238da"},"headline":"ONU emplaza a M\u00e9xico a prevenir y erradicar las desapariciones forzadas en el pa\u00eds","datePublished":"2022-04-12T21:31:10+00:00","dateModified":"2022-04-12T21:35:14+00:00","mainEntityOfPage":{"@id":"https:\/\/canal7slp.tv\/2022\/onu-emplaza-a-mexico-a-prevenir-y-erradicar-las-desapariciones-forzadas-en-el-pais\/"},"wordCount":207,"publisher":{"@id":"https:\/\/canal7slp.tv\/2022\/#organization"},"image":{"@id":"https:\/\/canal7slp.tv\/2022\/onu-emplaza-a-mexico-a-prevenir-y-erradicar-las-desapariciones-forzadas-en-el-pais\/#primaryimage"},"thumbnailUrl":"https:\/\/canal7slp.tv\/2022\/wp-content\/uploads\/2022\/04\/04-9.jpg","articleSection":["NACIONALES"],"inLanguage":"es"},{"@type":"WebPage","@id":"https:\/\/canal7slp.tv\/2022\/onu-emplaza-a-mexico-a-prevenir-y-erradicar-las-desapariciones-forzadas-en-el-pais\/","url":"https:\/\/canal7slp.tv\/2022\/onu-emplaza-a-mexico-a-prevenir-y-erradicar-las-desapariciones-forzadas-en-el-pais\/","name":"ONU emplaza a M\u00e9xico a prevenir y erradicar las desapariciones forzadas en el pa\u00eds - Canal 7 SLP - 2022","isPartOf":{"@id":"https:\/\/canal7slp.tv\/2022\/#website"},"primaryImageOfPage":{"@id":"https:\/\/canal7slp.tv\/2022\/onu-emplaza-a-mexico-a-prevenir-y-erradicar-las-desapariciones-forzadas-en-el-pais\/#primaryimage"},"image":{"@id":"https:\/\/canal7slp.tv\/2022\/onu-emplaza-a-mexico-a-prevenir-y-erradicar-las-desapariciones-forzadas-en-el-pais\/#primaryimage"},"thumbnailUrl":"https:\/\/canal7slp.tv\/2022\/wp-content\/uploads\/2022\/04\/04-9.jpg","datePublished":"2022-04-12T21:31:10+00:00","dateModified":"2022-04-12T21:35:14+00:00","breadcrumb":{"@id":"https:\/\/canal7slp.tv\/2022\/onu-emplaza-a-mexico-a-prevenir-y-erradicar-las-desapariciones-forzadas-en-el-pais\/#breadcrumb"},"inLanguage":"es","potentialAction":[{"@type":"ReadAction","target":["https:\/\/canal7slp.tv\/2022\/onu-emplaza-a-mexico-a-prevenir-y-erradicar-las-desapariciones-forzadas-en-el-pais\/"]}]},{"@type":"ImageObject","inLanguage":"es","@id":"https:\/\/canal7slp.tv\/2022\/onu-emplaza-a-mexico-a-prevenir-y-erradicar-las-desapariciones-forzadas-en-el-pais\/#primaryimage","url":"https:\/\/canal7slp.tv\/2022\/wp-content\/uploads\/2022\/04\/04-9.jpg","contentUrl":"https:\/\/canal7slp.tv\/2022\/wp-content\/uploads\/2022\/04\/04-9.jpg","width":1200,"height":800,"caption":"17-02-2020 Retratos de los desaparecidos en M\u00e9xico. POLITICA INTERNACIONAL -\/El Universal via ZUMA Wire\/dpa"},{"@type":"BreadcrumbList","@id":"https:\/\/canal7slp.tv\/2022\/onu-emplaza-a-mexico-a-prevenir-y-erradicar-las-desapariciones-forzadas-en-el-pais\/#breadcrumb","itemListElement":[{"@type":"ListItem","position":1,"name":"Portada","item":"https:\/\/canal7slp.tv\/2022\/"},{"@type":"ListItem","position":2,"name":"ONU emplaza a M\u00e9xico a prevenir y erradicar las desapariciones forzadas en el pa\u00eds"}]},{"@type":"WebSite","@id":"https:\/\/canal7slp.tv\/2022\/#website","url":"https:\/\/canal7slp.tv\/2022\/","name":"N7 - Noticieros Canal 7","description":"Somos Televisi\u00f3n","publisher":{"@id":"https:\/\/canal7slp.tv\/2022\/#organization"},"potentialAction":[{"@type":"SearchAction","target":{"@type":"EntryPoint","urlTemplate":"https:\/\/canal7slp.tv\/2022\/?s={search_term_string}"},"query-input":{"@type":"PropertyValueSpecification","valueRequired":true,"valueName":"search_term_string"}}],"inLanguage":"es"},{"@type":"Organization","@id":"https:\/\/canal7slp.tv\/2022\/#organization","name":"Noticieros Canal 7","url":"https:\/\/canal7slp.tv\/2022\/","logo":{"@type":"ImageObject","inLanguage":"es","@id":"https:\/\/canal7slp.tv\/2022\/#\/schema\/logo\/image\/","url":"https:\/\/canal7slp.tv\/2022\/wp-content\/uploads\/2021\/01\/logo-noticieros@2x.png","contentUrl":"https:\/\/canal7slp.tv\/2022\/wp-content\/uploads\/2021\/01\/logo-noticieros@2x.png","width":1017,"height":268,"caption":"Noticieros Canal 7"},"image":{"@id":"https:\/\/canal7slp.tv\/2022\/#\/schema\/logo\/image\/"},"sameAs":["https:\/\/www.facebook.com\/noticieroscanalsiete","https:\/\/x.com\/NOTICIEROS7","https:\/\/www.instagram.com\/canal7_slp","https:\/\/www.youtube.com\/channel\/UCliiYs-gP3JfJeqdPrNdd5A"]},{"@type":"Person","@id":"https:\/\/canal7slp.tv\/2022\/#\/schema\/person\/429704152a21f5f856ce29aa69a238da","name":"Edici\u00f3n Web","image":{"@type":"ImageObject","inLanguage":"es","@id":"https:\/\/secure.gravatar.com\/avatar\/eee448fc3f7164808013b816ba91ac7e43bbe82a70bebac296f8bc6f0addaa1a?s=96&d=mm&r=g","url":"https:\/\/secure.gravatar.com\/avatar\/eee448fc3f7164808013b816ba91ac7e43bbe82a70bebac296f8bc6f0addaa1a?s=96&d=mm&r=g","contentUrl":"https:\/\/secure.gravatar.com\/avatar\/eee448fc3f7164808013b816ba91ac7e43bbe82a70bebac296f8bc6f0addaa1a?s=96&d=mm&r=g","caption":"Edici\u00f3n Web"},"url":"https:\/\/canal7slp.tv\/2022\/author\/edicionweb\/"}]}},"amp_enabled":true,"_links":{"self":[{"href":"https:\/\/canal7slp.tv\/2022\/wp-json\/wp\/v2\/posts\/57074","targetHints":{"allow":["GET"]}}],"collection":[{"href":"https:\/\/canal7slp.tv\/2022\/wp-json\/wp\/v2\/posts"}],"about":[{"href":"https:\/\/canal7slp.tv\/2022\/wp-json\/wp\/v2\/types\/post"}],"author":[{"embeddable":true,"href":"https:\/\/canal7slp.tv\/2022\/wp-json\/wp\/v2\/users\/2"}],"replies":[{"embeddable":true,"href":"https:\/\/canal7slp.tv\/2022\/wp-json\/wp\/v2\/comments?post=57074"}],"version-history":[{"count":4,"href":"https:\/\/canal7slp.tv\/2022\/wp-json\/wp\/v2\/posts\/57074\/revisions"}],"predecessor-version":[{"id":57093,"href":"https:\/\/canal7slp.tv\/2022\/wp-json\/wp\/v2\/posts\/57074\/revisions\/57093"}],"wp:featuredmedia":[{"embeddable":true,"href":"https:\/\/canal7slp.tv\/2022\/wp-json\/wp\/v2\/media\/57085"}],"wp:attachment":[{"href":"https:\/\/canal7slp.tv\/2022\/wp-json\/wp\/v2\/media?parent=57074"}],"wp:term":[{"taxonomy":"category","embeddable":true,"href":"https:\/\/canal7slp.tv\/2022\/wp-json\/wp\/v2\/categories?post=57074"},{"taxonomy":"post_tag","embeddable":true,"href":"https:\/\/canal7slp.tv\/2022\/wp-json\/wp\/v2\/tags?post=57074"}],"curies":[{"name":"wp","href":"https:\/\/api.w.org\/{rel}","templated":true}]}}