{"id":57073,"date":"2022-04-12T15:32:17","date_gmt":"2022-04-12T21:32:17","guid":{"rendered":"https:\/\/canal7slp.tv\/2022\/?p=57073"},"modified":"2022-04-12T15:32:17","modified_gmt":"2022-04-12T21:32:17","slug":"autoridades-suspenden-y-aplazan-audiencia-de-emilio-lozoya","status":"publish","type":"post","link":"https:\/\/canal7slp.tv\/2022\/autoridades-suspenden-y-aplazan-audiencia-de-emilio-lozoya\/","title":{"rendered":"Autoridades suspenden y aplazan audiencia de Emilio Lozoya"},"content":{"rendered":"<p style=\"text-align: justify;\">M\u00e9xico.- La audiencia intermedia programada para este 12 de abril en contra de Emilio Lozoya Austin, por el caso de los presuntos sobornos recibidos de la empresa Odebrecht, fue suspendida.<\/p>\n<p style=\"text-align: justify;\">De acuerdo con personal judiciales, la comparecencia ser\u00e1 reprogramada con fecha por definir, debido a que las partes refirieron que a partir de hoy comenzaron las pl\u00e1ticas para delimitar, redactar y concretar un acuerdo reparatorio.<\/p>\n<p style=\"text-align: justify;\">De acuerdo con dichas fuentes, la defensa del exdirector de Petr\u00f3leos Mexicanos (PEMEX) solicit\u00f3 al juez Jos\u00e9 Artemio Z\u00fa\u00f1iga reprogramar la diligencia de hoy en la que se ten\u00eda previsto que la Fiscal\u00eda General de la Rep\u00fablica (FGR) acepte otorgarle el criterio de oportunidad que Lozoya solicit\u00f3 desde el a\u00f1o 2020 cuando fue extraditado de Espa\u00f1a.<\/p>\n<p style=\"text-align: justify;\">Don esto, Lozoya Austin buscaba recuperar su libertad.<\/p>\n","protected":false},"excerpt":{"rendered":"<p>M\u00e9xico.- La audiencia intermedia programada para este 12 de abril en contra de Emilio Lozoya Austin, por el caso de los presuntos sobornos recibidos de la empresa Odebrecht, fue suspendida. De acuerdo con personal judiciales, la comparecencia ser\u00e1 reprogramada con fecha por definir, debido a que las partes refirieron que a partir de hoy comenzaron las pl\u00e1ticas para delimitar, redactar y concretar un acuerdo reparatorio. De acuerdo con dichas fuentes, la defensa del exdirector de Petr\u00f3leos Mexicanos (PEMEX) solicit\u00f3 al juez Jos\u00e9 Artemio Z\u00fa\u00f1iga reprogramar la diligencia de hoy en la que se ten\u00eda previsto que la Fiscal\u00eda General de [&hellip;]<\/p>\n","protected":false},"author":2,"featured_media":57083,"comment_status":"closed","ping_status":"closed","sticky":false,"template":"","format":"standard","meta":{"footnotes":""},"categories":[46],"tags":[],"class_list":["post-57073","post","type-post","status-publish","format-standard","has-post-thumbnail","hentry","category-nacional","post--single"],"yoast_head":"<!-- This site is optimized with the Yoast SEO plugin v27.4 - https:\/\/yoast.com\/product\/yoast-seo-wordpress\/ -->\n<title>Autoridades suspenden y aplazan audiencia de Emilio Lozoya - Canal 7 SLP - 2022<\/title>\n<meta name=\"robots\" content=\"index, follow, max-snippet:-1, max-image-preview:large, max-video-preview:-1\" \/>\n<link rel=\"canonical\" href=\"https:\/\/canal7slp.tv\/2022\/autoridades-suspenden-y-aplazan-audiencia-de-emilio-lozoya\/\" \/>\n<meta property=\"og:locale\" content=\"es_ES\" \/>\n<meta property=\"og:type\" content=\"article\" \/>\n<meta property=\"og:title\" content=\"Autoridades suspenden y aplazan audiencia de Emilio Lozoya - Canal 7 SLP - 2022\" \/>\n<meta property=\"og:description\" content=\"M\u00e9xico.- La audiencia intermedia programada para este 12 de abril en contra de Emilio Lozoya Austin, por el caso de los presuntos sobornos recibidos de la empresa Odebrecht, fue suspendida. De acuerdo con personal judiciales, la comparecencia ser\u00e1 reprogramada con fecha por definir, debido a que las partes refirieron que a partir de hoy comenzaron las pl\u00e1ticas para delimitar, redactar y concretar un acuerdo reparatorio. De acuerdo con dichas fuentes, la defensa del exdirector de Petr\u00f3leos Mexicanos (PEMEX) solicit\u00f3 al juez Jos\u00e9 Artemio Z\u00fa\u00f1iga reprogramar la diligencia de hoy en la que se ten\u00eda previsto que la Fiscal\u00eda General de [&hellip;]\" \/>\n<meta property=\"og:url\" content=\"https:\/\/canal7slp.tv\/2022\/autoridades-suspenden-y-aplazan-audiencia-de-emilio-lozoya\/\" \/>\n<meta property=\"og:site_name\" content=\"Canal 7 SLP - 2022\" \/>\n<meta property=\"article:publisher\" content=\"https:\/\/www.facebook.com\/noticieroscanalsiete\" \/>\n<meta property=\"article:published_time\" content=\"2022-04-12T21:32:17+00:00\" \/>\n<meta property=\"og:image\" content=\"https:\/\/canal7slp.tv\/2022\/wp-content\/uploads\/2022\/04\/02-8.jpg\" \/>\n\t<meta property=\"og:image:width\" content=\"1280\" \/>\n\t<meta property=\"og:image:height\" content=\"720\" \/>\n\t<meta property=\"og:image:type\" content=\"image\/jpeg\" \/>\n<meta name=\"author\" content=\"Edici\u00f3n Web\" \/>\n<meta name=\"twitter:card\" content=\"summary_large_image\" \/>\n<meta name=\"twitter:creator\" content=\"@NOTICIEROS7\" \/>\n<meta name=\"twitter:site\" content=\"@NOTICIEROS7\" \/>\n<meta name=\"twitter:label1\" content=\"Escrito por\" \/>\n\t<meta name=\"twitter:data1\" content=\"Edici\u00f3n Web\" \/>\n\t<meta name=\"twitter:label2\" content=\"Tiempo de lectura\" \/>\n\t<meta name=\"twitter:data2\" content=\"1 minuto\" \/>\n<script type=\"application\/ld+json\" class=\"yoast-schema-graph\">{\"@context\":\"https:\\\/\\\/schema.org\",\"@graph\":[{\"@type\":\"Article\",\"@id\":\"https:\\\/\\\/canal7slp.tv\\\/2022\\\/autoridades-suspenden-y-aplazan-audiencia-de-emilio-lozoya\\\/#article\",\"isPartOf\":{\"@id\":\"https:\\\/\\\/canal7slp.tv\\\/2022\\\/autoridades-suspenden-y-aplazan-audiencia-de-emilio-lozoya\\\/\"},\"author\":{\"name\":\"Edici\u00f3n Web\",\"@id\":\"https:\\\/\\\/canal7slp.tv\\\/2022\\\/#\\\/schema\\\/person\\\/429704152a21f5f856ce29aa69a238da\"},\"headline\":\"Autoridades suspenden y aplazan audiencia de Emilio Lozoya\",\"datePublished\":\"2022-04-12T21:32:17+00:00\",\"mainEntityOfPage\":{\"@id\":\"https:\\\/\\\/canal7slp.tv\\\/2022\\\/autoridades-suspenden-y-aplazan-audiencia-de-emilio-lozoya\\\/\"},\"wordCount\":145,\"publisher\":{\"@id\":\"https:\\\/\\\/canal7slp.tv\\\/2022\\\/#organization\"},\"image\":{\"@id\":\"https:\\\/\\\/canal7slp.tv\\\/2022\\\/autoridades-suspenden-y-aplazan-audiencia-de-emilio-lozoya\\\/#primaryimage\"},\"thumbnailUrl\":\"https:\\\/\\\/canal7slp.tv\\\/2022\\\/wp-content\\\/uploads\\\/2022\\\/04\\\/02-8.jpg\",\"articleSection\":[\"NACIONALES\"],\"inLanguage\":\"es\"},{\"@type\":\"WebPage\",\"@id\":\"https:\\\/\\\/canal7slp.tv\\\/2022\\\/autoridades-suspenden-y-aplazan-audiencia-de-emilio-lozoya\\\/\",\"url\":\"https:\\\/\\\/canal7slp.tv\\\/2022\\\/autoridades-suspenden-y-aplazan-audiencia-de-emilio-lozoya\\\/\",\"name\":\"Autoridades suspenden y aplazan audiencia de Emilio Lozoya - Canal 7 SLP - 2022\",\"isPartOf\":{\"@id\":\"https:\\\/\\\/canal7slp.tv\\\/2022\\\/#website\"},\"primaryImageOfPage\":{\"@id\":\"https:\\\/\\\/canal7slp.tv\\\/2022\\\/autoridades-suspenden-y-aplazan-audiencia-de-emilio-lozoya\\\/#primaryimage\"},\"image\":{\"@id\":\"https:\\\/\\\/canal7slp.tv\\\/2022\\\/autoridades-suspenden-y-aplazan-audiencia-de-emilio-lozoya\\\/#primaryimage\"},\"thumbnailUrl\":\"https:\\\/\\\/canal7slp.tv\\\/2022\\\/wp-content\\\/uploads\\\/2022\\\/04\\\/02-8.jpg\",\"datePublished\":\"2022-04-12T21:32:17+00:00\",\"breadcrumb\":{\"@id\":\"https:\\\/\\\/canal7slp.tv\\\/2022\\\/autoridades-suspenden-y-aplazan-audiencia-de-emilio-lozoya\\\/#breadcrumb\"},\"inLanguage\":\"es\",\"potentialAction\":[{\"@type\":\"ReadAction\",\"target\":[\"https:\\\/\\\/canal7slp.tv\\\/2022\\\/autoridades-suspenden-y-aplazan-audiencia-de-emilio-lozoya\\\/\"]}]},{\"@type\":\"ImageObject\",\"inLanguage\":\"es\",\"@id\":\"https:\\\/\\\/canal7slp.tv\\\/2022\\\/autoridades-suspenden-y-aplazan-audiencia-de-emilio-lozoya\\\/#primaryimage\",\"url\":\"https:\\\/\\\/canal7slp.tv\\\/2022\\\/wp-content\\\/uploads\\\/2022\\\/04\\\/02-8.jpg\",\"contentUrl\":\"https:\\\/\\\/canal7slp.tv\\\/2022\\\/wp-content\\\/uploads\\\/2022\\\/04\\\/02-8.jpg\",\"width\":1280,\"height\":720},{\"@type\":\"BreadcrumbList\",\"@id\":\"https:\\\/\\\/canal7slp.tv\\\/2022\\\/autoridades-suspenden-y-aplazan-audiencia-de-emilio-lozoya\\\/#breadcrumb\",\"itemListElement\":[{\"@type\":\"ListItem\",\"position\":1,\"name\":\"Portada\",\"item\":\"https:\\\/\\\/canal7slp.tv\\\/2022\\\/\"},{\"@type\":\"ListItem\",\"position\":2,\"name\":\"Autoridades suspenden y aplazan audiencia de Emilio Lozoya\"}]},{\"@type\":\"WebSite\",\"@id\":\"https:\\\/\\\/canal7slp.tv\\\/2022\\\/#website\",\"url\":\"https:\\\/\\\/canal7slp.tv\\\/2022\\\/\",\"name\":\"N7 - Noticieros Canal 7\",\"description\":\"Somos Televisi\u00f3n\",\"publisher\":{\"@id\":\"https:\\\/\\\/canal7slp.tv\\\/2022\\\/#organization\"},\"potentialAction\":[{\"@type\":\"SearchAction\",\"target\":{\"@type\":\"EntryPoint\",\"urlTemplate\":\"https:\\\/\\\/canal7slp.tv\\\/2022\\\/?s={search_term_string}\"},\"query-input\":{\"@type\":\"PropertyValueSpecification\",\"valueRequired\":true,\"valueName\":\"search_term_string\"}}],\"inLanguage\":\"es\"},{\"@type\":\"Organization\",\"@id\":\"https:\\\/\\\/canal7slp.tv\\\/2022\\\/#organization\",\"name\":\"Noticieros Canal 7\",\"url\":\"https:\\\/\\\/canal7slp.tv\\\/2022\\\/\",\"logo\":{\"@type\":\"ImageObject\",\"inLanguage\":\"es\",\"@id\":\"https:\\\/\\\/canal7slp.tv\\\/2022\\\/#\\\/schema\\\/logo\\\/image\\\/\",\"url\":\"https:\\\/\\\/canal7slp.tv\\\/2022\\\/wp-content\\\/uploads\\\/2021\\\/01\\\/logo-noticieros@2x.png\",\"contentUrl\":\"https:\\\/\\\/canal7slp.tv\\\/2022\\\/wp-content\\\/uploads\\\/2021\\\/01\\\/logo-noticieros@2x.png\",\"width\":1017,\"height\":268,\"caption\":\"Noticieros Canal 7\"},\"image\":{\"@id\":\"https:\\\/\\\/canal7slp.tv\\\/2022\\\/#\\\/schema\\\/logo\\\/image\\\/\"},\"sameAs\":[\"https:\\\/\\\/www.facebook.com\\\/noticieroscanalsiete\",\"https:\\\/\\\/x.com\\\/NOTICIEROS7\",\"https:\\\/\\\/www.instagram.com\\\/canal7_slp\",\"https:\\\/\\\/www.youtube.com\\\/channel\\\/UCliiYs-gP3JfJeqdPrNdd5A\"]},{\"@type\":\"Person\",\"@id\":\"https:\\\/\\\/canal7slp.tv\\\/2022\\\/#\\\/schema\\\/person\\\/429704152a21f5f856ce29aa69a238da\",\"name\":\"Edici\u00f3n Web\",\"image\":{\"@type\":\"ImageObject\",\"inLanguage\":\"es\",\"@id\":\"https:\\\/\\\/secure.gravatar.com\\\/avatar\\\/eee448fc3f7164808013b816ba91ac7e43bbe82a70bebac296f8bc6f0addaa1a?s=96&d=mm&r=g\",\"url\":\"https:\\\/\\\/secure.gravatar.com\\\/avatar\\\/eee448fc3f7164808013b816ba91ac7e43bbe82a70bebac296f8bc6f0addaa1a?s=96&d=mm&r=g\",\"contentUrl\":\"https:\\\/\\\/secure.gravatar.com\\\/avatar\\\/eee448fc3f7164808013b816ba91ac7e43bbe82a70bebac296f8bc6f0addaa1a?s=96&d=mm&r=g\",\"caption\":\"Edici\u00f3n Web\"},\"url\":\"https:\\\/\\\/canal7slp.tv\\\/2022\\\/author\\\/edicionweb\\\/\"}]}<\/script>\n<!-- \/ Yoast SEO plugin. -->","yoast_head_json":{"title":"Autoridades suspenden y aplazan audiencia de Emilio Lozoya - Canal 7 SLP - 2022","robots":{"index":"index","follow":"follow","max-snippet":"max-snippet:-1","max-image-preview":"max-image-preview:large","max-video-preview":"max-video-preview:-1"},"canonical":"https:\/\/canal7slp.tv\/2022\/autoridades-suspenden-y-aplazan-audiencia-de-emilio-lozoya\/","og_locale":"es_ES","og_type":"article","og_title":"Autoridades suspenden y aplazan audiencia de Emilio Lozoya - Canal 7 SLP - 2022","og_description":"M\u00e9xico.- La audiencia intermedia programada para este 12 de abril en contra de Emilio Lozoya Austin, por el caso de los presuntos sobornos recibidos de la empresa Odebrecht, fue suspendida. De acuerdo con personal judiciales, la comparecencia ser\u00e1 reprogramada con fecha por definir, debido a que las partes refirieron que a partir de hoy comenzaron las pl\u00e1ticas para delimitar, redactar y concretar un acuerdo reparatorio. De acuerdo con dichas fuentes, la defensa del exdirector de Petr\u00f3leos Mexicanos (PEMEX) solicit\u00f3 al juez Jos\u00e9 Artemio Z\u00fa\u00f1iga reprogramar la diligencia de hoy en la que se ten\u00eda previsto que la Fiscal\u00eda General de [&hellip;]","og_url":"https:\/\/canal7slp.tv\/2022\/autoridades-suspenden-y-aplazan-audiencia-de-emilio-lozoya\/","og_site_name":"Canal 7 SLP - 2022","article_publisher":"https:\/\/www.facebook.com\/noticieroscanalsiete","article_published_time":"2022-04-12T21:32:17+00:00","og_image":[{"width":1280,"height":720,"url":"https:\/\/canal7slp.tv\/2022\/wp-content\/uploads\/2022\/04\/02-8.jpg","type":"image\/jpeg"}],"author":"Edici\u00f3n Web","twitter_card":"summary_large_image","twitter_creator":"@NOTICIEROS7","twitter_site":"@NOTICIEROS7","twitter_misc":{"Escrito por":"Edici\u00f3n Web","Tiempo de lectura":"1 minuto"},"schema":{"@context":"https:\/\/schema.org","@graph":[{"@type":"Article","@id":"https:\/\/canal7slp.tv\/2022\/autoridades-suspenden-y-aplazan-audiencia-de-emilio-lozoya\/#article","isPartOf":{"@id":"https:\/\/canal7slp.tv\/2022\/autoridades-suspenden-y-aplazan-audiencia-de-emilio-lozoya\/"},"author":{"name":"Edici\u00f3n Web","@id":"https:\/\/canal7slp.tv\/2022\/#\/schema\/person\/429704152a21f5f856ce29aa69a238da"},"headline":"Autoridades suspenden y aplazan audiencia de Emilio Lozoya","datePublished":"2022-04-12T21:32:17+00:00","mainEntityOfPage":{"@id":"https:\/\/canal7slp.tv\/2022\/autoridades-suspenden-y-aplazan-audiencia-de-emilio-lozoya\/"},"wordCount":145,"publisher":{"@id":"https:\/\/canal7slp.tv\/2022\/#organization"},"image":{"@id":"https:\/\/canal7slp.tv\/2022\/autoridades-suspenden-y-aplazan-audiencia-de-emilio-lozoya\/#primaryimage"},"thumbnailUrl":"https:\/\/canal7slp.tv\/2022\/wp-content\/uploads\/2022\/04\/02-8.jpg","articleSection":["NACIONALES"],"inLanguage":"es"},{"@type":"WebPage","@id":"https:\/\/canal7slp.tv\/2022\/autoridades-suspenden-y-aplazan-audiencia-de-emilio-lozoya\/","url":"https:\/\/canal7slp.tv\/2022\/autoridades-suspenden-y-aplazan-audiencia-de-emilio-lozoya\/","name":"Autoridades suspenden y aplazan audiencia de Emilio Lozoya - Canal 7 SLP - 2022","isPartOf":{"@id":"https:\/\/canal7slp.tv\/2022\/#website"},"primaryImageOfPage":{"@id":"https:\/\/canal7slp.tv\/2022\/autoridades-suspenden-y-aplazan-audiencia-de-emilio-lozoya\/#primaryimage"},"image":{"@id":"https:\/\/canal7slp.tv\/2022\/autoridades-suspenden-y-aplazan-audiencia-de-emilio-lozoya\/#primaryimage"},"thumbnailUrl":"https:\/\/canal7slp.tv\/2022\/wp-content\/uploads\/2022\/04\/02-8.jpg","datePublished":"2022-04-12T21:32:17+00:00","breadcrumb":{"@id":"https:\/\/canal7slp.tv\/2022\/autoridades-suspenden-y-aplazan-audiencia-de-emilio-lozoya\/#breadcrumb"},"inLanguage":"es","potentialAction":[{"@type":"ReadAction","target":["https:\/\/canal7slp.tv\/2022\/autoridades-suspenden-y-aplazan-audiencia-de-emilio-lozoya\/"]}]},{"@type":"ImageObject","inLanguage":"es","@id":"https:\/\/canal7slp.tv\/2022\/autoridades-suspenden-y-aplazan-audiencia-de-emilio-lozoya\/#primaryimage","url":"https:\/\/canal7slp.tv\/2022\/wp-content\/uploads\/2022\/04\/02-8.jpg","contentUrl":"https:\/\/canal7slp.tv\/2022\/wp-content\/uploads\/2022\/04\/02-8.jpg","width":1280,"height":720},{"@type":"BreadcrumbList","@id":"https:\/\/canal7slp.tv\/2022\/autoridades-suspenden-y-aplazan-audiencia-de-emilio-lozoya\/#breadcrumb","itemListElement":[{"@type":"ListItem","position":1,"name":"Portada","item":"https:\/\/canal7slp.tv\/2022\/"},{"@type":"ListItem","position":2,"name":"Autoridades suspenden y aplazan audiencia de Emilio Lozoya"}]},{"@type":"WebSite","@id":"https:\/\/canal7slp.tv\/2022\/#website","url":"https:\/\/canal7slp.tv\/2022\/","name":"N7 - Noticieros Canal 7","description":"Somos Televisi\u00f3n","publisher":{"@id":"https:\/\/canal7slp.tv\/2022\/#organization"},"potentialAction":[{"@type":"SearchAction","target":{"@type":"EntryPoint","urlTemplate":"https:\/\/canal7slp.tv\/2022\/?s={search_term_string}"},"query-input":{"@type":"PropertyValueSpecification","valueRequired":true,"valueName":"search_term_string"}}],"inLanguage":"es"},{"@type":"Organization","@id":"https:\/\/canal7slp.tv\/2022\/#organization","name":"Noticieros Canal 7","url":"https:\/\/canal7slp.tv\/2022\/","logo":{"@type":"ImageObject","inLanguage":"es","@id":"https:\/\/canal7slp.tv\/2022\/#\/schema\/logo\/image\/","url":"https:\/\/canal7slp.tv\/2022\/wp-content\/uploads\/2021\/01\/logo-noticieros@2x.png","contentUrl":"https:\/\/canal7slp.tv\/2022\/wp-content\/uploads\/2021\/01\/logo-noticieros@2x.png","width":1017,"height":268,"caption":"Noticieros Canal 7"},"image":{"@id":"https:\/\/canal7slp.tv\/2022\/#\/schema\/logo\/image\/"},"sameAs":["https:\/\/www.facebook.com\/noticieroscanalsiete","https:\/\/x.com\/NOTICIEROS7","https:\/\/www.instagram.com\/canal7_slp","https:\/\/www.youtube.com\/channel\/UCliiYs-gP3JfJeqdPrNdd5A"]},{"@type":"Person","@id":"https:\/\/canal7slp.tv\/2022\/#\/schema\/person\/429704152a21f5f856ce29aa69a238da","name":"Edici\u00f3n Web","image":{"@type":"ImageObject","inLanguage":"es","@id":"https:\/\/secure.gravatar.com\/avatar\/eee448fc3f7164808013b816ba91ac7e43bbe82a70bebac296f8bc6f0addaa1a?s=96&d=mm&r=g","url":"https:\/\/secure.gravatar.com\/avatar\/eee448fc3f7164808013b816ba91ac7e43bbe82a70bebac296f8bc6f0addaa1a?s=96&d=mm&r=g","contentUrl":"https:\/\/secure.gravatar.com\/avatar\/eee448fc3f7164808013b816ba91ac7e43bbe82a70bebac296f8bc6f0addaa1a?s=96&d=mm&r=g","caption":"Edici\u00f3n Web"},"url":"https:\/\/canal7slp.tv\/2022\/author\/edicionweb\/"}]}},"amp_enabled":true,"_links":{"self":[{"href":"https:\/\/canal7slp.tv\/2022\/wp-json\/wp\/v2\/posts\/57073","targetHints":{"allow":["GET"]}}],"collection":[{"href":"https:\/\/canal7slp.tv\/2022\/wp-json\/wp\/v2\/posts"}],"about":[{"href":"https:\/\/canal7slp.tv\/2022\/wp-json\/wp\/v2\/types\/post"}],"author":[{"embeddable":true,"href":"https:\/\/canal7slp.tv\/2022\/wp-json\/wp\/v2\/users\/2"}],"replies":[{"embeddable":true,"href":"https:\/\/canal7slp.tv\/2022\/wp-json\/wp\/v2\/comments?post=57073"}],"version-history":[{"count":2,"href":"https:\/\/canal7slp.tv\/2022\/wp-json\/wp\/v2\/posts\/57073\/revisions"}],"predecessor-version":[{"id":57091,"href":"https:\/\/canal7slp.tv\/2022\/wp-json\/wp\/v2\/posts\/57073\/revisions\/57091"}],"wp:featuredmedia":[{"embeddable":true,"href":"https:\/\/canal7slp.tv\/2022\/wp-json\/wp\/v2\/media\/57083"}],"wp:attachment":[{"href":"https:\/\/canal7slp.tv\/2022\/wp-json\/wp\/v2\/media?parent=57073"}],"wp:term":[{"taxonomy":"category","embeddable":true,"href":"https:\/\/canal7slp.tv\/2022\/wp-json\/wp\/v2\/categories?post=57073"},{"taxonomy":"post_tag","embeddable":true,"href":"https:\/\/canal7slp.tv\/2022\/wp-json\/wp\/v2\/tags?post=57073"}],"curies":[{"name":"wp","href":"https:\/\/api.w.org\/{rel}","templated":true}]}}