{"id":57072,"date":"2022-04-12T15:32:18","date_gmt":"2022-04-12T21:32:18","guid":{"rendered":"https:\/\/canal7slp.tv\/2022\/?p=57072"},"modified":"2022-04-12T15:32:18","modified_gmt":"2022-04-12T21:32:18","slug":"el-bronco-es-vinculado-a-proceso-por-abuso-de-autoridad","status":"publish","type":"post","link":"https:\/\/canal7slp.tv\/2022\/el-bronco-es-vinculado-a-proceso-por-abuso-de-autoridad\/","title":{"rendered":"\u201cEl Bronco\u201d es vinculado a proceso por abuso de autoridad"},"content":{"rendered":"<p style=\"text-align: justify;\">Nuevo Le\u00f3n.- Tras una diligencia de m\u00e1s de 14 horas, Jaime Rodr\u00edguez Calder\u00f3n fue vinculado a proceso por el delito de abuso de autoridad y se le dict\u00f3 una segunda medida cautelar de prisi\u00f3n preventiva, esto debido a la requisa y de la empresa Transportes Tecno Ecol\u00f3gicos SA de CV.<\/p>\n<p style=\"text-align: justify;\">Por tal motivo, la defensa de \u201cEl Bronco\u201d estima que hay presunta intensi\u00f3n de mantener a su cliente en prisi\u00f3n.<\/p>\n<p style=\"text-align: justify;\">El juez Eduardo Cayuelas determin\u00f3 la prisi\u00f3n preventiva como medida cautelar, bajo el argumento de que Rodr\u00edguez Calder\u00f3n podr\u00eda huir del estado, ya que tiene familiares fuera del pa\u00eds y residi\u00f3 en otra entidad, en tanto su defensa se\u00f1ala que no tiene pasaporte vigente y adem\u00e1s ha tenido custodia de elementos policiacos estatales.<\/p>\n","protected":false},"excerpt":{"rendered":"<p>Nuevo Le\u00f3n.- Tras una diligencia de m\u00e1s de 14 horas, Jaime Rodr\u00edguez Calder\u00f3n fue vinculado a proceso por el delito de abuso de autoridad y se le dict\u00f3 una segunda medida cautelar de prisi\u00f3n preventiva, esto debido a la requisa y de la empresa Transportes Tecno Ecol\u00f3gicos SA de CV. Por tal motivo, la defensa de \u201cEl Bronco\u201d estima que hay presunta intensi\u00f3n de mantener a su cliente en prisi\u00f3n. El juez Eduardo Cayuelas determin\u00f3 la prisi\u00f3n preventiva como medida cautelar, bajo el argumento de que Rodr\u00edguez Calder\u00f3n podr\u00eda huir del estado, ya que tiene familiares fuera del pa\u00eds y [&hellip;]<\/p>\n","protected":false},"author":2,"featured_media":57082,"comment_status":"closed","ping_status":"closed","sticky":false,"template":"","format":"standard","meta":{"footnotes":""},"categories":[46],"tags":[],"class_list":["post-57072","post","type-post","status-publish","format-standard","has-post-thumbnail","hentry","category-nacional","post--single"],"yoast_head":"<!-- This site is optimized with the Yoast SEO plugin v27.4 - https:\/\/yoast.com\/product\/yoast-seo-wordpress\/ -->\n<title>\u201cEl Bronco\u201d es vinculado a proceso por abuso de autoridad - Canal 7 SLP - 2022<\/title>\n<meta name=\"robots\" content=\"index, follow, max-snippet:-1, max-image-preview:large, max-video-preview:-1\" \/>\n<link rel=\"canonical\" href=\"https:\/\/canal7slp.tv\/2022\/el-bronco-es-vinculado-a-proceso-por-abuso-de-autoridad\/\" \/>\n<meta property=\"og:locale\" content=\"es_ES\" \/>\n<meta property=\"og:type\" content=\"article\" \/>\n<meta property=\"og:title\" content=\"\u201cEl Bronco\u201d es vinculado a proceso por abuso de autoridad - Canal 7 SLP - 2022\" \/>\n<meta property=\"og:description\" content=\"Nuevo Le\u00f3n.- Tras una diligencia de m\u00e1s de 14 horas, Jaime Rodr\u00edguez Calder\u00f3n fue vinculado a proceso por el delito de abuso de autoridad y se le dict\u00f3 una segunda medida cautelar de prisi\u00f3n preventiva, esto debido a la requisa y de la empresa Transportes Tecno Ecol\u00f3gicos SA de CV. Por tal motivo, la defensa de \u201cEl Bronco\u201d estima que hay presunta intensi\u00f3n de mantener a su cliente en prisi\u00f3n. El juez Eduardo Cayuelas determin\u00f3 la prisi\u00f3n preventiva como medida cautelar, bajo el argumento de que Rodr\u00edguez Calder\u00f3n podr\u00eda huir del estado, ya que tiene familiares fuera del pa\u00eds y [&hellip;]\" \/>\n<meta property=\"og:url\" content=\"https:\/\/canal7slp.tv\/2022\/el-bronco-es-vinculado-a-proceso-por-abuso-de-autoridad\/\" \/>\n<meta property=\"og:site_name\" content=\"Canal 7 SLP - 2022\" \/>\n<meta property=\"article:publisher\" content=\"https:\/\/www.facebook.com\/noticieroscanalsiete\" \/>\n<meta property=\"article:published_time\" content=\"2022-04-12T21:32:18+00:00\" \/>\n<meta property=\"og:image\" content=\"https:\/\/canal7slp.tv\/2022\/wp-content\/uploads\/2022\/04\/01-7.jpg\" \/>\n\t<meta property=\"og:image:width\" content=\"1024\" \/>\n\t<meta property=\"og:image:height\" content=\"612\" \/>\n\t<meta property=\"og:image:type\" content=\"image\/jpeg\" \/>\n<meta name=\"author\" content=\"Edici\u00f3n Web\" \/>\n<meta name=\"twitter:card\" content=\"summary_large_image\" \/>\n<meta name=\"twitter:creator\" content=\"@NOTICIEROS7\" \/>\n<meta name=\"twitter:site\" content=\"@NOTICIEROS7\" \/>\n<meta name=\"twitter:label1\" content=\"Escrito por\" \/>\n\t<meta name=\"twitter:data1\" content=\"Edici\u00f3n Web\" \/>\n\t<meta name=\"twitter:label2\" content=\"Tiempo de lectura\" \/>\n\t<meta name=\"twitter:data2\" content=\"1 minuto\" \/>\n<script type=\"application\/ld+json\" class=\"yoast-schema-graph\">{\"@context\":\"https:\\\/\\\/schema.org\",\"@graph\":[{\"@type\":\"Article\",\"@id\":\"https:\\\/\\\/canal7slp.tv\\\/2022\\\/el-bronco-es-vinculado-a-proceso-por-abuso-de-autoridad\\\/#article\",\"isPartOf\":{\"@id\":\"https:\\\/\\\/canal7slp.tv\\\/2022\\\/el-bronco-es-vinculado-a-proceso-por-abuso-de-autoridad\\\/\"},\"author\":{\"name\":\"Edici\u00f3n Web\",\"@id\":\"https:\\\/\\\/canal7slp.tv\\\/2022\\\/#\\\/schema\\\/person\\\/429704152a21f5f856ce29aa69a238da\"},\"headline\":\"\u201cEl Bronco\u201d es vinculado a proceso por abuso de autoridad\",\"datePublished\":\"2022-04-12T21:32:18+00:00\",\"mainEntityOfPage\":{\"@id\":\"https:\\\/\\\/canal7slp.tv\\\/2022\\\/el-bronco-es-vinculado-a-proceso-por-abuso-de-autoridad\\\/\"},\"wordCount\":148,\"publisher\":{\"@id\":\"https:\\\/\\\/canal7slp.tv\\\/2022\\\/#organization\"},\"image\":{\"@id\":\"https:\\\/\\\/canal7slp.tv\\\/2022\\\/el-bronco-es-vinculado-a-proceso-por-abuso-de-autoridad\\\/#primaryimage\"},\"thumbnailUrl\":\"https:\\\/\\\/canal7slp.tv\\\/2022\\\/wp-content\\\/uploads\\\/2022\\\/04\\\/01-7.jpg\",\"articleSection\":[\"NACIONALES\"],\"inLanguage\":\"es\"},{\"@type\":\"WebPage\",\"@id\":\"https:\\\/\\\/canal7slp.tv\\\/2022\\\/el-bronco-es-vinculado-a-proceso-por-abuso-de-autoridad\\\/\",\"url\":\"https:\\\/\\\/canal7slp.tv\\\/2022\\\/el-bronco-es-vinculado-a-proceso-por-abuso-de-autoridad\\\/\",\"name\":\"\u201cEl Bronco\u201d es vinculado a proceso por abuso de autoridad - Canal 7 SLP - 2022\",\"isPartOf\":{\"@id\":\"https:\\\/\\\/canal7slp.tv\\\/2022\\\/#website\"},\"primaryImageOfPage\":{\"@id\":\"https:\\\/\\\/canal7slp.tv\\\/2022\\\/el-bronco-es-vinculado-a-proceso-por-abuso-de-autoridad\\\/#primaryimage\"},\"image\":{\"@id\":\"https:\\\/\\\/canal7slp.tv\\\/2022\\\/el-bronco-es-vinculado-a-proceso-por-abuso-de-autoridad\\\/#primaryimage\"},\"thumbnailUrl\":\"https:\\\/\\\/canal7slp.tv\\\/2022\\\/wp-content\\\/uploads\\\/2022\\\/04\\\/01-7.jpg\",\"datePublished\":\"2022-04-12T21:32:18+00:00\",\"breadcrumb\":{\"@id\":\"https:\\\/\\\/canal7slp.tv\\\/2022\\\/el-bronco-es-vinculado-a-proceso-por-abuso-de-autoridad\\\/#breadcrumb\"},\"inLanguage\":\"es\",\"potentialAction\":[{\"@type\":\"ReadAction\",\"target\":[\"https:\\\/\\\/canal7slp.tv\\\/2022\\\/el-bronco-es-vinculado-a-proceso-por-abuso-de-autoridad\\\/\"]}]},{\"@type\":\"ImageObject\",\"inLanguage\":\"es\",\"@id\":\"https:\\\/\\\/canal7slp.tv\\\/2022\\\/el-bronco-es-vinculado-a-proceso-por-abuso-de-autoridad\\\/#primaryimage\",\"url\":\"https:\\\/\\\/canal7slp.tv\\\/2022\\\/wp-content\\\/uploads\\\/2022\\\/04\\\/01-7.jpg\",\"contentUrl\":\"https:\\\/\\\/canal7slp.tv\\\/2022\\\/wp-content\\\/uploads\\\/2022\\\/04\\\/01-7.jpg\",\"width\":1024,\"height\":612},{\"@type\":\"BreadcrumbList\",\"@id\":\"https:\\\/\\\/canal7slp.tv\\\/2022\\\/el-bronco-es-vinculado-a-proceso-por-abuso-de-autoridad\\\/#breadcrumb\",\"itemListElement\":[{\"@type\":\"ListItem\",\"position\":1,\"name\":\"Portada\",\"item\":\"https:\\\/\\\/canal7slp.tv\\\/2022\\\/\"},{\"@type\":\"ListItem\",\"position\":2,\"name\":\"\u201cEl Bronco\u201d es vinculado a proceso por abuso de autoridad\"}]},{\"@type\":\"WebSite\",\"@id\":\"https:\\\/\\\/canal7slp.tv\\\/2022\\\/#website\",\"url\":\"https:\\\/\\\/canal7slp.tv\\\/2022\\\/\",\"name\":\"N7 - Noticieros Canal 7\",\"description\":\"Somos Televisi\u00f3n\",\"publisher\":{\"@id\":\"https:\\\/\\\/canal7slp.tv\\\/2022\\\/#organization\"},\"potentialAction\":[{\"@type\":\"SearchAction\",\"target\":{\"@type\":\"EntryPoint\",\"urlTemplate\":\"https:\\\/\\\/canal7slp.tv\\\/2022\\\/?s={search_term_string}\"},\"query-input\":{\"@type\":\"PropertyValueSpecification\",\"valueRequired\":true,\"valueName\":\"search_term_string\"}}],\"inLanguage\":\"es\"},{\"@type\":\"Organization\",\"@id\":\"https:\\\/\\\/canal7slp.tv\\\/2022\\\/#organization\",\"name\":\"Noticieros Canal 7\",\"url\":\"https:\\\/\\\/canal7slp.tv\\\/2022\\\/\",\"logo\":{\"@type\":\"ImageObject\",\"inLanguage\":\"es\",\"@id\":\"https:\\\/\\\/canal7slp.tv\\\/2022\\\/#\\\/schema\\\/logo\\\/image\\\/\",\"url\":\"https:\\\/\\\/canal7slp.tv\\\/2022\\\/wp-content\\\/uploads\\\/2021\\\/01\\\/logo-noticieros@2x.png\",\"contentUrl\":\"https:\\\/\\\/canal7slp.tv\\\/2022\\\/wp-content\\\/uploads\\\/2021\\\/01\\\/logo-noticieros@2x.png\",\"width\":1017,\"height\":268,\"caption\":\"Noticieros Canal 7\"},\"image\":{\"@id\":\"https:\\\/\\\/canal7slp.tv\\\/2022\\\/#\\\/schema\\\/logo\\\/image\\\/\"},\"sameAs\":[\"https:\\\/\\\/www.facebook.com\\\/noticieroscanalsiete\",\"https:\\\/\\\/x.com\\\/NOTICIEROS7\",\"https:\\\/\\\/www.instagram.com\\\/canal7_slp\",\"https:\\\/\\\/www.youtube.com\\\/channel\\\/UCliiYs-gP3JfJeqdPrNdd5A\"]},{\"@type\":\"Person\",\"@id\":\"https:\\\/\\\/canal7slp.tv\\\/2022\\\/#\\\/schema\\\/person\\\/429704152a21f5f856ce29aa69a238da\",\"name\":\"Edici\u00f3n Web\",\"image\":{\"@type\":\"ImageObject\",\"inLanguage\":\"es\",\"@id\":\"https:\\\/\\\/secure.gravatar.com\\\/avatar\\\/eee448fc3f7164808013b816ba91ac7e43bbe82a70bebac296f8bc6f0addaa1a?s=96&d=mm&r=g\",\"url\":\"https:\\\/\\\/secure.gravatar.com\\\/avatar\\\/eee448fc3f7164808013b816ba91ac7e43bbe82a70bebac296f8bc6f0addaa1a?s=96&d=mm&r=g\",\"contentUrl\":\"https:\\\/\\\/secure.gravatar.com\\\/avatar\\\/eee448fc3f7164808013b816ba91ac7e43bbe82a70bebac296f8bc6f0addaa1a?s=96&d=mm&r=g\",\"caption\":\"Edici\u00f3n Web\"},\"url\":\"https:\\\/\\\/canal7slp.tv\\\/2022\\\/author\\\/edicionweb\\\/\"}]}<\/script>\n<!-- \/ Yoast SEO plugin. -->","yoast_head_json":{"title":"\u201cEl Bronco\u201d es vinculado a proceso por abuso de autoridad - Canal 7 SLP - 2022","robots":{"index":"index","follow":"follow","max-snippet":"max-snippet:-1","max-image-preview":"max-image-preview:large","max-video-preview":"max-video-preview:-1"},"canonical":"https:\/\/canal7slp.tv\/2022\/el-bronco-es-vinculado-a-proceso-por-abuso-de-autoridad\/","og_locale":"es_ES","og_type":"article","og_title":"\u201cEl Bronco\u201d es vinculado a proceso por abuso de autoridad - Canal 7 SLP - 2022","og_description":"Nuevo Le\u00f3n.- Tras una diligencia de m\u00e1s de 14 horas, Jaime Rodr\u00edguez Calder\u00f3n fue vinculado a proceso por el delito de abuso de autoridad y se le dict\u00f3 una segunda medida cautelar de prisi\u00f3n preventiva, esto debido a la requisa y de la empresa Transportes Tecno Ecol\u00f3gicos SA de CV. Por tal motivo, la defensa de \u201cEl Bronco\u201d estima que hay presunta intensi\u00f3n de mantener a su cliente en prisi\u00f3n. El juez Eduardo Cayuelas determin\u00f3 la prisi\u00f3n preventiva como medida cautelar, bajo el argumento de que Rodr\u00edguez Calder\u00f3n podr\u00eda huir del estado, ya que tiene familiares fuera del pa\u00eds y [&hellip;]","og_url":"https:\/\/canal7slp.tv\/2022\/el-bronco-es-vinculado-a-proceso-por-abuso-de-autoridad\/","og_site_name":"Canal 7 SLP - 2022","article_publisher":"https:\/\/www.facebook.com\/noticieroscanalsiete","article_published_time":"2022-04-12T21:32:18+00:00","og_image":[{"width":1024,"height":612,"url":"https:\/\/canal7slp.tv\/2022\/wp-content\/uploads\/2022\/04\/01-7.jpg","type":"image\/jpeg"}],"author":"Edici\u00f3n Web","twitter_card":"summary_large_image","twitter_creator":"@NOTICIEROS7","twitter_site":"@NOTICIEROS7","twitter_misc":{"Escrito por":"Edici\u00f3n Web","Tiempo de lectura":"1 minuto"},"schema":{"@context":"https:\/\/schema.org","@graph":[{"@type":"Article","@id":"https:\/\/canal7slp.tv\/2022\/el-bronco-es-vinculado-a-proceso-por-abuso-de-autoridad\/#article","isPartOf":{"@id":"https:\/\/canal7slp.tv\/2022\/el-bronco-es-vinculado-a-proceso-por-abuso-de-autoridad\/"},"author":{"name":"Edici\u00f3n Web","@id":"https:\/\/canal7slp.tv\/2022\/#\/schema\/person\/429704152a21f5f856ce29aa69a238da"},"headline":"\u201cEl Bronco\u201d es vinculado a proceso por abuso de autoridad","datePublished":"2022-04-12T21:32:18+00:00","mainEntityOfPage":{"@id":"https:\/\/canal7slp.tv\/2022\/el-bronco-es-vinculado-a-proceso-por-abuso-de-autoridad\/"},"wordCount":148,"publisher":{"@id":"https:\/\/canal7slp.tv\/2022\/#organization"},"image":{"@id":"https:\/\/canal7slp.tv\/2022\/el-bronco-es-vinculado-a-proceso-por-abuso-de-autoridad\/#primaryimage"},"thumbnailUrl":"https:\/\/canal7slp.tv\/2022\/wp-content\/uploads\/2022\/04\/01-7.jpg","articleSection":["NACIONALES"],"inLanguage":"es"},{"@type":"WebPage","@id":"https:\/\/canal7slp.tv\/2022\/el-bronco-es-vinculado-a-proceso-por-abuso-de-autoridad\/","url":"https:\/\/canal7slp.tv\/2022\/el-bronco-es-vinculado-a-proceso-por-abuso-de-autoridad\/","name":"\u201cEl Bronco\u201d es vinculado a proceso por abuso de autoridad - Canal 7 SLP - 2022","isPartOf":{"@id":"https:\/\/canal7slp.tv\/2022\/#website"},"primaryImageOfPage":{"@id":"https:\/\/canal7slp.tv\/2022\/el-bronco-es-vinculado-a-proceso-por-abuso-de-autoridad\/#primaryimage"},"image":{"@id":"https:\/\/canal7slp.tv\/2022\/el-bronco-es-vinculado-a-proceso-por-abuso-de-autoridad\/#primaryimage"},"thumbnailUrl":"https:\/\/canal7slp.tv\/2022\/wp-content\/uploads\/2022\/04\/01-7.jpg","datePublished":"2022-04-12T21:32:18+00:00","breadcrumb":{"@id":"https:\/\/canal7slp.tv\/2022\/el-bronco-es-vinculado-a-proceso-por-abuso-de-autoridad\/#breadcrumb"},"inLanguage":"es","potentialAction":[{"@type":"ReadAction","target":["https:\/\/canal7slp.tv\/2022\/el-bronco-es-vinculado-a-proceso-por-abuso-de-autoridad\/"]}]},{"@type":"ImageObject","inLanguage":"es","@id":"https:\/\/canal7slp.tv\/2022\/el-bronco-es-vinculado-a-proceso-por-abuso-de-autoridad\/#primaryimage","url":"https:\/\/canal7slp.tv\/2022\/wp-content\/uploads\/2022\/04\/01-7.jpg","contentUrl":"https:\/\/canal7slp.tv\/2022\/wp-content\/uploads\/2022\/04\/01-7.jpg","width":1024,"height":612},{"@type":"BreadcrumbList","@id":"https:\/\/canal7slp.tv\/2022\/el-bronco-es-vinculado-a-proceso-por-abuso-de-autoridad\/#breadcrumb","itemListElement":[{"@type":"ListItem","position":1,"name":"Portada","item":"https:\/\/canal7slp.tv\/2022\/"},{"@type":"ListItem","position":2,"name":"\u201cEl Bronco\u201d es vinculado a proceso por abuso de autoridad"}]},{"@type":"WebSite","@id":"https:\/\/canal7slp.tv\/2022\/#website","url":"https:\/\/canal7slp.tv\/2022\/","name":"N7 - Noticieros Canal 7","description":"Somos Televisi\u00f3n","publisher":{"@id":"https:\/\/canal7slp.tv\/2022\/#organization"},"potentialAction":[{"@type":"SearchAction","target":{"@type":"EntryPoint","urlTemplate":"https:\/\/canal7slp.tv\/2022\/?s={search_term_string}"},"query-input":{"@type":"PropertyValueSpecification","valueRequired":true,"valueName":"search_term_string"}}],"inLanguage":"es"},{"@type":"Organization","@id":"https:\/\/canal7slp.tv\/2022\/#organization","name":"Noticieros Canal 7","url":"https:\/\/canal7slp.tv\/2022\/","logo":{"@type":"ImageObject","inLanguage":"es","@id":"https:\/\/canal7slp.tv\/2022\/#\/schema\/logo\/image\/","url":"https:\/\/canal7slp.tv\/2022\/wp-content\/uploads\/2021\/01\/logo-noticieros@2x.png","contentUrl":"https:\/\/canal7slp.tv\/2022\/wp-content\/uploads\/2021\/01\/logo-noticieros@2x.png","width":1017,"height":268,"caption":"Noticieros Canal 7"},"image":{"@id":"https:\/\/canal7slp.tv\/2022\/#\/schema\/logo\/image\/"},"sameAs":["https:\/\/www.facebook.com\/noticieroscanalsiete","https:\/\/x.com\/NOTICIEROS7","https:\/\/www.instagram.com\/canal7_slp","https:\/\/www.youtube.com\/channel\/UCliiYs-gP3JfJeqdPrNdd5A"]},{"@type":"Person","@id":"https:\/\/canal7slp.tv\/2022\/#\/schema\/person\/429704152a21f5f856ce29aa69a238da","name":"Edici\u00f3n Web","image":{"@type":"ImageObject","inLanguage":"es","@id":"https:\/\/secure.gravatar.com\/avatar\/eee448fc3f7164808013b816ba91ac7e43bbe82a70bebac296f8bc6f0addaa1a?s=96&d=mm&r=g","url":"https:\/\/secure.gravatar.com\/avatar\/eee448fc3f7164808013b816ba91ac7e43bbe82a70bebac296f8bc6f0addaa1a?s=96&d=mm&r=g","contentUrl":"https:\/\/secure.gravatar.com\/avatar\/eee448fc3f7164808013b816ba91ac7e43bbe82a70bebac296f8bc6f0addaa1a?s=96&d=mm&r=g","caption":"Edici\u00f3n Web"},"url":"https:\/\/canal7slp.tv\/2022\/author\/edicionweb\/"}]}},"amp_enabled":true,"_links":{"self":[{"href":"https:\/\/canal7slp.tv\/2022\/wp-json\/wp\/v2\/posts\/57072","targetHints":{"allow":["GET"]}}],"collection":[{"href":"https:\/\/canal7slp.tv\/2022\/wp-json\/wp\/v2\/posts"}],"about":[{"href":"https:\/\/canal7slp.tv\/2022\/wp-json\/wp\/v2\/types\/post"}],"author":[{"embeddable":true,"href":"https:\/\/canal7slp.tv\/2022\/wp-json\/wp\/v2\/users\/2"}],"replies":[{"embeddable":true,"href":"https:\/\/canal7slp.tv\/2022\/wp-json\/wp\/v2\/comments?post=57072"}],"version-history":[{"count":2,"href":"https:\/\/canal7slp.tv\/2022\/wp-json\/wp\/v2\/posts\/57072\/revisions"}],"predecessor-version":[{"id":57092,"href":"https:\/\/canal7slp.tv\/2022\/wp-json\/wp\/v2\/posts\/57072\/revisions\/57092"}],"wp:featuredmedia":[{"embeddable":true,"href":"https:\/\/canal7slp.tv\/2022\/wp-json\/wp\/v2\/media\/57082"}],"wp:attachment":[{"href":"https:\/\/canal7slp.tv\/2022\/wp-json\/wp\/v2\/media?parent=57072"}],"wp:term":[{"taxonomy":"category","embeddable":true,"href":"https:\/\/canal7slp.tv\/2022\/wp-json\/wp\/v2\/categories?post=57072"},{"taxonomy":"post_tag","embeddable":true,"href":"https:\/\/canal7slp.tv\/2022\/wp-json\/wp\/v2\/tags?post=57072"}],"curies":[{"name":"wp","href":"https:\/\/api.w.org\/{rel}","templated":true}]}}