{"id":57033,"date":"2022-04-11T22:22:45","date_gmt":"2022-04-12T04:22:45","guid":{"rendered":"https:\/\/canal7slp.tv\/2022\/?p=57033"},"modified":"2022-04-11T22:22:45","modified_gmt":"2022-04-12T04:22:45","slug":"declaracion-anual-el-sat-recuerda-los-pasos-a-seguir","status":"publish","type":"post","link":"https:\/\/canal7slp.tv\/2022\/declaracion-anual-el-sat-recuerda-los-pasos-a-seguir\/","title":{"rendered":"Declaraci\u00f3n Anual. El SAT recuerda los pasos a seguir&#8230;"},"content":{"rendered":"<p style=\"text-align: justify;\">SLP.- El Servicio de Administraci\u00f3n Tributaria (SAT) recuerda que es momento de la declaraci\u00f3n anual.<\/p>\n<p style=\"text-align: justify;\">El Administrador Desconcentrado del SAT, Alfonso Carlos del Real L\u00f3pez pronunci\u00f3 que se trata de la culminaci\u00f3n del ciclo tributario, ya que este mes se reporta el resumen de la actividad en cuanto a ingresos y egresos durante el ejercicio fiscal anterior.<\/p>\n<p style=\"text-align: justify;\">Inform\u00f3 que la cita no es necesaria, sino su contrase\u00f1a.<\/p>\n<p style=\"text-align: justify;\">Debe capturarse un tel\u00e9fono celular, tener un correo electr\u00f3nico activo por una liga que se enviar\u00e1; aunado a guardar una fotograf\u00eda de identificaci\u00f3n oficial vigente -ya sea del Instituto Nacional Electoral (INE), el pasaporte o la c\u00e9dula profesional-.<\/p>\n<p style=\"text-align: justify;\">Tambi\u00e9n grabar un video con una frase que aparece en el aplicativo.<\/p>\n<p style=\"text-align: justify;\">Casi el total de contribuyentes que realizar\u00e1n su declaraci\u00f3n cuentan con informaci\u00f3n precargada.<\/p>\n<p>La mayor\u00eda de las personas f\u00edsicas pueden deducir, gastos m\u00e9dicos, gastos hospitalarios, de seguro, funerarios, colegiaturas que de acuerdo con el r\u00e9gimen.<\/p>\n<p style=\"text-align: justify;\">Se\u00f1al\u00f3 que normalmente los contribuyentes saben lo que deducen.<\/p>\n<p style=\"text-align: justify;\">Aunque coment\u00f3 que a veces el contribuyente desconoce el alcance de su r\u00e9gimen.<\/p>\n<p style=\"text-align: justify;\">Dio un ejemplo.<\/p>\n<p style=\"text-align: justify;\">Por: Paulina Rodr\u00edguez<\/p>\n","protected":false},"excerpt":{"rendered":"<p>SLP.- El Servicio de Administraci\u00f3n Tributaria (SAT) recuerda que es momento de la declaraci\u00f3n anual. El Administrador Desconcentrado del SAT, Alfonso Carlos del Real L\u00f3pez pronunci\u00f3 que se trata de la culminaci\u00f3n del ciclo tributario, ya que este mes se reporta el resumen de la actividad en cuanto a ingresos y egresos durante el ejercicio fiscal anterior. Inform\u00f3 que la cita no es necesaria, sino su contrase\u00f1a. Debe capturarse un tel\u00e9fono celular, tener un correo electr\u00f3nico activo por una liga que se enviar\u00e1; aunado a guardar una fotograf\u00eda de identificaci\u00f3n oficial vigente -ya sea del Instituto Nacional Electoral (INE), el [&hellip;]<\/p>\n","protected":false},"author":2,"featured_media":57034,"comment_status":"closed","ping_status":"closed","sticky":false,"template":"","format":"video","meta":{"footnotes":""},"categories":[5,45],"tags":[],"class_list":["post-57033","post","type-post","status-publish","format-video","has-post-thumbnail","hentry","category-destacadas","category-localesyregionales","post_format-post-format-video","post--single"],"yoast_head":"<!-- This site is optimized with the Yoast SEO plugin v27.5 - https:\/\/yoast.com\/product\/yoast-seo-wordpress\/ -->\n<title>Declaraci\u00f3n Anual. El SAT recuerda los pasos a seguir... - Canal 7 SLP - 2022<\/title>\n<meta name=\"robots\" content=\"index, follow, max-snippet:-1, max-image-preview:large, max-video-preview:-1\" \/>\n<link rel=\"canonical\" href=\"https:\/\/canal7slp.tv\/2022\/declaracion-anual-el-sat-recuerda-los-pasos-a-seguir\/\" \/>\n<meta property=\"og:locale\" content=\"es_ES\" \/>\n<meta property=\"og:type\" content=\"article\" \/>\n<meta property=\"og:title\" content=\"Declaraci\u00f3n Anual. El SAT recuerda los pasos a seguir... - Canal 7 SLP - 2022\" \/>\n<meta property=\"og:description\" content=\"SLP.- El Servicio de Administraci\u00f3n Tributaria (SAT) recuerda que es momento de la declaraci\u00f3n anual. El Administrador Desconcentrado del SAT, Alfonso Carlos del Real L\u00f3pez pronunci\u00f3 que se trata de la culminaci\u00f3n del ciclo tributario, ya que este mes se reporta el resumen de la actividad en cuanto a ingresos y egresos durante el ejercicio fiscal anterior. Inform\u00f3 que la cita no es necesaria, sino su contrase\u00f1a. Debe capturarse un tel\u00e9fono celular, tener un correo electr\u00f3nico activo por una liga que se enviar\u00e1; aunado a guardar una fotograf\u00eda de identificaci\u00f3n oficial vigente -ya sea del Instituto Nacional Electoral (INE), el [&hellip;]\" \/>\n<meta property=\"og:url\" content=\"https:\/\/canal7slp.tv\/2022\/declaracion-anual-el-sat-recuerda-los-pasos-a-seguir\/\" \/>\n<meta property=\"og:site_name\" content=\"Canal 7 SLP - 2022\" \/>\n<meta property=\"article:publisher\" content=\"https:\/\/www.facebook.com\/noticieroscanalsiete\" \/>\n<meta property=\"article:published_time\" content=\"2022-04-12T04:22:45+00:00\" \/>\n<meta property=\"og:image\" content=\"https:\/\/canal7slp.tv\/2022\/wp-content\/uploads\/2022\/04\/Pau01SAT.jpg\" \/>\n\t<meta property=\"og:image:width\" content=\"1280\" \/>\n\t<meta property=\"og:image:height\" content=\"720\" \/>\n\t<meta property=\"og:image:type\" content=\"image\/jpeg\" \/>\n<meta name=\"author\" content=\"Edici\u00f3n Web\" \/>\n<meta name=\"twitter:card\" content=\"summary_large_image\" \/>\n<meta name=\"twitter:creator\" content=\"@NOTICIEROS7\" \/>\n<meta name=\"twitter:site\" content=\"@NOTICIEROS7\" \/>\n<meta name=\"twitter:label1\" content=\"Escrito por\" \/>\n\t<meta name=\"twitter:data1\" content=\"Edici\u00f3n Web\" \/>\n\t<meta name=\"twitter:label2\" content=\"Tiempo de lectura\" \/>\n\t<meta name=\"twitter:data2\" content=\"1 minuto\" \/>\n<script type=\"application\/ld+json\" class=\"yoast-schema-graph\">{\"@context\":\"https:\\\/\\\/schema.org\",\"@graph\":[{\"@type\":\"Article\",\"@id\":\"https:\\\/\\\/canal7slp.tv\\\/2022\\\/declaracion-anual-el-sat-recuerda-los-pasos-a-seguir\\\/#article\",\"isPartOf\":{\"@id\":\"https:\\\/\\\/canal7slp.tv\\\/2022\\\/declaracion-anual-el-sat-recuerda-los-pasos-a-seguir\\\/\"},\"author\":{\"name\":\"Edici\u00f3n Web\",\"@id\":\"https:\\\/\\\/canal7slp.tv\\\/2022\\\/#\\\/schema\\\/person\\\/429704152a21f5f856ce29aa69a238da\"},\"headline\":\"Declaraci\u00f3n Anual. El SAT recuerda los pasos a seguir&#8230;\",\"datePublished\":\"2022-04-12T04:22:45+00:00\",\"mainEntityOfPage\":{\"@id\":\"https:\\\/\\\/canal7slp.tv\\\/2022\\\/declaracion-anual-el-sat-recuerda-los-pasos-a-seguir\\\/\"},\"wordCount\":212,\"publisher\":{\"@id\":\"https:\\\/\\\/canal7slp.tv\\\/2022\\\/#organization\"},\"image\":{\"@id\":\"https:\\\/\\\/canal7slp.tv\\\/2022\\\/declaracion-anual-el-sat-recuerda-los-pasos-a-seguir\\\/#primaryimage\"},\"thumbnailUrl\":\"https:\\\/\\\/canal7slp.tv\\\/2022\\\/wp-content\\\/uploads\\\/2022\\\/04\\\/Pau01SAT.jpg\",\"articleSection\":[\"DESTACADAS\",\"LOCALES Y REGIONALES\"],\"inLanguage\":\"es\"},{\"@type\":\"WebPage\",\"@id\":\"https:\\\/\\\/canal7slp.tv\\\/2022\\\/declaracion-anual-el-sat-recuerda-los-pasos-a-seguir\\\/\",\"url\":\"https:\\\/\\\/canal7slp.tv\\\/2022\\\/declaracion-anual-el-sat-recuerda-los-pasos-a-seguir\\\/\",\"name\":\"Declaraci\u00f3n Anual. El SAT recuerda los pasos a seguir... - Canal 7 SLP - 2022\",\"isPartOf\":{\"@id\":\"https:\\\/\\\/canal7slp.tv\\\/2022\\\/#website\"},\"primaryImageOfPage\":{\"@id\":\"https:\\\/\\\/canal7slp.tv\\\/2022\\\/declaracion-anual-el-sat-recuerda-los-pasos-a-seguir\\\/#primaryimage\"},\"image\":{\"@id\":\"https:\\\/\\\/canal7slp.tv\\\/2022\\\/declaracion-anual-el-sat-recuerda-los-pasos-a-seguir\\\/#primaryimage\"},\"thumbnailUrl\":\"https:\\\/\\\/canal7slp.tv\\\/2022\\\/wp-content\\\/uploads\\\/2022\\\/04\\\/Pau01SAT.jpg\",\"datePublished\":\"2022-04-12T04:22:45+00:00\",\"breadcrumb\":{\"@id\":\"https:\\\/\\\/canal7slp.tv\\\/2022\\\/declaracion-anual-el-sat-recuerda-los-pasos-a-seguir\\\/#breadcrumb\"},\"inLanguage\":\"es\",\"potentialAction\":[{\"@type\":\"ReadAction\",\"target\":[\"https:\\\/\\\/canal7slp.tv\\\/2022\\\/declaracion-anual-el-sat-recuerda-los-pasos-a-seguir\\\/\"]}]},{\"@type\":\"ImageObject\",\"inLanguage\":\"es\",\"@id\":\"https:\\\/\\\/canal7slp.tv\\\/2022\\\/declaracion-anual-el-sat-recuerda-los-pasos-a-seguir\\\/#primaryimage\",\"url\":\"https:\\\/\\\/canal7slp.tv\\\/2022\\\/wp-content\\\/uploads\\\/2022\\\/04\\\/Pau01SAT.jpg\",\"contentUrl\":\"https:\\\/\\\/canal7slp.tv\\\/2022\\\/wp-content\\\/uploads\\\/2022\\\/04\\\/Pau01SAT.jpg\",\"width\":1280,\"height\":720},{\"@type\":\"BreadcrumbList\",\"@id\":\"https:\\\/\\\/canal7slp.tv\\\/2022\\\/declaracion-anual-el-sat-recuerda-los-pasos-a-seguir\\\/#breadcrumb\",\"itemListElement\":[{\"@type\":\"ListItem\",\"position\":1,\"name\":\"Portada\",\"item\":\"https:\\\/\\\/canal7slp.tv\\\/2022\\\/\"},{\"@type\":\"ListItem\",\"position\":2,\"name\":\"Declaraci\u00f3n Anual. El SAT recuerda los pasos a seguir&#8230;\"}]},{\"@type\":\"WebSite\",\"@id\":\"https:\\\/\\\/canal7slp.tv\\\/2022\\\/#website\",\"url\":\"https:\\\/\\\/canal7slp.tv\\\/2022\\\/\",\"name\":\"N7 - Noticieros Canal 7\",\"description\":\"Somos Televisi\u00f3n\",\"publisher\":{\"@id\":\"https:\\\/\\\/canal7slp.tv\\\/2022\\\/#organization\"},\"potentialAction\":[{\"@type\":\"SearchAction\",\"target\":{\"@type\":\"EntryPoint\",\"urlTemplate\":\"https:\\\/\\\/canal7slp.tv\\\/2022\\\/?s={search_term_string}\"},\"query-input\":{\"@type\":\"PropertyValueSpecification\",\"valueRequired\":true,\"valueName\":\"search_term_string\"}}],\"inLanguage\":\"es\"},{\"@type\":\"Organization\",\"@id\":\"https:\\\/\\\/canal7slp.tv\\\/2022\\\/#organization\",\"name\":\"Noticieros Canal 7\",\"url\":\"https:\\\/\\\/canal7slp.tv\\\/2022\\\/\",\"logo\":{\"@type\":\"ImageObject\",\"inLanguage\":\"es\",\"@id\":\"https:\\\/\\\/canal7slp.tv\\\/2022\\\/#\\\/schema\\\/logo\\\/image\\\/\",\"url\":\"https:\\\/\\\/canal7slp.tv\\\/2022\\\/wp-content\\\/uploads\\\/2021\\\/01\\\/logo-noticieros@2x.png\",\"contentUrl\":\"https:\\\/\\\/canal7slp.tv\\\/2022\\\/wp-content\\\/uploads\\\/2021\\\/01\\\/logo-noticieros@2x.png\",\"width\":1017,\"height\":268,\"caption\":\"Noticieros Canal 7\"},\"image\":{\"@id\":\"https:\\\/\\\/canal7slp.tv\\\/2022\\\/#\\\/schema\\\/logo\\\/image\\\/\"},\"sameAs\":[\"https:\\\/\\\/www.facebook.com\\\/noticieroscanalsiete\",\"https:\\\/\\\/x.com\\\/NOTICIEROS7\",\"https:\\\/\\\/www.instagram.com\\\/canal7_slp\",\"https:\\\/\\\/www.youtube.com\\\/channel\\\/UCliiYs-gP3JfJeqdPrNdd5A\"]},{\"@type\":\"Person\",\"@id\":\"https:\\\/\\\/canal7slp.tv\\\/2022\\\/#\\\/schema\\\/person\\\/429704152a21f5f856ce29aa69a238da\",\"name\":\"Edici\u00f3n Web\",\"image\":{\"@type\":\"ImageObject\",\"inLanguage\":\"es\",\"@id\":\"https:\\\/\\\/secure.gravatar.com\\\/avatar\\\/eee448fc3f7164808013b816ba91ac7e43bbe82a70bebac296f8bc6f0addaa1a?s=96&d=mm&r=g\",\"url\":\"https:\\\/\\\/secure.gravatar.com\\\/avatar\\\/eee448fc3f7164808013b816ba91ac7e43bbe82a70bebac296f8bc6f0addaa1a?s=96&d=mm&r=g\",\"contentUrl\":\"https:\\\/\\\/secure.gravatar.com\\\/avatar\\\/eee448fc3f7164808013b816ba91ac7e43bbe82a70bebac296f8bc6f0addaa1a?s=96&d=mm&r=g\",\"caption\":\"Edici\u00f3n Web\"},\"url\":\"https:\\\/\\\/canal7slp.tv\\\/2022\\\/author\\\/edicionweb\\\/\"}]}<\/script>\n<!-- \/ Yoast SEO plugin. -->","yoast_head_json":{"title":"Declaraci\u00f3n Anual. El SAT recuerda los pasos a seguir... - Canal 7 SLP - 2022","robots":{"index":"index","follow":"follow","max-snippet":"max-snippet:-1","max-image-preview":"max-image-preview:large","max-video-preview":"max-video-preview:-1"},"canonical":"https:\/\/canal7slp.tv\/2022\/declaracion-anual-el-sat-recuerda-los-pasos-a-seguir\/","og_locale":"es_ES","og_type":"article","og_title":"Declaraci\u00f3n Anual. El SAT recuerda los pasos a seguir... - Canal 7 SLP - 2022","og_description":"SLP.- El Servicio de Administraci\u00f3n Tributaria (SAT) recuerda que es momento de la declaraci\u00f3n anual. El Administrador Desconcentrado del SAT, Alfonso Carlos del Real L\u00f3pez pronunci\u00f3 que se trata de la culminaci\u00f3n del ciclo tributario, ya que este mes se reporta el resumen de la actividad en cuanto a ingresos y egresos durante el ejercicio fiscal anterior. Inform\u00f3 que la cita no es necesaria, sino su contrase\u00f1a. Debe capturarse un tel\u00e9fono celular, tener un correo electr\u00f3nico activo por una liga que se enviar\u00e1; aunado a guardar una fotograf\u00eda de identificaci\u00f3n oficial vigente -ya sea del Instituto Nacional Electoral (INE), el [&hellip;]","og_url":"https:\/\/canal7slp.tv\/2022\/declaracion-anual-el-sat-recuerda-los-pasos-a-seguir\/","og_site_name":"Canal 7 SLP - 2022","article_publisher":"https:\/\/www.facebook.com\/noticieroscanalsiete","article_published_time":"2022-04-12T04:22:45+00:00","og_image":[{"width":1280,"height":720,"url":"https:\/\/canal7slp.tv\/2022\/wp-content\/uploads\/2022\/04\/Pau01SAT.jpg","type":"image\/jpeg"}],"author":"Edici\u00f3n Web","twitter_card":"summary_large_image","twitter_creator":"@NOTICIEROS7","twitter_site":"@NOTICIEROS7","twitter_misc":{"Escrito por":"Edici\u00f3n Web","Tiempo de lectura":"1 minuto"},"schema":{"@context":"https:\/\/schema.org","@graph":[{"@type":"Article","@id":"https:\/\/canal7slp.tv\/2022\/declaracion-anual-el-sat-recuerda-los-pasos-a-seguir\/#article","isPartOf":{"@id":"https:\/\/canal7slp.tv\/2022\/declaracion-anual-el-sat-recuerda-los-pasos-a-seguir\/"},"author":{"name":"Edici\u00f3n Web","@id":"https:\/\/canal7slp.tv\/2022\/#\/schema\/person\/429704152a21f5f856ce29aa69a238da"},"headline":"Declaraci\u00f3n Anual. El SAT recuerda los pasos a seguir&#8230;","datePublished":"2022-04-12T04:22:45+00:00","mainEntityOfPage":{"@id":"https:\/\/canal7slp.tv\/2022\/declaracion-anual-el-sat-recuerda-los-pasos-a-seguir\/"},"wordCount":212,"publisher":{"@id":"https:\/\/canal7slp.tv\/2022\/#organization"},"image":{"@id":"https:\/\/canal7slp.tv\/2022\/declaracion-anual-el-sat-recuerda-los-pasos-a-seguir\/#primaryimage"},"thumbnailUrl":"https:\/\/canal7slp.tv\/2022\/wp-content\/uploads\/2022\/04\/Pau01SAT.jpg","articleSection":["DESTACADAS","LOCALES Y REGIONALES"],"inLanguage":"es"},{"@type":"WebPage","@id":"https:\/\/canal7slp.tv\/2022\/declaracion-anual-el-sat-recuerda-los-pasos-a-seguir\/","url":"https:\/\/canal7slp.tv\/2022\/declaracion-anual-el-sat-recuerda-los-pasos-a-seguir\/","name":"Declaraci\u00f3n Anual. El SAT recuerda los pasos a seguir... - Canal 7 SLP - 2022","isPartOf":{"@id":"https:\/\/canal7slp.tv\/2022\/#website"},"primaryImageOfPage":{"@id":"https:\/\/canal7slp.tv\/2022\/declaracion-anual-el-sat-recuerda-los-pasos-a-seguir\/#primaryimage"},"image":{"@id":"https:\/\/canal7slp.tv\/2022\/declaracion-anual-el-sat-recuerda-los-pasos-a-seguir\/#primaryimage"},"thumbnailUrl":"https:\/\/canal7slp.tv\/2022\/wp-content\/uploads\/2022\/04\/Pau01SAT.jpg","datePublished":"2022-04-12T04:22:45+00:00","breadcrumb":{"@id":"https:\/\/canal7slp.tv\/2022\/declaracion-anual-el-sat-recuerda-los-pasos-a-seguir\/#breadcrumb"},"inLanguage":"es","potentialAction":[{"@type":"ReadAction","target":["https:\/\/canal7slp.tv\/2022\/declaracion-anual-el-sat-recuerda-los-pasos-a-seguir\/"]}]},{"@type":"ImageObject","inLanguage":"es","@id":"https:\/\/canal7slp.tv\/2022\/declaracion-anual-el-sat-recuerda-los-pasos-a-seguir\/#primaryimage","url":"https:\/\/canal7slp.tv\/2022\/wp-content\/uploads\/2022\/04\/Pau01SAT.jpg","contentUrl":"https:\/\/canal7slp.tv\/2022\/wp-content\/uploads\/2022\/04\/Pau01SAT.jpg","width":1280,"height":720},{"@type":"BreadcrumbList","@id":"https:\/\/canal7slp.tv\/2022\/declaracion-anual-el-sat-recuerda-los-pasos-a-seguir\/#breadcrumb","itemListElement":[{"@type":"ListItem","position":1,"name":"Portada","item":"https:\/\/canal7slp.tv\/2022\/"},{"@type":"ListItem","position":2,"name":"Declaraci\u00f3n Anual. El SAT recuerda los pasos a seguir&#8230;"}]},{"@type":"WebSite","@id":"https:\/\/canal7slp.tv\/2022\/#website","url":"https:\/\/canal7slp.tv\/2022\/","name":"N7 - Noticieros Canal 7","description":"Somos Televisi\u00f3n","publisher":{"@id":"https:\/\/canal7slp.tv\/2022\/#organization"},"potentialAction":[{"@type":"SearchAction","target":{"@type":"EntryPoint","urlTemplate":"https:\/\/canal7slp.tv\/2022\/?s={search_term_string}"},"query-input":{"@type":"PropertyValueSpecification","valueRequired":true,"valueName":"search_term_string"}}],"inLanguage":"es"},{"@type":"Organization","@id":"https:\/\/canal7slp.tv\/2022\/#organization","name":"Noticieros Canal 7","url":"https:\/\/canal7slp.tv\/2022\/","logo":{"@type":"ImageObject","inLanguage":"es","@id":"https:\/\/canal7slp.tv\/2022\/#\/schema\/logo\/image\/","url":"https:\/\/canal7slp.tv\/2022\/wp-content\/uploads\/2021\/01\/logo-noticieros@2x.png","contentUrl":"https:\/\/canal7slp.tv\/2022\/wp-content\/uploads\/2021\/01\/logo-noticieros@2x.png","width":1017,"height":268,"caption":"Noticieros Canal 7"},"image":{"@id":"https:\/\/canal7slp.tv\/2022\/#\/schema\/logo\/image\/"},"sameAs":["https:\/\/www.facebook.com\/noticieroscanalsiete","https:\/\/x.com\/NOTICIEROS7","https:\/\/www.instagram.com\/canal7_slp","https:\/\/www.youtube.com\/channel\/UCliiYs-gP3JfJeqdPrNdd5A"]},{"@type":"Person","@id":"https:\/\/canal7slp.tv\/2022\/#\/schema\/person\/429704152a21f5f856ce29aa69a238da","name":"Edici\u00f3n Web","image":{"@type":"ImageObject","inLanguage":"es","@id":"https:\/\/secure.gravatar.com\/avatar\/eee448fc3f7164808013b816ba91ac7e43bbe82a70bebac296f8bc6f0addaa1a?s=96&d=mm&r=g","url":"https:\/\/secure.gravatar.com\/avatar\/eee448fc3f7164808013b816ba91ac7e43bbe82a70bebac296f8bc6f0addaa1a?s=96&d=mm&r=g","contentUrl":"https:\/\/secure.gravatar.com\/avatar\/eee448fc3f7164808013b816ba91ac7e43bbe82a70bebac296f8bc6f0addaa1a?s=96&d=mm&r=g","caption":"Edici\u00f3n Web"},"url":"https:\/\/canal7slp.tv\/2022\/author\/edicionweb\/"}]}},"amp_enabled":true,"_links":{"self":[{"href":"https:\/\/canal7slp.tv\/2022\/wp-json\/wp\/v2\/posts\/57033","targetHints":{"allow":["GET"]}}],"collection":[{"href":"https:\/\/canal7slp.tv\/2022\/wp-json\/wp\/v2\/posts"}],"about":[{"href":"https:\/\/canal7slp.tv\/2022\/wp-json\/wp\/v2\/types\/post"}],"author":[{"embeddable":true,"href":"https:\/\/canal7slp.tv\/2022\/wp-json\/wp\/v2\/users\/2"}],"replies":[{"embeddable":true,"href":"https:\/\/canal7slp.tv\/2022\/wp-json\/wp\/v2\/comments?post=57033"}],"version-history":[{"count":1,"href":"https:\/\/canal7slp.tv\/2022\/wp-json\/wp\/v2\/posts\/57033\/revisions"}],"predecessor-version":[{"id":57035,"href":"https:\/\/canal7slp.tv\/2022\/wp-json\/wp\/v2\/posts\/57033\/revisions\/57035"}],"wp:featuredmedia":[{"embeddable":true,"href":"https:\/\/canal7slp.tv\/2022\/wp-json\/wp\/v2\/media\/57034"}],"wp:attachment":[{"href":"https:\/\/canal7slp.tv\/2022\/wp-json\/wp\/v2\/media?parent=57033"}],"wp:term":[{"taxonomy":"category","embeddable":true,"href":"https:\/\/canal7slp.tv\/2022\/wp-json\/wp\/v2\/categories?post=57033"},{"taxonomy":"post_tag","embeddable":true,"href":"https:\/\/canal7slp.tv\/2022\/wp-json\/wp\/v2\/tags?post=57033"}],"curies":[{"name":"wp","href":"https:\/\/api.w.org\/{rel}","templated":true}]}}