{"id":57032,"date":"2022-04-11T22:28:49","date_gmt":"2022-04-12T04:28:49","guid":{"rendered":"https:\/\/canal7slp.tv\/2022\/?p=57032"},"modified":"2022-04-11T22:28:49","modified_gmt":"2022-04-12T04:28:49","slug":"otra-vez-fuga-en-el-acueducto-de-la-presa-el-realito","status":"publish","type":"post","link":"https:\/\/canal7slp.tv\/2022\/otra-vez-fuga-en-el-acueducto-de-la-presa-el-realito\/","title":{"rendered":"Otra vez fuga en el acueducto de la presa El Realito."},"content":{"rendered":"<ul>\n<li style=\"text-align: justify;\">Autoridades activan plan de abastecimiento emergente.<\/li>\n<\/ul>\n<p style=\"text-align: justify;\">SLP.- Una fuga m\u00e1s fue reportada en el acueducto de la presa El Realito.<\/p>\n<p style=\"text-align: justify;\">La Comisi\u00f3n Estatal del Agua (CEA) habilit\u00f3 un plan emergente de abastecimiento para hacer frente a la nueva falla.<\/p>\n<p style=\"text-align: justify;\">Desde el Ejecutivo Local se inform\u00f3 la puesta en operaci\u00f3n del pozo localizado en avenida Salk y servicio de pipas.<\/p>\n<p style=\"text-align: justify;\">La habilitaci\u00f3n del pozo Salk II en la colonia Nueva Progreso, qued\u00f3 a disposici\u00f3n para abastecer hogares afectados por el corte del suministro.<\/p>\n<p style=\"text-align: justify;\">La \u00faltima fuga se registr\u00f3 en el kil\u00f3metro 41+500 de la l\u00ednea de cadenamiento.<\/p>\n<p style=\"text-align: justify;\">Fue recordado que la CEA en coordinaci\u00f3n con la empresa concesionaria Aquos El Realito, est\u00e1 por iniciar el Plan de Optimizaci\u00f3n Estructural de El Realito, con una inversi\u00f3n inicial de 150 millones de pesos.<\/p>\n<p style=\"text-align: justify;\">Con la acci\u00f3n se pretende remediar constantes fracturas en el acueducto a mediano plazo.<\/p>\n<p style=\"text-align: justify;\">Por: Paulina Rodr\u00edguez<\/p>\n","protected":false},"excerpt":{"rendered":"<p>Autoridades activan plan de abastecimiento emergente. SLP.- Una fuga m\u00e1s fue reportada en el acueducto de la presa El Realito. La Comisi\u00f3n Estatal del Agua (CEA) habilit\u00f3 un plan emergente de abastecimiento para hacer frente a la nueva falla. Desde el Ejecutivo Local se inform\u00f3 la puesta en operaci\u00f3n del pozo localizado en avenida Salk y servicio de pipas. La habilitaci\u00f3n del pozo Salk II en la colonia Nueva Progreso, qued\u00f3 a disposici\u00f3n para abastecer hogares afectados por el corte del suministro. La \u00faltima fuga se registr\u00f3 en el kil\u00f3metro 41+500 de la l\u00ednea de cadenamiento. Fue recordado que la [&hellip;]<\/p>\n","protected":false},"author":2,"featured_media":57036,"comment_status":"closed","ping_status":"closed","sticky":false,"template":"","format":"video","meta":{"footnotes":""},"categories":[5,45],"tags":[],"class_list":["post-57032","post","type-post","status-publish","format-video","has-post-thumbnail","hentry","category-destacadas","category-localesyregionales","post_format-post-format-video","post--single"],"yoast_head":"<!-- This site is optimized with the Yoast SEO plugin v27.5 - https:\/\/yoast.com\/product\/yoast-seo-wordpress\/ -->\n<title>Otra vez fuga en el acueducto de la presa El Realito. - Canal 7 SLP - 2022<\/title>\n<meta name=\"robots\" content=\"index, follow, max-snippet:-1, max-image-preview:large, max-video-preview:-1\" \/>\n<link rel=\"canonical\" href=\"https:\/\/canal7slp.tv\/2022\/otra-vez-fuga-en-el-acueducto-de-la-presa-el-realito\/\" \/>\n<meta property=\"og:locale\" content=\"es_ES\" \/>\n<meta property=\"og:type\" content=\"article\" \/>\n<meta property=\"og:title\" content=\"Otra vez fuga en el acueducto de la presa El Realito. - Canal 7 SLP - 2022\" \/>\n<meta property=\"og:description\" content=\"Autoridades activan plan de abastecimiento emergente. SLP.- Una fuga m\u00e1s fue reportada en el acueducto de la presa El Realito. La Comisi\u00f3n Estatal del Agua (CEA) habilit\u00f3 un plan emergente de abastecimiento para hacer frente a la nueva falla. Desde el Ejecutivo Local se inform\u00f3 la puesta en operaci\u00f3n del pozo localizado en avenida Salk y servicio de pipas. La habilitaci\u00f3n del pozo Salk II en la colonia Nueva Progreso, qued\u00f3 a disposici\u00f3n para abastecer hogares afectados por el corte del suministro. La \u00faltima fuga se registr\u00f3 en el kil\u00f3metro 41+500 de la l\u00ednea de cadenamiento. Fue recordado que la [&hellip;]\" \/>\n<meta property=\"og:url\" content=\"https:\/\/canal7slp.tv\/2022\/otra-vez-fuga-en-el-acueducto-de-la-presa-el-realito\/\" \/>\n<meta property=\"og:site_name\" content=\"Canal 7 SLP - 2022\" \/>\n<meta property=\"article:publisher\" content=\"https:\/\/www.facebook.com\/noticieroscanalsiete\" \/>\n<meta property=\"article:published_time\" content=\"2022-04-12T04:28:49+00:00\" \/>\n<meta property=\"og:image\" content=\"https:\/\/canal7slp.tv\/2022\/wp-content\/uploads\/2022\/04\/Pau02CEA.jpg\" \/>\n\t<meta property=\"og:image:width\" content=\"1280\" \/>\n\t<meta property=\"og:image:height\" content=\"720\" \/>\n\t<meta property=\"og:image:type\" content=\"image\/jpeg\" \/>\n<meta name=\"author\" content=\"Edici\u00f3n Web\" \/>\n<meta name=\"twitter:card\" content=\"summary_large_image\" \/>\n<meta name=\"twitter:creator\" content=\"@NOTICIEROS7\" \/>\n<meta name=\"twitter:site\" content=\"@NOTICIEROS7\" \/>\n<meta name=\"twitter:label1\" content=\"Escrito por\" \/>\n\t<meta name=\"twitter:data1\" content=\"Edici\u00f3n Web\" \/>\n\t<meta name=\"twitter:label2\" content=\"Tiempo de lectura\" \/>\n\t<meta name=\"twitter:data2\" content=\"1 minuto\" \/>\n<script type=\"application\/ld+json\" class=\"yoast-schema-graph\">{\"@context\":\"https:\\\/\\\/schema.org\",\"@graph\":[{\"@type\":\"Article\",\"@id\":\"https:\\\/\\\/canal7slp.tv\\\/2022\\\/otra-vez-fuga-en-el-acueducto-de-la-presa-el-realito\\\/#article\",\"isPartOf\":{\"@id\":\"https:\\\/\\\/canal7slp.tv\\\/2022\\\/otra-vez-fuga-en-el-acueducto-de-la-presa-el-realito\\\/\"},\"author\":{\"name\":\"Edici\u00f3n Web\",\"@id\":\"https:\\\/\\\/canal7slp.tv\\\/2022\\\/#\\\/schema\\\/person\\\/429704152a21f5f856ce29aa69a238da\"},\"headline\":\"Otra vez fuga en el acueducto de la presa El Realito.\",\"datePublished\":\"2022-04-12T04:28:49+00:00\",\"mainEntityOfPage\":{\"@id\":\"https:\\\/\\\/canal7slp.tv\\\/2022\\\/otra-vez-fuga-en-el-acueducto-de-la-presa-el-realito\\\/\"},\"wordCount\":169,\"publisher\":{\"@id\":\"https:\\\/\\\/canal7slp.tv\\\/2022\\\/#organization\"},\"image\":{\"@id\":\"https:\\\/\\\/canal7slp.tv\\\/2022\\\/otra-vez-fuga-en-el-acueducto-de-la-presa-el-realito\\\/#primaryimage\"},\"thumbnailUrl\":\"https:\\\/\\\/canal7slp.tv\\\/2022\\\/wp-content\\\/uploads\\\/2022\\\/04\\\/Pau02CEA.jpg\",\"articleSection\":[\"DESTACADAS\",\"LOCALES Y REGIONALES\"],\"inLanguage\":\"es\"},{\"@type\":\"WebPage\",\"@id\":\"https:\\\/\\\/canal7slp.tv\\\/2022\\\/otra-vez-fuga-en-el-acueducto-de-la-presa-el-realito\\\/\",\"url\":\"https:\\\/\\\/canal7slp.tv\\\/2022\\\/otra-vez-fuga-en-el-acueducto-de-la-presa-el-realito\\\/\",\"name\":\"Otra vez fuga en el acueducto de la presa El Realito. - Canal 7 SLP - 2022\",\"isPartOf\":{\"@id\":\"https:\\\/\\\/canal7slp.tv\\\/2022\\\/#website\"},\"primaryImageOfPage\":{\"@id\":\"https:\\\/\\\/canal7slp.tv\\\/2022\\\/otra-vez-fuga-en-el-acueducto-de-la-presa-el-realito\\\/#primaryimage\"},\"image\":{\"@id\":\"https:\\\/\\\/canal7slp.tv\\\/2022\\\/otra-vez-fuga-en-el-acueducto-de-la-presa-el-realito\\\/#primaryimage\"},\"thumbnailUrl\":\"https:\\\/\\\/canal7slp.tv\\\/2022\\\/wp-content\\\/uploads\\\/2022\\\/04\\\/Pau02CEA.jpg\",\"datePublished\":\"2022-04-12T04:28:49+00:00\",\"breadcrumb\":{\"@id\":\"https:\\\/\\\/canal7slp.tv\\\/2022\\\/otra-vez-fuga-en-el-acueducto-de-la-presa-el-realito\\\/#breadcrumb\"},\"inLanguage\":\"es\",\"potentialAction\":[{\"@type\":\"ReadAction\",\"target\":[\"https:\\\/\\\/canal7slp.tv\\\/2022\\\/otra-vez-fuga-en-el-acueducto-de-la-presa-el-realito\\\/\"]}]},{\"@type\":\"ImageObject\",\"inLanguage\":\"es\",\"@id\":\"https:\\\/\\\/canal7slp.tv\\\/2022\\\/otra-vez-fuga-en-el-acueducto-de-la-presa-el-realito\\\/#primaryimage\",\"url\":\"https:\\\/\\\/canal7slp.tv\\\/2022\\\/wp-content\\\/uploads\\\/2022\\\/04\\\/Pau02CEA.jpg\",\"contentUrl\":\"https:\\\/\\\/canal7slp.tv\\\/2022\\\/wp-content\\\/uploads\\\/2022\\\/04\\\/Pau02CEA.jpg\",\"width\":1280,\"height\":720},{\"@type\":\"BreadcrumbList\",\"@id\":\"https:\\\/\\\/canal7slp.tv\\\/2022\\\/otra-vez-fuga-en-el-acueducto-de-la-presa-el-realito\\\/#breadcrumb\",\"itemListElement\":[{\"@type\":\"ListItem\",\"position\":1,\"name\":\"Portada\",\"item\":\"https:\\\/\\\/canal7slp.tv\\\/2022\\\/\"},{\"@type\":\"ListItem\",\"position\":2,\"name\":\"Otra vez fuga en el acueducto de la presa El Realito.\"}]},{\"@type\":\"WebSite\",\"@id\":\"https:\\\/\\\/canal7slp.tv\\\/2022\\\/#website\",\"url\":\"https:\\\/\\\/canal7slp.tv\\\/2022\\\/\",\"name\":\"N7 - Noticieros Canal 7\",\"description\":\"Somos Televisi\u00f3n\",\"publisher\":{\"@id\":\"https:\\\/\\\/canal7slp.tv\\\/2022\\\/#organization\"},\"potentialAction\":[{\"@type\":\"SearchAction\",\"target\":{\"@type\":\"EntryPoint\",\"urlTemplate\":\"https:\\\/\\\/canal7slp.tv\\\/2022\\\/?s={search_term_string}\"},\"query-input\":{\"@type\":\"PropertyValueSpecification\",\"valueRequired\":true,\"valueName\":\"search_term_string\"}}],\"inLanguage\":\"es\"},{\"@type\":\"Organization\",\"@id\":\"https:\\\/\\\/canal7slp.tv\\\/2022\\\/#organization\",\"name\":\"Noticieros Canal 7\",\"url\":\"https:\\\/\\\/canal7slp.tv\\\/2022\\\/\",\"logo\":{\"@type\":\"ImageObject\",\"inLanguage\":\"es\",\"@id\":\"https:\\\/\\\/canal7slp.tv\\\/2022\\\/#\\\/schema\\\/logo\\\/image\\\/\",\"url\":\"https:\\\/\\\/canal7slp.tv\\\/2022\\\/wp-content\\\/uploads\\\/2021\\\/01\\\/logo-noticieros@2x.png\",\"contentUrl\":\"https:\\\/\\\/canal7slp.tv\\\/2022\\\/wp-content\\\/uploads\\\/2021\\\/01\\\/logo-noticieros@2x.png\",\"width\":1017,\"height\":268,\"caption\":\"Noticieros Canal 7\"},\"image\":{\"@id\":\"https:\\\/\\\/canal7slp.tv\\\/2022\\\/#\\\/schema\\\/logo\\\/image\\\/\"},\"sameAs\":[\"https:\\\/\\\/www.facebook.com\\\/noticieroscanalsiete\",\"https:\\\/\\\/x.com\\\/NOTICIEROS7\",\"https:\\\/\\\/www.instagram.com\\\/canal7_slp\",\"https:\\\/\\\/www.youtube.com\\\/channel\\\/UCliiYs-gP3JfJeqdPrNdd5A\"]},{\"@type\":\"Person\",\"@id\":\"https:\\\/\\\/canal7slp.tv\\\/2022\\\/#\\\/schema\\\/person\\\/429704152a21f5f856ce29aa69a238da\",\"name\":\"Edici\u00f3n Web\",\"image\":{\"@type\":\"ImageObject\",\"inLanguage\":\"es\",\"@id\":\"https:\\\/\\\/secure.gravatar.com\\\/avatar\\\/eee448fc3f7164808013b816ba91ac7e43bbe82a70bebac296f8bc6f0addaa1a?s=96&d=mm&r=g\",\"url\":\"https:\\\/\\\/secure.gravatar.com\\\/avatar\\\/eee448fc3f7164808013b816ba91ac7e43bbe82a70bebac296f8bc6f0addaa1a?s=96&d=mm&r=g\",\"contentUrl\":\"https:\\\/\\\/secure.gravatar.com\\\/avatar\\\/eee448fc3f7164808013b816ba91ac7e43bbe82a70bebac296f8bc6f0addaa1a?s=96&d=mm&r=g\",\"caption\":\"Edici\u00f3n Web\"},\"url\":\"https:\\\/\\\/canal7slp.tv\\\/2022\\\/author\\\/edicionweb\\\/\"}]}<\/script>\n<!-- \/ Yoast SEO plugin. -->","yoast_head_json":{"title":"Otra vez fuga en el acueducto de la presa El Realito. - Canal 7 SLP - 2022","robots":{"index":"index","follow":"follow","max-snippet":"max-snippet:-1","max-image-preview":"max-image-preview:large","max-video-preview":"max-video-preview:-1"},"canonical":"https:\/\/canal7slp.tv\/2022\/otra-vez-fuga-en-el-acueducto-de-la-presa-el-realito\/","og_locale":"es_ES","og_type":"article","og_title":"Otra vez fuga en el acueducto de la presa El Realito. - Canal 7 SLP - 2022","og_description":"Autoridades activan plan de abastecimiento emergente. SLP.- Una fuga m\u00e1s fue reportada en el acueducto de la presa El Realito. La Comisi\u00f3n Estatal del Agua (CEA) habilit\u00f3 un plan emergente de abastecimiento para hacer frente a la nueva falla. Desde el Ejecutivo Local se inform\u00f3 la puesta en operaci\u00f3n del pozo localizado en avenida Salk y servicio de pipas. La habilitaci\u00f3n del pozo Salk II en la colonia Nueva Progreso, qued\u00f3 a disposici\u00f3n para abastecer hogares afectados por el corte del suministro. La \u00faltima fuga se registr\u00f3 en el kil\u00f3metro 41+500 de la l\u00ednea de cadenamiento. Fue recordado que la [&hellip;]","og_url":"https:\/\/canal7slp.tv\/2022\/otra-vez-fuga-en-el-acueducto-de-la-presa-el-realito\/","og_site_name":"Canal 7 SLP - 2022","article_publisher":"https:\/\/www.facebook.com\/noticieroscanalsiete","article_published_time":"2022-04-12T04:28:49+00:00","og_image":[{"width":1280,"height":720,"url":"https:\/\/canal7slp.tv\/2022\/wp-content\/uploads\/2022\/04\/Pau02CEA.jpg","type":"image\/jpeg"}],"author":"Edici\u00f3n Web","twitter_card":"summary_large_image","twitter_creator":"@NOTICIEROS7","twitter_site":"@NOTICIEROS7","twitter_misc":{"Escrito por":"Edici\u00f3n Web","Tiempo de lectura":"1 minuto"},"schema":{"@context":"https:\/\/schema.org","@graph":[{"@type":"Article","@id":"https:\/\/canal7slp.tv\/2022\/otra-vez-fuga-en-el-acueducto-de-la-presa-el-realito\/#article","isPartOf":{"@id":"https:\/\/canal7slp.tv\/2022\/otra-vez-fuga-en-el-acueducto-de-la-presa-el-realito\/"},"author":{"name":"Edici\u00f3n Web","@id":"https:\/\/canal7slp.tv\/2022\/#\/schema\/person\/429704152a21f5f856ce29aa69a238da"},"headline":"Otra vez fuga en el acueducto de la presa El Realito.","datePublished":"2022-04-12T04:28:49+00:00","mainEntityOfPage":{"@id":"https:\/\/canal7slp.tv\/2022\/otra-vez-fuga-en-el-acueducto-de-la-presa-el-realito\/"},"wordCount":169,"publisher":{"@id":"https:\/\/canal7slp.tv\/2022\/#organization"},"image":{"@id":"https:\/\/canal7slp.tv\/2022\/otra-vez-fuga-en-el-acueducto-de-la-presa-el-realito\/#primaryimage"},"thumbnailUrl":"https:\/\/canal7slp.tv\/2022\/wp-content\/uploads\/2022\/04\/Pau02CEA.jpg","articleSection":["DESTACADAS","LOCALES Y REGIONALES"],"inLanguage":"es"},{"@type":"WebPage","@id":"https:\/\/canal7slp.tv\/2022\/otra-vez-fuga-en-el-acueducto-de-la-presa-el-realito\/","url":"https:\/\/canal7slp.tv\/2022\/otra-vez-fuga-en-el-acueducto-de-la-presa-el-realito\/","name":"Otra vez fuga en el acueducto de la presa El Realito. - Canal 7 SLP - 2022","isPartOf":{"@id":"https:\/\/canal7slp.tv\/2022\/#website"},"primaryImageOfPage":{"@id":"https:\/\/canal7slp.tv\/2022\/otra-vez-fuga-en-el-acueducto-de-la-presa-el-realito\/#primaryimage"},"image":{"@id":"https:\/\/canal7slp.tv\/2022\/otra-vez-fuga-en-el-acueducto-de-la-presa-el-realito\/#primaryimage"},"thumbnailUrl":"https:\/\/canal7slp.tv\/2022\/wp-content\/uploads\/2022\/04\/Pau02CEA.jpg","datePublished":"2022-04-12T04:28:49+00:00","breadcrumb":{"@id":"https:\/\/canal7slp.tv\/2022\/otra-vez-fuga-en-el-acueducto-de-la-presa-el-realito\/#breadcrumb"},"inLanguage":"es","potentialAction":[{"@type":"ReadAction","target":["https:\/\/canal7slp.tv\/2022\/otra-vez-fuga-en-el-acueducto-de-la-presa-el-realito\/"]}]},{"@type":"ImageObject","inLanguage":"es","@id":"https:\/\/canal7slp.tv\/2022\/otra-vez-fuga-en-el-acueducto-de-la-presa-el-realito\/#primaryimage","url":"https:\/\/canal7slp.tv\/2022\/wp-content\/uploads\/2022\/04\/Pau02CEA.jpg","contentUrl":"https:\/\/canal7slp.tv\/2022\/wp-content\/uploads\/2022\/04\/Pau02CEA.jpg","width":1280,"height":720},{"@type":"BreadcrumbList","@id":"https:\/\/canal7slp.tv\/2022\/otra-vez-fuga-en-el-acueducto-de-la-presa-el-realito\/#breadcrumb","itemListElement":[{"@type":"ListItem","position":1,"name":"Portada","item":"https:\/\/canal7slp.tv\/2022\/"},{"@type":"ListItem","position":2,"name":"Otra vez fuga en el acueducto de la presa El Realito."}]},{"@type":"WebSite","@id":"https:\/\/canal7slp.tv\/2022\/#website","url":"https:\/\/canal7slp.tv\/2022\/","name":"N7 - Noticieros Canal 7","description":"Somos Televisi\u00f3n","publisher":{"@id":"https:\/\/canal7slp.tv\/2022\/#organization"},"potentialAction":[{"@type":"SearchAction","target":{"@type":"EntryPoint","urlTemplate":"https:\/\/canal7slp.tv\/2022\/?s={search_term_string}"},"query-input":{"@type":"PropertyValueSpecification","valueRequired":true,"valueName":"search_term_string"}}],"inLanguage":"es"},{"@type":"Organization","@id":"https:\/\/canal7slp.tv\/2022\/#organization","name":"Noticieros Canal 7","url":"https:\/\/canal7slp.tv\/2022\/","logo":{"@type":"ImageObject","inLanguage":"es","@id":"https:\/\/canal7slp.tv\/2022\/#\/schema\/logo\/image\/","url":"https:\/\/canal7slp.tv\/2022\/wp-content\/uploads\/2021\/01\/logo-noticieros@2x.png","contentUrl":"https:\/\/canal7slp.tv\/2022\/wp-content\/uploads\/2021\/01\/logo-noticieros@2x.png","width":1017,"height":268,"caption":"Noticieros Canal 7"},"image":{"@id":"https:\/\/canal7slp.tv\/2022\/#\/schema\/logo\/image\/"},"sameAs":["https:\/\/www.facebook.com\/noticieroscanalsiete","https:\/\/x.com\/NOTICIEROS7","https:\/\/www.instagram.com\/canal7_slp","https:\/\/www.youtube.com\/channel\/UCliiYs-gP3JfJeqdPrNdd5A"]},{"@type":"Person","@id":"https:\/\/canal7slp.tv\/2022\/#\/schema\/person\/429704152a21f5f856ce29aa69a238da","name":"Edici\u00f3n Web","image":{"@type":"ImageObject","inLanguage":"es","@id":"https:\/\/secure.gravatar.com\/avatar\/eee448fc3f7164808013b816ba91ac7e43bbe82a70bebac296f8bc6f0addaa1a?s=96&d=mm&r=g","url":"https:\/\/secure.gravatar.com\/avatar\/eee448fc3f7164808013b816ba91ac7e43bbe82a70bebac296f8bc6f0addaa1a?s=96&d=mm&r=g","contentUrl":"https:\/\/secure.gravatar.com\/avatar\/eee448fc3f7164808013b816ba91ac7e43bbe82a70bebac296f8bc6f0addaa1a?s=96&d=mm&r=g","caption":"Edici\u00f3n Web"},"url":"https:\/\/canal7slp.tv\/2022\/author\/edicionweb\/"}]}},"amp_enabled":true,"_links":{"self":[{"href":"https:\/\/canal7slp.tv\/2022\/wp-json\/wp\/v2\/posts\/57032","targetHints":{"allow":["GET"]}}],"collection":[{"href":"https:\/\/canal7slp.tv\/2022\/wp-json\/wp\/v2\/posts"}],"about":[{"href":"https:\/\/canal7slp.tv\/2022\/wp-json\/wp\/v2\/types\/post"}],"author":[{"embeddable":true,"href":"https:\/\/canal7slp.tv\/2022\/wp-json\/wp\/v2\/users\/2"}],"replies":[{"embeddable":true,"href":"https:\/\/canal7slp.tv\/2022\/wp-json\/wp\/v2\/comments?post=57032"}],"version-history":[{"count":1,"href":"https:\/\/canal7slp.tv\/2022\/wp-json\/wp\/v2\/posts\/57032\/revisions"}],"predecessor-version":[{"id":57037,"href":"https:\/\/canal7slp.tv\/2022\/wp-json\/wp\/v2\/posts\/57032\/revisions\/57037"}],"wp:featuredmedia":[{"embeddable":true,"href":"https:\/\/canal7slp.tv\/2022\/wp-json\/wp\/v2\/media\/57036"}],"wp:attachment":[{"href":"https:\/\/canal7slp.tv\/2022\/wp-json\/wp\/v2\/media?parent=57032"}],"wp:term":[{"taxonomy":"category","embeddable":true,"href":"https:\/\/canal7slp.tv\/2022\/wp-json\/wp\/v2\/categories?post=57032"},{"taxonomy":"post_tag","embeddable":true,"href":"https:\/\/canal7slp.tv\/2022\/wp-json\/wp\/v2\/tags?post=57032"}],"curies":[{"name":"wp","href":"https:\/\/api.w.org\/{rel}","templated":true}]}}