{"id":57031,"date":"2022-04-11T22:31:28","date_gmt":"2022-04-12T04:31:28","guid":{"rendered":"https:\/\/canal7slp.tv\/2022\/?p=57031"},"modified":"2022-04-11T22:31:28","modified_gmt":"2022-04-12T04:31:28","slug":"inolvidable-noche-para-potosinos-y-visitantes-con-el-tributo-a-queen-a-traves-de-opera-prima-rock","status":"publish","type":"post","link":"https:\/\/canal7slp.tv\/2022\/inolvidable-noche-para-potosinos-y-visitantes-con-el-tributo-a-queen-a-traves-de-opera-prima-rock\/","title":{"rendered":"Inolvidable noche para potosinos y visitantes con el tributo a Queen a trav\u00e9s de \u00d3pera Prima Rock,"},"content":{"rendered":"<p style=\"text-align: justify;\">SLP.- \u00d3pera Prima Rock encendi\u00f3 a miles de potosinos en la Plaza Fundadores a trav\u00e9s del tributo a Queen.<\/p>\n<p style=\"text-align: justify;\">Familias, parejas y personas en solitario se congregaron en el coraz\u00f3n de la ciudad para escuchar un \u00e9xito tras otro de una banda que trascendi\u00f3 generaciones.<\/p>\n<p style=\"text-align: justify;\">En la presentaci\u00f3n, los integrantes de \u00d3pera Prima Rock mostraron emoci\u00f3n por la oportunidad de estar en el escenario y compartir con la gente tras dos a\u00f1os de contingencia sanitaria.<\/p>\n<p style=\"text-align: justify;\">Los asistentes no pod\u00edan dejar de cantar, ni quitar la mirada del vestuario de los miembros de \u00d3pera Prima Rock, sobre la cual es importante precisar que entre sus filas est\u00e1 la potosina Alicia Paola S\u00e1nchez.<\/p>\n<p style=\"text-align: justify;\">Ovaciones y aplausos fue lo que sobresali\u00f3 durante dicha presentaci\u00f3n, en un espacio emblem\u00e1tico de la capital que luci\u00f3 abarrotado.<\/p>\n<p style=\"text-align: justify;\">Por: Paulina Rodr\u00edguez<\/p>\n","protected":false},"excerpt":{"rendered":"<p>SLP.- \u00d3pera Prima Rock encendi\u00f3 a miles de potosinos en la Plaza Fundadores a trav\u00e9s del tributo a Queen. Familias, parejas y personas en solitario se congregaron en el coraz\u00f3n de la ciudad para escuchar un \u00e9xito tras otro de una banda que trascendi\u00f3 generaciones. En la presentaci\u00f3n, los integrantes de \u00d3pera Prima Rock mostraron emoci\u00f3n por la oportunidad de estar en el escenario y compartir con la gente tras dos a\u00f1os de contingencia sanitaria. Los asistentes no pod\u00edan dejar de cantar, ni quitar la mirada del vestuario de los miembros de \u00d3pera Prima Rock, sobre la cual es importante [&hellip;]<\/p>\n","protected":false},"author":2,"featured_media":57038,"comment_status":"closed","ping_status":"closed","sticky":false,"template":"","format":"video","meta":{"footnotes":""},"categories":[5,45],"tags":[],"class_list":["post-57031","post","type-post","status-publish","format-video","has-post-thumbnail","hentry","category-destacadas","category-localesyregionales","post_format-post-format-video","post--single"],"yoast_head":"<!-- This site is optimized with the Yoast SEO plugin v27.5 - https:\/\/yoast.com\/product\/yoast-seo-wordpress\/ -->\n<title>Inolvidable noche para potosinos y visitantes con el tributo a Queen a trav\u00e9s de \u00d3pera Prima Rock, - Canal 7 SLP - 2022<\/title>\n<meta name=\"robots\" content=\"index, follow, max-snippet:-1, max-image-preview:large, max-video-preview:-1\" \/>\n<link rel=\"canonical\" href=\"https:\/\/canal7slp.tv\/2022\/inolvidable-noche-para-potosinos-y-visitantes-con-el-tributo-a-queen-a-traves-de-opera-prima-rock\/\" \/>\n<meta property=\"og:locale\" content=\"es_ES\" \/>\n<meta property=\"og:type\" content=\"article\" \/>\n<meta property=\"og:title\" content=\"Inolvidable noche para potosinos y visitantes con el tributo a Queen a trav\u00e9s de \u00d3pera Prima Rock, - Canal 7 SLP - 2022\" \/>\n<meta property=\"og:description\" content=\"SLP.- \u00d3pera Prima Rock encendi\u00f3 a miles de potosinos en la Plaza Fundadores a trav\u00e9s del tributo a Queen. Familias, parejas y personas en solitario se congregaron en el coraz\u00f3n de la ciudad para escuchar un \u00e9xito tras otro de una banda que trascendi\u00f3 generaciones. En la presentaci\u00f3n, los integrantes de \u00d3pera Prima Rock mostraron emoci\u00f3n por la oportunidad de estar en el escenario y compartir con la gente tras dos a\u00f1os de contingencia sanitaria. Los asistentes no pod\u00edan dejar de cantar, ni quitar la mirada del vestuario de los miembros de \u00d3pera Prima Rock, sobre la cual es importante [&hellip;]\" \/>\n<meta property=\"og:url\" content=\"https:\/\/canal7slp.tv\/2022\/inolvidable-noche-para-potosinos-y-visitantes-con-el-tributo-a-queen-a-traves-de-opera-prima-rock\/\" \/>\n<meta property=\"og:site_name\" content=\"Canal 7 SLP - 2022\" \/>\n<meta property=\"article:publisher\" content=\"https:\/\/www.facebook.com\/noticieroscanalsiete\" \/>\n<meta property=\"article:published_time\" content=\"2022-04-12T04:31:28+00:00\" \/>\n<meta property=\"og:image\" content=\"https:\/\/canal7slp.tv\/2022\/wp-content\/uploads\/2022\/04\/Pau03OperaPrima.jpg\" \/>\n\t<meta property=\"og:image:width\" content=\"1280\" \/>\n\t<meta property=\"og:image:height\" content=\"720\" \/>\n\t<meta property=\"og:image:type\" content=\"image\/jpeg\" \/>\n<meta name=\"author\" content=\"Edici\u00f3n Web\" \/>\n<meta name=\"twitter:card\" content=\"summary_large_image\" \/>\n<meta name=\"twitter:creator\" content=\"@NOTICIEROS7\" \/>\n<meta name=\"twitter:site\" content=\"@NOTICIEROS7\" \/>\n<meta name=\"twitter:label1\" content=\"Escrito por\" \/>\n\t<meta name=\"twitter:data1\" content=\"Edici\u00f3n Web\" \/>\n\t<meta name=\"twitter:label2\" content=\"Tiempo de lectura\" \/>\n\t<meta name=\"twitter:data2\" content=\"1 minuto\" \/>\n<script type=\"application\/ld+json\" class=\"yoast-schema-graph\">{\"@context\":\"https:\\\/\\\/schema.org\",\"@graph\":[{\"@type\":\"Article\",\"@id\":\"https:\\\/\\\/canal7slp.tv\\\/2022\\\/inolvidable-noche-para-potosinos-y-visitantes-con-el-tributo-a-queen-a-traves-de-opera-prima-rock\\\/#article\",\"isPartOf\":{\"@id\":\"https:\\\/\\\/canal7slp.tv\\\/2022\\\/inolvidable-noche-para-potosinos-y-visitantes-con-el-tributo-a-queen-a-traves-de-opera-prima-rock\\\/\"},\"author\":{\"name\":\"Edici\u00f3n Web\",\"@id\":\"https:\\\/\\\/canal7slp.tv\\\/2022\\\/#\\\/schema\\\/person\\\/429704152a21f5f856ce29aa69a238da\"},\"headline\":\"Inolvidable noche para potosinos y visitantes con el tributo a Queen a trav\u00e9s de \u00d3pera Prima Rock,\",\"datePublished\":\"2022-04-12T04:31:28+00:00\",\"mainEntityOfPage\":{\"@id\":\"https:\\\/\\\/canal7slp.tv\\\/2022\\\/inolvidable-noche-para-potosinos-y-visitantes-con-el-tributo-a-queen-a-traves-de-opera-prima-rock\\\/\"},\"wordCount\":163,\"publisher\":{\"@id\":\"https:\\\/\\\/canal7slp.tv\\\/2022\\\/#organization\"},\"image\":{\"@id\":\"https:\\\/\\\/canal7slp.tv\\\/2022\\\/inolvidable-noche-para-potosinos-y-visitantes-con-el-tributo-a-queen-a-traves-de-opera-prima-rock\\\/#primaryimage\"},\"thumbnailUrl\":\"https:\\\/\\\/canal7slp.tv\\\/2022\\\/wp-content\\\/uploads\\\/2022\\\/04\\\/Pau03OperaPrima.jpg\",\"articleSection\":[\"DESTACADAS\",\"LOCALES Y REGIONALES\"],\"inLanguage\":\"es\"},{\"@type\":\"WebPage\",\"@id\":\"https:\\\/\\\/canal7slp.tv\\\/2022\\\/inolvidable-noche-para-potosinos-y-visitantes-con-el-tributo-a-queen-a-traves-de-opera-prima-rock\\\/\",\"url\":\"https:\\\/\\\/canal7slp.tv\\\/2022\\\/inolvidable-noche-para-potosinos-y-visitantes-con-el-tributo-a-queen-a-traves-de-opera-prima-rock\\\/\",\"name\":\"Inolvidable noche para potosinos y visitantes con el tributo a Queen a trav\u00e9s de \u00d3pera Prima Rock, - Canal 7 SLP - 2022\",\"isPartOf\":{\"@id\":\"https:\\\/\\\/canal7slp.tv\\\/2022\\\/#website\"},\"primaryImageOfPage\":{\"@id\":\"https:\\\/\\\/canal7slp.tv\\\/2022\\\/inolvidable-noche-para-potosinos-y-visitantes-con-el-tributo-a-queen-a-traves-de-opera-prima-rock\\\/#primaryimage\"},\"image\":{\"@id\":\"https:\\\/\\\/canal7slp.tv\\\/2022\\\/inolvidable-noche-para-potosinos-y-visitantes-con-el-tributo-a-queen-a-traves-de-opera-prima-rock\\\/#primaryimage\"},\"thumbnailUrl\":\"https:\\\/\\\/canal7slp.tv\\\/2022\\\/wp-content\\\/uploads\\\/2022\\\/04\\\/Pau03OperaPrima.jpg\",\"datePublished\":\"2022-04-12T04:31:28+00:00\",\"breadcrumb\":{\"@id\":\"https:\\\/\\\/canal7slp.tv\\\/2022\\\/inolvidable-noche-para-potosinos-y-visitantes-con-el-tributo-a-queen-a-traves-de-opera-prima-rock\\\/#breadcrumb\"},\"inLanguage\":\"es\",\"potentialAction\":[{\"@type\":\"ReadAction\",\"target\":[\"https:\\\/\\\/canal7slp.tv\\\/2022\\\/inolvidable-noche-para-potosinos-y-visitantes-con-el-tributo-a-queen-a-traves-de-opera-prima-rock\\\/\"]}]},{\"@type\":\"ImageObject\",\"inLanguage\":\"es\",\"@id\":\"https:\\\/\\\/canal7slp.tv\\\/2022\\\/inolvidable-noche-para-potosinos-y-visitantes-con-el-tributo-a-queen-a-traves-de-opera-prima-rock\\\/#primaryimage\",\"url\":\"https:\\\/\\\/canal7slp.tv\\\/2022\\\/wp-content\\\/uploads\\\/2022\\\/04\\\/Pau03OperaPrima.jpg\",\"contentUrl\":\"https:\\\/\\\/canal7slp.tv\\\/2022\\\/wp-content\\\/uploads\\\/2022\\\/04\\\/Pau03OperaPrima.jpg\",\"width\":1280,\"height\":720},{\"@type\":\"BreadcrumbList\",\"@id\":\"https:\\\/\\\/canal7slp.tv\\\/2022\\\/inolvidable-noche-para-potosinos-y-visitantes-con-el-tributo-a-queen-a-traves-de-opera-prima-rock\\\/#breadcrumb\",\"itemListElement\":[{\"@type\":\"ListItem\",\"position\":1,\"name\":\"Portada\",\"item\":\"https:\\\/\\\/canal7slp.tv\\\/2022\\\/\"},{\"@type\":\"ListItem\",\"position\":2,\"name\":\"Inolvidable noche para potosinos y visitantes con el tributo a Queen a trav\u00e9s de \u00d3pera Prima Rock,\"}]},{\"@type\":\"WebSite\",\"@id\":\"https:\\\/\\\/canal7slp.tv\\\/2022\\\/#website\",\"url\":\"https:\\\/\\\/canal7slp.tv\\\/2022\\\/\",\"name\":\"N7 - Noticieros Canal 7\",\"description\":\"Somos Televisi\u00f3n\",\"publisher\":{\"@id\":\"https:\\\/\\\/canal7slp.tv\\\/2022\\\/#organization\"},\"potentialAction\":[{\"@type\":\"SearchAction\",\"target\":{\"@type\":\"EntryPoint\",\"urlTemplate\":\"https:\\\/\\\/canal7slp.tv\\\/2022\\\/?s={search_term_string}\"},\"query-input\":{\"@type\":\"PropertyValueSpecification\",\"valueRequired\":true,\"valueName\":\"search_term_string\"}}],\"inLanguage\":\"es\"},{\"@type\":\"Organization\",\"@id\":\"https:\\\/\\\/canal7slp.tv\\\/2022\\\/#organization\",\"name\":\"Noticieros Canal 7\",\"url\":\"https:\\\/\\\/canal7slp.tv\\\/2022\\\/\",\"logo\":{\"@type\":\"ImageObject\",\"inLanguage\":\"es\",\"@id\":\"https:\\\/\\\/canal7slp.tv\\\/2022\\\/#\\\/schema\\\/logo\\\/image\\\/\",\"url\":\"https:\\\/\\\/canal7slp.tv\\\/2022\\\/wp-content\\\/uploads\\\/2021\\\/01\\\/logo-noticieros@2x.png\",\"contentUrl\":\"https:\\\/\\\/canal7slp.tv\\\/2022\\\/wp-content\\\/uploads\\\/2021\\\/01\\\/logo-noticieros@2x.png\",\"width\":1017,\"height\":268,\"caption\":\"Noticieros Canal 7\"},\"image\":{\"@id\":\"https:\\\/\\\/canal7slp.tv\\\/2022\\\/#\\\/schema\\\/logo\\\/image\\\/\"},\"sameAs\":[\"https:\\\/\\\/www.facebook.com\\\/noticieroscanalsiete\",\"https:\\\/\\\/x.com\\\/NOTICIEROS7\",\"https:\\\/\\\/www.instagram.com\\\/canal7_slp\",\"https:\\\/\\\/www.youtube.com\\\/channel\\\/UCliiYs-gP3JfJeqdPrNdd5A\"]},{\"@type\":\"Person\",\"@id\":\"https:\\\/\\\/canal7slp.tv\\\/2022\\\/#\\\/schema\\\/person\\\/429704152a21f5f856ce29aa69a238da\",\"name\":\"Edici\u00f3n Web\",\"image\":{\"@type\":\"ImageObject\",\"inLanguage\":\"es\",\"@id\":\"https:\\\/\\\/secure.gravatar.com\\\/avatar\\\/eee448fc3f7164808013b816ba91ac7e43bbe82a70bebac296f8bc6f0addaa1a?s=96&d=mm&r=g\",\"url\":\"https:\\\/\\\/secure.gravatar.com\\\/avatar\\\/eee448fc3f7164808013b816ba91ac7e43bbe82a70bebac296f8bc6f0addaa1a?s=96&d=mm&r=g\",\"contentUrl\":\"https:\\\/\\\/secure.gravatar.com\\\/avatar\\\/eee448fc3f7164808013b816ba91ac7e43bbe82a70bebac296f8bc6f0addaa1a?s=96&d=mm&r=g\",\"caption\":\"Edici\u00f3n Web\"},\"url\":\"https:\\\/\\\/canal7slp.tv\\\/2022\\\/author\\\/edicionweb\\\/\"}]}<\/script>\n<!-- \/ Yoast SEO plugin. -->","yoast_head_json":{"title":"Inolvidable noche para potosinos y visitantes con el tributo a Queen a trav\u00e9s de \u00d3pera Prima Rock, - Canal 7 SLP - 2022","robots":{"index":"index","follow":"follow","max-snippet":"max-snippet:-1","max-image-preview":"max-image-preview:large","max-video-preview":"max-video-preview:-1"},"canonical":"https:\/\/canal7slp.tv\/2022\/inolvidable-noche-para-potosinos-y-visitantes-con-el-tributo-a-queen-a-traves-de-opera-prima-rock\/","og_locale":"es_ES","og_type":"article","og_title":"Inolvidable noche para potosinos y visitantes con el tributo a Queen a trav\u00e9s de \u00d3pera Prima Rock, - Canal 7 SLP - 2022","og_description":"SLP.- \u00d3pera Prima Rock encendi\u00f3 a miles de potosinos en la Plaza Fundadores a trav\u00e9s del tributo a Queen. Familias, parejas y personas en solitario se congregaron en el coraz\u00f3n de la ciudad para escuchar un \u00e9xito tras otro de una banda que trascendi\u00f3 generaciones. En la presentaci\u00f3n, los integrantes de \u00d3pera Prima Rock mostraron emoci\u00f3n por la oportunidad de estar en el escenario y compartir con la gente tras dos a\u00f1os de contingencia sanitaria. Los asistentes no pod\u00edan dejar de cantar, ni quitar la mirada del vestuario de los miembros de \u00d3pera Prima Rock, sobre la cual es importante [&hellip;]","og_url":"https:\/\/canal7slp.tv\/2022\/inolvidable-noche-para-potosinos-y-visitantes-con-el-tributo-a-queen-a-traves-de-opera-prima-rock\/","og_site_name":"Canal 7 SLP - 2022","article_publisher":"https:\/\/www.facebook.com\/noticieroscanalsiete","article_published_time":"2022-04-12T04:31:28+00:00","og_image":[{"width":1280,"height":720,"url":"https:\/\/canal7slp.tv\/2022\/wp-content\/uploads\/2022\/04\/Pau03OperaPrima.jpg","type":"image\/jpeg"}],"author":"Edici\u00f3n Web","twitter_card":"summary_large_image","twitter_creator":"@NOTICIEROS7","twitter_site":"@NOTICIEROS7","twitter_misc":{"Escrito por":"Edici\u00f3n Web","Tiempo de lectura":"1 minuto"},"schema":{"@context":"https:\/\/schema.org","@graph":[{"@type":"Article","@id":"https:\/\/canal7slp.tv\/2022\/inolvidable-noche-para-potosinos-y-visitantes-con-el-tributo-a-queen-a-traves-de-opera-prima-rock\/#article","isPartOf":{"@id":"https:\/\/canal7slp.tv\/2022\/inolvidable-noche-para-potosinos-y-visitantes-con-el-tributo-a-queen-a-traves-de-opera-prima-rock\/"},"author":{"name":"Edici\u00f3n Web","@id":"https:\/\/canal7slp.tv\/2022\/#\/schema\/person\/429704152a21f5f856ce29aa69a238da"},"headline":"Inolvidable noche para potosinos y visitantes con el tributo a Queen a trav\u00e9s de \u00d3pera Prima Rock,","datePublished":"2022-04-12T04:31:28+00:00","mainEntityOfPage":{"@id":"https:\/\/canal7slp.tv\/2022\/inolvidable-noche-para-potosinos-y-visitantes-con-el-tributo-a-queen-a-traves-de-opera-prima-rock\/"},"wordCount":163,"publisher":{"@id":"https:\/\/canal7slp.tv\/2022\/#organization"},"image":{"@id":"https:\/\/canal7slp.tv\/2022\/inolvidable-noche-para-potosinos-y-visitantes-con-el-tributo-a-queen-a-traves-de-opera-prima-rock\/#primaryimage"},"thumbnailUrl":"https:\/\/canal7slp.tv\/2022\/wp-content\/uploads\/2022\/04\/Pau03OperaPrima.jpg","articleSection":["DESTACADAS","LOCALES Y REGIONALES"],"inLanguage":"es"},{"@type":"WebPage","@id":"https:\/\/canal7slp.tv\/2022\/inolvidable-noche-para-potosinos-y-visitantes-con-el-tributo-a-queen-a-traves-de-opera-prima-rock\/","url":"https:\/\/canal7slp.tv\/2022\/inolvidable-noche-para-potosinos-y-visitantes-con-el-tributo-a-queen-a-traves-de-opera-prima-rock\/","name":"Inolvidable noche para potosinos y visitantes con el tributo a Queen a trav\u00e9s de \u00d3pera Prima Rock, - Canal 7 SLP - 2022","isPartOf":{"@id":"https:\/\/canal7slp.tv\/2022\/#website"},"primaryImageOfPage":{"@id":"https:\/\/canal7slp.tv\/2022\/inolvidable-noche-para-potosinos-y-visitantes-con-el-tributo-a-queen-a-traves-de-opera-prima-rock\/#primaryimage"},"image":{"@id":"https:\/\/canal7slp.tv\/2022\/inolvidable-noche-para-potosinos-y-visitantes-con-el-tributo-a-queen-a-traves-de-opera-prima-rock\/#primaryimage"},"thumbnailUrl":"https:\/\/canal7slp.tv\/2022\/wp-content\/uploads\/2022\/04\/Pau03OperaPrima.jpg","datePublished":"2022-04-12T04:31:28+00:00","breadcrumb":{"@id":"https:\/\/canal7slp.tv\/2022\/inolvidable-noche-para-potosinos-y-visitantes-con-el-tributo-a-queen-a-traves-de-opera-prima-rock\/#breadcrumb"},"inLanguage":"es","potentialAction":[{"@type":"ReadAction","target":["https:\/\/canal7slp.tv\/2022\/inolvidable-noche-para-potosinos-y-visitantes-con-el-tributo-a-queen-a-traves-de-opera-prima-rock\/"]}]},{"@type":"ImageObject","inLanguage":"es","@id":"https:\/\/canal7slp.tv\/2022\/inolvidable-noche-para-potosinos-y-visitantes-con-el-tributo-a-queen-a-traves-de-opera-prima-rock\/#primaryimage","url":"https:\/\/canal7slp.tv\/2022\/wp-content\/uploads\/2022\/04\/Pau03OperaPrima.jpg","contentUrl":"https:\/\/canal7slp.tv\/2022\/wp-content\/uploads\/2022\/04\/Pau03OperaPrima.jpg","width":1280,"height":720},{"@type":"BreadcrumbList","@id":"https:\/\/canal7slp.tv\/2022\/inolvidable-noche-para-potosinos-y-visitantes-con-el-tributo-a-queen-a-traves-de-opera-prima-rock\/#breadcrumb","itemListElement":[{"@type":"ListItem","position":1,"name":"Portada","item":"https:\/\/canal7slp.tv\/2022\/"},{"@type":"ListItem","position":2,"name":"Inolvidable noche para potosinos y visitantes con el tributo a Queen a trav\u00e9s de \u00d3pera Prima Rock,"}]},{"@type":"WebSite","@id":"https:\/\/canal7slp.tv\/2022\/#website","url":"https:\/\/canal7slp.tv\/2022\/","name":"N7 - Noticieros Canal 7","description":"Somos Televisi\u00f3n","publisher":{"@id":"https:\/\/canal7slp.tv\/2022\/#organization"},"potentialAction":[{"@type":"SearchAction","target":{"@type":"EntryPoint","urlTemplate":"https:\/\/canal7slp.tv\/2022\/?s={search_term_string}"},"query-input":{"@type":"PropertyValueSpecification","valueRequired":true,"valueName":"search_term_string"}}],"inLanguage":"es"},{"@type":"Organization","@id":"https:\/\/canal7slp.tv\/2022\/#organization","name":"Noticieros Canal 7","url":"https:\/\/canal7slp.tv\/2022\/","logo":{"@type":"ImageObject","inLanguage":"es","@id":"https:\/\/canal7slp.tv\/2022\/#\/schema\/logo\/image\/","url":"https:\/\/canal7slp.tv\/2022\/wp-content\/uploads\/2021\/01\/logo-noticieros@2x.png","contentUrl":"https:\/\/canal7slp.tv\/2022\/wp-content\/uploads\/2021\/01\/logo-noticieros@2x.png","width":1017,"height":268,"caption":"Noticieros Canal 7"},"image":{"@id":"https:\/\/canal7slp.tv\/2022\/#\/schema\/logo\/image\/"},"sameAs":["https:\/\/www.facebook.com\/noticieroscanalsiete","https:\/\/x.com\/NOTICIEROS7","https:\/\/www.instagram.com\/canal7_slp","https:\/\/www.youtube.com\/channel\/UCliiYs-gP3JfJeqdPrNdd5A"]},{"@type":"Person","@id":"https:\/\/canal7slp.tv\/2022\/#\/schema\/person\/429704152a21f5f856ce29aa69a238da","name":"Edici\u00f3n Web","image":{"@type":"ImageObject","inLanguage":"es","@id":"https:\/\/secure.gravatar.com\/avatar\/eee448fc3f7164808013b816ba91ac7e43bbe82a70bebac296f8bc6f0addaa1a?s=96&d=mm&r=g","url":"https:\/\/secure.gravatar.com\/avatar\/eee448fc3f7164808013b816ba91ac7e43bbe82a70bebac296f8bc6f0addaa1a?s=96&d=mm&r=g","contentUrl":"https:\/\/secure.gravatar.com\/avatar\/eee448fc3f7164808013b816ba91ac7e43bbe82a70bebac296f8bc6f0addaa1a?s=96&d=mm&r=g","caption":"Edici\u00f3n Web"},"url":"https:\/\/canal7slp.tv\/2022\/author\/edicionweb\/"}]}},"amp_enabled":true,"_links":{"self":[{"href":"https:\/\/canal7slp.tv\/2022\/wp-json\/wp\/v2\/posts\/57031","targetHints":{"allow":["GET"]}}],"collection":[{"href":"https:\/\/canal7slp.tv\/2022\/wp-json\/wp\/v2\/posts"}],"about":[{"href":"https:\/\/canal7slp.tv\/2022\/wp-json\/wp\/v2\/types\/post"}],"author":[{"embeddable":true,"href":"https:\/\/canal7slp.tv\/2022\/wp-json\/wp\/v2\/users\/2"}],"replies":[{"embeddable":true,"href":"https:\/\/canal7slp.tv\/2022\/wp-json\/wp\/v2\/comments?post=57031"}],"version-history":[{"count":2,"href":"https:\/\/canal7slp.tv\/2022\/wp-json\/wp\/v2\/posts\/57031\/revisions"}],"predecessor-version":[{"id":57040,"href":"https:\/\/canal7slp.tv\/2022\/wp-json\/wp\/v2\/posts\/57031\/revisions\/57040"}],"wp:featuredmedia":[{"embeddable":true,"href":"https:\/\/canal7slp.tv\/2022\/wp-json\/wp\/v2\/media\/57038"}],"wp:attachment":[{"href":"https:\/\/canal7slp.tv\/2022\/wp-json\/wp\/v2\/media?parent=57031"}],"wp:term":[{"taxonomy":"category","embeddable":true,"href":"https:\/\/canal7slp.tv\/2022\/wp-json\/wp\/v2\/categories?post=57031"},{"taxonomy":"post_tag","embeddable":true,"href":"https:\/\/canal7slp.tv\/2022\/wp-json\/wp\/v2\/tags?post=57031"}],"curies":[{"name":"wp","href":"https:\/\/api.w.org\/{rel}","templated":true}]}}