{"id":57022,"date":"2022-04-11T21:04:14","date_gmt":"2022-04-12T03:04:14","guid":{"rendered":"https:\/\/canal7slp.tv\/2022\/?p=57022"},"modified":"2022-04-11T21:04:14","modified_gmt":"2022-04-12T03:04:14","slug":"detienen-a-joven-de-16-anos-por-doble-feminicidio-en-tamuin-2","status":"publish","type":"post","link":"https:\/\/canal7slp.tv\/2022\/detienen-a-joven-de-16-anos-por-doble-feminicidio-en-tamuin-2\/","title":{"rendered":"Detienen a joven de 16 a\u00f1os por doble feminicidio en Tamu\u00edn."},"content":{"rendered":"<p style=\"text-align: justify;\">SLP.- En entrevista, el titular de la Fiscal\u00eda General del Estado de San Luis Potos\u00ed (FGESLP), Jos\u00e9 Luis Ruiz Contreras, inform\u00f3 sobre la detenci\u00f3n de un adolescente de 16 a\u00f1os por su presunta responsabilidad en el doble feminicidio ocurrido en el municipio de Tamu\u00edn.<\/p>\n<p style=\"text-align: justify;\">\u201cEs un menor de edad que incluso trabaj\u00f3 en ese mismo inmueble, ya conoc\u00eda a las moradoras y por esa raz\u00f3n, la audiencia se llevar\u00e1 a cabo en la capital del estado, donde est\u00e1n las jueces de control y Justicia para adolescentes\u201d, adelant\u00f3.<\/p>\n<p style=\"text-align: justify;\">Fue el pasado jueves cuando las autoridades reportaron que en un Rancho de la localidad Estaci\u00f3n El Coco, se hab\u00eda encontrado el cuerpo de dos mujeres sin vida, de 72 y 45 a\u00f1os respectivamente.<\/p>\n<p style=\"text-align: justify;\">\u201cDurante el fin de semana se llevaron a cabo las diligencias para poder identificar al probable, y el m\u00f3vil del hecho, para ello obtuvimos una orden de cateo, y se logr\u00f3 identificar al probable, ya el d\u00eda de ayer se obtuvo una orden de aprehensi\u00f3n, donde el d\u00eda de hoy qued\u00f3 a disposici\u00f3n del juez de control, y hoy ser\u00e1 la audiencia\u201d.<\/p>\n<p style=\"text-align: justify;\">Seg\u00fan se refiere en el informe del caso, las v\u00edctimas presentaban heridas ocasionadas presumiblemente con un machete.<\/p>\n<p style=\"text-align: justify;\">\u201cYa tenemos cu\u00e1l fue el m\u00f3vil, las circunstancias de c\u00f3mo ocurri\u00f3, y eso nos permiti\u00f3 ponerlo a disposici\u00f3n del juez de control, mediante una orden de aprehensi\u00f3n\u201d, finaliz\u00f3.<\/p>\n<p style=\"text-align: justify;\">Por: Jos\u00e9 Luis V\u00e1zquez<\/p>\n","protected":false},"excerpt":{"rendered":"<p>SLP.- En entrevista, el titular de la Fiscal\u00eda General del Estado de San Luis Potos\u00ed (FGESLP), Jos\u00e9 Luis Ruiz Contreras, inform\u00f3 sobre la detenci\u00f3n de un adolescente de 16 a\u00f1os por su presunta responsabilidad en el doble feminicidio ocurrido en el municipio de Tamu\u00edn. \u201cEs un menor de edad que incluso trabaj\u00f3 en ese mismo inmueble, ya conoc\u00eda a las moradoras y por esa raz\u00f3n, la audiencia se llevar\u00e1 a cabo en la capital del estado, donde est\u00e1n las jueces de control y Justicia para adolescentes\u201d, adelant\u00f3. Fue el pasado jueves cuando las autoridades reportaron que en un Rancho de [&hellip;]<\/p>\n","protected":false},"author":2,"featured_media":57020,"comment_status":"closed","ping_status":"closed","sticky":false,"template":"","format":"video","meta":{"footnotes":""},"categories":[5,45],"tags":[],"class_list":["post-57022","post","type-post","status-publish","format-video","has-post-thumbnail","hentry","category-destacadas","category-localesyregionales","post_format-post-format-video","post--single"],"yoast_head":"<!-- This site is optimized with the Yoast SEO plugin v27.5 - https:\/\/yoast.com\/product\/yoast-seo-wordpress\/ -->\n<title>Detienen a joven de 16 a\u00f1os por doble feminicidio en Tamu\u00edn. - Canal 7 SLP - 2022<\/title>\n<meta name=\"robots\" content=\"index, follow, max-snippet:-1, max-image-preview:large, max-video-preview:-1\" \/>\n<link rel=\"canonical\" href=\"https:\/\/canal7slp.tv\/2022\/detienen-a-joven-de-16-anos-por-doble-feminicidio-en-tamuin-2\/\" \/>\n<meta property=\"og:locale\" content=\"es_ES\" \/>\n<meta property=\"og:type\" content=\"article\" \/>\n<meta property=\"og:title\" content=\"Detienen a joven de 16 a\u00f1os por doble feminicidio en Tamu\u00edn. - Canal 7 SLP - 2022\" \/>\n<meta property=\"og:description\" content=\"SLP.- En entrevista, el titular de la Fiscal\u00eda General del Estado de San Luis Potos\u00ed (FGESLP), Jos\u00e9 Luis Ruiz Contreras, inform\u00f3 sobre la detenci\u00f3n de un adolescente de 16 a\u00f1os por su presunta responsabilidad en el doble feminicidio ocurrido en el municipio de Tamu\u00edn. \u201cEs un menor de edad que incluso trabaj\u00f3 en ese mismo inmueble, ya conoc\u00eda a las moradoras y por esa raz\u00f3n, la audiencia se llevar\u00e1 a cabo en la capital del estado, donde est\u00e1n las jueces de control y Justicia para adolescentes\u201d, adelant\u00f3. Fue el pasado jueves cuando las autoridades reportaron que en un Rancho de [&hellip;]\" \/>\n<meta property=\"og:url\" content=\"https:\/\/canal7slp.tv\/2022\/detienen-a-joven-de-16-anos-por-doble-feminicidio-en-tamuin-2\/\" \/>\n<meta property=\"og:site_name\" content=\"Canal 7 SLP - 2022\" \/>\n<meta property=\"article:publisher\" content=\"https:\/\/www.facebook.com\/noticieroscanalsiete\" \/>\n<meta property=\"article:published_time\" content=\"2022-04-12T03:04:14+00:00\" \/>\n<meta property=\"og:image\" content=\"https:\/\/canal7slp.tv\/2022\/wp-content\/uploads\/2022\/04\/Vazquez01FiscalTamuin.jpg\" \/>\n\t<meta property=\"og:image:width\" content=\"888\" \/>\n\t<meta property=\"og:image:height\" content=\"500\" \/>\n\t<meta property=\"og:image:type\" content=\"image\/jpeg\" \/>\n<meta name=\"author\" content=\"Edici\u00f3n Web\" \/>\n<meta name=\"twitter:card\" content=\"summary_large_image\" \/>\n<meta name=\"twitter:creator\" content=\"@NOTICIEROS7\" \/>\n<meta name=\"twitter:site\" content=\"@NOTICIEROS7\" \/>\n<meta name=\"twitter:label1\" content=\"Escrito por\" \/>\n\t<meta name=\"twitter:data1\" content=\"Edici\u00f3n Web\" \/>\n\t<meta name=\"twitter:label2\" content=\"Tiempo de lectura\" \/>\n\t<meta name=\"twitter:data2\" content=\"2 minutos\" \/>\n<script type=\"application\/ld+json\" class=\"yoast-schema-graph\">{\"@context\":\"https:\\\/\\\/schema.org\",\"@graph\":[{\"@type\":\"Article\",\"@id\":\"https:\\\/\\\/canal7slp.tv\\\/2022\\\/detienen-a-joven-de-16-anos-por-doble-feminicidio-en-tamuin-2\\\/#article\",\"isPartOf\":{\"@id\":\"https:\\\/\\\/canal7slp.tv\\\/2022\\\/detienen-a-joven-de-16-anos-por-doble-feminicidio-en-tamuin-2\\\/\"},\"author\":{\"name\":\"Edici\u00f3n Web\",\"@id\":\"https:\\\/\\\/canal7slp.tv\\\/2022\\\/#\\\/schema\\\/person\\\/429704152a21f5f856ce29aa69a238da\"},\"headline\":\"Detienen a joven de 16 a\u00f1os por doble feminicidio en Tamu\u00edn.\",\"datePublished\":\"2022-04-12T03:04:14+00:00\",\"mainEntityOfPage\":{\"@id\":\"https:\\\/\\\/canal7slp.tv\\\/2022\\\/detienen-a-joven-de-16-anos-por-doble-feminicidio-en-tamuin-2\\\/\"},\"wordCount\":265,\"publisher\":{\"@id\":\"https:\\\/\\\/canal7slp.tv\\\/2022\\\/#organization\"},\"image\":{\"@id\":\"https:\\\/\\\/canal7slp.tv\\\/2022\\\/detienen-a-joven-de-16-anos-por-doble-feminicidio-en-tamuin-2\\\/#primaryimage\"},\"thumbnailUrl\":\"https:\\\/\\\/canal7slp.tv\\\/2022\\\/wp-content\\\/uploads\\\/2022\\\/04\\\/Vazquez01FiscalTamuin.jpg\",\"articleSection\":[\"DESTACADAS\",\"LOCALES Y REGIONALES\"],\"inLanguage\":\"es\"},{\"@type\":\"WebPage\",\"@id\":\"https:\\\/\\\/canal7slp.tv\\\/2022\\\/detienen-a-joven-de-16-anos-por-doble-feminicidio-en-tamuin-2\\\/\",\"url\":\"https:\\\/\\\/canal7slp.tv\\\/2022\\\/detienen-a-joven-de-16-anos-por-doble-feminicidio-en-tamuin-2\\\/\",\"name\":\"Detienen a joven de 16 a\u00f1os por doble feminicidio en Tamu\u00edn. - Canal 7 SLP - 2022\",\"isPartOf\":{\"@id\":\"https:\\\/\\\/canal7slp.tv\\\/2022\\\/#website\"},\"primaryImageOfPage\":{\"@id\":\"https:\\\/\\\/canal7slp.tv\\\/2022\\\/detienen-a-joven-de-16-anos-por-doble-feminicidio-en-tamuin-2\\\/#primaryimage\"},\"image\":{\"@id\":\"https:\\\/\\\/canal7slp.tv\\\/2022\\\/detienen-a-joven-de-16-anos-por-doble-feminicidio-en-tamuin-2\\\/#primaryimage\"},\"thumbnailUrl\":\"https:\\\/\\\/canal7slp.tv\\\/2022\\\/wp-content\\\/uploads\\\/2022\\\/04\\\/Vazquez01FiscalTamuin.jpg\",\"datePublished\":\"2022-04-12T03:04:14+00:00\",\"breadcrumb\":{\"@id\":\"https:\\\/\\\/canal7slp.tv\\\/2022\\\/detienen-a-joven-de-16-anos-por-doble-feminicidio-en-tamuin-2\\\/#breadcrumb\"},\"inLanguage\":\"es\",\"potentialAction\":[{\"@type\":\"ReadAction\",\"target\":[\"https:\\\/\\\/canal7slp.tv\\\/2022\\\/detienen-a-joven-de-16-anos-por-doble-feminicidio-en-tamuin-2\\\/\"]}]},{\"@type\":\"ImageObject\",\"inLanguage\":\"es\",\"@id\":\"https:\\\/\\\/canal7slp.tv\\\/2022\\\/detienen-a-joven-de-16-anos-por-doble-feminicidio-en-tamuin-2\\\/#primaryimage\",\"url\":\"https:\\\/\\\/canal7slp.tv\\\/2022\\\/wp-content\\\/uploads\\\/2022\\\/04\\\/Vazquez01FiscalTamuin.jpg\",\"contentUrl\":\"https:\\\/\\\/canal7slp.tv\\\/2022\\\/wp-content\\\/uploads\\\/2022\\\/04\\\/Vazquez01FiscalTamuin.jpg\",\"width\":888,\"height\":500},{\"@type\":\"BreadcrumbList\",\"@id\":\"https:\\\/\\\/canal7slp.tv\\\/2022\\\/detienen-a-joven-de-16-anos-por-doble-feminicidio-en-tamuin-2\\\/#breadcrumb\",\"itemListElement\":[{\"@type\":\"ListItem\",\"position\":1,\"name\":\"Portada\",\"item\":\"https:\\\/\\\/canal7slp.tv\\\/2022\\\/\"},{\"@type\":\"ListItem\",\"position\":2,\"name\":\"Detienen a joven de 16 a\u00f1os por doble feminicidio en Tamu\u00edn.\"}]},{\"@type\":\"WebSite\",\"@id\":\"https:\\\/\\\/canal7slp.tv\\\/2022\\\/#website\",\"url\":\"https:\\\/\\\/canal7slp.tv\\\/2022\\\/\",\"name\":\"N7 - Noticieros Canal 7\",\"description\":\"Somos Televisi\u00f3n\",\"publisher\":{\"@id\":\"https:\\\/\\\/canal7slp.tv\\\/2022\\\/#organization\"},\"potentialAction\":[{\"@type\":\"SearchAction\",\"target\":{\"@type\":\"EntryPoint\",\"urlTemplate\":\"https:\\\/\\\/canal7slp.tv\\\/2022\\\/?s={search_term_string}\"},\"query-input\":{\"@type\":\"PropertyValueSpecification\",\"valueRequired\":true,\"valueName\":\"search_term_string\"}}],\"inLanguage\":\"es\"},{\"@type\":\"Organization\",\"@id\":\"https:\\\/\\\/canal7slp.tv\\\/2022\\\/#organization\",\"name\":\"Noticieros Canal 7\",\"url\":\"https:\\\/\\\/canal7slp.tv\\\/2022\\\/\",\"logo\":{\"@type\":\"ImageObject\",\"inLanguage\":\"es\",\"@id\":\"https:\\\/\\\/canal7slp.tv\\\/2022\\\/#\\\/schema\\\/logo\\\/image\\\/\",\"url\":\"https:\\\/\\\/canal7slp.tv\\\/2022\\\/wp-content\\\/uploads\\\/2021\\\/01\\\/logo-noticieros@2x.png\",\"contentUrl\":\"https:\\\/\\\/canal7slp.tv\\\/2022\\\/wp-content\\\/uploads\\\/2021\\\/01\\\/logo-noticieros@2x.png\",\"width\":1017,\"height\":268,\"caption\":\"Noticieros Canal 7\"},\"image\":{\"@id\":\"https:\\\/\\\/canal7slp.tv\\\/2022\\\/#\\\/schema\\\/logo\\\/image\\\/\"},\"sameAs\":[\"https:\\\/\\\/www.facebook.com\\\/noticieroscanalsiete\",\"https:\\\/\\\/x.com\\\/NOTICIEROS7\",\"https:\\\/\\\/www.instagram.com\\\/canal7_slp\",\"https:\\\/\\\/www.youtube.com\\\/channel\\\/UCliiYs-gP3JfJeqdPrNdd5A\"]},{\"@type\":\"Person\",\"@id\":\"https:\\\/\\\/canal7slp.tv\\\/2022\\\/#\\\/schema\\\/person\\\/429704152a21f5f856ce29aa69a238da\",\"name\":\"Edici\u00f3n Web\",\"image\":{\"@type\":\"ImageObject\",\"inLanguage\":\"es\",\"@id\":\"https:\\\/\\\/secure.gravatar.com\\\/avatar\\\/eee448fc3f7164808013b816ba91ac7e43bbe82a70bebac296f8bc6f0addaa1a?s=96&d=mm&r=g\",\"url\":\"https:\\\/\\\/secure.gravatar.com\\\/avatar\\\/eee448fc3f7164808013b816ba91ac7e43bbe82a70bebac296f8bc6f0addaa1a?s=96&d=mm&r=g\",\"contentUrl\":\"https:\\\/\\\/secure.gravatar.com\\\/avatar\\\/eee448fc3f7164808013b816ba91ac7e43bbe82a70bebac296f8bc6f0addaa1a?s=96&d=mm&r=g\",\"caption\":\"Edici\u00f3n Web\"},\"url\":\"https:\\\/\\\/canal7slp.tv\\\/2022\\\/author\\\/edicionweb\\\/\"}]}<\/script>\n<!-- \/ Yoast SEO plugin. -->","yoast_head_json":{"title":"Detienen a joven de 16 a\u00f1os por doble feminicidio en Tamu\u00edn. - Canal 7 SLP - 2022","robots":{"index":"index","follow":"follow","max-snippet":"max-snippet:-1","max-image-preview":"max-image-preview:large","max-video-preview":"max-video-preview:-1"},"canonical":"https:\/\/canal7slp.tv\/2022\/detienen-a-joven-de-16-anos-por-doble-feminicidio-en-tamuin-2\/","og_locale":"es_ES","og_type":"article","og_title":"Detienen a joven de 16 a\u00f1os por doble feminicidio en Tamu\u00edn. - Canal 7 SLP - 2022","og_description":"SLP.- En entrevista, el titular de la Fiscal\u00eda General del Estado de San Luis Potos\u00ed (FGESLP), Jos\u00e9 Luis Ruiz Contreras, inform\u00f3 sobre la detenci\u00f3n de un adolescente de 16 a\u00f1os por su presunta responsabilidad en el doble feminicidio ocurrido en el municipio de Tamu\u00edn. \u201cEs un menor de edad que incluso trabaj\u00f3 en ese mismo inmueble, ya conoc\u00eda a las moradoras y por esa raz\u00f3n, la audiencia se llevar\u00e1 a cabo en la capital del estado, donde est\u00e1n las jueces de control y Justicia para adolescentes\u201d, adelant\u00f3. Fue el pasado jueves cuando las autoridades reportaron que en un Rancho de [&hellip;]","og_url":"https:\/\/canal7slp.tv\/2022\/detienen-a-joven-de-16-anos-por-doble-feminicidio-en-tamuin-2\/","og_site_name":"Canal 7 SLP - 2022","article_publisher":"https:\/\/www.facebook.com\/noticieroscanalsiete","article_published_time":"2022-04-12T03:04:14+00:00","og_image":[{"width":888,"height":500,"url":"https:\/\/canal7slp.tv\/2022\/wp-content\/uploads\/2022\/04\/Vazquez01FiscalTamuin.jpg","type":"image\/jpeg"}],"author":"Edici\u00f3n Web","twitter_card":"summary_large_image","twitter_creator":"@NOTICIEROS7","twitter_site":"@NOTICIEROS7","twitter_misc":{"Escrito por":"Edici\u00f3n Web","Tiempo de lectura":"2 minutos"},"schema":{"@context":"https:\/\/schema.org","@graph":[{"@type":"Article","@id":"https:\/\/canal7slp.tv\/2022\/detienen-a-joven-de-16-anos-por-doble-feminicidio-en-tamuin-2\/#article","isPartOf":{"@id":"https:\/\/canal7slp.tv\/2022\/detienen-a-joven-de-16-anos-por-doble-feminicidio-en-tamuin-2\/"},"author":{"name":"Edici\u00f3n Web","@id":"https:\/\/canal7slp.tv\/2022\/#\/schema\/person\/429704152a21f5f856ce29aa69a238da"},"headline":"Detienen a joven de 16 a\u00f1os por doble feminicidio en Tamu\u00edn.","datePublished":"2022-04-12T03:04:14+00:00","mainEntityOfPage":{"@id":"https:\/\/canal7slp.tv\/2022\/detienen-a-joven-de-16-anos-por-doble-feminicidio-en-tamuin-2\/"},"wordCount":265,"publisher":{"@id":"https:\/\/canal7slp.tv\/2022\/#organization"},"image":{"@id":"https:\/\/canal7slp.tv\/2022\/detienen-a-joven-de-16-anos-por-doble-feminicidio-en-tamuin-2\/#primaryimage"},"thumbnailUrl":"https:\/\/canal7slp.tv\/2022\/wp-content\/uploads\/2022\/04\/Vazquez01FiscalTamuin.jpg","articleSection":["DESTACADAS","LOCALES Y REGIONALES"],"inLanguage":"es"},{"@type":"WebPage","@id":"https:\/\/canal7slp.tv\/2022\/detienen-a-joven-de-16-anos-por-doble-feminicidio-en-tamuin-2\/","url":"https:\/\/canal7slp.tv\/2022\/detienen-a-joven-de-16-anos-por-doble-feminicidio-en-tamuin-2\/","name":"Detienen a joven de 16 a\u00f1os por doble feminicidio en Tamu\u00edn. - Canal 7 SLP - 2022","isPartOf":{"@id":"https:\/\/canal7slp.tv\/2022\/#website"},"primaryImageOfPage":{"@id":"https:\/\/canal7slp.tv\/2022\/detienen-a-joven-de-16-anos-por-doble-feminicidio-en-tamuin-2\/#primaryimage"},"image":{"@id":"https:\/\/canal7slp.tv\/2022\/detienen-a-joven-de-16-anos-por-doble-feminicidio-en-tamuin-2\/#primaryimage"},"thumbnailUrl":"https:\/\/canal7slp.tv\/2022\/wp-content\/uploads\/2022\/04\/Vazquez01FiscalTamuin.jpg","datePublished":"2022-04-12T03:04:14+00:00","breadcrumb":{"@id":"https:\/\/canal7slp.tv\/2022\/detienen-a-joven-de-16-anos-por-doble-feminicidio-en-tamuin-2\/#breadcrumb"},"inLanguage":"es","potentialAction":[{"@type":"ReadAction","target":["https:\/\/canal7slp.tv\/2022\/detienen-a-joven-de-16-anos-por-doble-feminicidio-en-tamuin-2\/"]}]},{"@type":"ImageObject","inLanguage":"es","@id":"https:\/\/canal7slp.tv\/2022\/detienen-a-joven-de-16-anos-por-doble-feminicidio-en-tamuin-2\/#primaryimage","url":"https:\/\/canal7slp.tv\/2022\/wp-content\/uploads\/2022\/04\/Vazquez01FiscalTamuin.jpg","contentUrl":"https:\/\/canal7slp.tv\/2022\/wp-content\/uploads\/2022\/04\/Vazquez01FiscalTamuin.jpg","width":888,"height":500},{"@type":"BreadcrumbList","@id":"https:\/\/canal7slp.tv\/2022\/detienen-a-joven-de-16-anos-por-doble-feminicidio-en-tamuin-2\/#breadcrumb","itemListElement":[{"@type":"ListItem","position":1,"name":"Portada","item":"https:\/\/canal7slp.tv\/2022\/"},{"@type":"ListItem","position":2,"name":"Detienen a joven de 16 a\u00f1os por doble feminicidio en Tamu\u00edn."}]},{"@type":"WebSite","@id":"https:\/\/canal7slp.tv\/2022\/#website","url":"https:\/\/canal7slp.tv\/2022\/","name":"N7 - Noticieros Canal 7","description":"Somos Televisi\u00f3n","publisher":{"@id":"https:\/\/canal7slp.tv\/2022\/#organization"},"potentialAction":[{"@type":"SearchAction","target":{"@type":"EntryPoint","urlTemplate":"https:\/\/canal7slp.tv\/2022\/?s={search_term_string}"},"query-input":{"@type":"PropertyValueSpecification","valueRequired":true,"valueName":"search_term_string"}}],"inLanguage":"es"},{"@type":"Organization","@id":"https:\/\/canal7slp.tv\/2022\/#organization","name":"Noticieros Canal 7","url":"https:\/\/canal7slp.tv\/2022\/","logo":{"@type":"ImageObject","inLanguage":"es","@id":"https:\/\/canal7slp.tv\/2022\/#\/schema\/logo\/image\/","url":"https:\/\/canal7slp.tv\/2022\/wp-content\/uploads\/2021\/01\/logo-noticieros@2x.png","contentUrl":"https:\/\/canal7slp.tv\/2022\/wp-content\/uploads\/2021\/01\/logo-noticieros@2x.png","width":1017,"height":268,"caption":"Noticieros Canal 7"},"image":{"@id":"https:\/\/canal7slp.tv\/2022\/#\/schema\/logo\/image\/"},"sameAs":["https:\/\/www.facebook.com\/noticieroscanalsiete","https:\/\/x.com\/NOTICIEROS7","https:\/\/www.instagram.com\/canal7_slp","https:\/\/www.youtube.com\/channel\/UCliiYs-gP3JfJeqdPrNdd5A"]},{"@type":"Person","@id":"https:\/\/canal7slp.tv\/2022\/#\/schema\/person\/429704152a21f5f856ce29aa69a238da","name":"Edici\u00f3n Web","image":{"@type":"ImageObject","inLanguage":"es","@id":"https:\/\/secure.gravatar.com\/avatar\/eee448fc3f7164808013b816ba91ac7e43bbe82a70bebac296f8bc6f0addaa1a?s=96&d=mm&r=g","url":"https:\/\/secure.gravatar.com\/avatar\/eee448fc3f7164808013b816ba91ac7e43bbe82a70bebac296f8bc6f0addaa1a?s=96&d=mm&r=g","contentUrl":"https:\/\/secure.gravatar.com\/avatar\/eee448fc3f7164808013b816ba91ac7e43bbe82a70bebac296f8bc6f0addaa1a?s=96&d=mm&r=g","caption":"Edici\u00f3n Web"},"url":"https:\/\/canal7slp.tv\/2022\/author\/edicionweb\/"}]}},"amp_enabled":true,"_links":{"self":[{"href":"https:\/\/canal7slp.tv\/2022\/wp-json\/wp\/v2\/posts\/57022","targetHints":{"allow":["GET"]}}],"collection":[{"href":"https:\/\/canal7slp.tv\/2022\/wp-json\/wp\/v2\/posts"}],"about":[{"href":"https:\/\/canal7slp.tv\/2022\/wp-json\/wp\/v2\/types\/post"}],"author":[{"embeddable":true,"href":"https:\/\/canal7slp.tv\/2022\/wp-json\/wp\/v2\/users\/2"}],"replies":[{"embeddable":true,"href":"https:\/\/canal7slp.tv\/2022\/wp-json\/wp\/v2\/comments?post=57022"}],"version-history":[{"count":1,"href":"https:\/\/canal7slp.tv\/2022\/wp-json\/wp\/v2\/posts\/57022\/revisions"}],"predecessor-version":[{"id":57023,"href":"https:\/\/canal7slp.tv\/2022\/wp-json\/wp\/v2\/posts\/57022\/revisions\/57023"}],"wp:featuredmedia":[{"embeddable":true,"href":"https:\/\/canal7slp.tv\/2022\/wp-json\/wp\/v2\/media\/57020"}],"wp:attachment":[{"href":"https:\/\/canal7slp.tv\/2022\/wp-json\/wp\/v2\/media?parent=57022"}],"wp:term":[{"taxonomy":"category","embeddable":true,"href":"https:\/\/canal7slp.tv\/2022\/wp-json\/wp\/v2\/categories?post=57022"},{"taxonomy":"post_tag","embeddable":true,"href":"https:\/\/canal7slp.tv\/2022\/wp-json\/wp\/v2\/tags?post=57022"}],"curies":[{"name":"wp","href":"https:\/\/api.w.org\/{rel}","templated":true}]}}