{"id":57016,"date":"2022-04-11T19:49:47","date_gmt":"2022-04-12T01:49:47","guid":{"rendered":"https:\/\/canal7slp.tv\/2022\/?p=57016"},"modified":"2022-04-11T19:49:47","modified_gmt":"2022-04-12T01:49:47","slug":"nadie-esta-a-la-fuerza-asegura-el-secretario-general-del-pan-en-slp","status":"publish","type":"post","link":"https:\/\/canal7slp.tv\/2022\/nadie-esta-a-la-fuerza-asegura-el-secretario-general-del-pan-en-slp\/","title":{"rendered":"Nadie est\u00e1 a la fuerza, asegura el Secretario General del PAN en SLP."},"content":{"rendered":"<p style=\"text-align: justify;\">SLP.- Franco Coronado, Secretario General del Partido Acci\u00f3n Nacional en San Luis Potos\u00ed, asegur\u00f3 que las puertas est\u00e1n abiertas para quienes decidan irse o regresar a la instituci\u00f3n pol\u00edtica.<\/p>\n<p style=\"text-align: justify;\">\u201cEl di\u00e1logo hay que agotarlo, en pol\u00edtica hay que ir a buscar a todos, nadie sobra, seguimos en pl\u00e1ticas, obviamente no es a la fuerza, si cada quien decide tomar otro rumbo\u201d, dijo.<\/p>\n<p style=\"text-align: justify;\">Adem\u00e1s, aclar\u00f3 que, en el Altiplano Potosino, no han existido m\u00e1s bajas desde que \u00c1ngel Reyes renunci\u00f3 a la Presidencia del Comit\u00e9 Directivo Municipal en Matehuala, \u201ca nivel estatal solamente tenemos ocho renuncias en general, aqu\u00ed ya se present\u00f3 la de \u00c1ngel, ya se turn\u00f3 a San Luis donde se le est\u00e1 dando el tr\u00e1mite correspondiente y es la \u00fanica renuncia en la zona que se ha presentado\u201d.<\/p>\n<p style=\"text-align: justify;\">Por \u00faltimo, asegur\u00f3 que los dirigentes de otros municipios, han manifestado que tienen intenciones de continuar en el partido, \u201cel Presidente de Cedral, no ha manifestado, no ha negado que se quiera ir del partido, tambi\u00e9n sale la Presidenta de Villa de la Paz, ella tiene el inter\u00e9s de continuar en Acci\u00f3n Nacional, entonces es un tema que vamos a ver c\u00f3mo se llevar\u00e1 a cabo\u201d.<\/p>\n<p style=\"text-align: justify;\">Por: Jes\u00fas Valencia<\/p>\n","protected":false},"excerpt":{"rendered":"<p>SLP.- Franco Coronado, Secretario General del Partido Acci\u00f3n Nacional en San Luis Potos\u00ed, asegur\u00f3 que las puertas est\u00e1n abiertas para quienes decidan irse o regresar a la instituci\u00f3n pol\u00edtica. \u201cEl di\u00e1logo hay que agotarlo, en pol\u00edtica hay que ir a buscar a todos, nadie sobra, seguimos en pl\u00e1ticas, obviamente no es a la fuerza, si cada quien decide tomar otro rumbo\u201d, dijo. Adem\u00e1s, aclar\u00f3 que, en el Altiplano Potosino, no han existido m\u00e1s bajas desde que \u00c1ngel Reyes renunci\u00f3 a la Presidencia del Comit\u00e9 Directivo Municipal en Matehuala, \u201ca nivel estatal solamente tenemos ocho renuncias en general, aqu\u00ed ya se [&hellip;]<\/p>\n","protected":false},"author":2,"featured_media":57019,"comment_status":"closed","ping_status":"closed","sticky":false,"template":"","format":"video","meta":{"footnotes":""},"categories":[5,43],"tags":[],"class_list":["post-57016","post","type-post","status-publish","format-video","has-post-thumbnail","hentry","category-destacadas","category-interior","post_format-post-format-video","post--single"],"yoast_head":"<!-- This site is optimized with the Yoast SEO plugin v27.5 - https:\/\/yoast.com\/product\/yoast-seo-wordpress\/ -->\n<title>Nadie est\u00e1 a la fuerza, asegura el Secretario General del PAN en SLP. - Canal 7 SLP - 2022<\/title>\n<meta name=\"robots\" content=\"index, follow, max-snippet:-1, max-image-preview:large, max-video-preview:-1\" \/>\n<link rel=\"canonical\" href=\"https:\/\/canal7slp.tv\/2022\/nadie-esta-a-la-fuerza-asegura-el-secretario-general-del-pan-en-slp\/\" \/>\n<meta property=\"og:locale\" content=\"es_ES\" \/>\n<meta property=\"og:type\" content=\"article\" \/>\n<meta property=\"og:title\" content=\"Nadie est\u00e1 a la fuerza, asegura el Secretario General del PAN en SLP. - Canal 7 SLP - 2022\" \/>\n<meta property=\"og:description\" content=\"SLP.- Franco Coronado, Secretario General del Partido Acci\u00f3n Nacional en San Luis Potos\u00ed, asegur\u00f3 que las puertas est\u00e1n abiertas para quienes decidan irse o regresar a la instituci\u00f3n pol\u00edtica. \u201cEl di\u00e1logo hay que agotarlo, en pol\u00edtica hay que ir a buscar a todos, nadie sobra, seguimos en pl\u00e1ticas, obviamente no es a la fuerza, si cada quien decide tomar otro rumbo\u201d, dijo. Adem\u00e1s, aclar\u00f3 que, en el Altiplano Potosino, no han existido m\u00e1s bajas desde que \u00c1ngel Reyes renunci\u00f3 a la Presidencia del Comit\u00e9 Directivo Municipal en Matehuala, \u201ca nivel estatal solamente tenemos ocho renuncias en general, aqu\u00ed ya se [&hellip;]\" \/>\n<meta property=\"og:url\" content=\"https:\/\/canal7slp.tv\/2022\/nadie-esta-a-la-fuerza-asegura-el-secretario-general-del-pan-en-slp\/\" \/>\n<meta property=\"og:site_name\" content=\"Canal 7 SLP - 2022\" \/>\n<meta property=\"article:publisher\" content=\"https:\/\/www.facebook.com\/noticieroscanalsiete\" \/>\n<meta property=\"article:published_time\" content=\"2022-04-12T01:49:47+00:00\" \/>\n<meta property=\"og:image\" content=\"https:\/\/canal7slp.tv\/2022\/wp-content\/uploads\/2022\/04\/Valencia02PAN.jpg\" \/>\n\t<meta property=\"og:image:width\" content=\"888\" \/>\n\t<meta property=\"og:image:height\" content=\"500\" \/>\n\t<meta property=\"og:image:type\" content=\"image\/jpeg\" \/>\n<meta name=\"author\" content=\"Edici\u00f3n Web\" \/>\n<meta name=\"twitter:card\" content=\"summary_large_image\" \/>\n<meta name=\"twitter:creator\" content=\"@NOTICIEROS7\" \/>\n<meta name=\"twitter:site\" content=\"@NOTICIEROS7\" \/>\n<meta name=\"twitter:label1\" content=\"Escrito por\" \/>\n\t<meta name=\"twitter:data1\" content=\"Edici\u00f3n Web\" \/>\n\t<meta name=\"twitter:label2\" content=\"Tiempo de lectura\" \/>\n\t<meta name=\"twitter:data2\" content=\"1 minuto\" \/>\n<script type=\"application\/ld+json\" class=\"yoast-schema-graph\">{\"@context\":\"https:\\\/\\\/schema.org\",\"@graph\":[{\"@type\":\"Article\",\"@id\":\"https:\\\/\\\/canal7slp.tv\\\/2022\\\/nadie-esta-a-la-fuerza-asegura-el-secretario-general-del-pan-en-slp\\\/#article\",\"isPartOf\":{\"@id\":\"https:\\\/\\\/canal7slp.tv\\\/2022\\\/nadie-esta-a-la-fuerza-asegura-el-secretario-general-del-pan-en-slp\\\/\"},\"author\":{\"name\":\"Edici\u00f3n Web\",\"@id\":\"https:\\\/\\\/canal7slp.tv\\\/2022\\\/#\\\/schema\\\/person\\\/429704152a21f5f856ce29aa69a238da\"},\"headline\":\"Nadie est\u00e1 a la fuerza, asegura el Secretario General del PAN en SLP.\",\"datePublished\":\"2022-04-12T01:49:47+00:00\",\"mainEntityOfPage\":{\"@id\":\"https:\\\/\\\/canal7slp.tv\\\/2022\\\/nadie-esta-a-la-fuerza-asegura-el-secretario-general-del-pan-en-slp\\\/\"},\"wordCount\":228,\"publisher\":{\"@id\":\"https:\\\/\\\/canal7slp.tv\\\/2022\\\/#organization\"},\"image\":{\"@id\":\"https:\\\/\\\/canal7slp.tv\\\/2022\\\/nadie-esta-a-la-fuerza-asegura-el-secretario-general-del-pan-en-slp\\\/#primaryimage\"},\"thumbnailUrl\":\"https:\\\/\\\/canal7slp.tv\\\/2022\\\/wp-content\\\/uploads\\\/2022\\\/04\\\/Valencia02PAN.jpg\",\"articleSection\":[\"DESTACADAS\",\"INTERIOR DEL ESTADO\"],\"inLanguage\":\"es\"},{\"@type\":\"WebPage\",\"@id\":\"https:\\\/\\\/canal7slp.tv\\\/2022\\\/nadie-esta-a-la-fuerza-asegura-el-secretario-general-del-pan-en-slp\\\/\",\"url\":\"https:\\\/\\\/canal7slp.tv\\\/2022\\\/nadie-esta-a-la-fuerza-asegura-el-secretario-general-del-pan-en-slp\\\/\",\"name\":\"Nadie est\u00e1 a la fuerza, asegura el Secretario General del PAN en SLP. - Canal 7 SLP - 2022\",\"isPartOf\":{\"@id\":\"https:\\\/\\\/canal7slp.tv\\\/2022\\\/#website\"},\"primaryImageOfPage\":{\"@id\":\"https:\\\/\\\/canal7slp.tv\\\/2022\\\/nadie-esta-a-la-fuerza-asegura-el-secretario-general-del-pan-en-slp\\\/#primaryimage\"},\"image\":{\"@id\":\"https:\\\/\\\/canal7slp.tv\\\/2022\\\/nadie-esta-a-la-fuerza-asegura-el-secretario-general-del-pan-en-slp\\\/#primaryimage\"},\"thumbnailUrl\":\"https:\\\/\\\/canal7slp.tv\\\/2022\\\/wp-content\\\/uploads\\\/2022\\\/04\\\/Valencia02PAN.jpg\",\"datePublished\":\"2022-04-12T01:49:47+00:00\",\"breadcrumb\":{\"@id\":\"https:\\\/\\\/canal7slp.tv\\\/2022\\\/nadie-esta-a-la-fuerza-asegura-el-secretario-general-del-pan-en-slp\\\/#breadcrumb\"},\"inLanguage\":\"es\",\"potentialAction\":[{\"@type\":\"ReadAction\",\"target\":[\"https:\\\/\\\/canal7slp.tv\\\/2022\\\/nadie-esta-a-la-fuerza-asegura-el-secretario-general-del-pan-en-slp\\\/\"]}]},{\"@type\":\"ImageObject\",\"inLanguage\":\"es\",\"@id\":\"https:\\\/\\\/canal7slp.tv\\\/2022\\\/nadie-esta-a-la-fuerza-asegura-el-secretario-general-del-pan-en-slp\\\/#primaryimage\",\"url\":\"https:\\\/\\\/canal7slp.tv\\\/2022\\\/wp-content\\\/uploads\\\/2022\\\/04\\\/Valencia02PAN.jpg\",\"contentUrl\":\"https:\\\/\\\/canal7slp.tv\\\/2022\\\/wp-content\\\/uploads\\\/2022\\\/04\\\/Valencia02PAN.jpg\",\"width\":888,\"height\":500},{\"@type\":\"BreadcrumbList\",\"@id\":\"https:\\\/\\\/canal7slp.tv\\\/2022\\\/nadie-esta-a-la-fuerza-asegura-el-secretario-general-del-pan-en-slp\\\/#breadcrumb\",\"itemListElement\":[{\"@type\":\"ListItem\",\"position\":1,\"name\":\"Portada\",\"item\":\"https:\\\/\\\/canal7slp.tv\\\/2022\\\/\"},{\"@type\":\"ListItem\",\"position\":2,\"name\":\"Nadie est\u00e1 a la fuerza, asegura el Secretario General del PAN en SLP.\"}]},{\"@type\":\"WebSite\",\"@id\":\"https:\\\/\\\/canal7slp.tv\\\/2022\\\/#website\",\"url\":\"https:\\\/\\\/canal7slp.tv\\\/2022\\\/\",\"name\":\"N7 - Noticieros Canal 7\",\"description\":\"Somos Televisi\u00f3n\",\"publisher\":{\"@id\":\"https:\\\/\\\/canal7slp.tv\\\/2022\\\/#organization\"},\"potentialAction\":[{\"@type\":\"SearchAction\",\"target\":{\"@type\":\"EntryPoint\",\"urlTemplate\":\"https:\\\/\\\/canal7slp.tv\\\/2022\\\/?s={search_term_string}\"},\"query-input\":{\"@type\":\"PropertyValueSpecification\",\"valueRequired\":true,\"valueName\":\"search_term_string\"}}],\"inLanguage\":\"es\"},{\"@type\":\"Organization\",\"@id\":\"https:\\\/\\\/canal7slp.tv\\\/2022\\\/#organization\",\"name\":\"Noticieros Canal 7\",\"url\":\"https:\\\/\\\/canal7slp.tv\\\/2022\\\/\",\"logo\":{\"@type\":\"ImageObject\",\"inLanguage\":\"es\",\"@id\":\"https:\\\/\\\/canal7slp.tv\\\/2022\\\/#\\\/schema\\\/logo\\\/image\\\/\",\"url\":\"https:\\\/\\\/canal7slp.tv\\\/2022\\\/wp-content\\\/uploads\\\/2021\\\/01\\\/logo-noticieros@2x.png\",\"contentUrl\":\"https:\\\/\\\/canal7slp.tv\\\/2022\\\/wp-content\\\/uploads\\\/2021\\\/01\\\/logo-noticieros@2x.png\",\"width\":1017,\"height\":268,\"caption\":\"Noticieros Canal 7\"},\"image\":{\"@id\":\"https:\\\/\\\/canal7slp.tv\\\/2022\\\/#\\\/schema\\\/logo\\\/image\\\/\"},\"sameAs\":[\"https:\\\/\\\/www.facebook.com\\\/noticieroscanalsiete\",\"https:\\\/\\\/x.com\\\/NOTICIEROS7\",\"https:\\\/\\\/www.instagram.com\\\/canal7_slp\",\"https:\\\/\\\/www.youtube.com\\\/channel\\\/UCliiYs-gP3JfJeqdPrNdd5A\"]},{\"@type\":\"Person\",\"@id\":\"https:\\\/\\\/canal7slp.tv\\\/2022\\\/#\\\/schema\\\/person\\\/429704152a21f5f856ce29aa69a238da\",\"name\":\"Edici\u00f3n Web\",\"image\":{\"@type\":\"ImageObject\",\"inLanguage\":\"es\",\"@id\":\"https:\\\/\\\/secure.gravatar.com\\\/avatar\\\/eee448fc3f7164808013b816ba91ac7e43bbe82a70bebac296f8bc6f0addaa1a?s=96&d=mm&r=g\",\"url\":\"https:\\\/\\\/secure.gravatar.com\\\/avatar\\\/eee448fc3f7164808013b816ba91ac7e43bbe82a70bebac296f8bc6f0addaa1a?s=96&d=mm&r=g\",\"contentUrl\":\"https:\\\/\\\/secure.gravatar.com\\\/avatar\\\/eee448fc3f7164808013b816ba91ac7e43bbe82a70bebac296f8bc6f0addaa1a?s=96&d=mm&r=g\",\"caption\":\"Edici\u00f3n Web\"},\"url\":\"https:\\\/\\\/canal7slp.tv\\\/2022\\\/author\\\/edicionweb\\\/\"}]}<\/script>\n<!-- \/ Yoast SEO plugin. -->","yoast_head_json":{"title":"Nadie est\u00e1 a la fuerza, asegura el Secretario General del PAN en SLP. - Canal 7 SLP - 2022","robots":{"index":"index","follow":"follow","max-snippet":"max-snippet:-1","max-image-preview":"max-image-preview:large","max-video-preview":"max-video-preview:-1"},"canonical":"https:\/\/canal7slp.tv\/2022\/nadie-esta-a-la-fuerza-asegura-el-secretario-general-del-pan-en-slp\/","og_locale":"es_ES","og_type":"article","og_title":"Nadie est\u00e1 a la fuerza, asegura el Secretario General del PAN en SLP. - Canal 7 SLP - 2022","og_description":"SLP.- Franco Coronado, Secretario General del Partido Acci\u00f3n Nacional en San Luis Potos\u00ed, asegur\u00f3 que las puertas est\u00e1n abiertas para quienes decidan irse o regresar a la instituci\u00f3n pol\u00edtica. \u201cEl di\u00e1logo hay que agotarlo, en pol\u00edtica hay que ir a buscar a todos, nadie sobra, seguimos en pl\u00e1ticas, obviamente no es a la fuerza, si cada quien decide tomar otro rumbo\u201d, dijo. Adem\u00e1s, aclar\u00f3 que, en el Altiplano Potosino, no han existido m\u00e1s bajas desde que \u00c1ngel Reyes renunci\u00f3 a la Presidencia del Comit\u00e9 Directivo Municipal en Matehuala, \u201ca nivel estatal solamente tenemos ocho renuncias en general, aqu\u00ed ya se [&hellip;]","og_url":"https:\/\/canal7slp.tv\/2022\/nadie-esta-a-la-fuerza-asegura-el-secretario-general-del-pan-en-slp\/","og_site_name":"Canal 7 SLP - 2022","article_publisher":"https:\/\/www.facebook.com\/noticieroscanalsiete","article_published_time":"2022-04-12T01:49:47+00:00","og_image":[{"width":888,"height":500,"url":"https:\/\/canal7slp.tv\/2022\/wp-content\/uploads\/2022\/04\/Valencia02PAN.jpg","type":"image\/jpeg"}],"author":"Edici\u00f3n Web","twitter_card":"summary_large_image","twitter_creator":"@NOTICIEROS7","twitter_site":"@NOTICIEROS7","twitter_misc":{"Escrito por":"Edici\u00f3n Web","Tiempo de lectura":"1 minuto"},"schema":{"@context":"https:\/\/schema.org","@graph":[{"@type":"Article","@id":"https:\/\/canal7slp.tv\/2022\/nadie-esta-a-la-fuerza-asegura-el-secretario-general-del-pan-en-slp\/#article","isPartOf":{"@id":"https:\/\/canal7slp.tv\/2022\/nadie-esta-a-la-fuerza-asegura-el-secretario-general-del-pan-en-slp\/"},"author":{"name":"Edici\u00f3n Web","@id":"https:\/\/canal7slp.tv\/2022\/#\/schema\/person\/429704152a21f5f856ce29aa69a238da"},"headline":"Nadie est\u00e1 a la fuerza, asegura el Secretario General del PAN en SLP.","datePublished":"2022-04-12T01:49:47+00:00","mainEntityOfPage":{"@id":"https:\/\/canal7slp.tv\/2022\/nadie-esta-a-la-fuerza-asegura-el-secretario-general-del-pan-en-slp\/"},"wordCount":228,"publisher":{"@id":"https:\/\/canal7slp.tv\/2022\/#organization"},"image":{"@id":"https:\/\/canal7slp.tv\/2022\/nadie-esta-a-la-fuerza-asegura-el-secretario-general-del-pan-en-slp\/#primaryimage"},"thumbnailUrl":"https:\/\/canal7slp.tv\/2022\/wp-content\/uploads\/2022\/04\/Valencia02PAN.jpg","articleSection":["DESTACADAS","INTERIOR DEL ESTADO"],"inLanguage":"es"},{"@type":"WebPage","@id":"https:\/\/canal7slp.tv\/2022\/nadie-esta-a-la-fuerza-asegura-el-secretario-general-del-pan-en-slp\/","url":"https:\/\/canal7slp.tv\/2022\/nadie-esta-a-la-fuerza-asegura-el-secretario-general-del-pan-en-slp\/","name":"Nadie est\u00e1 a la fuerza, asegura el Secretario General del PAN en SLP. - Canal 7 SLP - 2022","isPartOf":{"@id":"https:\/\/canal7slp.tv\/2022\/#website"},"primaryImageOfPage":{"@id":"https:\/\/canal7slp.tv\/2022\/nadie-esta-a-la-fuerza-asegura-el-secretario-general-del-pan-en-slp\/#primaryimage"},"image":{"@id":"https:\/\/canal7slp.tv\/2022\/nadie-esta-a-la-fuerza-asegura-el-secretario-general-del-pan-en-slp\/#primaryimage"},"thumbnailUrl":"https:\/\/canal7slp.tv\/2022\/wp-content\/uploads\/2022\/04\/Valencia02PAN.jpg","datePublished":"2022-04-12T01:49:47+00:00","breadcrumb":{"@id":"https:\/\/canal7slp.tv\/2022\/nadie-esta-a-la-fuerza-asegura-el-secretario-general-del-pan-en-slp\/#breadcrumb"},"inLanguage":"es","potentialAction":[{"@type":"ReadAction","target":["https:\/\/canal7slp.tv\/2022\/nadie-esta-a-la-fuerza-asegura-el-secretario-general-del-pan-en-slp\/"]}]},{"@type":"ImageObject","inLanguage":"es","@id":"https:\/\/canal7slp.tv\/2022\/nadie-esta-a-la-fuerza-asegura-el-secretario-general-del-pan-en-slp\/#primaryimage","url":"https:\/\/canal7slp.tv\/2022\/wp-content\/uploads\/2022\/04\/Valencia02PAN.jpg","contentUrl":"https:\/\/canal7slp.tv\/2022\/wp-content\/uploads\/2022\/04\/Valencia02PAN.jpg","width":888,"height":500},{"@type":"BreadcrumbList","@id":"https:\/\/canal7slp.tv\/2022\/nadie-esta-a-la-fuerza-asegura-el-secretario-general-del-pan-en-slp\/#breadcrumb","itemListElement":[{"@type":"ListItem","position":1,"name":"Portada","item":"https:\/\/canal7slp.tv\/2022\/"},{"@type":"ListItem","position":2,"name":"Nadie est\u00e1 a la fuerza, asegura el Secretario General del PAN en SLP."}]},{"@type":"WebSite","@id":"https:\/\/canal7slp.tv\/2022\/#website","url":"https:\/\/canal7slp.tv\/2022\/","name":"N7 - Noticieros Canal 7","description":"Somos Televisi\u00f3n","publisher":{"@id":"https:\/\/canal7slp.tv\/2022\/#organization"},"potentialAction":[{"@type":"SearchAction","target":{"@type":"EntryPoint","urlTemplate":"https:\/\/canal7slp.tv\/2022\/?s={search_term_string}"},"query-input":{"@type":"PropertyValueSpecification","valueRequired":true,"valueName":"search_term_string"}}],"inLanguage":"es"},{"@type":"Organization","@id":"https:\/\/canal7slp.tv\/2022\/#organization","name":"Noticieros Canal 7","url":"https:\/\/canal7slp.tv\/2022\/","logo":{"@type":"ImageObject","inLanguage":"es","@id":"https:\/\/canal7slp.tv\/2022\/#\/schema\/logo\/image\/","url":"https:\/\/canal7slp.tv\/2022\/wp-content\/uploads\/2021\/01\/logo-noticieros@2x.png","contentUrl":"https:\/\/canal7slp.tv\/2022\/wp-content\/uploads\/2021\/01\/logo-noticieros@2x.png","width":1017,"height":268,"caption":"Noticieros Canal 7"},"image":{"@id":"https:\/\/canal7slp.tv\/2022\/#\/schema\/logo\/image\/"},"sameAs":["https:\/\/www.facebook.com\/noticieroscanalsiete","https:\/\/x.com\/NOTICIEROS7","https:\/\/www.instagram.com\/canal7_slp","https:\/\/www.youtube.com\/channel\/UCliiYs-gP3JfJeqdPrNdd5A"]},{"@type":"Person","@id":"https:\/\/canal7slp.tv\/2022\/#\/schema\/person\/429704152a21f5f856ce29aa69a238da","name":"Edici\u00f3n Web","image":{"@type":"ImageObject","inLanguage":"es","@id":"https:\/\/secure.gravatar.com\/avatar\/eee448fc3f7164808013b816ba91ac7e43bbe82a70bebac296f8bc6f0addaa1a?s=96&d=mm&r=g","url":"https:\/\/secure.gravatar.com\/avatar\/eee448fc3f7164808013b816ba91ac7e43bbe82a70bebac296f8bc6f0addaa1a?s=96&d=mm&r=g","contentUrl":"https:\/\/secure.gravatar.com\/avatar\/eee448fc3f7164808013b816ba91ac7e43bbe82a70bebac296f8bc6f0addaa1a?s=96&d=mm&r=g","caption":"Edici\u00f3n Web"},"url":"https:\/\/canal7slp.tv\/2022\/author\/edicionweb\/"}]}},"amp_enabled":true,"_links":{"self":[{"href":"https:\/\/canal7slp.tv\/2022\/wp-json\/wp\/v2\/posts\/57016","targetHints":{"allow":["GET"]}}],"collection":[{"href":"https:\/\/canal7slp.tv\/2022\/wp-json\/wp\/v2\/posts"}],"about":[{"href":"https:\/\/canal7slp.tv\/2022\/wp-json\/wp\/v2\/types\/post"}],"author":[{"embeddable":true,"href":"https:\/\/canal7slp.tv\/2022\/wp-json\/wp\/v2\/users\/2"}],"replies":[{"embeddable":true,"href":"https:\/\/canal7slp.tv\/2022\/wp-json\/wp\/v2\/comments?post=57016"}],"version-history":[{"count":1,"href":"https:\/\/canal7slp.tv\/2022\/wp-json\/wp\/v2\/posts\/57016\/revisions"}],"predecessor-version":[{"id":57017,"href":"https:\/\/canal7slp.tv\/2022\/wp-json\/wp\/v2\/posts\/57016\/revisions\/57017"}],"wp:featuredmedia":[{"embeddable":true,"href":"https:\/\/canal7slp.tv\/2022\/wp-json\/wp\/v2\/media\/57019"}],"wp:attachment":[{"href":"https:\/\/canal7slp.tv\/2022\/wp-json\/wp\/v2\/media?parent=57016"}],"wp:term":[{"taxonomy":"category","embeddable":true,"href":"https:\/\/canal7slp.tv\/2022\/wp-json\/wp\/v2\/categories?post=57016"},{"taxonomy":"post_tag","embeddable":true,"href":"https:\/\/canal7slp.tv\/2022\/wp-json\/wp\/v2\/tags?post=57016"}],"curies":[{"name":"wp","href":"https:\/\/api.w.org\/{rel}","templated":true}]}}