{"id":57013,"date":"2022-04-11T19:48:24","date_gmt":"2022-04-12T01:48:24","guid":{"rendered":"https:\/\/canal7slp.tv\/2022\/?p=57013"},"modified":"2022-04-11T19:48:24","modified_gmt":"2022-04-12T01:48:24","slug":"desarrollo-social-justifica-la-presencia-de-familiares-cercanos-a-funcionarios-en-consejo","status":"publish","type":"post","link":"https:\/\/canal7slp.tv\/2022\/desarrollo-social-justifica-la-presencia-de-familiares-cercanos-a-funcionarios-en-consejo\/","title":{"rendered":"Desarrollo Social justifica la presencia de familiares cercanos a funcionarios en Consejo."},"content":{"rendered":"<p style=\"text-align: justify;\">Matehuala.- Luego de que Noticieros Canal Siete detectara la presencia de familiares del Director de Servicios P\u00fablicos Primarios en el Consejo de Desarrollo Social, el titular del departamento, Miguel Ledezma, coment\u00f3 al respecto, \u201cTenemos entendido que son dos y si mal no recuerdo es una titular, las dem\u00e1s son suplentes si es a lo que te refieres\u201d.<\/p>\n<p style=\"text-align: justify;\">Ledezma justific\u00f3 la presencia de la esposa, cu\u00f1ada y sobrina del director de Servicios P\u00fablicos Primarios en el Consejo, \u201cse llev\u00f3 a cabo con todas las indicaciones para llevarlo a cabo, me comentan que es una o dos personas a las que te refieres y el jur\u00eddico se encarg\u00f3 de ver la situaci\u00f3n y dice que no hay ning\u00fan problema\u201d.<\/p>\n<p style=\"text-align: justify;\">Adem\u00e1s, neg\u00f3 que sea un consejo a favor de los intereses del Ayuntamiento, \u201cno s\u00e9 si un Consejo a modo, pero creo que va a velar por los intereses de Matehuala que es lo que nos interesa\u201d.<\/p>\n<p style=\"text-align: justify;\">Tras ser cuestionado sobre las cr\u00edticas que podr\u00eda recibir ante este tipo de acciones, asegur\u00f3 que es parte del trabajo, \u201clos que nos dedicamos al servicio p\u00fablico estamos expuestos y no hay ninguna verdad absoluta yo creo que cada partido pol\u00edtico es un pensamiento y nada m\u00e1s, la gente decidi\u00f3 por una idea de una visi\u00f3n que es la del ingeniero Iv\u00e1n Estrada y la gente apost\u00f3 por \u00e9l, no vamos a decir si estamos en lo correcto o lo incorrecto, tenemos una idea, un ideal\u201d.<\/p>\n<p>Por: Jes\u00fas Valencia<\/p>\n","protected":false},"excerpt":{"rendered":"<p>Matehuala.- Luego de que Noticieros Canal Siete detectara la presencia de familiares del Director de Servicios P\u00fablicos Primarios en el Consejo de Desarrollo Social, el titular del departamento, Miguel Ledezma, coment\u00f3 al respecto, \u201cTenemos entendido que son dos y si mal no recuerdo es una titular, las dem\u00e1s son suplentes si es a lo que te refieres\u201d. Ledezma justific\u00f3 la presencia de la esposa, cu\u00f1ada y sobrina del director de Servicios P\u00fablicos Primarios en el Consejo, \u201cse llev\u00f3 a cabo con todas las indicaciones para llevarlo a cabo, me comentan que es una o dos personas a las que te [&hellip;]<\/p>\n","protected":false},"author":2,"featured_media":57018,"comment_status":"closed","ping_status":"closed","sticky":false,"template":"","format":"video","meta":{"footnotes":""},"categories":[5,43],"tags":[],"class_list":["post-57013","post","type-post","status-publish","format-video","has-post-thumbnail","hentry","category-destacadas","category-interior","post_format-post-format-video","post--single"],"yoast_head":"<!-- This site is optimized with the Yoast SEO plugin v27.5 - https:\/\/yoast.com\/product\/yoast-seo-wordpress\/ -->\n<title>Desarrollo Social justifica la presencia de familiares cercanos a funcionarios en Consejo. - Canal 7 SLP - 2022<\/title>\n<meta name=\"robots\" content=\"index, follow, max-snippet:-1, max-image-preview:large, max-video-preview:-1\" \/>\n<link rel=\"canonical\" href=\"https:\/\/canal7slp.tv\/2022\/desarrollo-social-justifica-la-presencia-de-familiares-cercanos-a-funcionarios-en-consejo\/\" \/>\n<meta property=\"og:locale\" content=\"es_ES\" \/>\n<meta property=\"og:type\" content=\"article\" \/>\n<meta property=\"og:title\" content=\"Desarrollo Social justifica la presencia de familiares cercanos a funcionarios en Consejo. - Canal 7 SLP - 2022\" \/>\n<meta property=\"og:description\" content=\"Matehuala.- Luego de que Noticieros Canal Siete detectara la presencia de familiares del Director de Servicios P\u00fablicos Primarios en el Consejo de Desarrollo Social, el titular del departamento, Miguel Ledezma, coment\u00f3 al respecto, \u201cTenemos entendido que son dos y si mal no recuerdo es una titular, las dem\u00e1s son suplentes si es a lo que te refieres\u201d. Ledezma justific\u00f3 la presencia de la esposa, cu\u00f1ada y sobrina del director de Servicios P\u00fablicos Primarios en el Consejo, \u201cse llev\u00f3 a cabo con todas las indicaciones para llevarlo a cabo, me comentan que es una o dos personas a las que te [&hellip;]\" \/>\n<meta property=\"og:url\" content=\"https:\/\/canal7slp.tv\/2022\/desarrollo-social-justifica-la-presencia-de-familiares-cercanos-a-funcionarios-en-consejo\/\" \/>\n<meta property=\"og:site_name\" content=\"Canal 7 SLP - 2022\" \/>\n<meta property=\"article:publisher\" content=\"https:\/\/www.facebook.com\/noticieroscanalsiete\" \/>\n<meta property=\"article:published_time\" content=\"2022-04-12T01:48:24+00:00\" \/>\n<meta property=\"og:image\" content=\"https:\/\/canal7slp.tv\/2022\/wp-content\/uploads\/2022\/04\/Valencia01Desarrollo.jpg\" \/>\n\t<meta property=\"og:image:width\" content=\"888\" \/>\n\t<meta property=\"og:image:height\" content=\"500\" \/>\n\t<meta property=\"og:image:type\" content=\"image\/jpeg\" \/>\n<meta name=\"author\" content=\"Edici\u00f3n Web\" \/>\n<meta name=\"twitter:card\" content=\"summary_large_image\" \/>\n<meta name=\"twitter:creator\" content=\"@NOTICIEROS7\" \/>\n<meta name=\"twitter:site\" content=\"@NOTICIEROS7\" \/>\n<meta name=\"twitter:label1\" content=\"Escrito por\" \/>\n\t<meta name=\"twitter:data1\" content=\"Edici\u00f3n Web\" \/>\n\t<meta name=\"twitter:label2\" content=\"Tiempo de lectura\" \/>\n\t<meta name=\"twitter:data2\" content=\"2 minutos\" \/>\n<script type=\"application\/ld+json\" class=\"yoast-schema-graph\">{\"@context\":\"https:\\\/\\\/schema.org\",\"@graph\":[{\"@type\":\"Article\",\"@id\":\"https:\\\/\\\/canal7slp.tv\\\/2022\\\/desarrollo-social-justifica-la-presencia-de-familiares-cercanos-a-funcionarios-en-consejo\\\/#article\",\"isPartOf\":{\"@id\":\"https:\\\/\\\/canal7slp.tv\\\/2022\\\/desarrollo-social-justifica-la-presencia-de-familiares-cercanos-a-funcionarios-en-consejo\\\/\"},\"author\":{\"name\":\"Edici\u00f3n Web\",\"@id\":\"https:\\\/\\\/canal7slp.tv\\\/2022\\\/#\\\/schema\\\/person\\\/429704152a21f5f856ce29aa69a238da\"},\"headline\":\"Desarrollo Social justifica la presencia de familiares cercanos a funcionarios en Consejo.\",\"datePublished\":\"2022-04-12T01:48:24+00:00\",\"mainEntityOfPage\":{\"@id\":\"https:\\\/\\\/canal7slp.tv\\\/2022\\\/desarrollo-social-justifica-la-presencia-de-familiares-cercanos-a-funcionarios-en-consejo\\\/\"},\"wordCount\":272,\"publisher\":{\"@id\":\"https:\\\/\\\/canal7slp.tv\\\/2022\\\/#organization\"},\"image\":{\"@id\":\"https:\\\/\\\/canal7slp.tv\\\/2022\\\/desarrollo-social-justifica-la-presencia-de-familiares-cercanos-a-funcionarios-en-consejo\\\/#primaryimage\"},\"thumbnailUrl\":\"https:\\\/\\\/canal7slp.tv\\\/2022\\\/wp-content\\\/uploads\\\/2022\\\/04\\\/Valencia01Desarrollo.jpg\",\"articleSection\":[\"DESTACADAS\",\"INTERIOR DEL ESTADO\"],\"inLanguage\":\"es\"},{\"@type\":\"WebPage\",\"@id\":\"https:\\\/\\\/canal7slp.tv\\\/2022\\\/desarrollo-social-justifica-la-presencia-de-familiares-cercanos-a-funcionarios-en-consejo\\\/\",\"url\":\"https:\\\/\\\/canal7slp.tv\\\/2022\\\/desarrollo-social-justifica-la-presencia-de-familiares-cercanos-a-funcionarios-en-consejo\\\/\",\"name\":\"Desarrollo Social justifica la presencia de familiares cercanos a funcionarios en Consejo. - Canal 7 SLP - 2022\",\"isPartOf\":{\"@id\":\"https:\\\/\\\/canal7slp.tv\\\/2022\\\/#website\"},\"primaryImageOfPage\":{\"@id\":\"https:\\\/\\\/canal7slp.tv\\\/2022\\\/desarrollo-social-justifica-la-presencia-de-familiares-cercanos-a-funcionarios-en-consejo\\\/#primaryimage\"},\"image\":{\"@id\":\"https:\\\/\\\/canal7slp.tv\\\/2022\\\/desarrollo-social-justifica-la-presencia-de-familiares-cercanos-a-funcionarios-en-consejo\\\/#primaryimage\"},\"thumbnailUrl\":\"https:\\\/\\\/canal7slp.tv\\\/2022\\\/wp-content\\\/uploads\\\/2022\\\/04\\\/Valencia01Desarrollo.jpg\",\"datePublished\":\"2022-04-12T01:48:24+00:00\",\"breadcrumb\":{\"@id\":\"https:\\\/\\\/canal7slp.tv\\\/2022\\\/desarrollo-social-justifica-la-presencia-de-familiares-cercanos-a-funcionarios-en-consejo\\\/#breadcrumb\"},\"inLanguage\":\"es\",\"potentialAction\":[{\"@type\":\"ReadAction\",\"target\":[\"https:\\\/\\\/canal7slp.tv\\\/2022\\\/desarrollo-social-justifica-la-presencia-de-familiares-cercanos-a-funcionarios-en-consejo\\\/\"]}]},{\"@type\":\"ImageObject\",\"inLanguage\":\"es\",\"@id\":\"https:\\\/\\\/canal7slp.tv\\\/2022\\\/desarrollo-social-justifica-la-presencia-de-familiares-cercanos-a-funcionarios-en-consejo\\\/#primaryimage\",\"url\":\"https:\\\/\\\/canal7slp.tv\\\/2022\\\/wp-content\\\/uploads\\\/2022\\\/04\\\/Valencia01Desarrollo.jpg\",\"contentUrl\":\"https:\\\/\\\/canal7slp.tv\\\/2022\\\/wp-content\\\/uploads\\\/2022\\\/04\\\/Valencia01Desarrollo.jpg\",\"width\":888,\"height\":500},{\"@type\":\"BreadcrumbList\",\"@id\":\"https:\\\/\\\/canal7slp.tv\\\/2022\\\/desarrollo-social-justifica-la-presencia-de-familiares-cercanos-a-funcionarios-en-consejo\\\/#breadcrumb\",\"itemListElement\":[{\"@type\":\"ListItem\",\"position\":1,\"name\":\"Portada\",\"item\":\"https:\\\/\\\/canal7slp.tv\\\/2022\\\/\"},{\"@type\":\"ListItem\",\"position\":2,\"name\":\"Desarrollo Social justifica la presencia de familiares cercanos a funcionarios en Consejo.\"}]},{\"@type\":\"WebSite\",\"@id\":\"https:\\\/\\\/canal7slp.tv\\\/2022\\\/#website\",\"url\":\"https:\\\/\\\/canal7slp.tv\\\/2022\\\/\",\"name\":\"N7 - Noticieros Canal 7\",\"description\":\"Somos Televisi\u00f3n\",\"publisher\":{\"@id\":\"https:\\\/\\\/canal7slp.tv\\\/2022\\\/#organization\"},\"potentialAction\":[{\"@type\":\"SearchAction\",\"target\":{\"@type\":\"EntryPoint\",\"urlTemplate\":\"https:\\\/\\\/canal7slp.tv\\\/2022\\\/?s={search_term_string}\"},\"query-input\":{\"@type\":\"PropertyValueSpecification\",\"valueRequired\":true,\"valueName\":\"search_term_string\"}}],\"inLanguage\":\"es\"},{\"@type\":\"Organization\",\"@id\":\"https:\\\/\\\/canal7slp.tv\\\/2022\\\/#organization\",\"name\":\"Noticieros Canal 7\",\"url\":\"https:\\\/\\\/canal7slp.tv\\\/2022\\\/\",\"logo\":{\"@type\":\"ImageObject\",\"inLanguage\":\"es\",\"@id\":\"https:\\\/\\\/canal7slp.tv\\\/2022\\\/#\\\/schema\\\/logo\\\/image\\\/\",\"url\":\"https:\\\/\\\/canal7slp.tv\\\/2022\\\/wp-content\\\/uploads\\\/2021\\\/01\\\/logo-noticieros@2x.png\",\"contentUrl\":\"https:\\\/\\\/canal7slp.tv\\\/2022\\\/wp-content\\\/uploads\\\/2021\\\/01\\\/logo-noticieros@2x.png\",\"width\":1017,\"height\":268,\"caption\":\"Noticieros Canal 7\"},\"image\":{\"@id\":\"https:\\\/\\\/canal7slp.tv\\\/2022\\\/#\\\/schema\\\/logo\\\/image\\\/\"},\"sameAs\":[\"https:\\\/\\\/www.facebook.com\\\/noticieroscanalsiete\",\"https:\\\/\\\/x.com\\\/NOTICIEROS7\",\"https:\\\/\\\/www.instagram.com\\\/canal7_slp\",\"https:\\\/\\\/www.youtube.com\\\/channel\\\/UCliiYs-gP3JfJeqdPrNdd5A\"]},{\"@type\":\"Person\",\"@id\":\"https:\\\/\\\/canal7slp.tv\\\/2022\\\/#\\\/schema\\\/person\\\/429704152a21f5f856ce29aa69a238da\",\"name\":\"Edici\u00f3n Web\",\"image\":{\"@type\":\"ImageObject\",\"inLanguage\":\"es\",\"@id\":\"https:\\\/\\\/secure.gravatar.com\\\/avatar\\\/eee448fc3f7164808013b816ba91ac7e43bbe82a70bebac296f8bc6f0addaa1a?s=96&d=mm&r=g\",\"url\":\"https:\\\/\\\/secure.gravatar.com\\\/avatar\\\/eee448fc3f7164808013b816ba91ac7e43bbe82a70bebac296f8bc6f0addaa1a?s=96&d=mm&r=g\",\"contentUrl\":\"https:\\\/\\\/secure.gravatar.com\\\/avatar\\\/eee448fc3f7164808013b816ba91ac7e43bbe82a70bebac296f8bc6f0addaa1a?s=96&d=mm&r=g\",\"caption\":\"Edici\u00f3n Web\"},\"url\":\"https:\\\/\\\/canal7slp.tv\\\/2022\\\/author\\\/edicionweb\\\/\"}]}<\/script>\n<!-- \/ Yoast SEO plugin. -->","yoast_head_json":{"title":"Desarrollo Social justifica la presencia de familiares cercanos a funcionarios en Consejo. - Canal 7 SLP - 2022","robots":{"index":"index","follow":"follow","max-snippet":"max-snippet:-1","max-image-preview":"max-image-preview:large","max-video-preview":"max-video-preview:-1"},"canonical":"https:\/\/canal7slp.tv\/2022\/desarrollo-social-justifica-la-presencia-de-familiares-cercanos-a-funcionarios-en-consejo\/","og_locale":"es_ES","og_type":"article","og_title":"Desarrollo Social justifica la presencia de familiares cercanos a funcionarios en Consejo. - Canal 7 SLP - 2022","og_description":"Matehuala.- Luego de que Noticieros Canal Siete detectara la presencia de familiares del Director de Servicios P\u00fablicos Primarios en el Consejo de Desarrollo Social, el titular del departamento, Miguel Ledezma, coment\u00f3 al respecto, \u201cTenemos entendido que son dos y si mal no recuerdo es una titular, las dem\u00e1s son suplentes si es a lo que te refieres\u201d. Ledezma justific\u00f3 la presencia de la esposa, cu\u00f1ada y sobrina del director de Servicios P\u00fablicos Primarios en el Consejo, \u201cse llev\u00f3 a cabo con todas las indicaciones para llevarlo a cabo, me comentan que es una o dos personas a las que te [&hellip;]","og_url":"https:\/\/canal7slp.tv\/2022\/desarrollo-social-justifica-la-presencia-de-familiares-cercanos-a-funcionarios-en-consejo\/","og_site_name":"Canal 7 SLP - 2022","article_publisher":"https:\/\/www.facebook.com\/noticieroscanalsiete","article_published_time":"2022-04-12T01:48:24+00:00","og_image":[{"width":888,"height":500,"url":"https:\/\/canal7slp.tv\/2022\/wp-content\/uploads\/2022\/04\/Valencia01Desarrollo.jpg","type":"image\/jpeg"}],"author":"Edici\u00f3n Web","twitter_card":"summary_large_image","twitter_creator":"@NOTICIEROS7","twitter_site":"@NOTICIEROS7","twitter_misc":{"Escrito por":"Edici\u00f3n Web","Tiempo de lectura":"2 minutos"},"schema":{"@context":"https:\/\/schema.org","@graph":[{"@type":"Article","@id":"https:\/\/canal7slp.tv\/2022\/desarrollo-social-justifica-la-presencia-de-familiares-cercanos-a-funcionarios-en-consejo\/#article","isPartOf":{"@id":"https:\/\/canal7slp.tv\/2022\/desarrollo-social-justifica-la-presencia-de-familiares-cercanos-a-funcionarios-en-consejo\/"},"author":{"name":"Edici\u00f3n Web","@id":"https:\/\/canal7slp.tv\/2022\/#\/schema\/person\/429704152a21f5f856ce29aa69a238da"},"headline":"Desarrollo Social justifica la presencia de familiares cercanos a funcionarios en Consejo.","datePublished":"2022-04-12T01:48:24+00:00","mainEntityOfPage":{"@id":"https:\/\/canal7slp.tv\/2022\/desarrollo-social-justifica-la-presencia-de-familiares-cercanos-a-funcionarios-en-consejo\/"},"wordCount":272,"publisher":{"@id":"https:\/\/canal7slp.tv\/2022\/#organization"},"image":{"@id":"https:\/\/canal7slp.tv\/2022\/desarrollo-social-justifica-la-presencia-de-familiares-cercanos-a-funcionarios-en-consejo\/#primaryimage"},"thumbnailUrl":"https:\/\/canal7slp.tv\/2022\/wp-content\/uploads\/2022\/04\/Valencia01Desarrollo.jpg","articleSection":["DESTACADAS","INTERIOR DEL ESTADO"],"inLanguage":"es"},{"@type":"WebPage","@id":"https:\/\/canal7slp.tv\/2022\/desarrollo-social-justifica-la-presencia-de-familiares-cercanos-a-funcionarios-en-consejo\/","url":"https:\/\/canal7slp.tv\/2022\/desarrollo-social-justifica-la-presencia-de-familiares-cercanos-a-funcionarios-en-consejo\/","name":"Desarrollo Social justifica la presencia de familiares cercanos a funcionarios en Consejo. - Canal 7 SLP - 2022","isPartOf":{"@id":"https:\/\/canal7slp.tv\/2022\/#website"},"primaryImageOfPage":{"@id":"https:\/\/canal7slp.tv\/2022\/desarrollo-social-justifica-la-presencia-de-familiares-cercanos-a-funcionarios-en-consejo\/#primaryimage"},"image":{"@id":"https:\/\/canal7slp.tv\/2022\/desarrollo-social-justifica-la-presencia-de-familiares-cercanos-a-funcionarios-en-consejo\/#primaryimage"},"thumbnailUrl":"https:\/\/canal7slp.tv\/2022\/wp-content\/uploads\/2022\/04\/Valencia01Desarrollo.jpg","datePublished":"2022-04-12T01:48:24+00:00","breadcrumb":{"@id":"https:\/\/canal7slp.tv\/2022\/desarrollo-social-justifica-la-presencia-de-familiares-cercanos-a-funcionarios-en-consejo\/#breadcrumb"},"inLanguage":"es","potentialAction":[{"@type":"ReadAction","target":["https:\/\/canal7slp.tv\/2022\/desarrollo-social-justifica-la-presencia-de-familiares-cercanos-a-funcionarios-en-consejo\/"]}]},{"@type":"ImageObject","inLanguage":"es","@id":"https:\/\/canal7slp.tv\/2022\/desarrollo-social-justifica-la-presencia-de-familiares-cercanos-a-funcionarios-en-consejo\/#primaryimage","url":"https:\/\/canal7slp.tv\/2022\/wp-content\/uploads\/2022\/04\/Valencia01Desarrollo.jpg","contentUrl":"https:\/\/canal7slp.tv\/2022\/wp-content\/uploads\/2022\/04\/Valencia01Desarrollo.jpg","width":888,"height":500},{"@type":"BreadcrumbList","@id":"https:\/\/canal7slp.tv\/2022\/desarrollo-social-justifica-la-presencia-de-familiares-cercanos-a-funcionarios-en-consejo\/#breadcrumb","itemListElement":[{"@type":"ListItem","position":1,"name":"Portada","item":"https:\/\/canal7slp.tv\/2022\/"},{"@type":"ListItem","position":2,"name":"Desarrollo Social justifica la presencia de familiares cercanos a funcionarios en Consejo."}]},{"@type":"WebSite","@id":"https:\/\/canal7slp.tv\/2022\/#website","url":"https:\/\/canal7slp.tv\/2022\/","name":"N7 - Noticieros Canal 7","description":"Somos Televisi\u00f3n","publisher":{"@id":"https:\/\/canal7slp.tv\/2022\/#organization"},"potentialAction":[{"@type":"SearchAction","target":{"@type":"EntryPoint","urlTemplate":"https:\/\/canal7slp.tv\/2022\/?s={search_term_string}"},"query-input":{"@type":"PropertyValueSpecification","valueRequired":true,"valueName":"search_term_string"}}],"inLanguage":"es"},{"@type":"Organization","@id":"https:\/\/canal7slp.tv\/2022\/#organization","name":"Noticieros Canal 7","url":"https:\/\/canal7slp.tv\/2022\/","logo":{"@type":"ImageObject","inLanguage":"es","@id":"https:\/\/canal7slp.tv\/2022\/#\/schema\/logo\/image\/","url":"https:\/\/canal7slp.tv\/2022\/wp-content\/uploads\/2021\/01\/logo-noticieros@2x.png","contentUrl":"https:\/\/canal7slp.tv\/2022\/wp-content\/uploads\/2021\/01\/logo-noticieros@2x.png","width":1017,"height":268,"caption":"Noticieros Canal 7"},"image":{"@id":"https:\/\/canal7slp.tv\/2022\/#\/schema\/logo\/image\/"},"sameAs":["https:\/\/www.facebook.com\/noticieroscanalsiete","https:\/\/x.com\/NOTICIEROS7","https:\/\/www.instagram.com\/canal7_slp","https:\/\/www.youtube.com\/channel\/UCliiYs-gP3JfJeqdPrNdd5A"]},{"@type":"Person","@id":"https:\/\/canal7slp.tv\/2022\/#\/schema\/person\/429704152a21f5f856ce29aa69a238da","name":"Edici\u00f3n Web","image":{"@type":"ImageObject","inLanguage":"es","@id":"https:\/\/secure.gravatar.com\/avatar\/eee448fc3f7164808013b816ba91ac7e43bbe82a70bebac296f8bc6f0addaa1a?s=96&d=mm&r=g","url":"https:\/\/secure.gravatar.com\/avatar\/eee448fc3f7164808013b816ba91ac7e43bbe82a70bebac296f8bc6f0addaa1a?s=96&d=mm&r=g","contentUrl":"https:\/\/secure.gravatar.com\/avatar\/eee448fc3f7164808013b816ba91ac7e43bbe82a70bebac296f8bc6f0addaa1a?s=96&d=mm&r=g","caption":"Edici\u00f3n Web"},"url":"https:\/\/canal7slp.tv\/2022\/author\/edicionweb\/"}]}},"amp_enabled":true,"_links":{"self":[{"href":"https:\/\/canal7slp.tv\/2022\/wp-json\/wp\/v2\/posts\/57013","targetHints":{"allow":["GET"]}}],"collection":[{"href":"https:\/\/canal7slp.tv\/2022\/wp-json\/wp\/v2\/posts"}],"about":[{"href":"https:\/\/canal7slp.tv\/2022\/wp-json\/wp\/v2\/types\/post"}],"author":[{"embeddable":true,"href":"https:\/\/canal7slp.tv\/2022\/wp-json\/wp\/v2\/users\/2"}],"replies":[{"embeddable":true,"href":"https:\/\/canal7slp.tv\/2022\/wp-json\/wp\/v2\/comments?post=57013"}],"version-history":[{"count":1,"href":"https:\/\/canal7slp.tv\/2022\/wp-json\/wp\/v2\/posts\/57013\/revisions"}],"predecessor-version":[{"id":57014,"href":"https:\/\/canal7slp.tv\/2022\/wp-json\/wp\/v2\/posts\/57013\/revisions\/57014"}],"wp:featuredmedia":[{"embeddable":true,"href":"https:\/\/canal7slp.tv\/2022\/wp-json\/wp\/v2\/media\/57018"}],"wp:attachment":[{"href":"https:\/\/canal7slp.tv\/2022\/wp-json\/wp\/v2\/media?parent=57013"}],"wp:term":[{"taxonomy":"category","embeddable":true,"href":"https:\/\/canal7slp.tv\/2022\/wp-json\/wp\/v2\/categories?post=57013"},{"taxonomy":"post_tag","embeddable":true,"href":"https:\/\/canal7slp.tv\/2022\/wp-json\/wp\/v2\/tags?post=57013"}],"curies":[{"name":"wp","href":"https:\/\/api.w.org\/{rel}","templated":true}]}}