{"id":56985,"date":"2022-04-11T21:06:49","date_gmt":"2022-04-12T03:06:49","guid":{"rendered":"https:\/\/canal7slp.tv\/2022\/?p=56985"},"modified":"2022-04-11T21:06:49","modified_gmt":"2022-04-12T03:06:49","slug":"amparo-que-tramito-pareja-de-nayeli-alfaro-no-fue-concedido-asegura-fiscal-de-slp-2","status":"publish","type":"post","link":"https:\/\/canal7slp.tv\/2022\/amparo-que-tramito-pareja-de-nayeli-alfaro-no-fue-concedido-asegura-fiscal-de-slp-2\/","title":{"rendered":"Amparo que tramit\u00f3 pareja de Nayeli Alfaro no fue concedido, asegura Fiscal de SLP."},"content":{"rendered":"<p style=\"text-align: justify;\">SLP.- El fiscal general del estado de San Luis Potos\u00ed, Jos\u00e9 Luis Ru\u00edz Contreras, se dijo respetuoso de las declaraciones que han vertido los padres de Nayeli Alfaro, quienes afirman que el cuerpo encontrado por el organismo no corresponde al de su hija.<\/p>\n<p style=\"text-align: justify;\">Fue el pasado viernes primero de abril, cuando las autoridades localizaron el cuerpo sin vida de una mujer en la localidad de Santa Rita, momentos despu\u00e9s se inform\u00f3 que los restos podr\u00edan pertenecer a los de Nayeli por lo que se har\u00eda una prueba de ADN para su identificaci\u00f3n.<\/p>\n<p style=\"text-align: justify;\">Siete d\u00edas despu\u00e9s, la propia fiscal\u00eda emiti\u00f3 un comunicado en el que se aseguraba que la coincidencia entre muestras familiares y los restos \u00f3seos era de un 99.99999%.<\/p>\n<p style=\"text-align: justify;\">\u00abMuy respetable sus manifestaciones, sin embargo, para la fiscal\u00eda ya es un hecho no concluido, pero si con el resultado de las pruebas periciales donde un grupo multidisciplinario realiz\u00f3 una labor y se le explico a la propia familia. Para la fiscal\u00eda est\u00e1 identificada puesto que los an\u00e1lisis en materia de gen\u00e9tica as\u00ed lo arrojaron, el trabajo en materia de antropolog\u00eda de igual manera as\u00ed lo estableci\u00f3, se le explico todo ello\u00bb, dijo<\/p>\n<p style=\"text-align: justify;\">En ese sentido, mencion\u00f3 que para corroborar los resultados se solicit\u00f3 el apoyo de la Guardia Nacional y de la Fiscal\u00eda General de la Rep\u00fablica, por lo que est\u00e1n a la espera de los dict\u00e1menes.<\/p>\n<p style=\"text-align: justify;\">\u00abLa familia por su cuenta est\u00e1 solicitando otros dict\u00e1menes en materia de gen\u00e9tica muy respetable y se le va a permitir el acceso a los resultados\u00bb, a\u00f1adi\u00f3.<\/p>\n<p style=\"text-align: justify;\">El funcionario tambi\u00e9n habl\u00f3 sobre el amparo que tramit\u00f3 Uriel N., pareja sentimental de Nayeli, quien podr\u00eda estar relacionado con la responsabilidad de este caso.<\/p>\n<p style=\"text-align: justify;\">\u00abEs la tramitaci\u00f3n de un juicio de amparo, sin embargo, no est\u00e1 concedido, se le explico tambi\u00e9n el tr\u00e1mite a la familia cu\u00e1l es el proceso de un juicio de amparo y quedaron debidamente enterados&#8230; estamos trabajando sobre la investigaci\u00f3n de su paradero\u00bb, se\u00f1al\u00f3.<\/p>\n<p style=\"text-align: justify;\">Pese a ello, Ruiz Contreras sentenci\u00f3 que la suspensi\u00f3n provisional que otorg\u00f3 el Juzgado Primero a Uriel N., no pone en riesgo la orden de aprehensi\u00f3n en su contra.<\/p>\n<p style=\"text-align: justify;\">Por: Jos\u00e9 Luis V\u00e1zquez<\/p>\n","protected":false},"excerpt":{"rendered":"<p>SLP.- El fiscal general del estado de San Luis Potos\u00ed, Jos\u00e9 Luis Ru\u00edz Contreras, se dijo respetuoso de las declaraciones que han vertido los padres de Nayeli Alfaro, quienes afirman que el cuerpo encontrado por el organismo no corresponde al de su hija. Fue el pasado viernes primero de abril, cuando las autoridades localizaron el cuerpo sin vida de una mujer en la localidad de Santa Rita, momentos despu\u00e9s se inform\u00f3 que los restos podr\u00edan pertenecer a los de Nayeli por lo que se har\u00eda una prueba de ADN para su identificaci\u00f3n. Siete d\u00edas despu\u00e9s, la propia fiscal\u00eda emiti\u00f3 un [&hellip;]<\/p>\n","protected":false},"author":2,"featured_media":57024,"comment_status":"closed","ping_status":"closed","sticky":false,"template":"","format":"video","meta":{"footnotes":""},"categories":[5,45],"tags":[],"class_list":["post-56985","post","type-post","status-publish","format-video","has-post-thumbnail","hentry","category-destacadas","category-localesyregionales","post_format-post-format-video","post--single"],"yoast_head":"<!-- This site is optimized with the Yoast SEO plugin v27.5 - https:\/\/yoast.com\/product\/yoast-seo-wordpress\/ -->\n<title>Amparo que tramit\u00f3 pareja de Nayeli Alfaro no fue concedido, asegura Fiscal de SLP. - Canal 7 SLP - 2022<\/title>\n<meta name=\"robots\" content=\"index, follow, max-snippet:-1, max-image-preview:large, max-video-preview:-1\" \/>\n<link rel=\"canonical\" href=\"https:\/\/canal7slp.tv\/2022\/amparo-que-tramito-pareja-de-nayeli-alfaro-no-fue-concedido-asegura-fiscal-de-slp-2\/\" \/>\n<meta property=\"og:locale\" content=\"es_ES\" \/>\n<meta property=\"og:type\" content=\"article\" \/>\n<meta property=\"og:title\" content=\"Amparo que tramit\u00f3 pareja de Nayeli Alfaro no fue concedido, asegura Fiscal de SLP. - Canal 7 SLP - 2022\" \/>\n<meta property=\"og:description\" content=\"SLP.- El fiscal general del estado de San Luis Potos\u00ed, Jos\u00e9 Luis Ru\u00edz Contreras, se dijo respetuoso de las declaraciones que han vertido los padres de Nayeli Alfaro, quienes afirman que el cuerpo encontrado por el organismo no corresponde al de su hija. Fue el pasado viernes primero de abril, cuando las autoridades localizaron el cuerpo sin vida de una mujer en la localidad de Santa Rita, momentos despu\u00e9s se inform\u00f3 que los restos podr\u00edan pertenecer a los de Nayeli por lo que se har\u00eda una prueba de ADN para su identificaci\u00f3n. Siete d\u00edas despu\u00e9s, la propia fiscal\u00eda emiti\u00f3 un [&hellip;]\" \/>\n<meta property=\"og:url\" content=\"https:\/\/canal7slp.tv\/2022\/amparo-que-tramito-pareja-de-nayeli-alfaro-no-fue-concedido-asegura-fiscal-de-slp-2\/\" \/>\n<meta property=\"og:site_name\" content=\"Canal 7 SLP - 2022\" \/>\n<meta property=\"article:publisher\" content=\"https:\/\/www.facebook.com\/noticieroscanalsiete\" \/>\n<meta property=\"article:published_time\" content=\"2022-04-12T03:06:49+00:00\" \/>\n<meta property=\"og:image\" content=\"https:\/\/canal7slp.tv\/2022\/wp-content\/uploads\/2022\/04\/Vazquez02FiscaliaNayeli.jpg\" \/>\n\t<meta property=\"og:image:width\" content=\"888\" \/>\n\t<meta property=\"og:image:height\" content=\"500\" \/>\n\t<meta property=\"og:image:type\" content=\"image\/jpeg\" \/>\n<meta name=\"author\" content=\"Edici\u00f3n Web\" \/>\n<meta name=\"twitter:card\" content=\"summary_large_image\" \/>\n<meta name=\"twitter:creator\" content=\"@NOTICIEROS7\" \/>\n<meta name=\"twitter:site\" content=\"@NOTICIEROS7\" \/>\n<meta name=\"twitter:label1\" content=\"Escrito por\" \/>\n\t<meta name=\"twitter:data1\" content=\"Edici\u00f3n Web\" \/>\n\t<meta name=\"twitter:label2\" content=\"Tiempo de lectura\" \/>\n\t<meta name=\"twitter:data2\" content=\"2 minutos\" \/>\n<script type=\"application\/ld+json\" class=\"yoast-schema-graph\">{\"@context\":\"https:\\\/\\\/schema.org\",\"@graph\":[{\"@type\":\"Article\",\"@id\":\"https:\\\/\\\/canal7slp.tv\\\/2022\\\/amparo-que-tramito-pareja-de-nayeli-alfaro-no-fue-concedido-asegura-fiscal-de-slp-2\\\/#article\",\"isPartOf\":{\"@id\":\"https:\\\/\\\/canal7slp.tv\\\/2022\\\/amparo-que-tramito-pareja-de-nayeli-alfaro-no-fue-concedido-asegura-fiscal-de-slp-2\\\/\"},\"author\":{\"name\":\"Edici\u00f3n Web\",\"@id\":\"https:\\\/\\\/canal7slp.tv\\\/2022\\\/#\\\/schema\\\/person\\\/429704152a21f5f856ce29aa69a238da\"},\"headline\":\"Amparo que tramit\u00f3 pareja de Nayeli Alfaro no fue concedido, asegura Fiscal de SLP.\",\"datePublished\":\"2022-04-12T03:06:49+00:00\",\"mainEntityOfPage\":{\"@id\":\"https:\\\/\\\/canal7slp.tv\\\/2022\\\/amparo-que-tramito-pareja-de-nayeli-alfaro-no-fue-concedido-asegura-fiscal-de-slp-2\\\/\"},\"wordCount\":402,\"publisher\":{\"@id\":\"https:\\\/\\\/canal7slp.tv\\\/2022\\\/#organization\"},\"image\":{\"@id\":\"https:\\\/\\\/canal7slp.tv\\\/2022\\\/amparo-que-tramito-pareja-de-nayeli-alfaro-no-fue-concedido-asegura-fiscal-de-slp-2\\\/#primaryimage\"},\"thumbnailUrl\":\"https:\\\/\\\/canal7slp.tv\\\/2022\\\/wp-content\\\/uploads\\\/2022\\\/04\\\/Vazquez02FiscaliaNayeli.jpg\",\"articleSection\":[\"DESTACADAS\",\"LOCALES Y REGIONALES\"],\"inLanguage\":\"es\"},{\"@type\":\"WebPage\",\"@id\":\"https:\\\/\\\/canal7slp.tv\\\/2022\\\/amparo-que-tramito-pareja-de-nayeli-alfaro-no-fue-concedido-asegura-fiscal-de-slp-2\\\/\",\"url\":\"https:\\\/\\\/canal7slp.tv\\\/2022\\\/amparo-que-tramito-pareja-de-nayeli-alfaro-no-fue-concedido-asegura-fiscal-de-slp-2\\\/\",\"name\":\"Amparo que tramit\u00f3 pareja de Nayeli Alfaro no fue concedido, asegura Fiscal de SLP. - Canal 7 SLP - 2022\",\"isPartOf\":{\"@id\":\"https:\\\/\\\/canal7slp.tv\\\/2022\\\/#website\"},\"primaryImageOfPage\":{\"@id\":\"https:\\\/\\\/canal7slp.tv\\\/2022\\\/amparo-que-tramito-pareja-de-nayeli-alfaro-no-fue-concedido-asegura-fiscal-de-slp-2\\\/#primaryimage\"},\"image\":{\"@id\":\"https:\\\/\\\/canal7slp.tv\\\/2022\\\/amparo-que-tramito-pareja-de-nayeli-alfaro-no-fue-concedido-asegura-fiscal-de-slp-2\\\/#primaryimage\"},\"thumbnailUrl\":\"https:\\\/\\\/canal7slp.tv\\\/2022\\\/wp-content\\\/uploads\\\/2022\\\/04\\\/Vazquez02FiscaliaNayeli.jpg\",\"datePublished\":\"2022-04-12T03:06:49+00:00\",\"breadcrumb\":{\"@id\":\"https:\\\/\\\/canal7slp.tv\\\/2022\\\/amparo-que-tramito-pareja-de-nayeli-alfaro-no-fue-concedido-asegura-fiscal-de-slp-2\\\/#breadcrumb\"},\"inLanguage\":\"es\",\"potentialAction\":[{\"@type\":\"ReadAction\",\"target\":[\"https:\\\/\\\/canal7slp.tv\\\/2022\\\/amparo-que-tramito-pareja-de-nayeli-alfaro-no-fue-concedido-asegura-fiscal-de-slp-2\\\/\"]}]},{\"@type\":\"ImageObject\",\"inLanguage\":\"es\",\"@id\":\"https:\\\/\\\/canal7slp.tv\\\/2022\\\/amparo-que-tramito-pareja-de-nayeli-alfaro-no-fue-concedido-asegura-fiscal-de-slp-2\\\/#primaryimage\",\"url\":\"https:\\\/\\\/canal7slp.tv\\\/2022\\\/wp-content\\\/uploads\\\/2022\\\/04\\\/Vazquez02FiscaliaNayeli.jpg\",\"contentUrl\":\"https:\\\/\\\/canal7slp.tv\\\/2022\\\/wp-content\\\/uploads\\\/2022\\\/04\\\/Vazquez02FiscaliaNayeli.jpg\",\"width\":888,\"height\":500},{\"@type\":\"BreadcrumbList\",\"@id\":\"https:\\\/\\\/canal7slp.tv\\\/2022\\\/amparo-que-tramito-pareja-de-nayeli-alfaro-no-fue-concedido-asegura-fiscal-de-slp-2\\\/#breadcrumb\",\"itemListElement\":[{\"@type\":\"ListItem\",\"position\":1,\"name\":\"Portada\",\"item\":\"https:\\\/\\\/canal7slp.tv\\\/2022\\\/\"},{\"@type\":\"ListItem\",\"position\":2,\"name\":\"Amparo que tramit\u00f3 pareja de Nayeli Alfaro no fue concedido, asegura Fiscal de SLP.\"}]},{\"@type\":\"WebSite\",\"@id\":\"https:\\\/\\\/canal7slp.tv\\\/2022\\\/#website\",\"url\":\"https:\\\/\\\/canal7slp.tv\\\/2022\\\/\",\"name\":\"N7 - Noticieros Canal 7\",\"description\":\"Somos Televisi\u00f3n\",\"publisher\":{\"@id\":\"https:\\\/\\\/canal7slp.tv\\\/2022\\\/#organization\"},\"potentialAction\":[{\"@type\":\"SearchAction\",\"target\":{\"@type\":\"EntryPoint\",\"urlTemplate\":\"https:\\\/\\\/canal7slp.tv\\\/2022\\\/?s={search_term_string}\"},\"query-input\":{\"@type\":\"PropertyValueSpecification\",\"valueRequired\":true,\"valueName\":\"search_term_string\"}}],\"inLanguage\":\"es\"},{\"@type\":\"Organization\",\"@id\":\"https:\\\/\\\/canal7slp.tv\\\/2022\\\/#organization\",\"name\":\"Noticieros Canal 7\",\"url\":\"https:\\\/\\\/canal7slp.tv\\\/2022\\\/\",\"logo\":{\"@type\":\"ImageObject\",\"inLanguage\":\"es\",\"@id\":\"https:\\\/\\\/canal7slp.tv\\\/2022\\\/#\\\/schema\\\/logo\\\/image\\\/\",\"url\":\"https:\\\/\\\/canal7slp.tv\\\/2022\\\/wp-content\\\/uploads\\\/2021\\\/01\\\/logo-noticieros@2x.png\",\"contentUrl\":\"https:\\\/\\\/canal7slp.tv\\\/2022\\\/wp-content\\\/uploads\\\/2021\\\/01\\\/logo-noticieros@2x.png\",\"width\":1017,\"height\":268,\"caption\":\"Noticieros Canal 7\"},\"image\":{\"@id\":\"https:\\\/\\\/canal7slp.tv\\\/2022\\\/#\\\/schema\\\/logo\\\/image\\\/\"},\"sameAs\":[\"https:\\\/\\\/www.facebook.com\\\/noticieroscanalsiete\",\"https:\\\/\\\/x.com\\\/NOTICIEROS7\",\"https:\\\/\\\/www.instagram.com\\\/canal7_slp\",\"https:\\\/\\\/www.youtube.com\\\/channel\\\/UCliiYs-gP3JfJeqdPrNdd5A\"]},{\"@type\":\"Person\",\"@id\":\"https:\\\/\\\/canal7slp.tv\\\/2022\\\/#\\\/schema\\\/person\\\/429704152a21f5f856ce29aa69a238da\",\"name\":\"Edici\u00f3n Web\",\"image\":{\"@type\":\"ImageObject\",\"inLanguage\":\"es\",\"@id\":\"https:\\\/\\\/secure.gravatar.com\\\/avatar\\\/eee448fc3f7164808013b816ba91ac7e43bbe82a70bebac296f8bc6f0addaa1a?s=96&d=mm&r=g\",\"url\":\"https:\\\/\\\/secure.gravatar.com\\\/avatar\\\/eee448fc3f7164808013b816ba91ac7e43bbe82a70bebac296f8bc6f0addaa1a?s=96&d=mm&r=g\",\"contentUrl\":\"https:\\\/\\\/secure.gravatar.com\\\/avatar\\\/eee448fc3f7164808013b816ba91ac7e43bbe82a70bebac296f8bc6f0addaa1a?s=96&d=mm&r=g\",\"caption\":\"Edici\u00f3n Web\"},\"url\":\"https:\\\/\\\/canal7slp.tv\\\/2022\\\/author\\\/edicionweb\\\/\"}]}<\/script>\n<!-- \/ Yoast SEO plugin. -->","yoast_head_json":{"title":"Amparo que tramit\u00f3 pareja de Nayeli Alfaro no fue concedido, asegura Fiscal de SLP. - Canal 7 SLP - 2022","robots":{"index":"index","follow":"follow","max-snippet":"max-snippet:-1","max-image-preview":"max-image-preview:large","max-video-preview":"max-video-preview:-1"},"canonical":"https:\/\/canal7slp.tv\/2022\/amparo-que-tramito-pareja-de-nayeli-alfaro-no-fue-concedido-asegura-fiscal-de-slp-2\/","og_locale":"es_ES","og_type":"article","og_title":"Amparo que tramit\u00f3 pareja de Nayeli Alfaro no fue concedido, asegura Fiscal de SLP. - Canal 7 SLP - 2022","og_description":"SLP.- El fiscal general del estado de San Luis Potos\u00ed, Jos\u00e9 Luis Ru\u00edz Contreras, se dijo respetuoso de las declaraciones que han vertido los padres de Nayeli Alfaro, quienes afirman que el cuerpo encontrado por el organismo no corresponde al de su hija. Fue el pasado viernes primero de abril, cuando las autoridades localizaron el cuerpo sin vida de una mujer en la localidad de Santa Rita, momentos despu\u00e9s se inform\u00f3 que los restos podr\u00edan pertenecer a los de Nayeli por lo que se har\u00eda una prueba de ADN para su identificaci\u00f3n. Siete d\u00edas despu\u00e9s, la propia fiscal\u00eda emiti\u00f3 un [&hellip;]","og_url":"https:\/\/canal7slp.tv\/2022\/amparo-que-tramito-pareja-de-nayeli-alfaro-no-fue-concedido-asegura-fiscal-de-slp-2\/","og_site_name":"Canal 7 SLP - 2022","article_publisher":"https:\/\/www.facebook.com\/noticieroscanalsiete","article_published_time":"2022-04-12T03:06:49+00:00","og_image":[{"width":888,"height":500,"url":"https:\/\/canal7slp.tv\/2022\/wp-content\/uploads\/2022\/04\/Vazquez02FiscaliaNayeli.jpg","type":"image\/jpeg"}],"author":"Edici\u00f3n Web","twitter_card":"summary_large_image","twitter_creator":"@NOTICIEROS7","twitter_site":"@NOTICIEROS7","twitter_misc":{"Escrito por":"Edici\u00f3n Web","Tiempo de lectura":"2 minutos"},"schema":{"@context":"https:\/\/schema.org","@graph":[{"@type":"Article","@id":"https:\/\/canal7slp.tv\/2022\/amparo-que-tramito-pareja-de-nayeli-alfaro-no-fue-concedido-asegura-fiscal-de-slp-2\/#article","isPartOf":{"@id":"https:\/\/canal7slp.tv\/2022\/amparo-que-tramito-pareja-de-nayeli-alfaro-no-fue-concedido-asegura-fiscal-de-slp-2\/"},"author":{"name":"Edici\u00f3n Web","@id":"https:\/\/canal7slp.tv\/2022\/#\/schema\/person\/429704152a21f5f856ce29aa69a238da"},"headline":"Amparo que tramit\u00f3 pareja de Nayeli Alfaro no fue concedido, asegura Fiscal de SLP.","datePublished":"2022-04-12T03:06:49+00:00","mainEntityOfPage":{"@id":"https:\/\/canal7slp.tv\/2022\/amparo-que-tramito-pareja-de-nayeli-alfaro-no-fue-concedido-asegura-fiscal-de-slp-2\/"},"wordCount":402,"publisher":{"@id":"https:\/\/canal7slp.tv\/2022\/#organization"},"image":{"@id":"https:\/\/canal7slp.tv\/2022\/amparo-que-tramito-pareja-de-nayeli-alfaro-no-fue-concedido-asegura-fiscal-de-slp-2\/#primaryimage"},"thumbnailUrl":"https:\/\/canal7slp.tv\/2022\/wp-content\/uploads\/2022\/04\/Vazquez02FiscaliaNayeli.jpg","articleSection":["DESTACADAS","LOCALES Y REGIONALES"],"inLanguage":"es"},{"@type":"WebPage","@id":"https:\/\/canal7slp.tv\/2022\/amparo-que-tramito-pareja-de-nayeli-alfaro-no-fue-concedido-asegura-fiscal-de-slp-2\/","url":"https:\/\/canal7slp.tv\/2022\/amparo-que-tramito-pareja-de-nayeli-alfaro-no-fue-concedido-asegura-fiscal-de-slp-2\/","name":"Amparo que tramit\u00f3 pareja de Nayeli Alfaro no fue concedido, asegura Fiscal de SLP. - Canal 7 SLP - 2022","isPartOf":{"@id":"https:\/\/canal7slp.tv\/2022\/#website"},"primaryImageOfPage":{"@id":"https:\/\/canal7slp.tv\/2022\/amparo-que-tramito-pareja-de-nayeli-alfaro-no-fue-concedido-asegura-fiscal-de-slp-2\/#primaryimage"},"image":{"@id":"https:\/\/canal7slp.tv\/2022\/amparo-que-tramito-pareja-de-nayeli-alfaro-no-fue-concedido-asegura-fiscal-de-slp-2\/#primaryimage"},"thumbnailUrl":"https:\/\/canal7slp.tv\/2022\/wp-content\/uploads\/2022\/04\/Vazquez02FiscaliaNayeli.jpg","datePublished":"2022-04-12T03:06:49+00:00","breadcrumb":{"@id":"https:\/\/canal7slp.tv\/2022\/amparo-que-tramito-pareja-de-nayeli-alfaro-no-fue-concedido-asegura-fiscal-de-slp-2\/#breadcrumb"},"inLanguage":"es","potentialAction":[{"@type":"ReadAction","target":["https:\/\/canal7slp.tv\/2022\/amparo-que-tramito-pareja-de-nayeli-alfaro-no-fue-concedido-asegura-fiscal-de-slp-2\/"]}]},{"@type":"ImageObject","inLanguage":"es","@id":"https:\/\/canal7slp.tv\/2022\/amparo-que-tramito-pareja-de-nayeli-alfaro-no-fue-concedido-asegura-fiscal-de-slp-2\/#primaryimage","url":"https:\/\/canal7slp.tv\/2022\/wp-content\/uploads\/2022\/04\/Vazquez02FiscaliaNayeli.jpg","contentUrl":"https:\/\/canal7slp.tv\/2022\/wp-content\/uploads\/2022\/04\/Vazquez02FiscaliaNayeli.jpg","width":888,"height":500},{"@type":"BreadcrumbList","@id":"https:\/\/canal7slp.tv\/2022\/amparo-que-tramito-pareja-de-nayeli-alfaro-no-fue-concedido-asegura-fiscal-de-slp-2\/#breadcrumb","itemListElement":[{"@type":"ListItem","position":1,"name":"Portada","item":"https:\/\/canal7slp.tv\/2022\/"},{"@type":"ListItem","position":2,"name":"Amparo que tramit\u00f3 pareja de Nayeli Alfaro no fue concedido, asegura Fiscal de SLP."}]},{"@type":"WebSite","@id":"https:\/\/canal7slp.tv\/2022\/#website","url":"https:\/\/canal7slp.tv\/2022\/","name":"N7 - Noticieros Canal 7","description":"Somos Televisi\u00f3n","publisher":{"@id":"https:\/\/canal7slp.tv\/2022\/#organization"},"potentialAction":[{"@type":"SearchAction","target":{"@type":"EntryPoint","urlTemplate":"https:\/\/canal7slp.tv\/2022\/?s={search_term_string}"},"query-input":{"@type":"PropertyValueSpecification","valueRequired":true,"valueName":"search_term_string"}}],"inLanguage":"es"},{"@type":"Organization","@id":"https:\/\/canal7slp.tv\/2022\/#organization","name":"Noticieros Canal 7","url":"https:\/\/canal7slp.tv\/2022\/","logo":{"@type":"ImageObject","inLanguage":"es","@id":"https:\/\/canal7slp.tv\/2022\/#\/schema\/logo\/image\/","url":"https:\/\/canal7slp.tv\/2022\/wp-content\/uploads\/2021\/01\/logo-noticieros@2x.png","contentUrl":"https:\/\/canal7slp.tv\/2022\/wp-content\/uploads\/2021\/01\/logo-noticieros@2x.png","width":1017,"height":268,"caption":"Noticieros Canal 7"},"image":{"@id":"https:\/\/canal7slp.tv\/2022\/#\/schema\/logo\/image\/"},"sameAs":["https:\/\/www.facebook.com\/noticieroscanalsiete","https:\/\/x.com\/NOTICIEROS7","https:\/\/www.instagram.com\/canal7_slp","https:\/\/www.youtube.com\/channel\/UCliiYs-gP3JfJeqdPrNdd5A"]},{"@type":"Person","@id":"https:\/\/canal7slp.tv\/2022\/#\/schema\/person\/429704152a21f5f856ce29aa69a238da","name":"Edici\u00f3n Web","image":{"@type":"ImageObject","inLanguage":"es","@id":"https:\/\/secure.gravatar.com\/avatar\/eee448fc3f7164808013b816ba91ac7e43bbe82a70bebac296f8bc6f0addaa1a?s=96&d=mm&r=g","url":"https:\/\/secure.gravatar.com\/avatar\/eee448fc3f7164808013b816ba91ac7e43bbe82a70bebac296f8bc6f0addaa1a?s=96&d=mm&r=g","contentUrl":"https:\/\/secure.gravatar.com\/avatar\/eee448fc3f7164808013b816ba91ac7e43bbe82a70bebac296f8bc6f0addaa1a?s=96&d=mm&r=g","caption":"Edici\u00f3n Web"},"url":"https:\/\/canal7slp.tv\/2022\/author\/edicionweb\/"}]}},"amp_enabled":true,"_links":{"self":[{"href":"https:\/\/canal7slp.tv\/2022\/wp-json\/wp\/v2\/posts\/56985","targetHints":{"allow":["GET"]}}],"collection":[{"href":"https:\/\/canal7slp.tv\/2022\/wp-json\/wp\/v2\/posts"}],"about":[{"href":"https:\/\/canal7slp.tv\/2022\/wp-json\/wp\/v2\/types\/post"}],"author":[{"embeddable":true,"href":"https:\/\/canal7slp.tv\/2022\/wp-json\/wp\/v2\/users\/2"}],"replies":[{"embeddable":true,"href":"https:\/\/canal7slp.tv\/2022\/wp-json\/wp\/v2\/comments?post=56985"}],"version-history":[{"count":3,"href":"https:\/\/canal7slp.tv\/2022\/wp-json\/wp\/v2\/posts\/56985\/revisions"}],"predecessor-version":[{"id":57025,"href":"https:\/\/canal7slp.tv\/2022\/wp-json\/wp\/v2\/posts\/56985\/revisions\/57025"}],"wp:featuredmedia":[{"embeddable":true,"href":"https:\/\/canal7slp.tv\/2022\/wp-json\/wp\/v2\/media\/57024"}],"wp:attachment":[{"href":"https:\/\/canal7slp.tv\/2022\/wp-json\/wp\/v2\/media?parent=56985"}],"wp:term":[{"taxonomy":"category","embeddable":true,"href":"https:\/\/canal7slp.tv\/2022\/wp-json\/wp\/v2\/categories?post=56985"},{"taxonomy":"post_tag","embeddable":true,"href":"https:\/\/canal7slp.tv\/2022\/wp-json\/wp\/v2\/tags?post=56985"}],"curies":[{"name":"wp","href":"https:\/\/api.w.org\/{rel}","templated":true}]}}