{"id":56968,"date":"2022-04-11T15:25:18","date_gmt":"2022-04-11T21:25:18","guid":{"rendered":"https:\/\/canal7slp.tv\/2022\/?p=56968"},"modified":"2022-04-11T15:25:18","modified_gmt":"2022-04-11T21:25:18","slug":"confirman-visita-del-papa-francisco-a-kazajistan","status":"publish","type":"post","link":"https:\/\/canal7slp.tv\/2022\/confirman-visita-del-papa-francisco-a-kazajistan\/","title":{"rendered":"Confirman visita del Papa Francisco a Kazajist\u00e1n"},"content":{"rendered":"<p style=\"text-align: justify;\">El Vaticano.- El Papa Francisco viajar\u00e1 en septiembre a Kazajist\u00e1n, donde participar\u00e1 en un congreso sobre el di\u00e1logo entre religiones, anunci\u00f3 este lunes la presidencia del pa\u00eds m\u00e1s grande de Asia central.<\/p>\n<p style=\"text-align: justify;\">En una entrevista por videoconferencia con el presidente Kasym Jomart Tokayev, el Papa \u00abconfirm\u00f3 su visita oficial a Kazajist\u00e1n y su participaci\u00f3n en el s\u00e9ptimo Congreso de Dirigentes de las Religiones Mundiales y Tradicionales\u00bb previsto el 14 y 15 de septiembre, afirm\u00f3 la presidencia en un comunicado.<\/p>\n<p style=\"text-align: justify;\">La primera edici\u00f3n de este congreso, que busca promover el di\u00e1logo entre las religiones, se realiz\u00f3 en 2003.<\/p>\n<p style=\"text-align: justify;\">Kazajist\u00e1n es fronterizo y diplom\u00e1ticamente cercano a Rusia, que actualmente lleva a cabo una ofensiva militar en Ucrania, contra la cu\u00e1l el sumo pont\u00edfice se ha pronunciado varias veces.<\/p>\n<p style=\"text-align: justify;\">Kazajist\u00e1n fue sacudida en enero por violentos disturbios que sumieron al pa\u00eds en una crisis pol\u00edtica sin precedentes desde su independencia en 1991, tras la ca\u00edda de la Uni\u00f3n Sovi\u00e9tica.<\/p>\n<p style=\"text-align: justify;\">\n","protected":false},"excerpt":{"rendered":"<p>El Vaticano.- El Papa Francisco viajar\u00e1 en septiembre a Kazajist\u00e1n, donde participar\u00e1 en un congreso sobre el di\u00e1logo entre religiones, anunci\u00f3 este lunes la presidencia del pa\u00eds m\u00e1s grande de Asia central. En una entrevista por videoconferencia con el presidente Kasym Jomart Tokayev, el Papa \u00abconfirm\u00f3 su visita oficial a Kazajist\u00e1n y su participaci\u00f3n en el s\u00e9ptimo Congreso de Dirigentes de las Religiones Mundiales y Tradicionales\u00bb previsto el 14 y 15 de septiembre, afirm\u00f3 la presidencia en un comunicado. La primera edici\u00f3n de este congreso, que busca promover el di\u00e1logo entre las religiones, se realiz\u00f3 en 2003. Kazajist\u00e1n es fronterizo [&hellip;]<\/p>\n","protected":false},"author":2,"featured_media":56978,"comment_status":"closed","ping_status":"closed","sticky":false,"template":"","format":"standard","meta":{"footnotes":""},"categories":[44],"tags":[],"class_list":["post-56968","post","type-post","status-publish","format-standard","has-post-thumbnail","hentry","category-internacional","post--single"],"yoast_head":"<!-- This site is optimized with the Yoast SEO plugin v27.5 - https:\/\/yoast.com\/product\/yoast-seo-wordpress\/ -->\n<title>Confirman visita del Papa Francisco a Kazajist\u00e1n - Canal 7 SLP - 2022<\/title>\n<meta name=\"robots\" content=\"index, follow, max-snippet:-1, max-image-preview:large, max-video-preview:-1\" \/>\n<link rel=\"canonical\" href=\"https:\/\/canal7slp.tv\/2022\/confirman-visita-del-papa-francisco-a-kazajistan\/\" \/>\n<meta property=\"og:locale\" content=\"es_ES\" \/>\n<meta property=\"og:type\" content=\"article\" \/>\n<meta property=\"og:title\" content=\"Confirman visita del Papa Francisco a Kazajist\u00e1n - Canal 7 SLP - 2022\" \/>\n<meta property=\"og:description\" content=\"El Vaticano.- El Papa Francisco viajar\u00e1 en septiembre a Kazajist\u00e1n, donde participar\u00e1 en un congreso sobre el di\u00e1logo entre religiones, anunci\u00f3 este lunes la presidencia del pa\u00eds m\u00e1s grande de Asia central. En una entrevista por videoconferencia con el presidente Kasym Jomart Tokayev, el Papa \u00abconfirm\u00f3 su visita oficial a Kazajist\u00e1n y su participaci\u00f3n en el s\u00e9ptimo Congreso de Dirigentes de las Religiones Mundiales y Tradicionales\u00bb previsto el 14 y 15 de septiembre, afirm\u00f3 la presidencia en un comunicado. La primera edici\u00f3n de este congreso, que busca promover el di\u00e1logo entre las religiones, se realiz\u00f3 en 2003. Kazajist\u00e1n es fronterizo [&hellip;]\" \/>\n<meta property=\"og:url\" content=\"https:\/\/canal7slp.tv\/2022\/confirman-visita-del-papa-francisco-a-kazajistan\/\" \/>\n<meta property=\"og:site_name\" content=\"Canal 7 SLP - 2022\" \/>\n<meta property=\"article:publisher\" content=\"https:\/\/www.facebook.com\/noticieroscanalsiete\" \/>\n<meta property=\"article:published_time\" content=\"2022-04-11T21:25:18+00:00\" \/>\n<meta property=\"og:image\" content=\"https:\/\/canal7slp.tv\/2022\/wp-content\/uploads\/2022\/04\/05-7.jpg\" \/>\n\t<meta property=\"og:image:width\" content=\"1200\" \/>\n\t<meta property=\"og:image:height\" content=\"600\" \/>\n\t<meta property=\"og:image:type\" content=\"image\/jpeg\" \/>\n<meta name=\"author\" content=\"Edici\u00f3n Web\" \/>\n<meta name=\"twitter:card\" content=\"summary_large_image\" \/>\n<meta name=\"twitter:creator\" content=\"@NOTICIEROS7\" \/>\n<meta name=\"twitter:site\" content=\"@NOTICIEROS7\" \/>\n<meta name=\"twitter:label1\" content=\"Escrito por\" \/>\n\t<meta name=\"twitter:data1\" content=\"Edici\u00f3n Web\" \/>\n\t<meta name=\"twitter:label2\" content=\"Tiempo de lectura\" \/>\n\t<meta name=\"twitter:data2\" content=\"1 minuto\" \/>\n<script type=\"application\/ld+json\" class=\"yoast-schema-graph\">{\"@context\":\"https:\\\/\\\/schema.org\",\"@graph\":[{\"@type\":\"Article\",\"@id\":\"https:\\\/\\\/canal7slp.tv\\\/2022\\\/confirman-visita-del-papa-francisco-a-kazajistan\\\/#article\",\"isPartOf\":{\"@id\":\"https:\\\/\\\/canal7slp.tv\\\/2022\\\/confirman-visita-del-papa-francisco-a-kazajistan\\\/\"},\"author\":{\"name\":\"Edici\u00f3n Web\",\"@id\":\"https:\\\/\\\/canal7slp.tv\\\/2022\\\/#\\\/schema\\\/person\\\/429704152a21f5f856ce29aa69a238da\"},\"headline\":\"Confirman visita del Papa Francisco a Kazajist\u00e1n\",\"datePublished\":\"2022-04-11T21:25:18+00:00\",\"mainEntityOfPage\":{\"@id\":\"https:\\\/\\\/canal7slp.tv\\\/2022\\\/confirman-visita-del-papa-francisco-a-kazajistan\\\/\"},\"wordCount\":180,\"publisher\":{\"@id\":\"https:\\\/\\\/canal7slp.tv\\\/2022\\\/#organization\"},\"image\":{\"@id\":\"https:\\\/\\\/canal7slp.tv\\\/2022\\\/confirman-visita-del-papa-francisco-a-kazajistan\\\/#primaryimage\"},\"thumbnailUrl\":\"https:\\\/\\\/canal7slp.tv\\\/2022\\\/wp-content\\\/uploads\\\/2022\\\/04\\\/05-7.jpg\",\"articleSection\":[\"INTERNACIONALES\"],\"inLanguage\":\"es\"},{\"@type\":\"WebPage\",\"@id\":\"https:\\\/\\\/canal7slp.tv\\\/2022\\\/confirman-visita-del-papa-francisco-a-kazajistan\\\/\",\"url\":\"https:\\\/\\\/canal7slp.tv\\\/2022\\\/confirman-visita-del-papa-francisco-a-kazajistan\\\/\",\"name\":\"Confirman visita del Papa Francisco a Kazajist\u00e1n - Canal 7 SLP - 2022\",\"isPartOf\":{\"@id\":\"https:\\\/\\\/canal7slp.tv\\\/2022\\\/#website\"},\"primaryImageOfPage\":{\"@id\":\"https:\\\/\\\/canal7slp.tv\\\/2022\\\/confirman-visita-del-papa-francisco-a-kazajistan\\\/#primaryimage\"},\"image\":{\"@id\":\"https:\\\/\\\/canal7slp.tv\\\/2022\\\/confirman-visita-del-papa-francisco-a-kazajistan\\\/#primaryimage\"},\"thumbnailUrl\":\"https:\\\/\\\/canal7slp.tv\\\/2022\\\/wp-content\\\/uploads\\\/2022\\\/04\\\/05-7.jpg\",\"datePublished\":\"2022-04-11T21:25:18+00:00\",\"breadcrumb\":{\"@id\":\"https:\\\/\\\/canal7slp.tv\\\/2022\\\/confirman-visita-del-papa-francisco-a-kazajistan\\\/#breadcrumb\"},\"inLanguage\":\"es\",\"potentialAction\":[{\"@type\":\"ReadAction\",\"target\":[\"https:\\\/\\\/canal7slp.tv\\\/2022\\\/confirman-visita-del-papa-francisco-a-kazajistan\\\/\"]}]},{\"@type\":\"ImageObject\",\"inLanguage\":\"es\",\"@id\":\"https:\\\/\\\/canal7slp.tv\\\/2022\\\/confirman-visita-del-papa-francisco-a-kazajistan\\\/#primaryimage\",\"url\":\"https:\\\/\\\/canal7slp.tv\\\/2022\\\/wp-content\\\/uploads\\\/2022\\\/04\\\/05-7.jpg\",\"contentUrl\":\"https:\\\/\\\/canal7slp.tv\\\/2022\\\/wp-content\\\/uploads\\\/2022\\\/04\\\/05-7.jpg\",\"width\":1200,\"height\":600},{\"@type\":\"BreadcrumbList\",\"@id\":\"https:\\\/\\\/canal7slp.tv\\\/2022\\\/confirman-visita-del-papa-francisco-a-kazajistan\\\/#breadcrumb\",\"itemListElement\":[{\"@type\":\"ListItem\",\"position\":1,\"name\":\"Portada\",\"item\":\"https:\\\/\\\/canal7slp.tv\\\/2022\\\/\"},{\"@type\":\"ListItem\",\"position\":2,\"name\":\"Confirman visita del Papa Francisco a Kazajist\u00e1n\"}]},{\"@type\":\"WebSite\",\"@id\":\"https:\\\/\\\/canal7slp.tv\\\/2022\\\/#website\",\"url\":\"https:\\\/\\\/canal7slp.tv\\\/2022\\\/\",\"name\":\"N7 - Noticieros Canal 7\",\"description\":\"Somos Televisi\u00f3n\",\"publisher\":{\"@id\":\"https:\\\/\\\/canal7slp.tv\\\/2022\\\/#organization\"},\"potentialAction\":[{\"@type\":\"SearchAction\",\"target\":{\"@type\":\"EntryPoint\",\"urlTemplate\":\"https:\\\/\\\/canal7slp.tv\\\/2022\\\/?s={search_term_string}\"},\"query-input\":{\"@type\":\"PropertyValueSpecification\",\"valueRequired\":true,\"valueName\":\"search_term_string\"}}],\"inLanguage\":\"es\"},{\"@type\":\"Organization\",\"@id\":\"https:\\\/\\\/canal7slp.tv\\\/2022\\\/#organization\",\"name\":\"Noticieros Canal 7\",\"url\":\"https:\\\/\\\/canal7slp.tv\\\/2022\\\/\",\"logo\":{\"@type\":\"ImageObject\",\"inLanguage\":\"es\",\"@id\":\"https:\\\/\\\/canal7slp.tv\\\/2022\\\/#\\\/schema\\\/logo\\\/image\\\/\",\"url\":\"https:\\\/\\\/canal7slp.tv\\\/2022\\\/wp-content\\\/uploads\\\/2021\\\/01\\\/logo-noticieros@2x.png\",\"contentUrl\":\"https:\\\/\\\/canal7slp.tv\\\/2022\\\/wp-content\\\/uploads\\\/2021\\\/01\\\/logo-noticieros@2x.png\",\"width\":1017,\"height\":268,\"caption\":\"Noticieros Canal 7\"},\"image\":{\"@id\":\"https:\\\/\\\/canal7slp.tv\\\/2022\\\/#\\\/schema\\\/logo\\\/image\\\/\"},\"sameAs\":[\"https:\\\/\\\/www.facebook.com\\\/noticieroscanalsiete\",\"https:\\\/\\\/x.com\\\/NOTICIEROS7\",\"https:\\\/\\\/www.instagram.com\\\/canal7_slp\",\"https:\\\/\\\/www.youtube.com\\\/channel\\\/UCliiYs-gP3JfJeqdPrNdd5A\"]},{\"@type\":\"Person\",\"@id\":\"https:\\\/\\\/canal7slp.tv\\\/2022\\\/#\\\/schema\\\/person\\\/429704152a21f5f856ce29aa69a238da\",\"name\":\"Edici\u00f3n Web\",\"image\":{\"@type\":\"ImageObject\",\"inLanguage\":\"es\",\"@id\":\"https:\\\/\\\/secure.gravatar.com\\\/avatar\\\/eee448fc3f7164808013b816ba91ac7e43bbe82a70bebac296f8bc6f0addaa1a?s=96&d=mm&r=g\",\"url\":\"https:\\\/\\\/secure.gravatar.com\\\/avatar\\\/eee448fc3f7164808013b816ba91ac7e43bbe82a70bebac296f8bc6f0addaa1a?s=96&d=mm&r=g\",\"contentUrl\":\"https:\\\/\\\/secure.gravatar.com\\\/avatar\\\/eee448fc3f7164808013b816ba91ac7e43bbe82a70bebac296f8bc6f0addaa1a?s=96&d=mm&r=g\",\"caption\":\"Edici\u00f3n Web\"},\"url\":\"https:\\\/\\\/canal7slp.tv\\\/2022\\\/author\\\/edicionweb\\\/\"}]}<\/script>\n<!-- \/ Yoast SEO plugin. -->","yoast_head_json":{"title":"Confirman visita del Papa Francisco a Kazajist\u00e1n - Canal 7 SLP - 2022","robots":{"index":"index","follow":"follow","max-snippet":"max-snippet:-1","max-image-preview":"max-image-preview:large","max-video-preview":"max-video-preview:-1"},"canonical":"https:\/\/canal7slp.tv\/2022\/confirman-visita-del-papa-francisco-a-kazajistan\/","og_locale":"es_ES","og_type":"article","og_title":"Confirman visita del Papa Francisco a Kazajist\u00e1n - Canal 7 SLP - 2022","og_description":"El Vaticano.- El Papa Francisco viajar\u00e1 en septiembre a Kazajist\u00e1n, donde participar\u00e1 en un congreso sobre el di\u00e1logo entre religiones, anunci\u00f3 este lunes la presidencia del pa\u00eds m\u00e1s grande de Asia central. En una entrevista por videoconferencia con el presidente Kasym Jomart Tokayev, el Papa \u00abconfirm\u00f3 su visita oficial a Kazajist\u00e1n y su participaci\u00f3n en el s\u00e9ptimo Congreso de Dirigentes de las Religiones Mundiales y Tradicionales\u00bb previsto el 14 y 15 de septiembre, afirm\u00f3 la presidencia en un comunicado. La primera edici\u00f3n de este congreso, que busca promover el di\u00e1logo entre las religiones, se realiz\u00f3 en 2003. Kazajist\u00e1n es fronterizo [&hellip;]","og_url":"https:\/\/canal7slp.tv\/2022\/confirman-visita-del-papa-francisco-a-kazajistan\/","og_site_name":"Canal 7 SLP - 2022","article_publisher":"https:\/\/www.facebook.com\/noticieroscanalsiete","article_published_time":"2022-04-11T21:25:18+00:00","og_image":[{"width":1200,"height":600,"url":"https:\/\/canal7slp.tv\/2022\/wp-content\/uploads\/2022\/04\/05-7.jpg","type":"image\/jpeg"}],"author":"Edici\u00f3n Web","twitter_card":"summary_large_image","twitter_creator":"@NOTICIEROS7","twitter_site":"@NOTICIEROS7","twitter_misc":{"Escrito por":"Edici\u00f3n Web","Tiempo de lectura":"1 minuto"},"schema":{"@context":"https:\/\/schema.org","@graph":[{"@type":"Article","@id":"https:\/\/canal7slp.tv\/2022\/confirman-visita-del-papa-francisco-a-kazajistan\/#article","isPartOf":{"@id":"https:\/\/canal7slp.tv\/2022\/confirman-visita-del-papa-francisco-a-kazajistan\/"},"author":{"name":"Edici\u00f3n Web","@id":"https:\/\/canal7slp.tv\/2022\/#\/schema\/person\/429704152a21f5f856ce29aa69a238da"},"headline":"Confirman visita del Papa Francisco a Kazajist\u00e1n","datePublished":"2022-04-11T21:25:18+00:00","mainEntityOfPage":{"@id":"https:\/\/canal7slp.tv\/2022\/confirman-visita-del-papa-francisco-a-kazajistan\/"},"wordCount":180,"publisher":{"@id":"https:\/\/canal7slp.tv\/2022\/#organization"},"image":{"@id":"https:\/\/canal7slp.tv\/2022\/confirman-visita-del-papa-francisco-a-kazajistan\/#primaryimage"},"thumbnailUrl":"https:\/\/canal7slp.tv\/2022\/wp-content\/uploads\/2022\/04\/05-7.jpg","articleSection":["INTERNACIONALES"],"inLanguage":"es"},{"@type":"WebPage","@id":"https:\/\/canal7slp.tv\/2022\/confirman-visita-del-papa-francisco-a-kazajistan\/","url":"https:\/\/canal7slp.tv\/2022\/confirman-visita-del-papa-francisco-a-kazajistan\/","name":"Confirman visita del Papa Francisco a Kazajist\u00e1n - Canal 7 SLP - 2022","isPartOf":{"@id":"https:\/\/canal7slp.tv\/2022\/#website"},"primaryImageOfPage":{"@id":"https:\/\/canal7slp.tv\/2022\/confirman-visita-del-papa-francisco-a-kazajistan\/#primaryimage"},"image":{"@id":"https:\/\/canal7slp.tv\/2022\/confirman-visita-del-papa-francisco-a-kazajistan\/#primaryimage"},"thumbnailUrl":"https:\/\/canal7slp.tv\/2022\/wp-content\/uploads\/2022\/04\/05-7.jpg","datePublished":"2022-04-11T21:25:18+00:00","breadcrumb":{"@id":"https:\/\/canal7slp.tv\/2022\/confirman-visita-del-papa-francisco-a-kazajistan\/#breadcrumb"},"inLanguage":"es","potentialAction":[{"@type":"ReadAction","target":["https:\/\/canal7slp.tv\/2022\/confirman-visita-del-papa-francisco-a-kazajistan\/"]}]},{"@type":"ImageObject","inLanguage":"es","@id":"https:\/\/canal7slp.tv\/2022\/confirman-visita-del-papa-francisco-a-kazajistan\/#primaryimage","url":"https:\/\/canal7slp.tv\/2022\/wp-content\/uploads\/2022\/04\/05-7.jpg","contentUrl":"https:\/\/canal7slp.tv\/2022\/wp-content\/uploads\/2022\/04\/05-7.jpg","width":1200,"height":600},{"@type":"BreadcrumbList","@id":"https:\/\/canal7slp.tv\/2022\/confirman-visita-del-papa-francisco-a-kazajistan\/#breadcrumb","itemListElement":[{"@type":"ListItem","position":1,"name":"Portada","item":"https:\/\/canal7slp.tv\/2022\/"},{"@type":"ListItem","position":2,"name":"Confirman visita del Papa Francisco a Kazajist\u00e1n"}]},{"@type":"WebSite","@id":"https:\/\/canal7slp.tv\/2022\/#website","url":"https:\/\/canal7slp.tv\/2022\/","name":"N7 - Noticieros Canal 7","description":"Somos Televisi\u00f3n","publisher":{"@id":"https:\/\/canal7slp.tv\/2022\/#organization"},"potentialAction":[{"@type":"SearchAction","target":{"@type":"EntryPoint","urlTemplate":"https:\/\/canal7slp.tv\/2022\/?s={search_term_string}"},"query-input":{"@type":"PropertyValueSpecification","valueRequired":true,"valueName":"search_term_string"}}],"inLanguage":"es"},{"@type":"Organization","@id":"https:\/\/canal7slp.tv\/2022\/#organization","name":"Noticieros Canal 7","url":"https:\/\/canal7slp.tv\/2022\/","logo":{"@type":"ImageObject","inLanguage":"es","@id":"https:\/\/canal7slp.tv\/2022\/#\/schema\/logo\/image\/","url":"https:\/\/canal7slp.tv\/2022\/wp-content\/uploads\/2021\/01\/logo-noticieros@2x.png","contentUrl":"https:\/\/canal7slp.tv\/2022\/wp-content\/uploads\/2021\/01\/logo-noticieros@2x.png","width":1017,"height":268,"caption":"Noticieros Canal 7"},"image":{"@id":"https:\/\/canal7slp.tv\/2022\/#\/schema\/logo\/image\/"},"sameAs":["https:\/\/www.facebook.com\/noticieroscanalsiete","https:\/\/x.com\/NOTICIEROS7","https:\/\/www.instagram.com\/canal7_slp","https:\/\/www.youtube.com\/channel\/UCliiYs-gP3JfJeqdPrNdd5A"]},{"@type":"Person","@id":"https:\/\/canal7slp.tv\/2022\/#\/schema\/person\/429704152a21f5f856ce29aa69a238da","name":"Edici\u00f3n Web","image":{"@type":"ImageObject","inLanguage":"es","@id":"https:\/\/secure.gravatar.com\/avatar\/eee448fc3f7164808013b816ba91ac7e43bbe82a70bebac296f8bc6f0addaa1a?s=96&d=mm&r=g","url":"https:\/\/secure.gravatar.com\/avatar\/eee448fc3f7164808013b816ba91ac7e43bbe82a70bebac296f8bc6f0addaa1a?s=96&d=mm&r=g","contentUrl":"https:\/\/secure.gravatar.com\/avatar\/eee448fc3f7164808013b816ba91ac7e43bbe82a70bebac296f8bc6f0addaa1a?s=96&d=mm&r=g","caption":"Edici\u00f3n Web"},"url":"https:\/\/canal7slp.tv\/2022\/author\/edicionweb\/"}]}},"amp_enabled":true,"_links":{"self":[{"href":"https:\/\/canal7slp.tv\/2022\/wp-json\/wp\/v2\/posts\/56968","targetHints":{"allow":["GET"]}}],"collection":[{"href":"https:\/\/canal7slp.tv\/2022\/wp-json\/wp\/v2\/posts"}],"about":[{"href":"https:\/\/canal7slp.tv\/2022\/wp-json\/wp\/v2\/types\/post"}],"author":[{"embeddable":true,"href":"https:\/\/canal7slp.tv\/2022\/wp-json\/wp\/v2\/users\/2"}],"replies":[{"embeddable":true,"href":"https:\/\/canal7slp.tv\/2022\/wp-json\/wp\/v2\/comments?post=56968"}],"version-history":[{"count":1,"href":"https:\/\/canal7slp.tv\/2022\/wp-json\/wp\/v2\/posts\/56968\/revisions"}],"predecessor-version":[{"id":56973,"href":"https:\/\/canal7slp.tv\/2022\/wp-json\/wp\/v2\/posts\/56968\/revisions\/56973"}],"wp:featuredmedia":[{"embeddable":true,"href":"https:\/\/canal7slp.tv\/2022\/wp-json\/wp\/v2\/media\/56978"}],"wp:attachment":[{"href":"https:\/\/canal7slp.tv\/2022\/wp-json\/wp\/v2\/media?parent=56968"}],"wp:term":[{"taxonomy":"category","embeddable":true,"href":"https:\/\/canal7slp.tv\/2022\/wp-json\/wp\/v2\/categories?post=56968"},{"taxonomy":"post_tag","embeddable":true,"href":"https:\/\/canal7slp.tv\/2022\/wp-json\/wp\/v2\/tags?post=56968"}],"curies":[{"name":"wp","href":"https:\/\/api.w.org\/{rel}","templated":true}]}}