{"id":56965,"date":"2022-04-11T15:25:22","date_gmt":"2022-04-11T21:25:22","guid":{"rendered":"https:\/\/canal7slp.tv\/2022\/?p=56965"},"modified":"2022-04-11T15:25:22","modified_gmt":"2022-04-11T21:25:22","slug":"legisladores-aprueban-en-comisiones-la-reforma-electrica","status":"publish","type":"post","link":"https:\/\/canal7slp.tv\/2022\/legisladores-aprueban-en-comisiones-la-reforma-electrica\/","title":{"rendered":"Legisladores aprueban en comisiones la Reforma El\u00e9ctrica"},"content":{"rendered":"<p style=\"text-align: justify;\">M\u00e9xico.- Con 47 a favor y 37 en contra, las Comisiones Unidas de Energ\u00eda y Puntos Constitucionales de la C\u00e1mara de Diputados aprobaron hoy en lo general y en los art\u00edculos no reservados.<\/p>\n<p style=\"text-align: justify;\">Las bancadas de MORENA y sus aliados presentaron un bloque de reservas al dictamen para hacer suyas e incluir las 9 propuestas de la alianza opositora Va por M\u00e9xico.<\/p>\n<p style=\"text-align: justify;\">\u201cLes tomamos 9 de sus 12 puntos y como estamos en el mundo al rev\u00e9s, nosotros vamos a aceptar sus reservas y las otras (3) no, porque ya se los recet\u00f3 la Suprema Corte de Justicia de la Naci\u00f3n (SCJN) diciendo que eran inconstitucionales sus propuestas\u201d, coment\u00f3 Gerardo Fern\u00e1ndez Noro\u00f1a, diputado del Partido del Trabajo (PT).<\/p>\n<p style=\"text-align: justify;\">Aunado a esta declaraci\u00f3n, indic\u00f3 que el 12 de abril ser\u00e1 presentada otra reserva sobre la Comisi\u00f3n Reguladora de Energ\u00eda (CRE) y sobre internet pr\u00e1cticamente gratuito para todo el pa\u00eds a trav\u00e9s de la Comisi\u00f3n Federal de Electricidad (CFE).<\/p>\n<p style=\"text-align: justify;\">Cabe se\u00f1alar que las reservas anotadas por Morena se realizaron a los art\u00edculos 28 de la Constituci\u00f3n, 3\u00ba transitorio fracci\u00f3n 12, 4\u00ba transitorio y 10\u00ba transitorio adem\u00e1s de una propuesta de adici\u00f3n al art\u00edculo 4\u00ba constitucional.<\/p>\n","protected":false},"excerpt":{"rendered":"<p>M\u00e9xico.- Con 47 a favor y 37 en contra, las Comisiones Unidas de Energ\u00eda y Puntos Constitucionales de la C\u00e1mara de Diputados aprobaron hoy en lo general y en los art\u00edculos no reservados. Las bancadas de MORENA y sus aliados presentaron un bloque de reservas al dictamen para hacer suyas e incluir las 9 propuestas de la alianza opositora Va por M\u00e9xico. \u201cLes tomamos 9 de sus 12 puntos y como estamos en el mundo al rev\u00e9s, nosotros vamos a aceptar sus reservas y las otras (3) no, porque ya se los recet\u00f3 la Suprema Corte de Justicia de la [&hellip;]<\/p>\n","protected":false},"author":2,"featured_media":56975,"comment_status":"closed","ping_status":"closed","sticky":false,"template":"","format":"standard","meta":{"footnotes":""},"categories":[46],"tags":[],"class_list":["post-56965","post","type-post","status-publish","format-standard","has-post-thumbnail","hentry","category-nacional","post--single"],"yoast_head":"<!-- This site is optimized with the Yoast SEO plugin v27.5 - https:\/\/yoast.com\/product\/yoast-seo-wordpress\/ -->\n<title>Legisladores aprueban en comisiones la Reforma El\u00e9ctrica - Canal 7 SLP - 2022<\/title>\n<meta name=\"robots\" content=\"index, follow, max-snippet:-1, max-image-preview:large, max-video-preview:-1\" \/>\n<link rel=\"canonical\" href=\"https:\/\/canal7slp.tv\/2022\/legisladores-aprueban-en-comisiones-la-reforma-electrica\/\" \/>\n<meta property=\"og:locale\" content=\"es_ES\" \/>\n<meta property=\"og:type\" content=\"article\" \/>\n<meta property=\"og:title\" content=\"Legisladores aprueban en comisiones la Reforma El\u00e9ctrica - Canal 7 SLP - 2022\" \/>\n<meta property=\"og:description\" content=\"M\u00e9xico.- Con 47 a favor y 37 en contra, las Comisiones Unidas de Energ\u00eda y Puntos Constitucionales de la C\u00e1mara de Diputados aprobaron hoy en lo general y en los art\u00edculos no reservados. Las bancadas de MORENA y sus aliados presentaron un bloque de reservas al dictamen para hacer suyas e incluir las 9 propuestas de la alianza opositora Va por M\u00e9xico. \u201cLes tomamos 9 de sus 12 puntos y como estamos en el mundo al rev\u00e9s, nosotros vamos a aceptar sus reservas y las otras (3) no, porque ya se los recet\u00f3 la Suprema Corte de Justicia de la [&hellip;]\" \/>\n<meta property=\"og:url\" content=\"https:\/\/canal7slp.tv\/2022\/legisladores-aprueban-en-comisiones-la-reforma-electrica\/\" \/>\n<meta property=\"og:site_name\" content=\"Canal 7 SLP - 2022\" \/>\n<meta property=\"article:publisher\" content=\"https:\/\/www.facebook.com\/noticieroscanalsiete\" \/>\n<meta property=\"article:published_time\" content=\"2022-04-11T21:25:22+00:00\" \/>\n<meta property=\"og:image\" content=\"https:\/\/canal7slp.tv\/2022\/wp-content\/uploads\/2022\/04\/02-1.jpeg\" \/>\n\t<meta property=\"og:image:width\" content=\"1280\" \/>\n\t<meta property=\"og:image:height\" content=\"833\" \/>\n\t<meta property=\"og:image:type\" content=\"image\/jpeg\" \/>\n<meta name=\"author\" content=\"Edici\u00f3n Web\" \/>\n<meta name=\"twitter:card\" content=\"summary_large_image\" \/>\n<meta name=\"twitter:creator\" content=\"@NOTICIEROS7\" \/>\n<meta name=\"twitter:site\" content=\"@NOTICIEROS7\" \/>\n<meta name=\"twitter:label1\" content=\"Escrito por\" \/>\n\t<meta name=\"twitter:data1\" content=\"Edici\u00f3n Web\" \/>\n\t<meta name=\"twitter:label2\" content=\"Tiempo de lectura\" \/>\n\t<meta name=\"twitter:data2\" content=\"1 minuto\" \/>\n<script type=\"application\/ld+json\" class=\"yoast-schema-graph\">{\"@context\":\"https:\\\/\\\/schema.org\",\"@graph\":[{\"@type\":\"Article\",\"@id\":\"https:\\\/\\\/canal7slp.tv\\\/2022\\\/legisladores-aprueban-en-comisiones-la-reforma-electrica\\\/#article\",\"isPartOf\":{\"@id\":\"https:\\\/\\\/canal7slp.tv\\\/2022\\\/legisladores-aprueban-en-comisiones-la-reforma-electrica\\\/\"},\"author\":{\"name\":\"Edici\u00f3n Web\",\"@id\":\"https:\\\/\\\/canal7slp.tv\\\/2022\\\/#\\\/schema\\\/person\\\/429704152a21f5f856ce29aa69a238da\"},\"headline\":\"Legisladores aprueban en comisiones la Reforma El\u00e9ctrica\",\"datePublished\":\"2022-04-11T21:25:22+00:00\",\"mainEntityOfPage\":{\"@id\":\"https:\\\/\\\/canal7slp.tv\\\/2022\\\/legisladores-aprueban-en-comisiones-la-reforma-electrica\\\/\"},\"wordCount\":212,\"publisher\":{\"@id\":\"https:\\\/\\\/canal7slp.tv\\\/2022\\\/#organization\"},\"image\":{\"@id\":\"https:\\\/\\\/canal7slp.tv\\\/2022\\\/legisladores-aprueban-en-comisiones-la-reforma-electrica\\\/#primaryimage\"},\"thumbnailUrl\":\"https:\\\/\\\/canal7slp.tv\\\/2022\\\/wp-content\\\/uploads\\\/2022\\\/04\\\/02-1.jpeg\",\"articleSection\":[\"NACIONALES\"],\"inLanguage\":\"es\"},{\"@type\":\"WebPage\",\"@id\":\"https:\\\/\\\/canal7slp.tv\\\/2022\\\/legisladores-aprueban-en-comisiones-la-reforma-electrica\\\/\",\"url\":\"https:\\\/\\\/canal7slp.tv\\\/2022\\\/legisladores-aprueban-en-comisiones-la-reforma-electrica\\\/\",\"name\":\"Legisladores aprueban en comisiones la Reforma El\u00e9ctrica - Canal 7 SLP - 2022\",\"isPartOf\":{\"@id\":\"https:\\\/\\\/canal7slp.tv\\\/2022\\\/#website\"},\"primaryImageOfPage\":{\"@id\":\"https:\\\/\\\/canal7slp.tv\\\/2022\\\/legisladores-aprueban-en-comisiones-la-reforma-electrica\\\/#primaryimage\"},\"image\":{\"@id\":\"https:\\\/\\\/canal7slp.tv\\\/2022\\\/legisladores-aprueban-en-comisiones-la-reforma-electrica\\\/#primaryimage\"},\"thumbnailUrl\":\"https:\\\/\\\/canal7slp.tv\\\/2022\\\/wp-content\\\/uploads\\\/2022\\\/04\\\/02-1.jpeg\",\"datePublished\":\"2022-04-11T21:25:22+00:00\",\"breadcrumb\":{\"@id\":\"https:\\\/\\\/canal7slp.tv\\\/2022\\\/legisladores-aprueban-en-comisiones-la-reforma-electrica\\\/#breadcrumb\"},\"inLanguage\":\"es\",\"potentialAction\":[{\"@type\":\"ReadAction\",\"target\":[\"https:\\\/\\\/canal7slp.tv\\\/2022\\\/legisladores-aprueban-en-comisiones-la-reforma-electrica\\\/\"]}]},{\"@type\":\"ImageObject\",\"inLanguage\":\"es\",\"@id\":\"https:\\\/\\\/canal7slp.tv\\\/2022\\\/legisladores-aprueban-en-comisiones-la-reforma-electrica\\\/#primaryimage\",\"url\":\"https:\\\/\\\/canal7slp.tv\\\/2022\\\/wp-content\\\/uploads\\\/2022\\\/04\\\/02-1.jpeg\",\"contentUrl\":\"https:\\\/\\\/canal7slp.tv\\\/2022\\\/wp-content\\\/uploads\\\/2022\\\/04\\\/02-1.jpeg\",\"width\":1280,\"height\":833,\"caption\":\"CIUDAD DE M\u00c9XICO, 29SEPTIEMBRE2016.- El d\u00eda de hoy, diputados federales votaron para designar a Gloria Hern\u00e1ndez Madrid como integrante del Asamblea Constituyente de la Ciudad de M\u00e9xico. FOTO: SA\u00daL L\u00d3PEZ \\\/CUARTOSCURO.COM\"},{\"@type\":\"BreadcrumbList\",\"@id\":\"https:\\\/\\\/canal7slp.tv\\\/2022\\\/legisladores-aprueban-en-comisiones-la-reforma-electrica\\\/#breadcrumb\",\"itemListElement\":[{\"@type\":\"ListItem\",\"position\":1,\"name\":\"Portada\",\"item\":\"https:\\\/\\\/canal7slp.tv\\\/2022\\\/\"},{\"@type\":\"ListItem\",\"position\":2,\"name\":\"Legisladores aprueban en comisiones la Reforma El\u00e9ctrica\"}]},{\"@type\":\"WebSite\",\"@id\":\"https:\\\/\\\/canal7slp.tv\\\/2022\\\/#website\",\"url\":\"https:\\\/\\\/canal7slp.tv\\\/2022\\\/\",\"name\":\"N7 - Noticieros Canal 7\",\"description\":\"Somos Televisi\u00f3n\",\"publisher\":{\"@id\":\"https:\\\/\\\/canal7slp.tv\\\/2022\\\/#organization\"},\"potentialAction\":[{\"@type\":\"SearchAction\",\"target\":{\"@type\":\"EntryPoint\",\"urlTemplate\":\"https:\\\/\\\/canal7slp.tv\\\/2022\\\/?s={search_term_string}\"},\"query-input\":{\"@type\":\"PropertyValueSpecification\",\"valueRequired\":true,\"valueName\":\"search_term_string\"}}],\"inLanguage\":\"es\"},{\"@type\":\"Organization\",\"@id\":\"https:\\\/\\\/canal7slp.tv\\\/2022\\\/#organization\",\"name\":\"Noticieros Canal 7\",\"url\":\"https:\\\/\\\/canal7slp.tv\\\/2022\\\/\",\"logo\":{\"@type\":\"ImageObject\",\"inLanguage\":\"es\",\"@id\":\"https:\\\/\\\/canal7slp.tv\\\/2022\\\/#\\\/schema\\\/logo\\\/image\\\/\",\"url\":\"https:\\\/\\\/canal7slp.tv\\\/2022\\\/wp-content\\\/uploads\\\/2021\\\/01\\\/logo-noticieros@2x.png\",\"contentUrl\":\"https:\\\/\\\/canal7slp.tv\\\/2022\\\/wp-content\\\/uploads\\\/2021\\\/01\\\/logo-noticieros@2x.png\",\"width\":1017,\"height\":268,\"caption\":\"Noticieros Canal 7\"},\"image\":{\"@id\":\"https:\\\/\\\/canal7slp.tv\\\/2022\\\/#\\\/schema\\\/logo\\\/image\\\/\"},\"sameAs\":[\"https:\\\/\\\/www.facebook.com\\\/noticieroscanalsiete\",\"https:\\\/\\\/x.com\\\/NOTICIEROS7\",\"https:\\\/\\\/www.instagram.com\\\/canal7_slp\",\"https:\\\/\\\/www.youtube.com\\\/channel\\\/UCliiYs-gP3JfJeqdPrNdd5A\"]},{\"@type\":\"Person\",\"@id\":\"https:\\\/\\\/canal7slp.tv\\\/2022\\\/#\\\/schema\\\/person\\\/429704152a21f5f856ce29aa69a238da\",\"name\":\"Edici\u00f3n Web\",\"image\":{\"@type\":\"ImageObject\",\"inLanguage\":\"es\",\"@id\":\"https:\\\/\\\/secure.gravatar.com\\\/avatar\\\/eee448fc3f7164808013b816ba91ac7e43bbe82a70bebac296f8bc6f0addaa1a?s=96&d=mm&r=g\",\"url\":\"https:\\\/\\\/secure.gravatar.com\\\/avatar\\\/eee448fc3f7164808013b816ba91ac7e43bbe82a70bebac296f8bc6f0addaa1a?s=96&d=mm&r=g\",\"contentUrl\":\"https:\\\/\\\/secure.gravatar.com\\\/avatar\\\/eee448fc3f7164808013b816ba91ac7e43bbe82a70bebac296f8bc6f0addaa1a?s=96&d=mm&r=g\",\"caption\":\"Edici\u00f3n Web\"},\"url\":\"https:\\\/\\\/canal7slp.tv\\\/2022\\\/author\\\/edicionweb\\\/\"}]}<\/script>\n<!-- \/ Yoast SEO plugin. -->","yoast_head_json":{"title":"Legisladores aprueban en comisiones la Reforma El\u00e9ctrica - Canal 7 SLP - 2022","robots":{"index":"index","follow":"follow","max-snippet":"max-snippet:-1","max-image-preview":"max-image-preview:large","max-video-preview":"max-video-preview:-1"},"canonical":"https:\/\/canal7slp.tv\/2022\/legisladores-aprueban-en-comisiones-la-reforma-electrica\/","og_locale":"es_ES","og_type":"article","og_title":"Legisladores aprueban en comisiones la Reforma El\u00e9ctrica - Canal 7 SLP - 2022","og_description":"M\u00e9xico.- Con 47 a favor y 37 en contra, las Comisiones Unidas de Energ\u00eda y Puntos Constitucionales de la C\u00e1mara de Diputados aprobaron hoy en lo general y en los art\u00edculos no reservados. Las bancadas de MORENA y sus aliados presentaron un bloque de reservas al dictamen para hacer suyas e incluir las 9 propuestas de la alianza opositora Va por M\u00e9xico. \u201cLes tomamos 9 de sus 12 puntos y como estamos en el mundo al rev\u00e9s, nosotros vamos a aceptar sus reservas y las otras (3) no, porque ya se los recet\u00f3 la Suprema Corte de Justicia de la [&hellip;]","og_url":"https:\/\/canal7slp.tv\/2022\/legisladores-aprueban-en-comisiones-la-reforma-electrica\/","og_site_name":"Canal 7 SLP - 2022","article_publisher":"https:\/\/www.facebook.com\/noticieroscanalsiete","article_published_time":"2022-04-11T21:25:22+00:00","og_image":[{"width":1280,"height":833,"url":"https:\/\/canal7slp.tv\/2022\/wp-content\/uploads\/2022\/04\/02-1.jpeg","type":"image\/jpeg"}],"author":"Edici\u00f3n Web","twitter_card":"summary_large_image","twitter_creator":"@NOTICIEROS7","twitter_site":"@NOTICIEROS7","twitter_misc":{"Escrito por":"Edici\u00f3n Web","Tiempo de lectura":"1 minuto"},"schema":{"@context":"https:\/\/schema.org","@graph":[{"@type":"Article","@id":"https:\/\/canal7slp.tv\/2022\/legisladores-aprueban-en-comisiones-la-reforma-electrica\/#article","isPartOf":{"@id":"https:\/\/canal7slp.tv\/2022\/legisladores-aprueban-en-comisiones-la-reforma-electrica\/"},"author":{"name":"Edici\u00f3n Web","@id":"https:\/\/canal7slp.tv\/2022\/#\/schema\/person\/429704152a21f5f856ce29aa69a238da"},"headline":"Legisladores aprueban en comisiones la Reforma El\u00e9ctrica","datePublished":"2022-04-11T21:25:22+00:00","mainEntityOfPage":{"@id":"https:\/\/canal7slp.tv\/2022\/legisladores-aprueban-en-comisiones-la-reforma-electrica\/"},"wordCount":212,"publisher":{"@id":"https:\/\/canal7slp.tv\/2022\/#organization"},"image":{"@id":"https:\/\/canal7slp.tv\/2022\/legisladores-aprueban-en-comisiones-la-reforma-electrica\/#primaryimage"},"thumbnailUrl":"https:\/\/canal7slp.tv\/2022\/wp-content\/uploads\/2022\/04\/02-1.jpeg","articleSection":["NACIONALES"],"inLanguage":"es"},{"@type":"WebPage","@id":"https:\/\/canal7slp.tv\/2022\/legisladores-aprueban-en-comisiones-la-reforma-electrica\/","url":"https:\/\/canal7slp.tv\/2022\/legisladores-aprueban-en-comisiones-la-reforma-electrica\/","name":"Legisladores aprueban en comisiones la Reforma El\u00e9ctrica - Canal 7 SLP - 2022","isPartOf":{"@id":"https:\/\/canal7slp.tv\/2022\/#website"},"primaryImageOfPage":{"@id":"https:\/\/canal7slp.tv\/2022\/legisladores-aprueban-en-comisiones-la-reforma-electrica\/#primaryimage"},"image":{"@id":"https:\/\/canal7slp.tv\/2022\/legisladores-aprueban-en-comisiones-la-reforma-electrica\/#primaryimage"},"thumbnailUrl":"https:\/\/canal7slp.tv\/2022\/wp-content\/uploads\/2022\/04\/02-1.jpeg","datePublished":"2022-04-11T21:25:22+00:00","breadcrumb":{"@id":"https:\/\/canal7slp.tv\/2022\/legisladores-aprueban-en-comisiones-la-reforma-electrica\/#breadcrumb"},"inLanguage":"es","potentialAction":[{"@type":"ReadAction","target":["https:\/\/canal7slp.tv\/2022\/legisladores-aprueban-en-comisiones-la-reforma-electrica\/"]}]},{"@type":"ImageObject","inLanguage":"es","@id":"https:\/\/canal7slp.tv\/2022\/legisladores-aprueban-en-comisiones-la-reforma-electrica\/#primaryimage","url":"https:\/\/canal7slp.tv\/2022\/wp-content\/uploads\/2022\/04\/02-1.jpeg","contentUrl":"https:\/\/canal7slp.tv\/2022\/wp-content\/uploads\/2022\/04\/02-1.jpeg","width":1280,"height":833,"caption":"CIUDAD DE M\u00c9XICO, 29SEPTIEMBRE2016.- El d\u00eda de hoy, diputados federales votaron para designar a Gloria Hern\u00e1ndez Madrid como integrante del Asamblea Constituyente de la Ciudad de M\u00e9xico. FOTO: SA\u00daL L\u00d3PEZ \/CUARTOSCURO.COM"},{"@type":"BreadcrumbList","@id":"https:\/\/canal7slp.tv\/2022\/legisladores-aprueban-en-comisiones-la-reforma-electrica\/#breadcrumb","itemListElement":[{"@type":"ListItem","position":1,"name":"Portada","item":"https:\/\/canal7slp.tv\/2022\/"},{"@type":"ListItem","position":2,"name":"Legisladores aprueban en comisiones la Reforma El\u00e9ctrica"}]},{"@type":"WebSite","@id":"https:\/\/canal7slp.tv\/2022\/#website","url":"https:\/\/canal7slp.tv\/2022\/","name":"N7 - Noticieros Canal 7","description":"Somos Televisi\u00f3n","publisher":{"@id":"https:\/\/canal7slp.tv\/2022\/#organization"},"potentialAction":[{"@type":"SearchAction","target":{"@type":"EntryPoint","urlTemplate":"https:\/\/canal7slp.tv\/2022\/?s={search_term_string}"},"query-input":{"@type":"PropertyValueSpecification","valueRequired":true,"valueName":"search_term_string"}}],"inLanguage":"es"},{"@type":"Organization","@id":"https:\/\/canal7slp.tv\/2022\/#organization","name":"Noticieros Canal 7","url":"https:\/\/canal7slp.tv\/2022\/","logo":{"@type":"ImageObject","inLanguage":"es","@id":"https:\/\/canal7slp.tv\/2022\/#\/schema\/logo\/image\/","url":"https:\/\/canal7slp.tv\/2022\/wp-content\/uploads\/2021\/01\/logo-noticieros@2x.png","contentUrl":"https:\/\/canal7slp.tv\/2022\/wp-content\/uploads\/2021\/01\/logo-noticieros@2x.png","width":1017,"height":268,"caption":"Noticieros Canal 7"},"image":{"@id":"https:\/\/canal7slp.tv\/2022\/#\/schema\/logo\/image\/"},"sameAs":["https:\/\/www.facebook.com\/noticieroscanalsiete","https:\/\/x.com\/NOTICIEROS7","https:\/\/www.instagram.com\/canal7_slp","https:\/\/www.youtube.com\/channel\/UCliiYs-gP3JfJeqdPrNdd5A"]},{"@type":"Person","@id":"https:\/\/canal7slp.tv\/2022\/#\/schema\/person\/429704152a21f5f856ce29aa69a238da","name":"Edici\u00f3n Web","image":{"@type":"ImageObject","inLanguage":"es","@id":"https:\/\/secure.gravatar.com\/avatar\/eee448fc3f7164808013b816ba91ac7e43bbe82a70bebac296f8bc6f0addaa1a?s=96&d=mm&r=g","url":"https:\/\/secure.gravatar.com\/avatar\/eee448fc3f7164808013b816ba91ac7e43bbe82a70bebac296f8bc6f0addaa1a?s=96&d=mm&r=g","contentUrl":"https:\/\/secure.gravatar.com\/avatar\/eee448fc3f7164808013b816ba91ac7e43bbe82a70bebac296f8bc6f0addaa1a?s=96&d=mm&r=g","caption":"Edici\u00f3n Web"},"url":"https:\/\/canal7slp.tv\/2022\/author\/edicionweb\/"}]}},"amp_enabled":true,"_links":{"self":[{"href":"https:\/\/canal7slp.tv\/2022\/wp-json\/wp\/v2\/posts\/56965","targetHints":{"allow":["GET"]}}],"collection":[{"href":"https:\/\/canal7slp.tv\/2022\/wp-json\/wp\/v2\/posts"}],"about":[{"href":"https:\/\/canal7slp.tv\/2022\/wp-json\/wp\/v2\/types\/post"}],"author":[{"embeddable":true,"href":"https:\/\/canal7slp.tv\/2022\/wp-json\/wp\/v2\/users\/2"}],"replies":[{"embeddable":true,"href":"https:\/\/canal7slp.tv\/2022\/wp-json\/wp\/v2\/comments?post=56965"}],"version-history":[{"count":2,"href":"https:\/\/canal7slp.tv\/2022\/wp-json\/wp\/v2\/posts\/56965\/revisions"}],"predecessor-version":[{"id":56981,"href":"https:\/\/canal7slp.tv\/2022\/wp-json\/wp\/v2\/posts\/56965\/revisions\/56981"}],"wp:featuredmedia":[{"embeddable":true,"href":"https:\/\/canal7slp.tv\/2022\/wp-json\/wp\/v2\/media\/56975"}],"wp:attachment":[{"href":"https:\/\/canal7slp.tv\/2022\/wp-json\/wp\/v2\/media?parent=56965"}],"wp:term":[{"taxonomy":"category","embeddable":true,"href":"https:\/\/canal7slp.tv\/2022\/wp-json\/wp\/v2\/categories?post=56965"},{"taxonomy":"post_tag","embeddable":true,"href":"https:\/\/canal7slp.tv\/2022\/wp-json\/wp\/v2\/tags?post=56965"}],"curies":[{"name":"wp","href":"https:\/\/api.w.org\/{rel}","templated":true}]}}