{"id":56964,"date":"2022-04-11T15:25:23","date_gmt":"2022-04-11T21:25:23","guid":{"rendered":"https:\/\/canal7slp.tv\/2022\/?p=56964"},"modified":"2022-04-11T15:25:23","modified_gmt":"2022-04-11T21:25:23","slug":"emilio-lozoya-logra-acuerdo-reparatorio-con-pemex","status":"publish","type":"post","link":"https:\/\/canal7slp.tv\/2022\/emilio-lozoya-logra-acuerdo-reparatorio-con-pemex\/","title":{"rendered":"Emilio Lozoya logra acuerdo reparatorio con PEMEX"},"content":{"rendered":"<p style=\"text-align: justify;\">M\u00e9xico.- Emilio Lozoya Austin logr\u00f3 acord\u00f3 un acuerdo reparatorio con Petr\u00f3leos Mexicanos (PEMEX) para librar la acusaci\u00f3n en su contra por el caso de Agronitrogenados.<\/p>\n<p style=\"text-align: justify;\">En caso de que el Juez autorice el acuerdo, el exdirector de PEMEX tendr\u00e1 que pagar 220 millones de pesos por concepto de reparaci\u00f3n del da\u00f1o por la compraventa irregular de la planta de fertilizantes.<\/p>\n<p style=\"text-align: justify;\">La Fiscal\u00eda General de la Rep\u00fablica (FGR), se\u00f1al\u00f3 que Lozoya Austin enfrenta otros cargos por asociaci\u00f3n delictuosa y lavado de dinero por supuestamente recibir sobornos de la constructora brasile\u00f1a Odebrecht.<\/p>\n<p style=\"text-align: justify;\">Aunado a esto, la FGR buscar\u00e1 imputarle el pr\u00f3ximo 14 de abril por defraudaci\u00f3n fiscal.<\/p>\n","protected":false},"excerpt":{"rendered":"<p>M\u00e9xico.- Emilio Lozoya Austin logr\u00f3 acord\u00f3 un acuerdo reparatorio con Petr\u00f3leos Mexicanos (PEMEX) para librar la acusaci\u00f3n en su contra por el caso de Agronitrogenados. En caso de que el Juez autorice el acuerdo, el exdirector de PEMEX tendr\u00e1 que pagar 220 millones de pesos por concepto de reparaci\u00f3n del da\u00f1o por la compraventa irregular de la planta de fertilizantes. La Fiscal\u00eda General de la Rep\u00fablica (FGR), se\u00f1al\u00f3 que Lozoya Austin enfrenta otros cargos por asociaci\u00f3n delictuosa y lavado de dinero por supuestamente recibir sobornos de la constructora brasile\u00f1a Odebrecht. Aunado a esto, la FGR buscar\u00e1 imputarle el pr\u00f3ximo 14 [&hellip;]<\/p>\n","protected":false},"author":2,"featured_media":56974,"comment_status":"closed","ping_status":"closed","sticky":false,"template":"","format":"standard","meta":{"footnotes":""},"categories":[46],"tags":[],"class_list":["post-56964","post","type-post","status-publish","format-standard","has-post-thumbnail","hentry","category-nacional","post--single"],"yoast_head":"<!-- This site is optimized with the Yoast SEO plugin v27.5 - https:\/\/yoast.com\/product\/yoast-seo-wordpress\/ -->\n<title>Emilio Lozoya logra acuerdo reparatorio con PEMEX - Canal 7 SLP - 2022<\/title>\n<meta name=\"robots\" content=\"index, follow, max-snippet:-1, max-image-preview:large, max-video-preview:-1\" \/>\n<link rel=\"canonical\" href=\"https:\/\/canal7slp.tv\/2022\/emilio-lozoya-logra-acuerdo-reparatorio-con-pemex\/\" \/>\n<meta property=\"og:locale\" content=\"es_ES\" \/>\n<meta property=\"og:type\" content=\"article\" \/>\n<meta property=\"og:title\" content=\"Emilio Lozoya logra acuerdo reparatorio con PEMEX - Canal 7 SLP - 2022\" \/>\n<meta property=\"og:description\" content=\"M\u00e9xico.- Emilio Lozoya Austin logr\u00f3 acord\u00f3 un acuerdo reparatorio con Petr\u00f3leos Mexicanos (PEMEX) para librar la acusaci\u00f3n en su contra por el caso de Agronitrogenados. En caso de que el Juez autorice el acuerdo, el exdirector de PEMEX tendr\u00e1 que pagar 220 millones de pesos por concepto de reparaci\u00f3n del da\u00f1o por la compraventa irregular de la planta de fertilizantes. La Fiscal\u00eda General de la Rep\u00fablica (FGR), se\u00f1al\u00f3 que Lozoya Austin enfrenta otros cargos por asociaci\u00f3n delictuosa y lavado de dinero por supuestamente recibir sobornos de la constructora brasile\u00f1a Odebrecht. Aunado a esto, la FGR buscar\u00e1 imputarle el pr\u00f3ximo 14 [&hellip;]\" \/>\n<meta property=\"og:url\" content=\"https:\/\/canal7slp.tv\/2022\/emilio-lozoya-logra-acuerdo-reparatorio-con-pemex\/\" \/>\n<meta property=\"og:site_name\" content=\"Canal 7 SLP - 2022\" \/>\n<meta property=\"article:publisher\" content=\"https:\/\/www.facebook.com\/noticieroscanalsiete\" \/>\n<meta property=\"article:published_time\" content=\"2022-04-11T21:25:23+00:00\" \/>\n<meta property=\"og:image\" content=\"https:\/\/canal7slp.tv\/2022\/wp-content\/uploads\/2022\/04\/01-6.jpg\" \/>\n\t<meta property=\"og:image:width\" content=\"1152\" \/>\n\t<meta property=\"og:image:height\" content=\"648\" \/>\n\t<meta property=\"og:image:type\" content=\"image\/jpeg\" \/>\n<meta name=\"author\" content=\"Edici\u00f3n Web\" \/>\n<meta name=\"twitter:card\" content=\"summary_large_image\" \/>\n<meta name=\"twitter:creator\" content=\"@NOTICIEROS7\" \/>\n<meta name=\"twitter:site\" content=\"@NOTICIEROS7\" \/>\n<meta name=\"twitter:label1\" content=\"Escrito por\" \/>\n\t<meta name=\"twitter:data1\" content=\"Edici\u00f3n Web\" \/>\n\t<meta name=\"twitter:label2\" content=\"Tiempo de lectura\" \/>\n\t<meta name=\"twitter:data2\" content=\"1 minuto\" \/>\n<script type=\"application\/ld+json\" class=\"yoast-schema-graph\">{\"@context\":\"https:\\\/\\\/schema.org\",\"@graph\":[{\"@type\":\"Article\",\"@id\":\"https:\\\/\\\/canal7slp.tv\\\/2022\\\/emilio-lozoya-logra-acuerdo-reparatorio-con-pemex\\\/#article\",\"isPartOf\":{\"@id\":\"https:\\\/\\\/canal7slp.tv\\\/2022\\\/emilio-lozoya-logra-acuerdo-reparatorio-con-pemex\\\/\"},\"author\":{\"name\":\"Edici\u00f3n Web\",\"@id\":\"https:\\\/\\\/canal7slp.tv\\\/2022\\\/#\\\/schema\\\/person\\\/429704152a21f5f856ce29aa69a238da\"},\"headline\":\"Emilio Lozoya logra acuerdo reparatorio con PEMEX\",\"datePublished\":\"2022-04-11T21:25:23+00:00\",\"mainEntityOfPage\":{\"@id\":\"https:\\\/\\\/canal7slp.tv\\\/2022\\\/emilio-lozoya-logra-acuerdo-reparatorio-con-pemex\\\/\"},\"wordCount\":123,\"publisher\":{\"@id\":\"https:\\\/\\\/canal7slp.tv\\\/2022\\\/#organization\"},\"image\":{\"@id\":\"https:\\\/\\\/canal7slp.tv\\\/2022\\\/emilio-lozoya-logra-acuerdo-reparatorio-con-pemex\\\/#primaryimage\"},\"thumbnailUrl\":\"https:\\\/\\\/canal7slp.tv\\\/2022\\\/wp-content\\\/uploads\\\/2022\\\/04\\\/01-6.jpg\",\"articleSection\":[\"NACIONALES\"],\"inLanguage\":\"es\"},{\"@type\":\"WebPage\",\"@id\":\"https:\\\/\\\/canal7slp.tv\\\/2022\\\/emilio-lozoya-logra-acuerdo-reparatorio-con-pemex\\\/\",\"url\":\"https:\\\/\\\/canal7slp.tv\\\/2022\\\/emilio-lozoya-logra-acuerdo-reparatorio-con-pemex\\\/\",\"name\":\"Emilio Lozoya logra acuerdo reparatorio con PEMEX - Canal 7 SLP - 2022\",\"isPartOf\":{\"@id\":\"https:\\\/\\\/canal7slp.tv\\\/2022\\\/#website\"},\"primaryImageOfPage\":{\"@id\":\"https:\\\/\\\/canal7slp.tv\\\/2022\\\/emilio-lozoya-logra-acuerdo-reparatorio-con-pemex\\\/#primaryimage\"},\"image\":{\"@id\":\"https:\\\/\\\/canal7slp.tv\\\/2022\\\/emilio-lozoya-logra-acuerdo-reparatorio-con-pemex\\\/#primaryimage\"},\"thumbnailUrl\":\"https:\\\/\\\/canal7slp.tv\\\/2022\\\/wp-content\\\/uploads\\\/2022\\\/04\\\/01-6.jpg\",\"datePublished\":\"2022-04-11T21:25:23+00:00\",\"breadcrumb\":{\"@id\":\"https:\\\/\\\/canal7slp.tv\\\/2022\\\/emilio-lozoya-logra-acuerdo-reparatorio-con-pemex\\\/#breadcrumb\"},\"inLanguage\":\"es\",\"potentialAction\":[{\"@type\":\"ReadAction\",\"target\":[\"https:\\\/\\\/canal7slp.tv\\\/2022\\\/emilio-lozoya-logra-acuerdo-reparatorio-con-pemex\\\/\"]}]},{\"@type\":\"ImageObject\",\"inLanguage\":\"es\",\"@id\":\"https:\\\/\\\/canal7slp.tv\\\/2022\\\/emilio-lozoya-logra-acuerdo-reparatorio-con-pemex\\\/#primaryimage\",\"url\":\"https:\\\/\\\/canal7slp.tv\\\/2022\\\/wp-content\\\/uploads\\\/2022\\\/04\\\/01-6.jpg\",\"contentUrl\":\"https:\\\/\\\/canal7slp.tv\\\/2022\\\/wp-content\\\/uploads\\\/2022\\\/04\\\/01-6.jpg\",\"width\":1152,\"height\":648},{\"@type\":\"BreadcrumbList\",\"@id\":\"https:\\\/\\\/canal7slp.tv\\\/2022\\\/emilio-lozoya-logra-acuerdo-reparatorio-con-pemex\\\/#breadcrumb\",\"itemListElement\":[{\"@type\":\"ListItem\",\"position\":1,\"name\":\"Portada\",\"item\":\"https:\\\/\\\/canal7slp.tv\\\/2022\\\/\"},{\"@type\":\"ListItem\",\"position\":2,\"name\":\"Emilio Lozoya logra acuerdo reparatorio con PEMEX\"}]},{\"@type\":\"WebSite\",\"@id\":\"https:\\\/\\\/canal7slp.tv\\\/2022\\\/#website\",\"url\":\"https:\\\/\\\/canal7slp.tv\\\/2022\\\/\",\"name\":\"N7 - Noticieros Canal 7\",\"description\":\"Somos Televisi\u00f3n\",\"publisher\":{\"@id\":\"https:\\\/\\\/canal7slp.tv\\\/2022\\\/#organization\"},\"potentialAction\":[{\"@type\":\"SearchAction\",\"target\":{\"@type\":\"EntryPoint\",\"urlTemplate\":\"https:\\\/\\\/canal7slp.tv\\\/2022\\\/?s={search_term_string}\"},\"query-input\":{\"@type\":\"PropertyValueSpecification\",\"valueRequired\":true,\"valueName\":\"search_term_string\"}}],\"inLanguage\":\"es\"},{\"@type\":\"Organization\",\"@id\":\"https:\\\/\\\/canal7slp.tv\\\/2022\\\/#organization\",\"name\":\"Noticieros Canal 7\",\"url\":\"https:\\\/\\\/canal7slp.tv\\\/2022\\\/\",\"logo\":{\"@type\":\"ImageObject\",\"inLanguage\":\"es\",\"@id\":\"https:\\\/\\\/canal7slp.tv\\\/2022\\\/#\\\/schema\\\/logo\\\/image\\\/\",\"url\":\"https:\\\/\\\/canal7slp.tv\\\/2022\\\/wp-content\\\/uploads\\\/2021\\\/01\\\/logo-noticieros@2x.png\",\"contentUrl\":\"https:\\\/\\\/canal7slp.tv\\\/2022\\\/wp-content\\\/uploads\\\/2021\\\/01\\\/logo-noticieros@2x.png\",\"width\":1017,\"height\":268,\"caption\":\"Noticieros Canal 7\"},\"image\":{\"@id\":\"https:\\\/\\\/canal7slp.tv\\\/2022\\\/#\\\/schema\\\/logo\\\/image\\\/\"},\"sameAs\":[\"https:\\\/\\\/www.facebook.com\\\/noticieroscanalsiete\",\"https:\\\/\\\/x.com\\\/NOTICIEROS7\",\"https:\\\/\\\/www.instagram.com\\\/canal7_slp\",\"https:\\\/\\\/www.youtube.com\\\/channel\\\/UCliiYs-gP3JfJeqdPrNdd5A\"]},{\"@type\":\"Person\",\"@id\":\"https:\\\/\\\/canal7slp.tv\\\/2022\\\/#\\\/schema\\\/person\\\/429704152a21f5f856ce29aa69a238da\",\"name\":\"Edici\u00f3n Web\",\"image\":{\"@type\":\"ImageObject\",\"inLanguage\":\"es\",\"@id\":\"https:\\\/\\\/secure.gravatar.com\\\/avatar\\\/eee448fc3f7164808013b816ba91ac7e43bbe82a70bebac296f8bc6f0addaa1a?s=96&d=mm&r=g\",\"url\":\"https:\\\/\\\/secure.gravatar.com\\\/avatar\\\/eee448fc3f7164808013b816ba91ac7e43bbe82a70bebac296f8bc6f0addaa1a?s=96&d=mm&r=g\",\"contentUrl\":\"https:\\\/\\\/secure.gravatar.com\\\/avatar\\\/eee448fc3f7164808013b816ba91ac7e43bbe82a70bebac296f8bc6f0addaa1a?s=96&d=mm&r=g\",\"caption\":\"Edici\u00f3n Web\"},\"url\":\"https:\\\/\\\/canal7slp.tv\\\/2022\\\/author\\\/edicionweb\\\/\"}]}<\/script>\n<!-- \/ Yoast SEO plugin. -->","yoast_head_json":{"title":"Emilio Lozoya logra acuerdo reparatorio con PEMEX - Canal 7 SLP - 2022","robots":{"index":"index","follow":"follow","max-snippet":"max-snippet:-1","max-image-preview":"max-image-preview:large","max-video-preview":"max-video-preview:-1"},"canonical":"https:\/\/canal7slp.tv\/2022\/emilio-lozoya-logra-acuerdo-reparatorio-con-pemex\/","og_locale":"es_ES","og_type":"article","og_title":"Emilio Lozoya logra acuerdo reparatorio con PEMEX - Canal 7 SLP - 2022","og_description":"M\u00e9xico.- Emilio Lozoya Austin logr\u00f3 acord\u00f3 un acuerdo reparatorio con Petr\u00f3leos Mexicanos (PEMEX) para librar la acusaci\u00f3n en su contra por el caso de Agronitrogenados. En caso de que el Juez autorice el acuerdo, el exdirector de PEMEX tendr\u00e1 que pagar 220 millones de pesos por concepto de reparaci\u00f3n del da\u00f1o por la compraventa irregular de la planta de fertilizantes. La Fiscal\u00eda General de la Rep\u00fablica (FGR), se\u00f1al\u00f3 que Lozoya Austin enfrenta otros cargos por asociaci\u00f3n delictuosa y lavado de dinero por supuestamente recibir sobornos de la constructora brasile\u00f1a Odebrecht. Aunado a esto, la FGR buscar\u00e1 imputarle el pr\u00f3ximo 14 [&hellip;]","og_url":"https:\/\/canal7slp.tv\/2022\/emilio-lozoya-logra-acuerdo-reparatorio-con-pemex\/","og_site_name":"Canal 7 SLP - 2022","article_publisher":"https:\/\/www.facebook.com\/noticieroscanalsiete","article_published_time":"2022-04-11T21:25:23+00:00","og_image":[{"width":1152,"height":648,"url":"https:\/\/canal7slp.tv\/2022\/wp-content\/uploads\/2022\/04\/01-6.jpg","type":"image\/jpeg"}],"author":"Edici\u00f3n Web","twitter_card":"summary_large_image","twitter_creator":"@NOTICIEROS7","twitter_site":"@NOTICIEROS7","twitter_misc":{"Escrito por":"Edici\u00f3n Web","Tiempo de lectura":"1 minuto"},"schema":{"@context":"https:\/\/schema.org","@graph":[{"@type":"Article","@id":"https:\/\/canal7slp.tv\/2022\/emilio-lozoya-logra-acuerdo-reparatorio-con-pemex\/#article","isPartOf":{"@id":"https:\/\/canal7slp.tv\/2022\/emilio-lozoya-logra-acuerdo-reparatorio-con-pemex\/"},"author":{"name":"Edici\u00f3n Web","@id":"https:\/\/canal7slp.tv\/2022\/#\/schema\/person\/429704152a21f5f856ce29aa69a238da"},"headline":"Emilio Lozoya logra acuerdo reparatorio con PEMEX","datePublished":"2022-04-11T21:25:23+00:00","mainEntityOfPage":{"@id":"https:\/\/canal7slp.tv\/2022\/emilio-lozoya-logra-acuerdo-reparatorio-con-pemex\/"},"wordCount":123,"publisher":{"@id":"https:\/\/canal7slp.tv\/2022\/#organization"},"image":{"@id":"https:\/\/canal7slp.tv\/2022\/emilio-lozoya-logra-acuerdo-reparatorio-con-pemex\/#primaryimage"},"thumbnailUrl":"https:\/\/canal7slp.tv\/2022\/wp-content\/uploads\/2022\/04\/01-6.jpg","articleSection":["NACIONALES"],"inLanguage":"es"},{"@type":"WebPage","@id":"https:\/\/canal7slp.tv\/2022\/emilio-lozoya-logra-acuerdo-reparatorio-con-pemex\/","url":"https:\/\/canal7slp.tv\/2022\/emilio-lozoya-logra-acuerdo-reparatorio-con-pemex\/","name":"Emilio Lozoya logra acuerdo reparatorio con PEMEX - Canal 7 SLP - 2022","isPartOf":{"@id":"https:\/\/canal7slp.tv\/2022\/#website"},"primaryImageOfPage":{"@id":"https:\/\/canal7slp.tv\/2022\/emilio-lozoya-logra-acuerdo-reparatorio-con-pemex\/#primaryimage"},"image":{"@id":"https:\/\/canal7slp.tv\/2022\/emilio-lozoya-logra-acuerdo-reparatorio-con-pemex\/#primaryimage"},"thumbnailUrl":"https:\/\/canal7slp.tv\/2022\/wp-content\/uploads\/2022\/04\/01-6.jpg","datePublished":"2022-04-11T21:25:23+00:00","breadcrumb":{"@id":"https:\/\/canal7slp.tv\/2022\/emilio-lozoya-logra-acuerdo-reparatorio-con-pemex\/#breadcrumb"},"inLanguage":"es","potentialAction":[{"@type":"ReadAction","target":["https:\/\/canal7slp.tv\/2022\/emilio-lozoya-logra-acuerdo-reparatorio-con-pemex\/"]}]},{"@type":"ImageObject","inLanguage":"es","@id":"https:\/\/canal7slp.tv\/2022\/emilio-lozoya-logra-acuerdo-reparatorio-con-pemex\/#primaryimage","url":"https:\/\/canal7slp.tv\/2022\/wp-content\/uploads\/2022\/04\/01-6.jpg","contentUrl":"https:\/\/canal7slp.tv\/2022\/wp-content\/uploads\/2022\/04\/01-6.jpg","width":1152,"height":648},{"@type":"BreadcrumbList","@id":"https:\/\/canal7slp.tv\/2022\/emilio-lozoya-logra-acuerdo-reparatorio-con-pemex\/#breadcrumb","itemListElement":[{"@type":"ListItem","position":1,"name":"Portada","item":"https:\/\/canal7slp.tv\/2022\/"},{"@type":"ListItem","position":2,"name":"Emilio Lozoya logra acuerdo reparatorio con PEMEX"}]},{"@type":"WebSite","@id":"https:\/\/canal7slp.tv\/2022\/#website","url":"https:\/\/canal7slp.tv\/2022\/","name":"N7 - Noticieros Canal 7","description":"Somos Televisi\u00f3n","publisher":{"@id":"https:\/\/canal7slp.tv\/2022\/#organization"},"potentialAction":[{"@type":"SearchAction","target":{"@type":"EntryPoint","urlTemplate":"https:\/\/canal7slp.tv\/2022\/?s={search_term_string}"},"query-input":{"@type":"PropertyValueSpecification","valueRequired":true,"valueName":"search_term_string"}}],"inLanguage":"es"},{"@type":"Organization","@id":"https:\/\/canal7slp.tv\/2022\/#organization","name":"Noticieros Canal 7","url":"https:\/\/canal7slp.tv\/2022\/","logo":{"@type":"ImageObject","inLanguage":"es","@id":"https:\/\/canal7slp.tv\/2022\/#\/schema\/logo\/image\/","url":"https:\/\/canal7slp.tv\/2022\/wp-content\/uploads\/2021\/01\/logo-noticieros@2x.png","contentUrl":"https:\/\/canal7slp.tv\/2022\/wp-content\/uploads\/2021\/01\/logo-noticieros@2x.png","width":1017,"height":268,"caption":"Noticieros Canal 7"},"image":{"@id":"https:\/\/canal7slp.tv\/2022\/#\/schema\/logo\/image\/"},"sameAs":["https:\/\/www.facebook.com\/noticieroscanalsiete","https:\/\/x.com\/NOTICIEROS7","https:\/\/www.instagram.com\/canal7_slp","https:\/\/www.youtube.com\/channel\/UCliiYs-gP3JfJeqdPrNdd5A"]},{"@type":"Person","@id":"https:\/\/canal7slp.tv\/2022\/#\/schema\/person\/429704152a21f5f856ce29aa69a238da","name":"Edici\u00f3n Web","image":{"@type":"ImageObject","inLanguage":"es","@id":"https:\/\/secure.gravatar.com\/avatar\/eee448fc3f7164808013b816ba91ac7e43bbe82a70bebac296f8bc6f0addaa1a?s=96&d=mm&r=g","url":"https:\/\/secure.gravatar.com\/avatar\/eee448fc3f7164808013b816ba91ac7e43bbe82a70bebac296f8bc6f0addaa1a?s=96&d=mm&r=g","contentUrl":"https:\/\/secure.gravatar.com\/avatar\/eee448fc3f7164808013b816ba91ac7e43bbe82a70bebac296f8bc6f0addaa1a?s=96&d=mm&r=g","caption":"Edici\u00f3n Web"},"url":"https:\/\/canal7slp.tv\/2022\/author\/edicionweb\/"}]}},"amp_enabled":true,"_links":{"self":[{"href":"https:\/\/canal7slp.tv\/2022\/wp-json\/wp\/v2\/posts\/56964","targetHints":{"allow":["GET"]}}],"collection":[{"href":"https:\/\/canal7slp.tv\/2022\/wp-json\/wp\/v2\/posts"}],"about":[{"href":"https:\/\/canal7slp.tv\/2022\/wp-json\/wp\/v2\/types\/post"}],"author":[{"embeddable":true,"href":"https:\/\/canal7slp.tv\/2022\/wp-json\/wp\/v2\/users\/2"}],"replies":[{"embeddable":true,"href":"https:\/\/canal7slp.tv\/2022\/wp-json\/wp\/v2\/comments?post=56964"}],"version-history":[{"count":2,"href":"https:\/\/canal7slp.tv\/2022\/wp-json\/wp\/v2\/posts\/56964\/revisions"}],"predecessor-version":[{"id":56982,"href":"https:\/\/canal7slp.tv\/2022\/wp-json\/wp\/v2\/posts\/56964\/revisions\/56982"}],"wp:featuredmedia":[{"embeddable":true,"href":"https:\/\/canal7slp.tv\/2022\/wp-json\/wp\/v2\/media\/56974"}],"wp:attachment":[{"href":"https:\/\/canal7slp.tv\/2022\/wp-json\/wp\/v2\/media?parent=56964"}],"wp:term":[{"taxonomy":"category","embeddable":true,"href":"https:\/\/canal7slp.tv\/2022\/wp-json\/wp\/v2\/categories?post=56964"},{"taxonomy":"post_tag","embeddable":true,"href":"https:\/\/canal7slp.tv\/2022\/wp-json\/wp\/v2\/tags?post=56964"}],"curies":[{"name":"wp","href":"https:\/\/api.w.org\/{rel}","templated":true}]}}