{"id":56777,"date":"2022-04-08T17:33:04","date_gmt":"2022-04-08T23:33:04","guid":{"rendered":"https:\/\/canal7slp.tv\/2022\/?p=56777"},"modified":"2022-04-09T17:25:46","modified_gmt":"2022-04-09T23:25:46","slug":"confirman-que-restos-encontrados-en-santa-rita-eran-los-de-nayeli","status":"publish","type":"post","link":"https:\/\/canal7slp.tv\/2022\/confirman-que-restos-encontrados-en-santa-rita-eran-los-de-nayeli\/","title":{"rendered":"Confirman que restos encontrados en Santa Rita eran los de Nayeli."},"content":{"rendered":"<p style=\"text-align: justify;\">SLP.-\u00a0A ra\u00edz de la comparativa de perfiles gen\u00e9ticos de los padres de Nayeli con los restos \u00f3seos encontrados el primero de abril del presente, la Fiscal\u00eda General del Estado (FGESLP) inform\u00f3 que el grado de parentesco fue 99.9 por ciento.<\/p>\n<p style=\"text-align: justify;\">Autoridades se reunieron con los padres de Nayeli. Fue establecido que los restos correspond\u00edan a una mujer en un rango de 20 a 30 a\u00f1os.<\/p>\n<p style=\"text-align: justify;\">Fue la perito en Gen\u00e9tica Forense quien expuso el procedimiento para la obtenci\u00f3n de perfiles gen\u00e9ticos de los familiares -y los restos hallados en un predio de Santa Rita, en San Luis Potos\u00ed-.<\/p>\n<p style=\"text-align: justify;\">\u00c9stos fueron comparados y se concluy\u00f3 el parentesco.<\/p>\n<p style=\"text-align: justify;\">A la junta habr\u00edan acudido de parte de la Fiscal\u00eda Especializada en Materia de Derechos Humanos, la Unidad para la Atenci\u00f3n de Personas Desaparecidas o Extraviadas. Tambi\u00e9n la Subsecretar\u00eda de Derechos Humanos y la el Comisionado Estatal de B\u00fasqueda de Personas.<\/p>\n","protected":false},"excerpt":{"rendered":"<p>SLP.-\u00a0A ra\u00edz de la comparativa de perfiles gen\u00e9ticos de los padres de Nayeli con los restos \u00f3seos encontrados el primero de abril del presente, la Fiscal\u00eda General del Estado (FGESLP) inform\u00f3 que el grado de parentesco fue 99.9 por ciento. Autoridades se reunieron con los padres de Nayeli. Fue establecido que los restos correspond\u00edan a una mujer en un rango de 20 a 30 a\u00f1os. Fue la perito en Gen\u00e9tica Forense quien expuso el procedimiento para la obtenci\u00f3n de perfiles gen\u00e9ticos de los familiares -y los restos hallados en un predio de Santa Rita, en San Luis Potos\u00ed-. \u00c9stos fueron [&hellip;]<\/p>\n","protected":false},"author":2,"featured_media":56854,"comment_status":"closed","ping_status":"closed","sticky":false,"template":"","format":"video","meta":{"footnotes":""},"categories":[5,45],"tags":[],"class_list":["post-56777","post","type-post","status-publish","format-video","has-post-thumbnail","hentry","category-destacadas","category-localesyregionales","post_format-post-format-video","post--single"],"yoast_head":"<!-- This site is optimized with the Yoast SEO plugin v27.4 - https:\/\/yoast.com\/product\/yoast-seo-wordpress\/ -->\n<title>Confirman que restos encontrados en Santa Rita eran los de Nayeli. - Canal 7 SLP - 2022<\/title>\n<meta name=\"robots\" content=\"index, follow, max-snippet:-1, max-image-preview:large, max-video-preview:-1\" \/>\n<link rel=\"canonical\" href=\"https:\/\/canal7slp.tv\/2022\/confirman-que-restos-encontrados-en-santa-rita-eran-los-de-nayeli\/\" \/>\n<meta property=\"og:locale\" content=\"es_ES\" \/>\n<meta property=\"og:type\" content=\"article\" \/>\n<meta property=\"og:title\" content=\"Confirman que restos encontrados en Santa Rita eran los de Nayeli. - Canal 7 SLP - 2022\" \/>\n<meta property=\"og:description\" content=\"SLP.-\u00a0A ra\u00edz de la comparativa de perfiles gen\u00e9ticos de los padres de Nayeli con los restos \u00f3seos encontrados el primero de abril del presente, la Fiscal\u00eda General del Estado (FGESLP) inform\u00f3 que el grado de parentesco fue 99.9 por ciento. Autoridades se reunieron con los padres de Nayeli. Fue establecido que los restos correspond\u00edan a una mujer en un rango de 20 a 30 a\u00f1os. Fue la perito en Gen\u00e9tica Forense quien expuso el procedimiento para la obtenci\u00f3n de perfiles gen\u00e9ticos de los familiares -y los restos hallados en un predio de Santa Rita, en San Luis Potos\u00ed-. \u00c9stos fueron [&hellip;]\" \/>\n<meta property=\"og:url\" content=\"https:\/\/canal7slp.tv\/2022\/confirman-que-restos-encontrados-en-santa-rita-eran-los-de-nayeli\/\" \/>\n<meta property=\"og:site_name\" content=\"Canal 7 SLP - 2022\" \/>\n<meta property=\"article:publisher\" content=\"https:\/\/www.facebook.com\/noticieroscanalsiete\" \/>\n<meta property=\"article:published_time\" content=\"2022-04-08T23:33:04+00:00\" \/>\n<meta property=\"article:modified_time\" content=\"2022-04-09T23:25:46+00:00\" \/>\n<meta property=\"og:image\" content=\"https:\/\/canal7slp.tv\/2022\/wp-content\/uploads\/2022\/04\/Pau01Nayeli.jpg\" \/>\n\t<meta property=\"og:image:width\" content=\"888\" \/>\n\t<meta property=\"og:image:height\" content=\"500\" \/>\n\t<meta property=\"og:image:type\" content=\"image\/jpeg\" \/>\n<meta name=\"author\" content=\"Edici\u00f3n Web\" \/>\n<meta name=\"twitter:card\" content=\"summary_large_image\" \/>\n<meta name=\"twitter:creator\" content=\"@NOTICIEROS7\" \/>\n<meta name=\"twitter:site\" content=\"@NOTICIEROS7\" \/>\n<meta name=\"twitter:label1\" content=\"Escrito por\" \/>\n\t<meta name=\"twitter:data1\" content=\"Edici\u00f3n Web\" \/>\n\t<meta name=\"twitter:label2\" content=\"Tiempo de lectura\" \/>\n\t<meta name=\"twitter:data2\" content=\"1 minuto\" \/>\n<script type=\"application\/ld+json\" class=\"yoast-schema-graph\">{\"@context\":\"https:\\\/\\\/schema.org\",\"@graph\":[{\"@type\":\"Article\",\"@id\":\"https:\\\/\\\/canal7slp.tv\\\/2022\\\/confirman-que-restos-encontrados-en-santa-rita-eran-los-de-nayeli\\\/#article\",\"isPartOf\":{\"@id\":\"https:\\\/\\\/canal7slp.tv\\\/2022\\\/confirman-que-restos-encontrados-en-santa-rita-eran-los-de-nayeli\\\/\"},\"author\":{\"name\":\"Edici\u00f3n Web\",\"@id\":\"https:\\\/\\\/canal7slp.tv\\\/2022\\\/#\\\/schema\\\/person\\\/429704152a21f5f856ce29aa69a238da\"},\"headline\":\"Confirman que restos encontrados en Santa Rita eran los de Nayeli.\",\"datePublished\":\"2022-04-08T23:33:04+00:00\",\"dateModified\":\"2022-04-09T23:25:46+00:00\",\"mainEntityOfPage\":{\"@id\":\"https:\\\/\\\/canal7slp.tv\\\/2022\\\/confirman-que-restos-encontrados-en-santa-rita-eran-los-de-nayeli\\\/\"},\"wordCount\":172,\"publisher\":{\"@id\":\"https:\\\/\\\/canal7slp.tv\\\/2022\\\/#organization\"},\"image\":{\"@id\":\"https:\\\/\\\/canal7slp.tv\\\/2022\\\/confirman-que-restos-encontrados-en-santa-rita-eran-los-de-nayeli\\\/#primaryimage\"},\"thumbnailUrl\":\"https:\\\/\\\/canal7slp.tv\\\/2022\\\/wp-content\\\/uploads\\\/2022\\\/04\\\/Pau01Nayeli.jpg\",\"articleSection\":[\"DESTACADAS\",\"LOCALES Y REGIONALES\"],\"inLanguage\":\"es\"},{\"@type\":\"WebPage\",\"@id\":\"https:\\\/\\\/canal7slp.tv\\\/2022\\\/confirman-que-restos-encontrados-en-santa-rita-eran-los-de-nayeli\\\/\",\"url\":\"https:\\\/\\\/canal7slp.tv\\\/2022\\\/confirman-que-restos-encontrados-en-santa-rita-eran-los-de-nayeli\\\/\",\"name\":\"Confirman que restos encontrados en Santa Rita eran los de Nayeli. - Canal 7 SLP - 2022\",\"isPartOf\":{\"@id\":\"https:\\\/\\\/canal7slp.tv\\\/2022\\\/#website\"},\"primaryImageOfPage\":{\"@id\":\"https:\\\/\\\/canal7slp.tv\\\/2022\\\/confirman-que-restos-encontrados-en-santa-rita-eran-los-de-nayeli\\\/#primaryimage\"},\"image\":{\"@id\":\"https:\\\/\\\/canal7slp.tv\\\/2022\\\/confirman-que-restos-encontrados-en-santa-rita-eran-los-de-nayeli\\\/#primaryimage\"},\"thumbnailUrl\":\"https:\\\/\\\/canal7slp.tv\\\/2022\\\/wp-content\\\/uploads\\\/2022\\\/04\\\/Pau01Nayeli.jpg\",\"datePublished\":\"2022-04-08T23:33:04+00:00\",\"dateModified\":\"2022-04-09T23:25:46+00:00\",\"breadcrumb\":{\"@id\":\"https:\\\/\\\/canal7slp.tv\\\/2022\\\/confirman-que-restos-encontrados-en-santa-rita-eran-los-de-nayeli\\\/#breadcrumb\"},\"inLanguage\":\"es\",\"potentialAction\":[{\"@type\":\"ReadAction\",\"target\":[\"https:\\\/\\\/canal7slp.tv\\\/2022\\\/confirman-que-restos-encontrados-en-santa-rita-eran-los-de-nayeli\\\/\"]}]},{\"@type\":\"ImageObject\",\"inLanguage\":\"es\",\"@id\":\"https:\\\/\\\/canal7slp.tv\\\/2022\\\/confirman-que-restos-encontrados-en-santa-rita-eran-los-de-nayeli\\\/#primaryimage\",\"url\":\"https:\\\/\\\/canal7slp.tv\\\/2022\\\/wp-content\\\/uploads\\\/2022\\\/04\\\/Pau01Nayeli.jpg\",\"contentUrl\":\"https:\\\/\\\/canal7slp.tv\\\/2022\\\/wp-content\\\/uploads\\\/2022\\\/04\\\/Pau01Nayeli.jpg\",\"width\":888,\"height\":500},{\"@type\":\"BreadcrumbList\",\"@id\":\"https:\\\/\\\/canal7slp.tv\\\/2022\\\/confirman-que-restos-encontrados-en-santa-rita-eran-los-de-nayeli\\\/#breadcrumb\",\"itemListElement\":[{\"@type\":\"ListItem\",\"position\":1,\"name\":\"Portada\",\"item\":\"https:\\\/\\\/canal7slp.tv\\\/2022\\\/\"},{\"@type\":\"ListItem\",\"position\":2,\"name\":\"Confirman que restos encontrados en Santa Rita eran los de Nayeli.\"}]},{\"@type\":\"WebSite\",\"@id\":\"https:\\\/\\\/canal7slp.tv\\\/2022\\\/#website\",\"url\":\"https:\\\/\\\/canal7slp.tv\\\/2022\\\/\",\"name\":\"N7 - Noticieros Canal 7\",\"description\":\"Somos Televisi\u00f3n\",\"publisher\":{\"@id\":\"https:\\\/\\\/canal7slp.tv\\\/2022\\\/#organization\"},\"potentialAction\":[{\"@type\":\"SearchAction\",\"target\":{\"@type\":\"EntryPoint\",\"urlTemplate\":\"https:\\\/\\\/canal7slp.tv\\\/2022\\\/?s={search_term_string}\"},\"query-input\":{\"@type\":\"PropertyValueSpecification\",\"valueRequired\":true,\"valueName\":\"search_term_string\"}}],\"inLanguage\":\"es\"},{\"@type\":\"Organization\",\"@id\":\"https:\\\/\\\/canal7slp.tv\\\/2022\\\/#organization\",\"name\":\"Noticieros Canal 7\",\"url\":\"https:\\\/\\\/canal7slp.tv\\\/2022\\\/\",\"logo\":{\"@type\":\"ImageObject\",\"inLanguage\":\"es\",\"@id\":\"https:\\\/\\\/canal7slp.tv\\\/2022\\\/#\\\/schema\\\/logo\\\/image\\\/\",\"url\":\"https:\\\/\\\/canal7slp.tv\\\/2022\\\/wp-content\\\/uploads\\\/2021\\\/01\\\/logo-noticieros@2x.png\",\"contentUrl\":\"https:\\\/\\\/canal7slp.tv\\\/2022\\\/wp-content\\\/uploads\\\/2021\\\/01\\\/logo-noticieros@2x.png\",\"width\":1017,\"height\":268,\"caption\":\"Noticieros Canal 7\"},\"image\":{\"@id\":\"https:\\\/\\\/canal7slp.tv\\\/2022\\\/#\\\/schema\\\/logo\\\/image\\\/\"},\"sameAs\":[\"https:\\\/\\\/www.facebook.com\\\/noticieroscanalsiete\",\"https:\\\/\\\/x.com\\\/NOTICIEROS7\",\"https:\\\/\\\/www.instagram.com\\\/canal7_slp\",\"https:\\\/\\\/www.youtube.com\\\/channel\\\/UCliiYs-gP3JfJeqdPrNdd5A\"]},{\"@type\":\"Person\",\"@id\":\"https:\\\/\\\/canal7slp.tv\\\/2022\\\/#\\\/schema\\\/person\\\/429704152a21f5f856ce29aa69a238da\",\"name\":\"Edici\u00f3n Web\",\"image\":{\"@type\":\"ImageObject\",\"inLanguage\":\"es\",\"@id\":\"https:\\\/\\\/secure.gravatar.com\\\/avatar\\\/eee448fc3f7164808013b816ba91ac7e43bbe82a70bebac296f8bc6f0addaa1a?s=96&d=mm&r=g\",\"url\":\"https:\\\/\\\/secure.gravatar.com\\\/avatar\\\/eee448fc3f7164808013b816ba91ac7e43bbe82a70bebac296f8bc6f0addaa1a?s=96&d=mm&r=g\",\"contentUrl\":\"https:\\\/\\\/secure.gravatar.com\\\/avatar\\\/eee448fc3f7164808013b816ba91ac7e43bbe82a70bebac296f8bc6f0addaa1a?s=96&d=mm&r=g\",\"caption\":\"Edici\u00f3n Web\"},\"url\":\"https:\\\/\\\/canal7slp.tv\\\/2022\\\/author\\\/edicionweb\\\/\"}]}<\/script>\n<!-- \/ Yoast SEO plugin. -->","yoast_head_json":{"title":"Confirman que restos encontrados en Santa Rita eran los de Nayeli. - Canal 7 SLP - 2022","robots":{"index":"index","follow":"follow","max-snippet":"max-snippet:-1","max-image-preview":"max-image-preview:large","max-video-preview":"max-video-preview:-1"},"canonical":"https:\/\/canal7slp.tv\/2022\/confirman-que-restos-encontrados-en-santa-rita-eran-los-de-nayeli\/","og_locale":"es_ES","og_type":"article","og_title":"Confirman que restos encontrados en Santa Rita eran los de Nayeli. - Canal 7 SLP - 2022","og_description":"SLP.-\u00a0A ra\u00edz de la comparativa de perfiles gen\u00e9ticos de los padres de Nayeli con los restos \u00f3seos encontrados el primero de abril del presente, la Fiscal\u00eda General del Estado (FGESLP) inform\u00f3 que el grado de parentesco fue 99.9 por ciento. Autoridades se reunieron con los padres de Nayeli. Fue establecido que los restos correspond\u00edan a una mujer en un rango de 20 a 30 a\u00f1os. Fue la perito en Gen\u00e9tica Forense quien expuso el procedimiento para la obtenci\u00f3n de perfiles gen\u00e9ticos de los familiares -y los restos hallados en un predio de Santa Rita, en San Luis Potos\u00ed-. \u00c9stos fueron [&hellip;]","og_url":"https:\/\/canal7slp.tv\/2022\/confirman-que-restos-encontrados-en-santa-rita-eran-los-de-nayeli\/","og_site_name":"Canal 7 SLP - 2022","article_publisher":"https:\/\/www.facebook.com\/noticieroscanalsiete","article_published_time":"2022-04-08T23:33:04+00:00","article_modified_time":"2022-04-09T23:25:46+00:00","og_image":[{"width":888,"height":500,"url":"https:\/\/canal7slp.tv\/2022\/wp-content\/uploads\/2022\/04\/Pau01Nayeli.jpg","type":"image\/jpeg"}],"author":"Edici\u00f3n Web","twitter_card":"summary_large_image","twitter_creator":"@NOTICIEROS7","twitter_site":"@NOTICIEROS7","twitter_misc":{"Escrito por":"Edici\u00f3n Web","Tiempo de lectura":"1 minuto"},"schema":{"@context":"https:\/\/schema.org","@graph":[{"@type":"Article","@id":"https:\/\/canal7slp.tv\/2022\/confirman-que-restos-encontrados-en-santa-rita-eran-los-de-nayeli\/#article","isPartOf":{"@id":"https:\/\/canal7slp.tv\/2022\/confirman-que-restos-encontrados-en-santa-rita-eran-los-de-nayeli\/"},"author":{"name":"Edici\u00f3n Web","@id":"https:\/\/canal7slp.tv\/2022\/#\/schema\/person\/429704152a21f5f856ce29aa69a238da"},"headline":"Confirman que restos encontrados en Santa Rita eran los de Nayeli.","datePublished":"2022-04-08T23:33:04+00:00","dateModified":"2022-04-09T23:25:46+00:00","mainEntityOfPage":{"@id":"https:\/\/canal7slp.tv\/2022\/confirman-que-restos-encontrados-en-santa-rita-eran-los-de-nayeli\/"},"wordCount":172,"publisher":{"@id":"https:\/\/canal7slp.tv\/2022\/#organization"},"image":{"@id":"https:\/\/canal7slp.tv\/2022\/confirman-que-restos-encontrados-en-santa-rita-eran-los-de-nayeli\/#primaryimage"},"thumbnailUrl":"https:\/\/canal7slp.tv\/2022\/wp-content\/uploads\/2022\/04\/Pau01Nayeli.jpg","articleSection":["DESTACADAS","LOCALES Y REGIONALES"],"inLanguage":"es"},{"@type":"WebPage","@id":"https:\/\/canal7slp.tv\/2022\/confirman-que-restos-encontrados-en-santa-rita-eran-los-de-nayeli\/","url":"https:\/\/canal7slp.tv\/2022\/confirman-que-restos-encontrados-en-santa-rita-eran-los-de-nayeli\/","name":"Confirman que restos encontrados en Santa Rita eran los de Nayeli. - Canal 7 SLP - 2022","isPartOf":{"@id":"https:\/\/canal7slp.tv\/2022\/#website"},"primaryImageOfPage":{"@id":"https:\/\/canal7slp.tv\/2022\/confirman-que-restos-encontrados-en-santa-rita-eran-los-de-nayeli\/#primaryimage"},"image":{"@id":"https:\/\/canal7slp.tv\/2022\/confirman-que-restos-encontrados-en-santa-rita-eran-los-de-nayeli\/#primaryimage"},"thumbnailUrl":"https:\/\/canal7slp.tv\/2022\/wp-content\/uploads\/2022\/04\/Pau01Nayeli.jpg","datePublished":"2022-04-08T23:33:04+00:00","dateModified":"2022-04-09T23:25:46+00:00","breadcrumb":{"@id":"https:\/\/canal7slp.tv\/2022\/confirman-que-restos-encontrados-en-santa-rita-eran-los-de-nayeli\/#breadcrumb"},"inLanguage":"es","potentialAction":[{"@type":"ReadAction","target":["https:\/\/canal7slp.tv\/2022\/confirman-que-restos-encontrados-en-santa-rita-eran-los-de-nayeli\/"]}]},{"@type":"ImageObject","inLanguage":"es","@id":"https:\/\/canal7slp.tv\/2022\/confirman-que-restos-encontrados-en-santa-rita-eran-los-de-nayeli\/#primaryimage","url":"https:\/\/canal7slp.tv\/2022\/wp-content\/uploads\/2022\/04\/Pau01Nayeli.jpg","contentUrl":"https:\/\/canal7slp.tv\/2022\/wp-content\/uploads\/2022\/04\/Pau01Nayeli.jpg","width":888,"height":500},{"@type":"BreadcrumbList","@id":"https:\/\/canal7slp.tv\/2022\/confirman-que-restos-encontrados-en-santa-rita-eran-los-de-nayeli\/#breadcrumb","itemListElement":[{"@type":"ListItem","position":1,"name":"Portada","item":"https:\/\/canal7slp.tv\/2022\/"},{"@type":"ListItem","position":2,"name":"Confirman que restos encontrados en Santa Rita eran los de Nayeli."}]},{"@type":"WebSite","@id":"https:\/\/canal7slp.tv\/2022\/#website","url":"https:\/\/canal7slp.tv\/2022\/","name":"N7 - Noticieros Canal 7","description":"Somos Televisi\u00f3n","publisher":{"@id":"https:\/\/canal7slp.tv\/2022\/#organization"},"potentialAction":[{"@type":"SearchAction","target":{"@type":"EntryPoint","urlTemplate":"https:\/\/canal7slp.tv\/2022\/?s={search_term_string}"},"query-input":{"@type":"PropertyValueSpecification","valueRequired":true,"valueName":"search_term_string"}}],"inLanguage":"es"},{"@type":"Organization","@id":"https:\/\/canal7slp.tv\/2022\/#organization","name":"Noticieros Canal 7","url":"https:\/\/canal7slp.tv\/2022\/","logo":{"@type":"ImageObject","inLanguage":"es","@id":"https:\/\/canal7slp.tv\/2022\/#\/schema\/logo\/image\/","url":"https:\/\/canal7slp.tv\/2022\/wp-content\/uploads\/2021\/01\/logo-noticieros@2x.png","contentUrl":"https:\/\/canal7slp.tv\/2022\/wp-content\/uploads\/2021\/01\/logo-noticieros@2x.png","width":1017,"height":268,"caption":"Noticieros Canal 7"},"image":{"@id":"https:\/\/canal7slp.tv\/2022\/#\/schema\/logo\/image\/"},"sameAs":["https:\/\/www.facebook.com\/noticieroscanalsiete","https:\/\/x.com\/NOTICIEROS7","https:\/\/www.instagram.com\/canal7_slp","https:\/\/www.youtube.com\/channel\/UCliiYs-gP3JfJeqdPrNdd5A"]},{"@type":"Person","@id":"https:\/\/canal7slp.tv\/2022\/#\/schema\/person\/429704152a21f5f856ce29aa69a238da","name":"Edici\u00f3n Web","image":{"@type":"ImageObject","inLanguage":"es","@id":"https:\/\/secure.gravatar.com\/avatar\/eee448fc3f7164808013b816ba91ac7e43bbe82a70bebac296f8bc6f0addaa1a?s=96&d=mm&r=g","url":"https:\/\/secure.gravatar.com\/avatar\/eee448fc3f7164808013b816ba91ac7e43bbe82a70bebac296f8bc6f0addaa1a?s=96&d=mm&r=g","contentUrl":"https:\/\/secure.gravatar.com\/avatar\/eee448fc3f7164808013b816ba91ac7e43bbe82a70bebac296f8bc6f0addaa1a?s=96&d=mm&r=g","caption":"Edici\u00f3n Web"},"url":"https:\/\/canal7slp.tv\/2022\/author\/edicionweb\/"}]}},"amp_enabled":true,"_links":{"self":[{"href":"https:\/\/canal7slp.tv\/2022\/wp-json\/wp\/v2\/posts\/56777","targetHints":{"allow":["GET"]}}],"collection":[{"href":"https:\/\/canal7slp.tv\/2022\/wp-json\/wp\/v2\/posts"}],"about":[{"href":"https:\/\/canal7slp.tv\/2022\/wp-json\/wp\/v2\/types\/post"}],"author":[{"embeddable":true,"href":"https:\/\/canal7slp.tv\/2022\/wp-json\/wp\/v2\/users\/2"}],"replies":[{"embeddable":true,"href":"https:\/\/canal7slp.tv\/2022\/wp-json\/wp\/v2\/comments?post=56777"}],"version-history":[{"count":3,"href":"https:\/\/canal7slp.tv\/2022\/wp-json\/wp\/v2\/posts\/56777\/revisions"}],"predecessor-version":[{"id":56855,"href":"https:\/\/canal7slp.tv\/2022\/wp-json\/wp\/v2\/posts\/56777\/revisions\/56855"}],"wp:featuredmedia":[{"embeddable":true,"href":"https:\/\/canal7slp.tv\/2022\/wp-json\/wp\/v2\/media\/56854"}],"wp:attachment":[{"href":"https:\/\/canal7slp.tv\/2022\/wp-json\/wp\/v2\/media?parent=56777"}],"wp:term":[{"taxonomy":"category","embeddable":true,"href":"https:\/\/canal7slp.tv\/2022\/wp-json\/wp\/v2\/categories?post=56777"},{"taxonomy":"post_tag","embeddable":true,"href":"https:\/\/canal7slp.tv\/2022\/wp-json\/wp\/v2\/tags?post=56777"}],"curies":[{"name":"wp","href":"https:\/\/api.w.org\/{rel}","templated":true}]}}